{"id":468838,"date":"2022-05-25T15:05:24","date_gmt":"2022-05-25T13:05:24","guid":{"rendered":"https:\/\/hudo.com\/si\/?p=468838"},"modified":"2022-05-25T15:05:24","modified_gmt":"2022-05-25T13:05:24","slug":"vau-v-francoski-reki-seni-opazili-orko-okoljevarstveniki-zaskrbljeni-video","status":"publish","type":"post","link":"https:\/\/hudo.com\/si\/aktualno\/svet\/vau-v-francoski-reki-seni-opazili-orko-okoljevarstveniki-zaskrbljeni-video\/","title":{"rendered":"Vau: V francoski reki Seni opazili orko, okoljevarstveniki zaskrbljeni (video)"},"content":{"rendered":"<blockquote class=\"twitter-tweet\">\n<p lang=\"fr\" dir=\"ltr\">Une orque a \u00e9t\u00e9 aper\u00e7ue dans la Seine <a href=\"https:\/\/t.co\/SiJohKb2ZX\">pic.twitter.com\/SiJohKb2ZX<\/a><\/p>\n<p>&mdash; BFMTV (@BFMTV) <a href=\"https:\/\/twitter.com\/BFMTV\/status\/1529332680919334912?ref_src=twsrc%5Etfw\">May 25, 2022<\/a><\/p><\/blockquote>\n<p> <div class=\"embed-notice\">Za ogled vstavljene vsebine morate omogo\u010diti <a href=\"#\" onclick=\"Optanon.ToggleInfoDisplay()\">shranjevanje pi\u0161kotkov v napravi<\/a><\/div><script async type=\"text\/plain\" class=\"optanon-category-C0002-C0003-C0004\" optanon-src=\"https:\/\/platform.twitter.com\/widgets.js\" charset=\"utf-8\"><\/script><\/p>\n<p>Videoposnetki, objavljeni na dru\u017ebenih omre\u017ejih, prikazujejo zna\u010dilno hrbtno plavut in \u010drno-bele barve orke. Prav tako je videti, da gre za samca dolgega od \u0161tiri do pet metrov.<\/p>\n<p>Naravovarstveniki so \u017ee opozorili, da je \u017eivljenje orke ogro\u017eeno. &#8220;Resni\u010dno smo zelo zaskrbljeni. Dlje ko bo ostala v sladki vodi, bolj se bo poslab\u0161alo njeno zdravstveno stanje,&#8221; je dejal podpredsednik regionalne skupine za za\u0161\u010dito kitov (GECC) Gerard Mauger.<\/p>\n<p>Orke, ki sicer spadajo v dru\u017eino delfinov, obi\u010dajno najdemo v oceanih. Redko zaidejo v Rokavski preliv, skoraj nikoli pa v reke. &#8220;Bivanje \u017eivali v reki bi ji lahko pomagalo var\u010devati z energijo, a ji hkrati ote\u017euje iskanje plena,&#8221; je opozoril Mauger.<\/p>\n<p>\u017dival je videti zelo vitka, a vseeno tehta ve\u010d kot tono, zato bo re\u0161evanje oz. spodbujanje orke, da se odpravi nazaj v slano vodo, zapleten proces, je dejal. Pri tem je dodal, da bi vsakr\u0161na pomo\u010d predstavljala gro\u017enjo stresa, ki bi lahko bil \u0161e posebej nevaren za \u017eival v \u017ee tako oslabljenem stanju.<\/p>\n<p>Orko so prvi\u010d opazili 16. maja med pristani\u0161kima mestoma Honfleur in Le Havre. \u017de takrat pa je bila \u017eival v oslabljenem stanju.<\/p>\n","protected":false},"excerpt":{"rendered":"<p>Pojav orke v reki Seni je spro\u017eilo za\u010dudenje v Franciji, a tudi skrb naravovarstvenikov za zdravstveno stanje \u017eivali. Orko so opazili med pristani\u0161kim mestom Le Havre ob izlivu Sene in mestom Rouen v notranjosti, poro\u010da francoska tiskovna agencija AFP. Sena sicer te\u010de tudi skozi francosko prestolnico Pariz.<\/p>\n","protected":false},"author":8,"featured_media":468839,"comment_status":"closed","ping_status":"closed","sticky":false,"template":"","format":"standard","meta":{"footnotes":""},"categories":[18202],"tags":[2018,8613,19909],"source":[4511],"supertag":[],"acf":[],"yoast_head":"<!-- This site is optimized with the Yoast SEO plugin v21.3 - https:\/\/yoast.com\/wordpress\/plugins\/seo\/ -->\n<title>Vau: V francoski reki Seni opazili orko, okoljevarstveniki zaskrbljeni (video) - Hudo Slovenija<\/title>\n<meta name=\"robots\" content=\"index, follow, max-snippet:-1, max-image-preview:large, max-video-preview:-1\" \/>\n<link rel=\"canonical\" href=\"https:\/\/hudo.com\/si\/aktualno\/svet\/vau-v-francoski-reki-seni-opazili-orko-okoljevarstveniki-zaskrbljeni-video\/\" \/>\n<meta property=\"og:locale\" content=\"sl_SI\" \/>\n<meta property=\"og:type\" content=\"article\" \/>\n<meta property=\"og:title\" content=\"Vau: V francoski reki Seni opazili orko, okoljevarstveniki zaskrbljeni (video) - Hudo Slovenija\" \/>\n<meta property=\"og:description\" content=\"Pojav orke v reki Seni je spro\u017eilo za\u010dudenje v Franciji, a tudi skrb naravovarstvenikov za zdravstveno stanje \u017eivali. Orko so opazili med pristani\u0161kim mestom Le Havre ob izlivu Sene in mestom Rouen v notranjosti, poro\u010da francoska tiskovna agencija AFP. Sena sicer te\u010de tudi skozi francosko prestolnico Pariz.\" \/>\n<meta property=\"og:url\" content=\"https:\/\/hudo.com\/si\/aktualno\/svet\/vau-v-francoski-reki-seni-opazili-orko-okoljevarstveniki-zaskrbljeni-video\/\" \/>\n<meta property=\"og:site_name\" content=\"Hudo Slovenija\" \/>\n<meta property=\"article:publisher\" content=\"https:\/\/www.facebook.com\/hudo.si\" \/>\n<meta property=\"article:published_time\" content=\"2022-05-25T13:05:24+00:00\" \/>\n<meta property=\"og:image\" content=\"https:\/\/hudo.com\/si\/wp-content\/uploads\/sites\/2\/2022\/05\/Screenshot-from-2022-05-25-14-54-16.jpg\" \/>\n\t<meta property=\"og:image:width\" content=\"559\" \/>\n\t<meta property=\"og:image:height\" content=\"313\" \/>\n\t<meta property=\"og:image:type\" content=\"image\/jpeg\" \/>\n<meta name=\"author\" content=\"M. N., STA\" \/>\n<meta name=\"twitter:card\" content=\"summary_large_image\" \/>\n<meta name=\"twitter:creator\" content=\"@hudo_si\" \/>\n<meta name=\"twitter:site\" content=\"@hudo_si\" \/>\n<meta name=\"twitter:label1\" content=\"Written by\" \/>\n\t<meta name=\"twitter:data1\" content=\"M. N., STA\" \/>\n\t<meta name=\"twitter:label2\" content=\"Est. reading time\" \/>\n\t<meta name=\"twitter:data2\" content=\"1 minuta\" \/>\n<script type=\"application\/ld+json\" class=\"yoast-schema-graph\">{\"@context\":\"https:\/\/schema.org\",\"@graph\":[{\"@type\":\"Article\",\"@id\":\"https:\/\/hudo.com\/si\/aktualno\/svet\/vau-v-francoski-reki-seni-opazili-orko-okoljevarstveniki-zaskrbljeni-video\/#article\",\"isPartOf\":{\"@id\":\"https:\/\/hudo.com\/si\/aktualno\/svet\/vau-v-francoski-reki-seni-opazili-orko-okoljevarstveniki-zaskrbljeni-video\/\"},\"author\":{\"name\":\"M. N., STA\",\"@id\":\"https:\/\/hudo.com\/si\/#\/schema\/person\/c2f10ce65d2e6ede2aeda5be2a0611fa\"},\"headline\":\"Vau: V francoski reki Seni opazili orko, okoljevarstveniki zaskrbljeni (video)\",\"datePublished\":\"2022-05-25T13:05:24+00:00\",\"dateModified\":\"2022-05-25T13:05:24+00:00\",\"mainEntityOfPage\":{\"@id\":\"https:\/\/hudo.com\/si\/aktualno\/svet\/vau-v-francoski-reki-seni-opazili-orko-okoljevarstveniki-zaskrbljeni-video\/\"},\"wordCount\":223,\"publisher\":{\"@id\":\"https:\/\/hudo.com\/si\/#organization\"},\"keywords\":[\"francija\",\"orka\",\"reka sena\"],\"articleSection\":[\"Svet\"],\"inLanguage\":\"sl-SI\"},{\"@type\":\"WebPage\",\"@id\":\"https:\/\/hudo.com\/si\/aktualno\/svet\/vau-v-francoski-reki-seni-opazili-orko-okoljevarstveniki-zaskrbljeni-video\/\",\"url\":\"https:\/\/hudo.com\/si\/aktualno\/svet\/vau-v-francoski-reki-seni-opazili-orko-okoljevarstveniki-zaskrbljeni-video\/\",\"name\":\"Vau: V francoski reki Seni opazili orko, okoljevarstveniki zaskrbljeni (video) - Hudo Slovenija\",\"isPartOf\":{\"@id\":\"https:\/\/hudo.com\/si\/#website\"},\"datePublished\":\"2022-05-25T13:05:24+00:00\",\"dateModified\":\"2022-05-25T13:05:24+00:00\",\"breadcrumb\":{\"@id\":\"https:\/\/hudo.com\/si\/aktualno\/svet\/vau-v-francoski-reki-seni-opazili-orko-okoljevarstveniki-zaskrbljeni-video\/#breadcrumb\"},\"inLanguage\":\"sl-SI\",\"potentialAction\":[{\"@type\":\"ReadAction\",\"target\":[\"https:\/\/hudo.com\/si\/aktualno\/svet\/vau-v-francoski-reki-seni-opazili-orko-okoljevarstveniki-zaskrbljeni-video\/\"]}]},{\"@type\":\"BreadcrumbList\",\"@id\":\"https:\/\/hudo.com\/si\/aktualno\/svet\/vau-v-francoski-reki-seni-opazili-orko-okoljevarstveniki-zaskrbljeni-video\/#breadcrumb\",\"itemListElement\":[{\"@type\":\"ListItem\",\"position\":1,\"name\":\"Home\",\"item\":\"https:\/\/hudo.com\/si\/\"},{\"@type\":\"ListItem\",\"position\":2,\"name\":\"Vau: V francoski reki Seni opazili orko, okoljevarstveniki zaskrbljeni (video)\"}]},{\"@type\":\"WebSite\",\"@id\":\"https:\/\/hudo.com\/si\/#website\",\"url\":\"https:\/\/hudo.com\/si\/\",\"name\":\"Hudo Slovenija\",\"description\":\"Vse novice iz Slovenije in sveta\",\"publisher\":{\"@id\":\"https:\/\/hudo.com\/si\/#organization\"},\"potentialAction\":[{\"@type\":\"SearchAction\",\"target\":{\"@type\":\"EntryPoint\",\"urlTemplate\":\"https:\/\/hudo.com\/si\/?s={search_term_string}\"},\"query-input\":\"required name=search_term_string\"}],\"inLanguage\":\"sl-SI\"},{\"@type\":\"Organization\",\"@id\":\"https:\/\/hudo.com\/si\/#organization\",\"name\":\"VSN Media\",\"url\":\"https:\/\/hudo.com\/si\/\",\"logo\":{\"@type\":\"ImageObject\",\"inLanguage\":\"sl-SI\",\"@id\":\"https:\/\/hudo.com\/si\/#\/schema\/logo\/image\/\",\"url\":\"https:\/\/hudo.com\/si\/wp-content\/uploads\/sites\/2\/2021\/03\/hudo-app-2.png\",\"contentUrl\":\"https:\/\/hudo.com\/si\/wp-content\/uploads\/sites\/2\/2021\/03\/hudo-app-2.png\",\"width\":2185,\"height\":2167,\"caption\":\"VSN Media\"},\"image\":{\"@id\":\"https:\/\/hudo.com\/si\/#\/schema\/logo\/image\/\"},\"sameAs\":[\"https:\/\/www.facebook.com\/hudo.si\",\"https:\/\/twitter.com\/hudo_si\"]},{\"@type\":\"Person\",\"@id\":\"https:\/\/hudo.com\/si\/#\/schema\/person\/c2f10ce65d2e6ede2aeda5be2a0611fa\",\"name\":\"M. N., STA\",\"image\":{\"@type\":\"ImageObject\",\"inLanguage\":\"sl-SI\",\"@id\":\"https:\/\/hudo.com\/si\/#\/schema\/person\/image\/\",\"url\":\"https:\/\/secure.gravatar.com\/avatar\/f370d38daa10467f755c5c766a4cac20?s=96&d=mm&r=g\",\"contentUrl\":\"https:\/\/secure.gravatar.com\/avatar\/f370d38daa10467f755c5c766a4cac20?s=96&d=mm&r=g\",\"caption\":\"M. N., STA\"},\"url\":\"https:\/\/hudo.com\/si\/author\/mana\/\"}]}<\/script>\n<!-- \/ Yoast SEO plugin. -->","yoast_head_json":{"title":"Vau: V francoski reki Seni opazili orko, okoljevarstveniki zaskrbljeni (video) - Hudo Slovenija","robots":{"index":"index","follow":"follow","max-snippet":"max-snippet:-1","max-image-preview":"max-image-preview:large","max-video-preview":"max-video-preview:-1"},"canonical":"https:\/\/hudo.com\/si\/aktualno\/svet\/vau-v-francoski-reki-seni-opazili-orko-okoljevarstveniki-zaskrbljeni-video\/","og_locale":"sl_SI","og_type":"article","og_title":"Vau: V francoski reki Seni opazili orko, okoljevarstveniki zaskrbljeni (video) - Hudo Slovenija","og_description":"Pojav orke v reki Seni je spro\u017eilo za\u010dudenje v Franciji, a tudi skrb naravovarstvenikov za zdravstveno stanje \u017eivali. Orko so opazili med pristani\u0161kim mestom Le Havre ob izlivu Sene in mestom Rouen v notranjosti, poro\u010da francoska tiskovna agencija AFP. Sena sicer te\u010de tudi skozi francosko prestolnico Pariz.","og_url":"https:\/\/hudo.com\/si\/aktualno\/svet\/vau-v-francoski-reki-seni-opazili-orko-okoljevarstveniki-zaskrbljeni-video\/","og_site_name":"Hudo Slovenija","article_publisher":"https:\/\/www.facebook.com\/hudo.si","article_published_time":"2022-05-25T13:05:24+00:00","og_image":[{"width":559,"height":313,"url":"https:\/\/hudo.com\/si\/wp-content\/uploads\/sites\/2\/2022\/05\/Screenshot-from-2022-05-25-14-54-16.jpg","type":"image\/jpeg"}],"author":"M. N., STA","twitter_card":"summary_large_image","twitter_creator":"@hudo_si","twitter_site":"@hudo_si","twitter_misc":{"Written by":"M. N., STA","Est. reading time":"1 minuta"},"schema":{"@context":"https:\/\/schema.org","@graph":[{"@type":"Article","@id":"https:\/\/hudo.com\/si\/aktualno\/svet\/vau-v-francoski-reki-seni-opazili-orko-okoljevarstveniki-zaskrbljeni-video\/#article","isPartOf":{"@id":"https:\/\/hudo.com\/si\/aktualno\/svet\/vau-v-francoski-reki-seni-opazili-orko-okoljevarstveniki-zaskrbljeni-video\/"},"author":{"name":"M. N., STA","@id":"https:\/\/hudo.com\/si\/#\/schema\/person\/c2f10ce65d2e6ede2aeda5be2a0611fa"},"headline":"Vau: V francoski reki Seni opazili orko, okoljevarstveniki zaskrbljeni (video)","datePublished":"2022-05-25T13:05:24+00:00","dateModified":"2022-05-25T13:05:24+00:00","mainEntityOfPage":{"@id":"https:\/\/hudo.com\/si\/aktualno\/svet\/vau-v-francoski-reki-seni-opazili-orko-okoljevarstveniki-zaskrbljeni-video\/"},"wordCount":223,"publisher":{"@id":"https:\/\/hudo.com\/si\/#organization"},"keywords":["francija","orka","reka sena"],"articleSection":["Svet"],"inLanguage":"sl-SI"},{"@type":"WebPage","@id":"https:\/\/hudo.com\/si\/aktualno\/svet\/vau-v-francoski-reki-seni-opazili-orko-okoljevarstveniki-zaskrbljeni-video\/","url":"https:\/\/hudo.com\/si\/aktualno\/svet\/vau-v-francoski-reki-seni-opazili-orko-okoljevarstveniki-zaskrbljeni-video\/","name":"Vau: V francoski reki Seni opazili orko, okoljevarstveniki zaskrbljeni (video) - Hudo Slovenija","isPartOf":{"@id":"https:\/\/hudo.com\/si\/#website"},"datePublished":"2022-05-25T13:05:24+00:00","dateModified":"2022-05-25T13:05:24+00:00","breadcrumb":{"@id":"https:\/\/hudo.com\/si\/aktualno\/svet\/vau-v-francoski-reki-seni-opazili-orko-okoljevarstveniki-zaskrbljeni-video\/#breadcrumb"},"inLanguage":"sl-SI","potentialAction":[{"@type":"ReadAction","target":["https:\/\/hudo.com\/si\/aktualno\/svet\/vau-v-francoski-reki-seni-opazili-orko-okoljevarstveniki-zaskrbljeni-video\/"]}]},{"@type":"BreadcrumbList","@id":"https:\/\/hudo.com\/si\/aktualno\/svet\/vau-v-francoski-reki-seni-opazili-orko-okoljevarstveniki-zaskrbljeni-video\/#breadcrumb","itemListElement":[{"@type":"ListItem","position":1,"name":"Home","item":"https:\/\/hudo.com\/si\/"},{"@type":"ListItem","position":2,"name":"Vau: V francoski reki Seni opazili orko, okoljevarstveniki zaskrbljeni (video)"}]},{"@type":"WebSite","@id":"https:\/\/hudo.com\/si\/#website","url":"https:\/\/hudo.com\/si\/","name":"Hudo Slovenija","description":"Vse novice iz Slovenije in sveta","publisher":{"@id":"https:\/\/hudo.com\/si\/#organization"},"potentialAction":[{"@type":"SearchAction","target":{"@type":"EntryPoint","urlTemplate":"https:\/\/hudo.com\/si\/?s={search_term_string}"},"query-input":"required name=search_term_string"}],"inLanguage":"sl-SI"},{"@type":"Organization","@id":"https:\/\/hudo.com\/si\/#organization","name":"VSN Media","url":"https:\/\/hudo.com\/si\/","logo":{"@type":"ImageObject","inLanguage":"sl-SI","@id":"https:\/\/hudo.com\/si\/#\/schema\/logo\/image\/","url":"https:\/\/hudo.com\/si\/wp-content\/uploads\/sites\/2\/2021\/03\/hudo-app-2.png","contentUrl":"https:\/\/hudo.com\/si\/wp-content\/uploads\/sites\/2\/2021\/03\/hudo-app-2.png","width":2185,"height":2167,"caption":"VSN Media"},"image":{"@id":"https:\/\/hudo.com\/si\/#\/schema\/logo\/image\/"},"sameAs":["https:\/\/www.facebook.com\/hudo.si","https:\/\/twitter.com\/hudo_si"]},{"@type":"Person","@id":"https:\/\/hudo.com\/si\/#\/schema\/person\/c2f10ce65d2e6ede2aeda5be2a0611fa","name":"M. N., STA","image":{"@type":"ImageObject","inLanguage":"sl-SI","@id":"https:\/\/hudo.com\/si\/#\/schema\/person\/image\/","url":"https:\/\/secure.gravatar.com\/avatar\/f370d38daa10467f755c5c766a4cac20?s=96&d=mm&r=g","contentUrl":"https:\/\/secure.gravatar.com\/avatar\/f370d38daa10467f755c5c766a4cac20?s=96&d=mm&r=g","caption":"M. N., STA"},"url":"https:\/\/hudo.com\/si\/author\/mana\/"}]}},"amp_enabled":true,"_links":{"self":[{"href":"https:\/\/hudo.com\/si\/wp-json\/wp\/v2\/posts\/468838"}],"collection":[{"href":"https:\/\/hudo.com\/si\/wp-json\/wp\/v2\/posts"}],"about":[{"href":"https:\/\/hudo.com\/si\/wp-json\/wp\/v2\/types\/post"}],"author":[{"embeddable":true,"href":"https:\/\/hudo.com\/si\/wp-json\/wp\/v2\/users\/8"}],"replies":[{"embeddable":true,"href":"https:\/\/hudo.com\/si\/wp-json\/wp\/v2\/comments?post=468838"}],"version-history":[{"count":1,"href":"https:\/\/hudo.com\/si\/wp-json\/wp\/v2\/posts\/468838\/revisions"}],"predecessor-version":[{"id":468840,"href":"https:\/\/hudo.com\/si\/wp-json\/wp\/v2\/posts\/468838\/revisions\/468840"}],"wp:featuredmedia":[{"embeddable":true,"href":"https:\/\/hudo.com\/si\/wp-json\/wp\/v2\/media\/468839"}],"wp:attachment":[{"href":"https:\/\/hudo.com\/si\/wp-json\/wp\/v2\/media?parent=468838"}],"wp:term":[{"taxonomy":"category","embeddable":true,"href":"https:\/\/hudo.com\/si\/wp-json\/wp\/v2\/categories?post=468838"},{"taxonomy":"post_tag","embeddable":true,"href":"https:\/\/hudo.com\/si\/wp-json\/wp\/v2\/tags?post=468838"},{"taxonomy":"source","embeddable":true,"href":"https:\/\/hudo.com\/si\/wp-json\/wp\/v2\/source?post=468838"},{"taxonomy":"supertag","embeddable":true,"href":"https:\/\/hudo.com\/si\/wp-json\/wp\/v2\/supertag?post=468838"}],"curies":[{"name":"wp","href":"https:\/\/api.w.org\/{rel}","templated":true}]}}