{"id":469357,"date":"2022-06-08T08:20:43","date_gmt":"2022-06-08T06:20:43","guid":{"rendered":"https:\/\/hudo.com\/si\/?p=469357"},"modified":"2022-06-08T08:20:43","modified_gmt":"2022-06-08T06:20:43","slug":"slovenijo-je-vceraj-zvecer-zajela-hladna-fronta-z-mocnimi-nalivi-in-vetrom-ki-so-povzrocili-ogromno-tezav","status":"publish","type":"post","link":"https:\/\/hudo.com\/si\/aktualno\/slovenija\/slovenijo-je-vceraj-zvecer-zajela-hladna-fronta-z-mocnimi-nalivi-in-vetrom-ki-so-povzrocili-ogromno-tezav\/","title":{"rendered":"Slovenijo je v\u010deraj zve\u010der zajela hladna fronta z mo\u010dnimi nalivi in vetrom, ki so povzro\u010dili ogromno te\u017eav"},"content":{"rendered":"<p>Po podatkih Uprave RS za za\u0161\u010dito in re\u0161evanje so imeli gasilci najve\u010d dela v ob\u010dinah Mislinja, Radlje ob Dravi, \u010crnomelj, Dobrepolje, Velike La\u0161\u010de, Slovenske Konjice, Roga\u0161ka Slatina, Kungota, Slovenska Bistrica in Sveti Jurij ob \u0160\u010davnici.<\/p>\n<p>V naseljih Lo\u010de v ob\u010dini Slovenske Konjice, Male Rodne v ob\u010dini Roga\u0161ka Slatina in Tribu\u010de v ob\u010dini \u010crnomelj so strele povzro\u010dile po\u017ear na stanovanjskih objektih.<\/p>\n<p>V kraju Svinjsko v ob\u010dini Sevnica je zaradi udara strele zagorelo gospodarsko poslopje, v naselju Koretno v ob\u010dini \u0160marje pri Jel\u0161ah pomo\u017eni objekt. Na Ptujski cesti v Ra\u010dah je strela udarila v elektri\u010dni daljnovod in pretrgala kable.<\/p>\n<p>V Spodnji Novi vasi v ob\u010dini Slovenska Bistrica je meteorna voda zalila pi\u0161\u010dan\u010djo farmo. Pri tem so gasilci poleg \u010drpanja vode pomagali lastniku umakniti na suho 3000 pi\u0161\u010dancev.<\/p>\n<p>Zaradi mo\u010dnih no\u010dnih nalivov je poplavilo ve\u010d cest. V Bresterni\u0161ki grabi v Mestni ob\u010dini Maribor je zaradi tega zapora ceste na razcepu Sredma-Medi\u010d. Obvoz poteka \u010dez Medi\u010d, so sporo\u010dili z ob\u010dine.<\/p>\n<p>Narasla reka Paka je v Gornjem Doli\u010du uni\u010dila most lokalne ceste Gornji Doli\u010d-Kozjak.<\/p>\n","protected":false},"excerpt":{"rendered":"<p>Neurja so se pojavljala po vsej dr\u017eavi razen na Primorskem. Gasilci so \u010drpali meteorno vodo iz poplavljenih objektov, odstranjevali podrta drevesa, name\u0161\u010dali protipoplavne vre\u010de, pokrivali po\u0161kodovane strehe in gasili po\u017eare, ki so jih povzro\u010dile strele.<\/p>\n","protected":false},"author":8,"featured_media":455385,"comment_status":"closed","ping_status":"closed","sticky":false,"template":"","format":"standard","meta":{"footnotes":""},"categories":[18201],"tags":[3723,1595],"source":[4511],"supertag":[5675],"acf":[],"yoast_head":"<!-- This site is optimized with the Yoast SEO plugin v21.3 - https:\/\/yoast.com\/wordpress\/plugins\/seo\/ -->\n<title>Slovenijo je v\u010deraj zve\u010der zajela hladna fronta z mo\u010dnimi nalivi in vetrom, ki so povzro\u010dili ogromno te\u017eav - Hudo Slovenija<\/title>\n<meta name=\"robots\" content=\"index, follow, max-snippet:-1, max-image-preview:large, max-video-preview:-1\" \/>\n<link rel=\"canonical\" href=\"https:\/\/hudo.com\/si\/aktualno\/slovenija\/slovenijo-je-vceraj-zvecer-zajela-hladna-fronta-z-mocnimi-nalivi-in-vetrom-ki-so-povzrocili-ogromno-tezav\/\" \/>\n<meta property=\"og:locale\" content=\"sl_SI\" \/>\n<meta property=\"og:type\" content=\"article\" \/>\n<meta property=\"og:title\" content=\"Slovenijo je v\u010deraj zve\u010der zajela hladna fronta z mo\u010dnimi nalivi in vetrom, ki so povzro\u010dili ogromno te\u017eav - Hudo Slovenija\" \/>\n<meta property=\"og:description\" content=\"Neurja so se pojavljala po vsej dr\u017eavi razen na Primorskem. Gasilci so \u010drpali meteorno vodo iz poplavljenih objektov, odstranjevali podrta drevesa, name\u0161\u010dali protipoplavne vre\u010de, pokrivali po\u0161kodovane strehe in gasili po\u017eare, ki so jih povzro\u010dile strele.\" \/>\n<meta property=\"og:url\" content=\"https:\/\/hudo.com\/si\/aktualno\/slovenija\/slovenijo-je-vceraj-zvecer-zajela-hladna-fronta-z-mocnimi-nalivi-in-vetrom-ki-so-povzrocili-ogromno-tezav\/\" \/>\n<meta property=\"og:site_name\" content=\"Hudo Slovenija\" \/>\n<meta property=\"article:publisher\" content=\"https:\/\/www.facebook.com\/hudo.si\" \/>\n<meta property=\"article:published_time\" content=\"2022-06-08T06:20:43+00:00\" \/>\n<meta property=\"og:image\" content=\"https:\/\/hudo.com\/si\/wp-content\/uploads\/sites\/2\/2021\/07\/profimedia-0162286211.jpg\" \/>\n\t<meta property=\"og:image:width\" content=\"1250\" \/>\n\t<meta property=\"og:image:height\" content=\"831\" \/>\n\t<meta property=\"og:image:type\" content=\"image\/jpeg\" \/>\n<meta name=\"author\" content=\"M. N., STA\" \/>\n<meta name=\"twitter:card\" content=\"summary_large_image\" \/>\n<meta name=\"twitter:creator\" content=\"@hudo_si\" \/>\n<meta name=\"twitter:site\" content=\"@hudo_si\" \/>\n<meta name=\"twitter:label1\" content=\"Written by\" \/>\n\t<meta name=\"twitter:data1\" content=\"M. N., STA\" \/>\n\t<meta name=\"twitter:label2\" content=\"Est. reading time\" \/>\n\t<meta name=\"twitter:data2\" content=\"1 minuta\" \/>\n<script type=\"application\/ld+json\" class=\"yoast-schema-graph\">{\"@context\":\"https:\/\/schema.org\",\"@graph\":[{\"@type\":\"Article\",\"@id\":\"https:\/\/hudo.com\/si\/aktualno\/slovenija\/slovenijo-je-vceraj-zvecer-zajela-hladna-fronta-z-mocnimi-nalivi-in-vetrom-ki-so-povzrocili-ogromno-tezav\/#article\",\"isPartOf\":{\"@id\":\"https:\/\/hudo.com\/si\/aktualno\/slovenija\/slovenijo-je-vceraj-zvecer-zajela-hladna-fronta-z-mocnimi-nalivi-in-vetrom-ki-so-povzrocili-ogromno-tezav\/\"},\"author\":{\"name\":\"M. N., STA\",\"@id\":\"https:\/\/hudo.com\/si\/#\/schema\/person\/c2f10ce65d2e6ede2aeda5be2a0611fa\"},\"headline\":\"Slovenijo je v\u010deraj zve\u010der zajela hladna fronta z mo\u010dnimi nalivi in vetrom, ki so povzro\u010dili ogromno te\u017eav\",\"datePublished\":\"2022-06-08T06:20:43+00:00\",\"dateModified\":\"2022-06-08T06:20:43+00:00\",\"mainEntityOfPage\":{\"@id\":\"https:\/\/hudo.com\/si\/aktualno\/slovenija\/slovenijo-je-vceraj-zvecer-zajela-hladna-fronta-z-mocnimi-nalivi-in-vetrom-ki-so-povzrocili-ogromno-tezav\/\"},\"wordCount\":222,\"publisher\":{\"@id\":\"https:\/\/hudo.com\/si\/#organization\"},\"keywords\":[\"neurje\",\"Slovenija\"],\"articleSection\":[\"Slovenija\"],\"inLanguage\":\"sl-SI\"},{\"@type\":\"WebPage\",\"@id\":\"https:\/\/hudo.com\/si\/aktualno\/slovenija\/slovenijo-je-vceraj-zvecer-zajela-hladna-fronta-z-mocnimi-nalivi-in-vetrom-ki-so-povzrocili-ogromno-tezav\/\",\"url\":\"https:\/\/hudo.com\/si\/aktualno\/slovenija\/slovenijo-je-vceraj-zvecer-zajela-hladna-fronta-z-mocnimi-nalivi-in-vetrom-ki-so-povzrocili-ogromno-tezav\/\",\"name\":\"Slovenijo je v\u010deraj zve\u010der zajela hladna fronta z mo\u010dnimi nalivi in vetrom, ki so povzro\u010dili ogromno te\u017eav - Hudo Slovenija\",\"isPartOf\":{\"@id\":\"https:\/\/hudo.com\/si\/#website\"},\"datePublished\":\"2022-06-08T06:20:43+00:00\",\"dateModified\":\"2022-06-08T06:20:43+00:00\",\"breadcrumb\":{\"@id\":\"https:\/\/hudo.com\/si\/aktualno\/slovenija\/slovenijo-je-vceraj-zvecer-zajela-hladna-fronta-z-mocnimi-nalivi-in-vetrom-ki-so-povzrocili-ogromno-tezav\/#breadcrumb\"},\"inLanguage\":\"sl-SI\",\"potentialAction\":[{\"@type\":\"ReadAction\",\"target\":[\"https:\/\/hudo.com\/si\/aktualno\/slovenija\/slovenijo-je-vceraj-zvecer-zajela-hladna-fronta-z-mocnimi-nalivi-in-vetrom-ki-so-povzrocili-ogromno-tezav\/\"]}]},{\"@type\":\"BreadcrumbList\",\"@id\":\"https:\/\/hudo.com\/si\/aktualno\/slovenija\/slovenijo-je-vceraj-zvecer-zajela-hladna-fronta-z-mocnimi-nalivi-in-vetrom-ki-so-povzrocili-ogromno-tezav\/#breadcrumb\",\"itemListElement\":[{\"@type\":\"ListItem\",\"position\":1,\"name\":\"Home\",\"item\":\"https:\/\/hudo.com\/si\/\"},{\"@type\":\"ListItem\",\"position\":2,\"name\":\"Slovenijo je v\u010deraj zve\u010der zajela hladna fronta z mo\u010dnimi nalivi in vetrom, ki so povzro\u010dili ogromno te\u017eav\"}]},{\"@type\":\"WebSite\",\"@id\":\"https:\/\/hudo.com\/si\/#website\",\"url\":\"https:\/\/hudo.com\/si\/\",\"name\":\"Hudo Slovenija\",\"description\":\"Vse novice iz Slovenije in sveta\",\"publisher\":{\"@id\":\"https:\/\/hudo.com\/si\/#organization\"},\"potentialAction\":[{\"@type\":\"SearchAction\",\"target\":{\"@type\":\"EntryPoint\",\"urlTemplate\":\"https:\/\/hudo.com\/si\/?s={search_term_string}\"},\"query-input\":\"required name=search_term_string\"}],\"inLanguage\":\"sl-SI\"},{\"@type\":\"Organization\",\"@id\":\"https:\/\/hudo.com\/si\/#organization\",\"name\":\"VSN Media\",\"url\":\"https:\/\/hudo.com\/si\/\",\"logo\":{\"@type\":\"ImageObject\",\"inLanguage\":\"sl-SI\",\"@id\":\"https:\/\/hudo.com\/si\/#\/schema\/logo\/image\/\",\"url\":\"https:\/\/hudo.com\/si\/wp-content\/uploads\/sites\/2\/2021\/03\/hudo-app-2.png\",\"contentUrl\":\"https:\/\/hudo.com\/si\/wp-content\/uploads\/sites\/2\/2021\/03\/hudo-app-2.png\",\"width\":2185,\"height\":2167,\"caption\":\"VSN Media\"},\"image\":{\"@id\":\"https:\/\/hudo.com\/si\/#\/schema\/logo\/image\/\"},\"sameAs\":[\"https:\/\/www.facebook.com\/hudo.si\",\"https:\/\/twitter.com\/hudo_si\"]},{\"@type\":\"Person\",\"@id\":\"https:\/\/hudo.com\/si\/#\/schema\/person\/c2f10ce65d2e6ede2aeda5be2a0611fa\",\"name\":\"M. N., STA\",\"image\":{\"@type\":\"ImageObject\",\"inLanguage\":\"sl-SI\",\"@id\":\"https:\/\/hudo.com\/si\/#\/schema\/person\/image\/\",\"url\":\"https:\/\/secure.gravatar.com\/avatar\/f370d38daa10467f755c5c766a4cac20?s=96&d=mm&r=g\",\"contentUrl\":\"https:\/\/secure.gravatar.com\/avatar\/f370d38daa10467f755c5c766a4cac20?s=96&d=mm&r=g\",\"caption\":\"M. N., STA\"},\"url\":\"https:\/\/hudo.com\/si\/author\/mana\/\"}]}<\/script>\n<!-- \/ Yoast SEO plugin. -->","yoast_head_json":{"title":"Slovenijo je v\u010deraj zve\u010der zajela hladna fronta z mo\u010dnimi nalivi in vetrom, ki so povzro\u010dili ogromno te\u017eav - Hudo Slovenija","robots":{"index":"index","follow":"follow","max-snippet":"max-snippet:-1","max-image-preview":"max-image-preview:large","max-video-preview":"max-video-preview:-1"},"canonical":"https:\/\/hudo.com\/si\/aktualno\/slovenija\/slovenijo-je-vceraj-zvecer-zajela-hladna-fronta-z-mocnimi-nalivi-in-vetrom-ki-so-povzrocili-ogromno-tezav\/","og_locale":"sl_SI","og_type":"article","og_title":"Slovenijo je v\u010deraj zve\u010der zajela hladna fronta z mo\u010dnimi nalivi in vetrom, ki so povzro\u010dili ogromno te\u017eav - Hudo Slovenija","og_description":"Neurja so se pojavljala po vsej dr\u017eavi razen na Primorskem. Gasilci so \u010drpali meteorno vodo iz poplavljenih objektov, odstranjevali podrta drevesa, name\u0161\u010dali protipoplavne vre\u010de, pokrivali po\u0161kodovane strehe in gasili po\u017eare, ki so jih povzro\u010dile strele.","og_url":"https:\/\/hudo.com\/si\/aktualno\/slovenija\/slovenijo-je-vceraj-zvecer-zajela-hladna-fronta-z-mocnimi-nalivi-in-vetrom-ki-so-povzrocili-ogromno-tezav\/","og_site_name":"Hudo Slovenija","article_publisher":"https:\/\/www.facebook.com\/hudo.si","article_published_time":"2022-06-08T06:20:43+00:00","og_image":[{"width":1250,"height":831,"url":"https:\/\/hudo.com\/si\/wp-content\/uploads\/sites\/2\/2021\/07\/profimedia-0162286211.jpg","type":"image\/jpeg"}],"author":"M. N., STA","twitter_card":"summary_large_image","twitter_creator":"@hudo_si","twitter_site":"@hudo_si","twitter_misc":{"Written by":"M. N., STA","Est. reading time":"1 minuta"},"schema":{"@context":"https:\/\/schema.org","@graph":[{"@type":"Article","@id":"https:\/\/hudo.com\/si\/aktualno\/slovenija\/slovenijo-je-vceraj-zvecer-zajela-hladna-fronta-z-mocnimi-nalivi-in-vetrom-ki-so-povzrocili-ogromno-tezav\/#article","isPartOf":{"@id":"https:\/\/hudo.com\/si\/aktualno\/slovenija\/slovenijo-je-vceraj-zvecer-zajela-hladna-fronta-z-mocnimi-nalivi-in-vetrom-ki-so-povzrocili-ogromno-tezav\/"},"author":{"name":"M. N., STA","@id":"https:\/\/hudo.com\/si\/#\/schema\/person\/c2f10ce65d2e6ede2aeda5be2a0611fa"},"headline":"Slovenijo je v\u010deraj zve\u010der zajela hladna fronta z mo\u010dnimi nalivi in vetrom, ki so povzro\u010dili ogromno te\u017eav","datePublished":"2022-06-08T06:20:43+00:00","dateModified":"2022-06-08T06:20:43+00:00","mainEntityOfPage":{"@id":"https:\/\/hudo.com\/si\/aktualno\/slovenija\/slovenijo-je-vceraj-zvecer-zajela-hladna-fronta-z-mocnimi-nalivi-in-vetrom-ki-so-povzrocili-ogromno-tezav\/"},"wordCount":222,"publisher":{"@id":"https:\/\/hudo.com\/si\/#organization"},"keywords":["neurje","Slovenija"],"articleSection":["Slovenija"],"inLanguage":"sl-SI"},{"@type":"WebPage","@id":"https:\/\/hudo.com\/si\/aktualno\/slovenija\/slovenijo-je-vceraj-zvecer-zajela-hladna-fronta-z-mocnimi-nalivi-in-vetrom-ki-so-povzrocili-ogromno-tezav\/","url":"https:\/\/hudo.com\/si\/aktualno\/slovenija\/slovenijo-je-vceraj-zvecer-zajela-hladna-fronta-z-mocnimi-nalivi-in-vetrom-ki-so-povzrocili-ogromno-tezav\/","name":"Slovenijo je v\u010deraj zve\u010der zajela hladna fronta z mo\u010dnimi nalivi in vetrom, ki so povzro\u010dili ogromno te\u017eav - Hudo Slovenija","isPartOf":{"@id":"https:\/\/hudo.com\/si\/#website"},"datePublished":"2022-06-08T06:20:43+00:00","dateModified":"2022-06-08T06:20:43+00:00","breadcrumb":{"@id":"https:\/\/hudo.com\/si\/aktualno\/slovenija\/slovenijo-je-vceraj-zvecer-zajela-hladna-fronta-z-mocnimi-nalivi-in-vetrom-ki-so-povzrocili-ogromno-tezav\/#breadcrumb"},"inLanguage":"sl-SI","potentialAction":[{"@type":"ReadAction","target":["https:\/\/hudo.com\/si\/aktualno\/slovenija\/slovenijo-je-vceraj-zvecer-zajela-hladna-fronta-z-mocnimi-nalivi-in-vetrom-ki-so-povzrocili-ogromno-tezav\/"]}]},{"@type":"BreadcrumbList","@id":"https:\/\/hudo.com\/si\/aktualno\/slovenija\/slovenijo-je-vceraj-zvecer-zajela-hladna-fronta-z-mocnimi-nalivi-in-vetrom-ki-so-povzrocili-ogromno-tezav\/#breadcrumb","itemListElement":[{"@type":"ListItem","position":1,"name":"Home","item":"https:\/\/hudo.com\/si\/"},{"@type":"ListItem","position":2,"name":"Slovenijo je v\u010deraj zve\u010der zajela hladna fronta z mo\u010dnimi nalivi in vetrom, ki so povzro\u010dili ogromno te\u017eav"}]},{"@type":"WebSite","@id":"https:\/\/hudo.com\/si\/#website","url":"https:\/\/hudo.com\/si\/","name":"Hudo Slovenija","description":"Vse novice iz Slovenije in sveta","publisher":{"@id":"https:\/\/hudo.com\/si\/#organization"},"potentialAction":[{"@type":"SearchAction","target":{"@type":"EntryPoint","urlTemplate":"https:\/\/hudo.com\/si\/?s={search_term_string}"},"query-input":"required name=search_term_string"}],"inLanguage":"sl-SI"},{"@type":"Organization","@id":"https:\/\/hudo.com\/si\/#organization","name":"VSN Media","url":"https:\/\/hudo.com\/si\/","logo":{"@type":"ImageObject","inLanguage":"sl-SI","@id":"https:\/\/hudo.com\/si\/#\/schema\/logo\/image\/","url":"https:\/\/hudo.com\/si\/wp-content\/uploads\/sites\/2\/2021\/03\/hudo-app-2.png","contentUrl":"https:\/\/hudo.com\/si\/wp-content\/uploads\/sites\/2\/2021\/03\/hudo-app-2.png","width":2185,"height":2167,"caption":"VSN Media"},"image":{"@id":"https:\/\/hudo.com\/si\/#\/schema\/logo\/image\/"},"sameAs":["https:\/\/www.facebook.com\/hudo.si","https:\/\/twitter.com\/hudo_si"]},{"@type":"Person","@id":"https:\/\/hudo.com\/si\/#\/schema\/person\/c2f10ce65d2e6ede2aeda5be2a0611fa","name":"M. N., STA","image":{"@type":"ImageObject","inLanguage":"sl-SI","@id":"https:\/\/hudo.com\/si\/#\/schema\/person\/image\/","url":"https:\/\/secure.gravatar.com\/avatar\/f370d38daa10467f755c5c766a4cac20?s=96&d=mm&r=g","contentUrl":"https:\/\/secure.gravatar.com\/avatar\/f370d38daa10467f755c5c766a4cac20?s=96&d=mm&r=g","caption":"M. N., STA"},"url":"https:\/\/hudo.com\/si\/author\/mana\/"}]}},"amp_enabled":true,"_links":{"self":[{"href":"https:\/\/hudo.com\/si\/wp-json\/wp\/v2\/posts\/469357"}],"collection":[{"href":"https:\/\/hudo.com\/si\/wp-json\/wp\/v2\/posts"}],"about":[{"href":"https:\/\/hudo.com\/si\/wp-json\/wp\/v2\/types\/post"}],"author":[{"embeddable":true,"href":"https:\/\/hudo.com\/si\/wp-json\/wp\/v2\/users\/8"}],"replies":[{"embeddable":true,"href":"https:\/\/hudo.com\/si\/wp-json\/wp\/v2\/comments?post=469357"}],"version-history":[{"count":1,"href":"https:\/\/hudo.com\/si\/wp-json\/wp\/v2\/posts\/469357\/revisions"}],"predecessor-version":[{"id":469358,"href":"https:\/\/hudo.com\/si\/wp-json\/wp\/v2\/posts\/469357\/revisions\/469358"}],"wp:featuredmedia":[{"embeddable":true,"href":"https:\/\/hudo.com\/si\/wp-json\/wp\/v2\/media\/455385"}],"wp:attachment":[{"href":"https:\/\/hudo.com\/si\/wp-json\/wp\/v2\/media?parent=469357"}],"wp:term":[{"taxonomy":"category","embeddable":true,"href":"https:\/\/hudo.com\/si\/wp-json\/wp\/v2\/categories?post=469357"},{"taxonomy":"post_tag","embeddable":true,"href":"https:\/\/hudo.com\/si\/wp-json\/wp\/v2\/tags?post=469357"},{"taxonomy":"source","embeddable":true,"href":"https:\/\/hudo.com\/si\/wp-json\/wp\/v2\/source?post=469357"},{"taxonomy":"supertag","embeddable":true,"href":"https:\/\/hudo.com\/si\/wp-json\/wp\/v2\/supertag?post=469357"}],"curies":[{"name":"wp","href":"https:\/\/api.w.org\/{rel}","templated":true}]}}