{"id":469585,"date":"2022-06-14T13:06:43","date_gmt":"2022-06-14T11:06:43","guid":{"rendered":"https:\/\/hudo.com\/si\/?p=469585"},"modified":"2022-06-14T13:06:43","modified_gmt":"2022-06-14T11:06:43","slug":"grozljivo-dunajski-maraton-aprila-letos-je-bil-oznacen-kot-tarca-bombnega-napada-po-vzoru-bombnega-napada-na-bostonskem-maratonu-leta-2013","status":"publish","type":"post","link":"https:\/\/hudo.com\/si\/aktualno\/grozljivo-dunajski-maraton-aprila-letos-je-bil-oznacen-kot-tarca-bombnega-napada-po-vzoru-bombnega-napada-na-bostonskem-maratonu-leta-2013\/","title":{"rendered":"Grozljivo: Dunajski maraton aprila letos je bil ozna\u010den kot tar\u010da bombnega napada po vzoru bombnega napada na Bostonskem maratonu leta 2013"},"content":{"rendered":"<p>\u010casnik, sklicujo\u010d se na neimenovane vire, navaja doslej znane podrobnosti domnevne tako imenovane teroristi\u010dne operacije Zdravljenje, ki so jo na\u010drtovali pripadniki domnevne spe\u010de celice v Avstriji.<\/p>\n<p>\u0160lo je za operacijo, s katero naj bi Isis ma\u0161\u010deval smrt svojega voditelja Abuja Ibrahima Al Ha\u0161imija. Ta je pod streli ameri\u0161kih komandosov padel v posebni akciji februarja letos v svojem skrivali\u0161\u010du na severozahodu Sirije, navaja Kronen Zeitung.<\/p>\n<p>Doma\u010dim avstrijskim preiskovalcem je v sodelovanju z doma\u010dimi in tujimi oblastmi uspelo razkriti izjemno nevarno islamisti\u010dno spe\u010do celico, ki je na\u010drtovala napad aprila na dunajskem maratonu.<\/p>\n<p>Po navedbah \u010dasnika naj bi v tej skupini delovalo pet Ira\u010danov, od tega \u0161tirje v drugih dr\u017eavah, na \u010delu pa naj bi bil Ira\u010dan, ki je imel v Avstriji urejen status za\u0161\u010dite. Mo\u0161ki je pri\u0161el v Avstrijo v senci begunske krize leta 2015, navaja Kronen Zeitung na svoji spletni strani.<\/p>\n<p>Na\u010drte naj bi medsebojno usklajevali prek kodiranih sporo\u010dil, med drugim s pomo\u010djo funkcij klepeta, ki jih omogo\u010dajo posamezne video igre oziroma igralne konzole, vseh pet pa naj bi bilo pred prihodom v Evropo visoko v hierarhiji Islamske dr\u017eave, \u0161e poro\u010da isti vir.<\/p>\n<p>Po zgledu &#8220;bostonskega bomba\u0161a&#8221; je ta celica nameravala postaviti bombo na cilj Dunajskega maratona, ki je potekal 24. aprila.<\/p>\n<p>Avstrijske oblasti so okrepile pozornost po dogodkih novembra 2020, ko je Avstrijec albanskega rodu izvedel teroristi\u010dni napad na Dunaju, pri \u010demer so bili ubiti \u0161tirje ljudje, ve\u010d kot 20 pa jih je bilo ranjenih.<\/p>\n","protected":false},"excerpt":{"rendered":"<p>Avstrijski zvezni urad za za\u0161\u010dito ustave in boj proti terorizmu je odkril domnevno celico Islamske dr\u017eave (IS) v Avstriji, ki naj bi bila povezana z na\u010drti za napade na velike dogodke v Evropi. Po poro\u010danju \u010dasnika Kronen je bil dunajski maraton aprila 2022 ozna\u010den kot tar\u010da bombnega napada po vzoru bombnega napada na Bostonskem maratonu leta 2013.<\/p>\n","protected":false},"author":8,"featured_media":436859,"comment_status":"closed","ping_status":"closed","sticky":false,"template":"","format":"standard","meta":{"footnotes":""},"categories":[1179],"tags":[1934,8640,1949,19952,4676],"source":[4511],"supertag":[7150],"acf":[],"yoast_head":"<!-- This site is optimized with the Yoast SEO plugin v21.3 - https:\/\/yoast.com\/wordpress\/plugins\/seo\/ -->\n<title>Grozljivo: Dunajski maraton aprila letos je bil ozna\u010den kot tar\u010da bombnega napada po vzoru bombnega napada na Bostonskem maratonu leta 2013 - Hudo Slovenija<\/title>\n<meta name=\"robots\" content=\"index, follow, max-snippet:-1, max-image-preview:large, max-video-preview:-1\" \/>\n<link rel=\"canonical\" href=\"https:\/\/hudo.com\/si\/aktualno\/grozljivo-dunajski-maraton-aprila-letos-je-bil-oznacen-kot-tarca-bombnega-napada-po-vzoru-bombnega-napada-na-bostonskem-maratonu-leta-2013\/\" \/>\n<meta property=\"og:locale\" content=\"sl_SI\" \/>\n<meta property=\"og:type\" content=\"article\" \/>\n<meta property=\"og:title\" content=\"Grozljivo: Dunajski maraton aprila letos je bil ozna\u010den kot tar\u010da bombnega napada po vzoru bombnega napada na Bostonskem maratonu leta 2013 - Hudo Slovenija\" \/>\n<meta property=\"og:description\" content=\"Avstrijski zvezni urad za za\u0161\u010dito ustave in boj proti terorizmu je odkril domnevno celico Islamske dr\u017eave (IS) v Avstriji, ki naj bi bila povezana z na\u010drti za napade na velike dogodke v Evropi. Po poro\u010danju \u010dasnika Kronen je bil dunajski maraton aprila 2022 ozna\u010den kot tar\u010da bombnega napada po vzoru bombnega napada na Bostonskem maratonu leta 2013.\" \/>\n<meta property=\"og:url\" content=\"https:\/\/hudo.com\/si\/aktualno\/grozljivo-dunajski-maraton-aprila-letos-je-bil-oznacen-kot-tarca-bombnega-napada-po-vzoru-bombnega-napada-na-bostonskem-maratonu-leta-2013\/\" \/>\n<meta property=\"og:site_name\" content=\"Hudo Slovenija\" \/>\n<meta property=\"article:publisher\" content=\"https:\/\/www.facebook.com\/hudo.si\" \/>\n<meta property=\"article:published_time\" content=\"2022-06-14T11:06:43+00:00\" \/>\n<meta property=\"og:image\" content=\"https:\/\/hudo.com\/si\/wp-content\/uploads\/sites\/2\/2020\/11\/profimedia-0567036884.jpg\" \/>\n\t<meta property=\"og:image:width\" content=\"1250\" \/>\n\t<meta property=\"og:image:height\" content=\"833\" \/>\n\t<meta property=\"og:image:type\" content=\"image\/jpeg\" \/>\n<meta name=\"author\" content=\"M. N., STA\" \/>\n<meta name=\"twitter:card\" content=\"summary_large_image\" \/>\n<meta name=\"twitter:creator\" content=\"@hudo_si\" \/>\n<meta name=\"twitter:site\" content=\"@hudo_si\" \/>\n<meta name=\"twitter:label1\" content=\"Written by\" \/>\n\t<meta name=\"twitter:data1\" content=\"M. N., STA\" \/>\n\t<meta name=\"twitter:label2\" content=\"Est. reading time\" \/>\n\t<meta name=\"twitter:data2\" content=\"1 minuta\" \/>\n<script type=\"application\/ld+json\" class=\"yoast-schema-graph\">{\"@context\":\"https:\/\/schema.org\",\"@graph\":[{\"@type\":\"Article\",\"@id\":\"https:\/\/hudo.com\/si\/aktualno\/grozljivo-dunajski-maraton-aprila-letos-je-bil-oznacen-kot-tarca-bombnega-napada-po-vzoru-bombnega-napada-na-bostonskem-maratonu-leta-2013\/#article\",\"isPartOf\":{\"@id\":\"https:\/\/hudo.com\/si\/aktualno\/grozljivo-dunajski-maraton-aprila-letos-je-bil-oznacen-kot-tarca-bombnega-napada-po-vzoru-bombnega-napada-na-bostonskem-maratonu-leta-2013\/\"},\"author\":{\"name\":\"M. N., STA\",\"@id\":\"https:\/\/hudo.com\/si\/#\/schema\/person\/c2f10ce65d2e6ede2aeda5be2a0611fa\"},\"headline\":\"Grozljivo: Dunajski maraton aprila letos je bil ozna\u010den kot tar\u010da bombnega napada po vzoru bombnega napada na Bostonskem maratonu leta 2013\",\"datePublished\":\"2022-06-14T11:06:43+00:00\",\"dateModified\":\"2022-06-14T11:06:43+00:00\",\"mainEntityOfPage\":{\"@id\":\"https:\/\/hudo.com\/si\/aktualno\/grozljivo-dunajski-maraton-aprila-letos-je-bil-oznacen-kot-tarca-bombnega-napada-po-vzoru-bombnega-napada-na-bostonskem-maratonu-leta-2013\/\"},\"wordCount\":279,\"publisher\":{\"@id\":\"https:\/\/hudo.com\/si\/#organization\"},\"keywords\":[\"Avstrija\",\"bombni napad\",\"dunaj\",\"dunajski maraton\",\"teroristi\u010dni napad\"],\"articleSection\":[\"Aktualno\"],\"inLanguage\":\"sl-SI\"},{\"@type\":\"WebPage\",\"@id\":\"https:\/\/hudo.com\/si\/aktualno\/grozljivo-dunajski-maraton-aprila-letos-je-bil-oznacen-kot-tarca-bombnega-napada-po-vzoru-bombnega-napada-na-bostonskem-maratonu-leta-2013\/\",\"url\":\"https:\/\/hudo.com\/si\/aktualno\/grozljivo-dunajski-maraton-aprila-letos-je-bil-oznacen-kot-tarca-bombnega-napada-po-vzoru-bombnega-napada-na-bostonskem-maratonu-leta-2013\/\",\"name\":\"Grozljivo: Dunajski maraton aprila letos je bil ozna\u010den kot tar\u010da bombnega napada po vzoru bombnega napada na Bostonskem maratonu leta 2013 - Hudo Slovenija\",\"isPartOf\":{\"@id\":\"https:\/\/hudo.com\/si\/#website\"},\"datePublished\":\"2022-06-14T11:06:43+00:00\",\"dateModified\":\"2022-06-14T11:06:43+00:00\",\"breadcrumb\":{\"@id\":\"https:\/\/hudo.com\/si\/aktualno\/grozljivo-dunajski-maraton-aprila-letos-je-bil-oznacen-kot-tarca-bombnega-napada-po-vzoru-bombnega-napada-na-bostonskem-maratonu-leta-2013\/#breadcrumb\"},\"inLanguage\":\"sl-SI\",\"potentialAction\":[{\"@type\":\"ReadAction\",\"target\":[\"https:\/\/hudo.com\/si\/aktualno\/grozljivo-dunajski-maraton-aprila-letos-je-bil-oznacen-kot-tarca-bombnega-napada-po-vzoru-bombnega-napada-na-bostonskem-maratonu-leta-2013\/\"]}]},{\"@type\":\"BreadcrumbList\",\"@id\":\"https:\/\/hudo.com\/si\/aktualno\/grozljivo-dunajski-maraton-aprila-letos-je-bil-oznacen-kot-tarca-bombnega-napada-po-vzoru-bombnega-napada-na-bostonskem-maratonu-leta-2013\/#breadcrumb\",\"itemListElement\":[{\"@type\":\"ListItem\",\"position\":1,\"name\":\"Home\",\"item\":\"https:\/\/hudo.com\/si\/\"},{\"@type\":\"ListItem\",\"position\":2,\"name\":\"Grozljivo: Dunajski maraton aprila letos je bil ozna\u010den kot tar\u010da bombnega napada po vzoru bombnega napada na Bostonskem maratonu leta 2013\"}]},{\"@type\":\"WebSite\",\"@id\":\"https:\/\/hudo.com\/si\/#website\",\"url\":\"https:\/\/hudo.com\/si\/\",\"name\":\"Hudo Slovenija\",\"description\":\"Vse novice iz Slovenije in sveta\",\"publisher\":{\"@id\":\"https:\/\/hudo.com\/si\/#organization\"},\"potentialAction\":[{\"@type\":\"SearchAction\",\"target\":{\"@type\":\"EntryPoint\",\"urlTemplate\":\"https:\/\/hudo.com\/si\/?s={search_term_string}\"},\"query-input\":\"required name=search_term_string\"}],\"inLanguage\":\"sl-SI\"},{\"@type\":\"Organization\",\"@id\":\"https:\/\/hudo.com\/si\/#organization\",\"name\":\"VSN Media\",\"url\":\"https:\/\/hudo.com\/si\/\",\"logo\":{\"@type\":\"ImageObject\",\"inLanguage\":\"sl-SI\",\"@id\":\"https:\/\/hudo.com\/si\/#\/schema\/logo\/image\/\",\"url\":\"https:\/\/hudo.com\/si\/wp-content\/uploads\/sites\/2\/2021\/03\/hudo-app-2.png\",\"contentUrl\":\"https:\/\/hudo.com\/si\/wp-content\/uploads\/sites\/2\/2021\/03\/hudo-app-2.png\",\"width\":2185,\"height\":2167,\"caption\":\"VSN Media\"},\"image\":{\"@id\":\"https:\/\/hudo.com\/si\/#\/schema\/logo\/image\/\"},\"sameAs\":[\"https:\/\/www.facebook.com\/hudo.si\",\"https:\/\/twitter.com\/hudo_si\"]},{\"@type\":\"Person\",\"@id\":\"https:\/\/hudo.com\/si\/#\/schema\/person\/c2f10ce65d2e6ede2aeda5be2a0611fa\",\"name\":\"M. N., STA\",\"image\":{\"@type\":\"ImageObject\",\"inLanguage\":\"sl-SI\",\"@id\":\"https:\/\/hudo.com\/si\/#\/schema\/person\/image\/\",\"url\":\"https:\/\/secure.gravatar.com\/avatar\/f370d38daa10467f755c5c766a4cac20?s=96&d=mm&r=g\",\"contentUrl\":\"https:\/\/secure.gravatar.com\/avatar\/f370d38daa10467f755c5c766a4cac20?s=96&d=mm&r=g\",\"caption\":\"M. N., STA\"},\"url\":\"https:\/\/hudo.com\/si\/author\/mana\/\"}]}<\/script>\n<!-- \/ Yoast SEO plugin. -->","yoast_head_json":{"title":"Grozljivo: Dunajski maraton aprila letos je bil ozna\u010den kot tar\u010da bombnega napada po vzoru bombnega napada na Bostonskem maratonu leta 2013 - Hudo Slovenija","robots":{"index":"index","follow":"follow","max-snippet":"max-snippet:-1","max-image-preview":"max-image-preview:large","max-video-preview":"max-video-preview:-1"},"canonical":"https:\/\/hudo.com\/si\/aktualno\/grozljivo-dunajski-maraton-aprila-letos-je-bil-oznacen-kot-tarca-bombnega-napada-po-vzoru-bombnega-napada-na-bostonskem-maratonu-leta-2013\/","og_locale":"sl_SI","og_type":"article","og_title":"Grozljivo: Dunajski maraton aprila letos je bil ozna\u010den kot tar\u010da bombnega napada po vzoru bombnega napada na Bostonskem maratonu leta 2013 - Hudo Slovenija","og_description":"Avstrijski zvezni urad za za\u0161\u010dito ustave in boj proti terorizmu je odkril domnevno celico Islamske dr\u017eave (IS) v Avstriji, ki naj bi bila povezana z na\u010drti za napade na velike dogodke v Evropi. Po poro\u010danju \u010dasnika Kronen je bil dunajski maraton aprila 2022 ozna\u010den kot tar\u010da bombnega napada po vzoru bombnega napada na Bostonskem maratonu leta 2013.","og_url":"https:\/\/hudo.com\/si\/aktualno\/grozljivo-dunajski-maraton-aprila-letos-je-bil-oznacen-kot-tarca-bombnega-napada-po-vzoru-bombnega-napada-na-bostonskem-maratonu-leta-2013\/","og_site_name":"Hudo Slovenija","article_publisher":"https:\/\/www.facebook.com\/hudo.si","article_published_time":"2022-06-14T11:06:43+00:00","og_image":[{"width":1250,"height":833,"url":"https:\/\/hudo.com\/si\/wp-content\/uploads\/sites\/2\/2020\/11\/profimedia-0567036884.jpg","type":"image\/jpeg"}],"author":"M. N., STA","twitter_card":"summary_large_image","twitter_creator":"@hudo_si","twitter_site":"@hudo_si","twitter_misc":{"Written by":"M. N., STA","Est. reading time":"1 minuta"},"schema":{"@context":"https:\/\/schema.org","@graph":[{"@type":"Article","@id":"https:\/\/hudo.com\/si\/aktualno\/grozljivo-dunajski-maraton-aprila-letos-je-bil-oznacen-kot-tarca-bombnega-napada-po-vzoru-bombnega-napada-na-bostonskem-maratonu-leta-2013\/#article","isPartOf":{"@id":"https:\/\/hudo.com\/si\/aktualno\/grozljivo-dunajski-maraton-aprila-letos-je-bil-oznacen-kot-tarca-bombnega-napada-po-vzoru-bombnega-napada-na-bostonskem-maratonu-leta-2013\/"},"author":{"name":"M. N., STA","@id":"https:\/\/hudo.com\/si\/#\/schema\/person\/c2f10ce65d2e6ede2aeda5be2a0611fa"},"headline":"Grozljivo: Dunajski maraton aprila letos je bil ozna\u010den kot tar\u010da bombnega napada po vzoru bombnega napada na Bostonskem maratonu leta 2013","datePublished":"2022-06-14T11:06:43+00:00","dateModified":"2022-06-14T11:06:43+00:00","mainEntityOfPage":{"@id":"https:\/\/hudo.com\/si\/aktualno\/grozljivo-dunajski-maraton-aprila-letos-je-bil-oznacen-kot-tarca-bombnega-napada-po-vzoru-bombnega-napada-na-bostonskem-maratonu-leta-2013\/"},"wordCount":279,"publisher":{"@id":"https:\/\/hudo.com\/si\/#organization"},"keywords":["Avstrija","bombni napad","dunaj","dunajski maraton","teroristi\u010dni napad"],"articleSection":["Aktualno"],"inLanguage":"sl-SI"},{"@type":"WebPage","@id":"https:\/\/hudo.com\/si\/aktualno\/grozljivo-dunajski-maraton-aprila-letos-je-bil-oznacen-kot-tarca-bombnega-napada-po-vzoru-bombnega-napada-na-bostonskem-maratonu-leta-2013\/","url":"https:\/\/hudo.com\/si\/aktualno\/grozljivo-dunajski-maraton-aprila-letos-je-bil-oznacen-kot-tarca-bombnega-napada-po-vzoru-bombnega-napada-na-bostonskem-maratonu-leta-2013\/","name":"Grozljivo: Dunajski maraton aprila letos je bil ozna\u010den kot tar\u010da bombnega napada po vzoru bombnega napada na Bostonskem maratonu leta 2013 - Hudo Slovenija","isPartOf":{"@id":"https:\/\/hudo.com\/si\/#website"},"datePublished":"2022-06-14T11:06:43+00:00","dateModified":"2022-06-14T11:06:43+00:00","breadcrumb":{"@id":"https:\/\/hudo.com\/si\/aktualno\/grozljivo-dunajski-maraton-aprila-letos-je-bil-oznacen-kot-tarca-bombnega-napada-po-vzoru-bombnega-napada-na-bostonskem-maratonu-leta-2013\/#breadcrumb"},"inLanguage":"sl-SI","potentialAction":[{"@type":"ReadAction","target":["https:\/\/hudo.com\/si\/aktualno\/grozljivo-dunajski-maraton-aprila-letos-je-bil-oznacen-kot-tarca-bombnega-napada-po-vzoru-bombnega-napada-na-bostonskem-maratonu-leta-2013\/"]}]},{"@type":"BreadcrumbList","@id":"https:\/\/hudo.com\/si\/aktualno\/grozljivo-dunajski-maraton-aprila-letos-je-bil-oznacen-kot-tarca-bombnega-napada-po-vzoru-bombnega-napada-na-bostonskem-maratonu-leta-2013\/#breadcrumb","itemListElement":[{"@type":"ListItem","position":1,"name":"Home","item":"https:\/\/hudo.com\/si\/"},{"@type":"ListItem","position":2,"name":"Grozljivo: Dunajski maraton aprila letos je bil ozna\u010den kot tar\u010da bombnega napada po vzoru bombnega napada na Bostonskem maratonu leta 2013"}]},{"@type":"WebSite","@id":"https:\/\/hudo.com\/si\/#website","url":"https:\/\/hudo.com\/si\/","name":"Hudo Slovenija","description":"Vse novice iz Slovenije in sveta","publisher":{"@id":"https:\/\/hudo.com\/si\/#organization"},"potentialAction":[{"@type":"SearchAction","target":{"@type":"EntryPoint","urlTemplate":"https:\/\/hudo.com\/si\/?s={search_term_string}"},"query-input":"required name=search_term_string"}],"inLanguage":"sl-SI"},{"@type":"Organization","@id":"https:\/\/hudo.com\/si\/#organization","name":"VSN Media","url":"https:\/\/hudo.com\/si\/","logo":{"@type":"ImageObject","inLanguage":"sl-SI","@id":"https:\/\/hudo.com\/si\/#\/schema\/logo\/image\/","url":"https:\/\/hudo.com\/si\/wp-content\/uploads\/sites\/2\/2021\/03\/hudo-app-2.png","contentUrl":"https:\/\/hudo.com\/si\/wp-content\/uploads\/sites\/2\/2021\/03\/hudo-app-2.png","width":2185,"height":2167,"caption":"VSN Media"},"image":{"@id":"https:\/\/hudo.com\/si\/#\/schema\/logo\/image\/"},"sameAs":["https:\/\/www.facebook.com\/hudo.si","https:\/\/twitter.com\/hudo_si"]},{"@type":"Person","@id":"https:\/\/hudo.com\/si\/#\/schema\/person\/c2f10ce65d2e6ede2aeda5be2a0611fa","name":"M. N., STA","image":{"@type":"ImageObject","inLanguage":"sl-SI","@id":"https:\/\/hudo.com\/si\/#\/schema\/person\/image\/","url":"https:\/\/secure.gravatar.com\/avatar\/f370d38daa10467f755c5c766a4cac20?s=96&d=mm&r=g","contentUrl":"https:\/\/secure.gravatar.com\/avatar\/f370d38daa10467f755c5c766a4cac20?s=96&d=mm&r=g","caption":"M. N., STA"},"url":"https:\/\/hudo.com\/si\/author\/mana\/"}]}},"amp_enabled":true,"_links":{"self":[{"href":"https:\/\/hudo.com\/si\/wp-json\/wp\/v2\/posts\/469585"}],"collection":[{"href":"https:\/\/hudo.com\/si\/wp-json\/wp\/v2\/posts"}],"about":[{"href":"https:\/\/hudo.com\/si\/wp-json\/wp\/v2\/types\/post"}],"author":[{"embeddable":true,"href":"https:\/\/hudo.com\/si\/wp-json\/wp\/v2\/users\/8"}],"replies":[{"embeddable":true,"href":"https:\/\/hudo.com\/si\/wp-json\/wp\/v2\/comments?post=469585"}],"version-history":[{"count":1,"href":"https:\/\/hudo.com\/si\/wp-json\/wp\/v2\/posts\/469585\/revisions"}],"predecessor-version":[{"id":469586,"href":"https:\/\/hudo.com\/si\/wp-json\/wp\/v2\/posts\/469585\/revisions\/469586"}],"wp:featuredmedia":[{"embeddable":true,"href":"https:\/\/hudo.com\/si\/wp-json\/wp\/v2\/media\/436859"}],"wp:attachment":[{"href":"https:\/\/hudo.com\/si\/wp-json\/wp\/v2\/media?parent=469585"}],"wp:term":[{"taxonomy":"category","embeddable":true,"href":"https:\/\/hudo.com\/si\/wp-json\/wp\/v2\/categories?post=469585"},{"taxonomy":"post_tag","embeddable":true,"href":"https:\/\/hudo.com\/si\/wp-json\/wp\/v2\/tags?post=469585"},{"taxonomy":"source","embeddable":true,"href":"https:\/\/hudo.com\/si\/wp-json\/wp\/v2\/source?post=469585"},{"taxonomy":"supertag","embeddable":true,"href":"https:\/\/hudo.com\/si\/wp-json\/wp\/v2\/supertag?post=469585"}],"curies":[{"name":"wp","href":"https:\/\/api.w.org\/{rel}","templated":true}]}}