{"id":469805,"date":"2022-06-20T08:25:00","date_gmt":"2022-06-20T06:25:00","guid":{"rendered":"https:\/\/hudo.com\/si\/?p=469805"},"modified":"2022-06-20T08:25:00","modified_gmt":"2022-06-20T06:25:00","slug":"novinarji-rtv-nadaljujejo-stavko-medtem-programski-svet-odloca-o-novem-direktorju-nacionalne-televizije","status":"publish","type":"post","link":"https:\/\/hudo.com\/si\/aktualno\/slovenija\/novinarji-rtv-nadaljujejo-stavko-medtem-programski-svet-odloca-o-novem-direktorju-nacionalne-televizije\/","title":{"rendered":"Novinarji RTV nadaljujejo stavko, medtem programski svet odlo\u010da o novem direktorju nacionalne televizije"},"content":{"rendered":"<p>Koordinacija bo stavko, ki jo je za\u010dela 23. maja, nadaljevala danes od 14. do 23. ure. Nezadovoljni so namre\u010d, ker na pogajanjih o stavkovnih zahtevah, med katerimi je novinarska avtonomija, ni napredka. Na Trgu republike bodo na javnem shodu ob 19. uri k ukrepanju pri ohranitvi javnega servisa pozvali tudi DZ.<\/p>\n<p>Generalni direktor RTVS Andrej Grah Whatmough je sicer stavkovnemu odboru oziroma Koordinaciji novinarskih sindikatov RTVS, kot so v vodstvu zavoda javnost obvestili konec tedna, pred ponedeljkovo stavko poslal predlog stavkovnega sporazuma in za prepre\u010ditev &#8220;nepopravljive programske \u0161kode&#8221; ter &#8220;nadaljnjega na\u010denjanja ugleda javnega medija&#8221; pozval k podpisu in preklicu stavke. Rok za podpis je do danes ob 10. uri.<\/p>\n<p>Iz stavkovnega odbora so v odzivu sporo\u010dili, da se stavka nadaljuje po predvidenem scenariju. V potezi Graha Whatmougha vidijo ponudbo &#8220;vzemi ali pusti&#8221; ter nov poskus prepre\u010ditve tako stavke kot za danes napovedanih javnega shoda in zbora zaposlenih pred RTVS. Stavkajo\u010di vodstvo pozivajo, naj preneha s prakso, po kateri preko sporo\u010dil za javnost ves \u010das diskreditira, ovira in prepre\u010duje novinarsko stavko.<\/p>\n<p>Programski svet bo sicer popoldne obravnaval Lauren\u010di\u010devo kandidaturo za direktorja nacionalne televizije. Od treh prijav na vnovi\u010dni razpis je za obravnavo na programskem svetu primerna le ta. Ena namre\u010d ni ustrezala razpisnim pogojem, vloga, ki naj bi jo po neuradnih podatkih oddal nekdanji direktor vladnega urada za komuniciranje Uro\u0161 Urbanija, pa je bila nepopolna.<\/p>\n<p>TVS je brez direktorja s polnimi pooblastili vse od razre\u0161itve Natalije Gor\u0161\u010dak s tega mesta avgusta lani.<\/p>\n<p>Pred programskimi svetniki bo tudi predlog vodstva zavoda za kr\u010denje dopisni\u0161ke mre\u017ee v tujini, ki mu v koordinaciji, dru\u0161tvu novinarjev in strokovni javnosti odlo\u010dno nasprotujejo.<\/p>\n","protected":false},"excerpt":{"rendered":"<p>Koordinacija novinarskih sindikatov Radiotelevizije Slovenija (RTVS) bo danes nadaljevala stavko, saj ni zadovoljna s pogajanji o stavkovnih zahtevah. Vzporedno bo potekala seja programskega sveta zavoda, na kateri bodo odlo\u010dali o soglasju k imenovanju \u0161portnega novinarja na RTVS Urbana Lauren\u010di\u010da za direktorja Televizije Slovenija (TVS).<\/p>\n","protected":false},"author":7,"featured_media":427236,"comment_status":"closed","ping_status":"closed","sticky":false,"template":"","format":"standard","meta":{"footnotes":""},"categories":[18201],"tags":[4615,12560],"source":[4511],"supertag":[],"acf":[],"yoast_head":"<!-- This site is optimized with the Yoast SEO plugin v21.3 - https:\/\/yoast.com\/wordpress\/plugins\/seo\/ -->\n<title>Novinarji RTV nadaljujejo stavko, medtem programski svet odlo\u010da o novem direktorju nacionalne televizije - Hudo Slovenija<\/title>\n<meta name=\"robots\" content=\"index, follow, max-snippet:-1, max-image-preview:large, max-video-preview:-1\" \/>\n<link rel=\"canonical\" href=\"https:\/\/hudo.com\/si\/aktualno\/slovenija\/novinarji-rtv-nadaljujejo-stavko-medtem-programski-svet-odloca-o-novem-direktorju-nacionalne-televizije\/\" \/>\n<meta property=\"og:locale\" content=\"sl_SI\" \/>\n<meta property=\"og:type\" content=\"article\" \/>\n<meta property=\"og:title\" content=\"Novinarji RTV nadaljujejo stavko, medtem programski svet odlo\u010da o novem direktorju nacionalne televizije - Hudo Slovenija\" \/>\n<meta property=\"og:description\" content=\"Koordinacija novinarskih sindikatov Radiotelevizije Slovenija (RTVS) bo danes nadaljevala stavko, saj ni zadovoljna s pogajanji o stavkovnih zahtevah. Vzporedno bo potekala seja programskega sveta zavoda, na kateri bodo odlo\u010dali o soglasju k imenovanju \u0161portnega novinarja na RTVS Urbana Lauren\u010di\u010da za direktorja Televizije Slovenija (TVS).\" \/>\n<meta property=\"og:url\" content=\"https:\/\/hudo.com\/si\/aktualno\/slovenija\/novinarji-rtv-nadaljujejo-stavko-medtem-programski-svet-odloca-o-novem-direktorju-nacionalne-televizije\/\" \/>\n<meta property=\"og:site_name\" content=\"Hudo Slovenija\" \/>\n<meta property=\"article:publisher\" content=\"https:\/\/www.facebook.com\/hudo.si\" \/>\n<meta property=\"article:published_time\" content=\"2022-06-20T06:25:00+00:00\" \/>\n<meta property=\"og:image\" content=\"https:\/\/hudo.com\/si\/wp-content\/uploads\/sites\/2\/2020\/07\/20200423-01001775.jpg\" \/>\n\t<meta property=\"og:image:width\" content=\"640\" \/>\n\t<meta property=\"og:image:height\" content=\"426\" \/>\n\t<meta property=\"og:image:type\" content=\"image\/jpeg\" \/>\n<meta name=\"author\" content=\"A. P., STA\" \/>\n<meta name=\"twitter:card\" content=\"summary_large_image\" \/>\n<meta name=\"twitter:creator\" content=\"@hudo_si\" \/>\n<meta name=\"twitter:site\" content=\"@hudo_si\" \/>\n<meta name=\"twitter:label1\" content=\"Written by\" \/>\n\t<meta name=\"twitter:data1\" content=\"A. P., STA\" \/>\n\t<meta name=\"twitter:label2\" content=\"Est. reading time\" \/>\n\t<meta name=\"twitter:data2\" content=\"1 minuta\" \/>\n<script type=\"application\/ld+json\" class=\"yoast-schema-graph\">{\"@context\":\"https:\/\/schema.org\",\"@graph\":[{\"@type\":\"Article\",\"@id\":\"https:\/\/hudo.com\/si\/aktualno\/slovenija\/novinarji-rtv-nadaljujejo-stavko-medtem-programski-svet-odloca-o-novem-direktorju-nacionalne-televizije\/#article\",\"isPartOf\":{\"@id\":\"https:\/\/hudo.com\/si\/aktualno\/slovenija\/novinarji-rtv-nadaljujejo-stavko-medtem-programski-svet-odloca-o-novem-direktorju-nacionalne-televizije\/\"},\"author\":{\"name\":\"A. P., STA\",\"@id\":\"https:\/\/hudo.com\/si\/#\/schema\/person\/18f09c02475ba9e606e941a565b80cff\"},\"headline\":\"Novinarji RTV nadaljujejo stavko, medtem programski svet odlo\u010da o novem direktorju nacionalne televizije\",\"datePublished\":\"2022-06-20T06:25:00+00:00\",\"dateModified\":\"2022-06-20T06:25:00+00:00\",\"mainEntityOfPage\":{\"@id\":\"https:\/\/hudo.com\/si\/aktualno\/slovenija\/novinarji-rtv-nadaljujejo-stavko-medtem-programski-svet-odloca-o-novem-direktorju-nacionalne-televizije\/\"},\"wordCount\":293,\"publisher\":{\"@id\":\"https:\/\/hudo.com\/si\/#organization\"},\"keywords\":[\"mediji\",\"RTV Slovenija\"],\"articleSection\":[\"Slovenija\"],\"inLanguage\":\"sl-SI\"},{\"@type\":\"WebPage\",\"@id\":\"https:\/\/hudo.com\/si\/aktualno\/slovenija\/novinarji-rtv-nadaljujejo-stavko-medtem-programski-svet-odloca-o-novem-direktorju-nacionalne-televizije\/\",\"url\":\"https:\/\/hudo.com\/si\/aktualno\/slovenija\/novinarji-rtv-nadaljujejo-stavko-medtem-programski-svet-odloca-o-novem-direktorju-nacionalne-televizije\/\",\"name\":\"Novinarji RTV nadaljujejo stavko, medtem programski svet odlo\u010da o novem direktorju nacionalne televizije - Hudo Slovenija\",\"isPartOf\":{\"@id\":\"https:\/\/hudo.com\/si\/#website\"},\"datePublished\":\"2022-06-20T06:25:00+00:00\",\"dateModified\":\"2022-06-20T06:25:00+00:00\",\"breadcrumb\":{\"@id\":\"https:\/\/hudo.com\/si\/aktualno\/slovenija\/novinarji-rtv-nadaljujejo-stavko-medtem-programski-svet-odloca-o-novem-direktorju-nacionalne-televizije\/#breadcrumb\"},\"inLanguage\":\"sl-SI\",\"potentialAction\":[{\"@type\":\"ReadAction\",\"target\":[\"https:\/\/hudo.com\/si\/aktualno\/slovenija\/novinarji-rtv-nadaljujejo-stavko-medtem-programski-svet-odloca-o-novem-direktorju-nacionalne-televizije\/\"]}]},{\"@type\":\"BreadcrumbList\",\"@id\":\"https:\/\/hudo.com\/si\/aktualno\/slovenija\/novinarji-rtv-nadaljujejo-stavko-medtem-programski-svet-odloca-o-novem-direktorju-nacionalne-televizije\/#breadcrumb\",\"itemListElement\":[{\"@type\":\"ListItem\",\"position\":1,\"name\":\"Home\",\"item\":\"https:\/\/hudo.com\/si\/\"},{\"@type\":\"ListItem\",\"position\":2,\"name\":\"Novinarji RTV nadaljujejo stavko, medtem programski svet odlo\u010da o novem direktorju nacionalne televizije\"}]},{\"@type\":\"WebSite\",\"@id\":\"https:\/\/hudo.com\/si\/#website\",\"url\":\"https:\/\/hudo.com\/si\/\",\"name\":\"Hudo Slovenija\",\"description\":\"Vse novice iz Slovenije in sveta\",\"publisher\":{\"@id\":\"https:\/\/hudo.com\/si\/#organization\"},\"potentialAction\":[{\"@type\":\"SearchAction\",\"target\":{\"@type\":\"EntryPoint\",\"urlTemplate\":\"https:\/\/hudo.com\/si\/?s={search_term_string}\"},\"query-input\":\"required name=search_term_string\"}],\"inLanguage\":\"sl-SI\"},{\"@type\":\"Organization\",\"@id\":\"https:\/\/hudo.com\/si\/#organization\",\"name\":\"VSN Media\",\"url\":\"https:\/\/hudo.com\/si\/\",\"logo\":{\"@type\":\"ImageObject\",\"inLanguage\":\"sl-SI\",\"@id\":\"https:\/\/hudo.com\/si\/#\/schema\/logo\/image\/\",\"url\":\"https:\/\/hudo.com\/si\/wp-content\/uploads\/sites\/2\/2021\/03\/hudo-app-2.png\",\"contentUrl\":\"https:\/\/hudo.com\/si\/wp-content\/uploads\/sites\/2\/2021\/03\/hudo-app-2.png\",\"width\":2185,\"height\":2167,\"caption\":\"VSN Media\"},\"image\":{\"@id\":\"https:\/\/hudo.com\/si\/#\/schema\/logo\/image\/\"},\"sameAs\":[\"https:\/\/www.facebook.com\/hudo.si\",\"https:\/\/twitter.com\/hudo_si\"]},{\"@type\":\"Person\",\"@id\":\"https:\/\/hudo.com\/si\/#\/schema\/person\/18f09c02475ba9e606e941a565b80cff\",\"name\":\"A. P., STA\",\"image\":{\"@type\":\"ImageObject\",\"inLanguage\":\"sl-SI\",\"@id\":\"https:\/\/hudo.com\/si\/#\/schema\/person\/image\/\",\"url\":\"https:\/\/secure.gravatar.com\/avatar\/03eac8e609f5f04383125d80eaeaaf3e?s=96&d=mm&r=g\",\"contentUrl\":\"https:\/\/secure.gravatar.com\/avatar\/03eac8e609f5f04383125d80eaeaaf3e?s=96&d=mm&r=g\",\"caption\":\"A. P., STA\"},\"url\":\"https:\/\/hudo.com\/si\/author\/lubu\/\"}]}<\/script>\n<!-- \/ Yoast SEO plugin. -->","yoast_head_json":{"title":"Novinarji RTV nadaljujejo stavko, medtem programski svet odlo\u010da o novem direktorju nacionalne televizije - Hudo Slovenija","robots":{"index":"index","follow":"follow","max-snippet":"max-snippet:-1","max-image-preview":"max-image-preview:large","max-video-preview":"max-video-preview:-1"},"canonical":"https:\/\/hudo.com\/si\/aktualno\/slovenija\/novinarji-rtv-nadaljujejo-stavko-medtem-programski-svet-odloca-o-novem-direktorju-nacionalne-televizije\/","og_locale":"sl_SI","og_type":"article","og_title":"Novinarji RTV nadaljujejo stavko, medtem programski svet odlo\u010da o novem direktorju nacionalne televizije - Hudo Slovenija","og_description":"Koordinacija novinarskih sindikatov Radiotelevizije Slovenija (RTVS) bo danes nadaljevala stavko, saj ni zadovoljna s pogajanji o stavkovnih zahtevah. Vzporedno bo potekala seja programskega sveta zavoda, na kateri bodo odlo\u010dali o soglasju k imenovanju \u0161portnega novinarja na RTVS Urbana Lauren\u010di\u010da za direktorja Televizije Slovenija (TVS).","og_url":"https:\/\/hudo.com\/si\/aktualno\/slovenija\/novinarji-rtv-nadaljujejo-stavko-medtem-programski-svet-odloca-o-novem-direktorju-nacionalne-televizije\/","og_site_name":"Hudo Slovenija","article_publisher":"https:\/\/www.facebook.com\/hudo.si","article_published_time":"2022-06-20T06:25:00+00:00","og_image":[{"width":640,"height":426,"url":"https:\/\/hudo.com\/si\/wp-content\/uploads\/sites\/2\/2020\/07\/20200423-01001775.jpg","type":"image\/jpeg"}],"author":"A. P., STA","twitter_card":"summary_large_image","twitter_creator":"@hudo_si","twitter_site":"@hudo_si","twitter_misc":{"Written by":"A. P., STA","Est. reading time":"1 minuta"},"schema":{"@context":"https:\/\/schema.org","@graph":[{"@type":"Article","@id":"https:\/\/hudo.com\/si\/aktualno\/slovenija\/novinarji-rtv-nadaljujejo-stavko-medtem-programski-svet-odloca-o-novem-direktorju-nacionalne-televizije\/#article","isPartOf":{"@id":"https:\/\/hudo.com\/si\/aktualno\/slovenija\/novinarji-rtv-nadaljujejo-stavko-medtem-programski-svet-odloca-o-novem-direktorju-nacionalne-televizije\/"},"author":{"name":"A. P., STA","@id":"https:\/\/hudo.com\/si\/#\/schema\/person\/18f09c02475ba9e606e941a565b80cff"},"headline":"Novinarji RTV nadaljujejo stavko, medtem programski svet odlo\u010da o novem direktorju nacionalne televizije","datePublished":"2022-06-20T06:25:00+00:00","dateModified":"2022-06-20T06:25:00+00:00","mainEntityOfPage":{"@id":"https:\/\/hudo.com\/si\/aktualno\/slovenija\/novinarji-rtv-nadaljujejo-stavko-medtem-programski-svet-odloca-o-novem-direktorju-nacionalne-televizije\/"},"wordCount":293,"publisher":{"@id":"https:\/\/hudo.com\/si\/#organization"},"keywords":["mediji","RTV Slovenija"],"articleSection":["Slovenija"],"inLanguage":"sl-SI"},{"@type":"WebPage","@id":"https:\/\/hudo.com\/si\/aktualno\/slovenija\/novinarji-rtv-nadaljujejo-stavko-medtem-programski-svet-odloca-o-novem-direktorju-nacionalne-televizije\/","url":"https:\/\/hudo.com\/si\/aktualno\/slovenija\/novinarji-rtv-nadaljujejo-stavko-medtem-programski-svet-odloca-o-novem-direktorju-nacionalne-televizije\/","name":"Novinarji RTV nadaljujejo stavko, medtem programski svet odlo\u010da o novem direktorju nacionalne televizije - Hudo Slovenija","isPartOf":{"@id":"https:\/\/hudo.com\/si\/#website"},"datePublished":"2022-06-20T06:25:00+00:00","dateModified":"2022-06-20T06:25:00+00:00","breadcrumb":{"@id":"https:\/\/hudo.com\/si\/aktualno\/slovenija\/novinarji-rtv-nadaljujejo-stavko-medtem-programski-svet-odloca-o-novem-direktorju-nacionalne-televizije\/#breadcrumb"},"inLanguage":"sl-SI","potentialAction":[{"@type":"ReadAction","target":["https:\/\/hudo.com\/si\/aktualno\/slovenija\/novinarji-rtv-nadaljujejo-stavko-medtem-programski-svet-odloca-o-novem-direktorju-nacionalne-televizije\/"]}]},{"@type":"BreadcrumbList","@id":"https:\/\/hudo.com\/si\/aktualno\/slovenija\/novinarji-rtv-nadaljujejo-stavko-medtem-programski-svet-odloca-o-novem-direktorju-nacionalne-televizije\/#breadcrumb","itemListElement":[{"@type":"ListItem","position":1,"name":"Home","item":"https:\/\/hudo.com\/si\/"},{"@type":"ListItem","position":2,"name":"Novinarji RTV nadaljujejo stavko, medtem programski svet odlo\u010da o novem direktorju nacionalne televizije"}]},{"@type":"WebSite","@id":"https:\/\/hudo.com\/si\/#website","url":"https:\/\/hudo.com\/si\/","name":"Hudo Slovenija","description":"Vse novice iz Slovenije in sveta","publisher":{"@id":"https:\/\/hudo.com\/si\/#organization"},"potentialAction":[{"@type":"SearchAction","target":{"@type":"EntryPoint","urlTemplate":"https:\/\/hudo.com\/si\/?s={search_term_string}"},"query-input":"required name=search_term_string"}],"inLanguage":"sl-SI"},{"@type":"Organization","@id":"https:\/\/hudo.com\/si\/#organization","name":"VSN Media","url":"https:\/\/hudo.com\/si\/","logo":{"@type":"ImageObject","inLanguage":"sl-SI","@id":"https:\/\/hudo.com\/si\/#\/schema\/logo\/image\/","url":"https:\/\/hudo.com\/si\/wp-content\/uploads\/sites\/2\/2021\/03\/hudo-app-2.png","contentUrl":"https:\/\/hudo.com\/si\/wp-content\/uploads\/sites\/2\/2021\/03\/hudo-app-2.png","width":2185,"height":2167,"caption":"VSN Media"},"image":{"@id":"https:\/\/hudo.com\/si\/#\/schema\/logo\/image\/"},"sameAs":["https:\/\/www.facebook.com\/hudo.si","https:\/\/twitter.com\/hudo_si"]},{"@type":"Person","@id":"https:\/\/hudo.com\/si\/#\/schema\/person\/18f09c02475ba9e606e941a565b80cff","name":"A. P., STA","image":{"@type":"ImageObject","inLanguage":"sl-SI","@id":"https:\/\/hudo.com\/si\/#\/schema\/person\/image\/","url":"https:\/\/secure.gravatar.com\/avatar\/03eac8e609f5f04383125d80eaeaaf3e?s=96&d=mm&r=g","contentUrl":"https:\/\/secure.gravatar.com\/avatar\/03eac8e609f5f04383125d80eaeaaf3e?s=96&d=mm&r=g","caption":"A. P., STA"},"url":"https:\/\/hudo.com\/si\/author\/lubu\/"}]}},"amp_enabled":true,"_links":{"self":[{"href":"https:\/\/hudo.com\/si\/wp-json\/wp\/v2\/posts\/469805"}],"collection":[{"href":"https:\/\/hudo.com\/si\/wp-json\/wp\/v2\/posts"}],"about":[{"href":"https:\/\/hudo.com\/si\/wp-json\/wp\/v2\/types\/post"}],"author":[{"embeddable":true,"href":"https:\/\/hudo.com\/si\/wp-json\/wp\/v2\/users\/7"}],"replies":[{"embeddable":true,"href":"https:\/\/hudo.com\/si\/wp-json\/wp\/v2\/comments?post=469805"}],"version-history":[{"count":1,"href":"https:\/\/hudo.com\/si\/wp-json\/wp\/v2\/posts\/469805\/revisions"}],"predecessor-version":[{"id":469806,"href":"https:\/\/hudo.com\/si\/wp-json\/wp\/v2\/posts\/469805\/revisions\/469806"}],"wp:featuredmedia":[{"embeddable":true,"href":"https:\/\/hudo.com\/si\/wp-json\/wp\/v2\/media\/427236"}],"wp:attachment":[{"href":"https:\/\/hudo.com\/si\/wp-json\/wp\/v2\/media?parent=469805"}],"wp:term":[{"taxonomy":"category","embeddable":true,"href":"https:\/\/hudo.com\/si\/wp-json\/wp\/v2\/categories?post=469805"},{"taxonomy":"post_tag","embeddable":true,"href":"https:\/\/hudo.com\/si\/wp-json\/wp\/v2\/tags?post=469805"},{"taxonomy":"source","embeddable":true,"href":"https:\/\/hudo.com\/si\/wp-json\/wp\/v2\/source?post=469805"},{"taxonomy":"supertag","embeddable":true,"href":"https:\/\/hudo.com\/si\/wp-json\/wp\/v2\/supertag?post=469805"}],"curies":[{"name":"wp","href":"https:\/\/api.w.org\/{rel}","templated":true}]}}