{"id":469850,"date":"2022-06-21T09:40:09","date_gmt":"2022-06-21T07:40:09","guid":{"rendered":"https:\/\/hudo.com\/si\/?p=469850"},"modified":"2022-06-21T09:40:09","modified_gmt":"2022-06-21T07:40:09","slug":"delavca-stisnil-stroj-ki-ga-je-med-popravilom-pozabil-izkljuciti-zdaj-se-bori-za-zivljenje","status":"publish","type":"post","link":"https:\/\/hudo.com\/si\/aktualno\/slovenija\/delavca-stisnil-stroj-ki-ga-je-med-popravilom-pozabil-izkljuciti-zdaj-se-bori-za-zivljenje\/","title":{"rendered":"Delavca stisnil stroj, ki ga je med popravilom pozabil izklju\u010diti; zdaj se bori za \u017eivljenje"},"content":{"rendered":"<p>O zbranih obvestilih bodo policisti obve\u0161\u010dali pristojno dr\u017eavno to\u017eilstvo, so \u0161e sporo\u010dili s Policijske uprave Ljubljana.<\/p>\n","protected":false},"excerpt":{"rendered":"<p>V podjetju v Ribnici je v torek zjutraj pri\u0161lo do nesre\u010de, v kateri je delavca med odpravljanjem okvare stisnil mehanizem stroja, saj ga pred popravilom ni ugasnil. Iz stroja so ga re\u0161ili zaposleni, zaradi te\u017ekih po\u0161kodb, ki ogro\u017eajo njegovo \u017eivljenje, pa so ga re\u0161evalci odpeljali v Univerzitetni klini\u010dni center Ljubljana, je sporo\u010dila policija.<\/p>\n","protected":false},"author":7,"featured_media":469851,"comment_status":"closed","ping_status":"closed","sticky":false,"template":"","format":"standard","meta":{"footnotes":""},"categories":[18201],"tags":[4688,9481],"source":[4511],"supertag":[],"acf":[],"yoast_head":"<!-- This site is optimized with the Yoast SEO plugin v21.3 - https:\/\/yoast.com\/wordpress\/plugins\/seo\/ -->\n<title>Delavca stisnil stroj, ki ga je med popravilom pozabil izklju\u010diti; zdaj se bori za \u017eivljenje - Hudo Slovenija<\/title>\n<meta name=\"robots\" content=\"index, follow, max-snippet:-1, max-image-preview:large, max-video-preview:-1\" \/>\n<link rel=\"canonical\" href=\"https:\/\/hudo.com\/si\/aktualno\/slovenija\/delavca-stisnil-stroj-ki-ga-je-med-popravilom-pozabil-izkljuciti-zdaj-se-bori-za-zivljenje\/\" \/>\n<meta property=\"og:locale\" content=\"sl_SI\" \/>\n<meta property=\"og:type\" content=\"article\" \/>\n<meta property=\"og:title\" content=\"Delavca stisnil stroj, ki ga je med popravilom pozabil izklju\u010diti; zdaj se bori za \u017eivljenje - Hudo Slovenija\" \/>\n<meta property=\"og:description\" content=\"V podjetju v Ribnici je v torek zjutraj pri\u0161lo do nesre\u010de, v kateri je delavca med odpravljanjem okvare stisnil mehanizem stroja, saj ga pred popravilom ni ugasnil. Iz stroja so ga re\u0161ili zaposleni, zaradi te\u017ekih po\u0161kodb, ki ogro\u017eajo njegovo \u017eivljenje, pa so ga re\u0161evalci odpeljali v Univerzitetni klini\u010dni center Ljubljana, je sporo\u010dila policija.\" \/>\n<meta property=\"og:url\" content=\"https:\/\/hudo.com\/si\/aktualno\/slovenija\/delavca-stisnil-stroj-ki-ga-je-med-popravilom-pozabil-izkljuciti-zdaj-se-bori-za-zivljenje\/\" \/>\n<meta property=\"og:site_name\" content=\"Hudo Slovenija\" \/>\n<meta property=\"article:publisher\" content=\"https:\/\/www.facebook.com\/hudo.si\" \/>\n<meta property=\"article:published_time\" content=\"2022-06-21T07:40:09+00:00\" \/>\n<meta property=\"og:image\" content=\"https:\/\/hudo.com\/si\/wp-content\/uploads\/sites\/2\/2022\/06\/20100427-00180698.jpg\" \/>\n\t<meta property=\"og:image:width\" content=\"640\" \/>\n\t<meta property=\"og:image:height\" content=\"433\" \/>\n\t<meta property=\"og:image:type\" content=\"image\/jpeg\" \/>\n<meta name=\"author\" content=\"A. P., STA\" \/>\n<meta name=\"twitter:card\" content=\"summary_large_image\" \/>\n<meta name=\"twitter:creator\" content=\"@hudo_si\" \/>\n<meta name=\"twitter:site\" content=\"@hudo_si\" \/>\n<meta name=\"twitter:label1\" content=\"Written by\" \/>\n\t<meta name=\"twitter:data1\" content=\"A. P., STA\" \/>\n<script type=\"application\/ld+json\" class=\"yoast-schema-graph\">{\"@context\":\"https:\/\/schema.org\",\"@graph\":[{\"@type\":\"Article\",\"@id\":\"https:\/\/hudo.com\/si\/aktualno\/slovenija\/delavca-stisnil-stroj-ki-ga-je-med-popravilom-pozabil-izkljuciti-zdaj-se-bori-za-zivljenje\/#article\",\"isPartOf\":{\"@id\":\"https:\/\/hudo.com\/si\/aktualno\/slovenija\/delavca-stisnil-stroj-ki-ga-je-med-popravilom-pozabil-izkljuciti-zdaj-se-bori-za-zivljenje\/\"},\"author\":{\"name\":\"A. P., STA\",\"@id\":\"https:\/\/hudo.com\/si\/#\/schema\/person\/18f09c02475ba9e606e941a565b80cff\"},\"headline\":\"Delavca stisnil stroj, ki ga je med popravilom pozabil izklju\u010diti; zdaj se bori za \u017eivljenje\",\"datePublished\":\"2022-06-21T07:40:09+00:00\",\"dateModified\":\"2022-06-21T07:40:09+00:00\",\"mainEntityOfPage\":{\"@id\":\"https:\/\/hudo.com\/si\/aktualno\/slovenija\/delavca-stisnil-stroj-ki-ga-je-med-popravilom-pozabil-izkljuciti-zdaj-se-bori-za-zivljenje\/\"},\"wordCount\":36,\"publisher\":{\"@id\":\"https:\/\/hudo.com\/si\/#organization\"},\"keywords\":[\"\u010drna kronika\",\"delovna nesre\u010da\"],\"articleSection\":[\"Slovenija\"],\"inLanguage\":\"sl-SI\"},{\"@type\":\"WebPage\",\"@id\":\"https:\/\/hudo.com\/si\/aktualno\/slovenija\/delavca-stisnil-stroj-ki-ga-je-med-popravilom-pozabil-izkljuciti-zdaj-se-bori-za-zivljenje\/\",\"url\":\"https:\/\/hudo.com\/si\/aktualno\/slovenija\/delavca-stisnil-stroj-ki-ga-je-med-popravilom-pozabil-izkljuciti-zdaj-se-bori-za-zivljenje\/\",\"name\":\"Delavca stisnil stroj, ki ga je med popravilom pozabil izklju\u010diti; zdaj se bori za \u017eivljenje - Hudo Slovenija\",\"isPartOf\":{\"@id\":\"https:\/\/hudo.com\/si\/#website\"},\"datePublished\":\"2022-06-21T07:40:09+00:00\",\"dateModified\":\"2022-06-21T07:40:09+00:00\",\"breadcrumb\":{\"@id\":\"https:\/\/hudo.com\/si\/aktualno\/slovenija\/delavca-stisnil-stroj-ki-ga-je-med-popravilom-pozabil-izkljuciti-zdaj-se-bori-za-zivljenje\/#breadcrumb\"},\"inLanguage\":\"sl-SI\",\"potentialAction\":[{\"@type\":\"ReadAction\",\"target\":[\"https:\/\/hudo.com\/si\/aktualno\/slovenija\/delavca-stisnil-stroj-ki-ga-je-med-popravilom-pozabil-izkljuciti-zdaj-se-bori-za-zivljenje\/\"]}]},{\"@type\":\"BreadcrumbList\",\"@id\":\"https:\/\/hudo.com\/si\/aktualno\/slovenija\/delavca-stisnil-stroj-ki-ga-je-med-popravilom-pozabil-izkljuciti-zdaj-se-bori-za-zivljenje\/#breadcrumb\",\"itemListElement\":[{\"@type\":\"ListItem\",\"position\":1,\"name\":\"Home\",\"item\":\"https:\/\/hudo.com\/si\/\"},{\"@type\":\"ListItem\",\"position\":2,\"name\":\"Delavca stisnil stroj, ki ga je med popravilom pozabil izklju\u010diti; zdaj se bori za \u017eivljenje\"}]},{\"@type\":\"WebSite\",\"@id\":\"https:\/\/hudo.com\/si\/#website\",\"url\":\"https:\/\/hudo.com\/si\/\",\"name\":\"Hudo Slovenija\",\"description\":\"Vse novice iz Slovenije in sveta\",\"publisher\":{\"@id\":\"https:\/\/hudo.com\/si\/#organization\"},\"potentialAction\":[{\"@type\":\"SearchAction\",\"target\":{\"@type\":\"EntryPoint\",\"urlTemplate\":\"https:\/\/hudo.com\/si\/?s={search_term_string}\"},\"query-input\":\"required name=search_term_string\"}],\"inLanguage\":\"sl-SI\"},{\"@type\":\"Organization\",\"@id\":\"https:\/\/hudo.com\/si\/#organization\",\"name\":\"VSN Media\",\"url\":\"https:\/\/hudo.com\/si\/\",\"logo\":{\"@type\":\"ImageObject\",\"inLanguage\":\"sl-SI\",\"@id\":\"https:\/\/hudo.com\/si\/#\/schema\/logo\/image\/\",\"url\":\"https:\/\/hudo.com\/si\/wp-content\/uploads\/sites\/2\/2021\/03\/hudo-app-2.png\",\"contentUrl\":\"https:\/\/hudo.com\/si\/wp-content\/uploads\/sites\/2\/2021\/03\/hudo-app-2.png\",\"width\":2185,\"height\":2167,\"caption\":\"VSN Media\"},\"image\":{\"@id\":\"https:\/\/hudo.com\/si\/#\/schema\/logo\/image\/\"},\"sameAs\":[\"https:\/\/www.facebook.com\/hudo.si\",\"https:\/\/twitter.com\/hudo_si\"]},{\"@type\":\"Person\",\"@id\":\"https:\/\/hudo.com\/si\/#\/schema\/person\/18f09c02475ba9e606e941a565b80cff\",\"name\":\"A. P., STA\",\"image\":{\"@type\":\"ImageObject\",\"inLanguage\":\"sl-SI\",\"@id\":\"https:\/\/hudo.com\/si\/#\/schema\/person\/image\/\",\"url\":\"https:\/\/secure.gravatar.com\/avatar\/03eac8e609f5f04383125d80eaeaaf3e?s=96&d=mm&r=g\",\"contentUrl\":\"https:\/\/secure.gravatar.com\/avatar\/03eac8e609f5f04383125d80eaeaaf3e?s=96&d=mm&r=g\",\"caption\":\"A. P., STA\"},\"url\":\"https:\/\/hudo.com\/si\/author\/lubu\/\"}]}<\/script>\n<!-- \/ Yoast SEO plugin. -->","yoast_head_json":{"title":"Delavca stisnil stroj, ki ga je med popravilom pozabil izklju\u010diti; zdaj se bori za \u017eivljenje - Hudo Slovenija","robots":{"index":"index","follow":"follow","max-snippet":"max-snippet:-1","max-image-preview":"max-image-preview:large","max-video-preview":"max-video-preview:-1"},"canonical":"https:\/\/hudo.com\/si\/aktualno\/slovenija\/delavca-stisnil-stroj-ki-ga-je-med-popravilom-pozabil-izkljuciti-zdaj-se-bori-za-zivljenje\/","og_locale":"sl_SI","og_type":"article","og_title":"Delavca stisnil stroj, ki ga je med popravilom pozabil izklju\u010diti; zdaj se bori za \u017eivljenje - Hudo Slovenija","og_description":"V podjetju v Ribnici je v torek zjutraj pri\u0161lo do nesre\u010de, v kateri je delavca med odpravljanjem okvare stisnil mehanizem stroja, saj ga pred popravilom ni ugasnil. Iz stroja so ga re\u0161ili zaposleni, zaradi te\u017ekih po\u0161kodb, ki ogro\u017eajo njegovo \u017eivljenje, pa so ga re\u0161evalci odpeljali v Univerzitetni klini\u010dni center Ljubljana, je sporo\u010dila policija.","og_url":"https:\/\/hudo.com\/si\/aktualno\/slovenija\/delavca-stisnil-stroj-ki-ga-je-med-popravilom-pozabil-izkljuciti-zdaj-se-bori-za-zivljenje\/","og_site_name":"Hudo Slovenija","article_publisher":"https:\/\/www.facebook.com\/hudo.si","article_published_time":"2022-06-21T07:40:09+00:00","og_image":[{"width":640,"height":433,"url":"https:\/\/hudo.com\/si\/wp-content\/uploads\/sites\/2\/2022\/06\/20100427-00180698.jpg","type":"image\/jpeg"}],"author":"A. P., STA","twitter_card":"summary_large_image","twitter_creator":"@hudo_si","twitter_site":"@hudo_si","twitter_misc":{"Written by":"A. P., STA"},"schema":{"@context":"https:\/\/schema.org","@graph":[{"@type":"Article","@id":"https:\/\/hudo.com\/si\/aktualno\/slovenija\/delavca-stisnil-stroj-ki-ga-je-med-popravilom-pozabil-izkljuciti-zdaj-se-bori-za-zivljenje\/#article","isPartOf":{"@id":"https:\/\/hudo.com\/si\/aktualno\/slovenija\/delavca-stisnil-stroj-ki-ga-je-med-popravilom-pozabil-izkljuciti-zdaj-se-bori-za-zivljenje\/"},"author":{"name":"A. P., STA","@id":"https:\/\/hudo.com\/si\/#\/schema\/person\/18f09c02475ba9e606e941a565b80cff"},"headline":"Delavca stisnil stroj, ki ga je med popravilom pozabil izklju\u010diti; zdaj se bori za \u017eivljenje","datePublished":"2022-06-21T07:40:09+00:00","dateModified":"2022-06-21T07:40:09+00:00","mainEntityOfPage":{"@id":"https:\/\/hudo.com\/si\/aktualno\/slovenija\/delavca-stisnil-stroj-ki-ga-je-med-popravilom-pozabil-izkljuciti-zdaj-se-bori-za-zivljenje\/"},"wordCount":36,"publisher":{"@id":"https:\/\/hudo.com\/si\/#organization"},"keywords":["\u010drna kronika","delovna nesre\u010da"],"articleSection":["Slovenija"],"inLanguage":"sl-SI"},{"@type":"WebPage","@id":"https:\/\/hudo.com\/si\/aktualno\/slovenija\/delavca-stisnil-stroj-ki-ga-je-med-popravilom-pozabil-izkljuciti-zdaj-se-bori-za-zivljenje\/","url":"https:\/\/hudo.com\/si\/aktualno\/slovenija\/delavca-stisnil-stroj-ki-ga-je-med-popravilom-pozabil-izkljuciti-zdaj-se-bori-za-zivljenje\/","name":"Delavca stisnil stroj, ki ga je med popravilom pozabil izklju\u010diti; zdaj se bori za \u017eivljenje - Hudo Slovenija","isPartOf":{"@id":"https:\/\/hudo.com\/si\/#website"},"datePublished":"2022-06-21T07:40:09+00:00","dateModified":"2022-06-21T07:40:09+00:00","breadcrumb":{"@id":"https:\/\/hudo.com\/si\/aktualno\/slovenija\/delavca-stisnil-stroj-ki-ga-je-med-popravilom-pozabil-izkljuciti-zdaj-se-bori-za-zivljenje\/#breadcrumb"},"inLanguage":"sl-SI","potentialAction":[{"@type":"ReadAction","target":["https:\/\/hudo.com\/si\/aktualno\/slovenija\/delavca-stisnil-stroj-ki-ga-je-med-popravilom-pozabil-izkljuciti-zdaj-se-bori-za-zivljenje\/"]}]},{"@type":"BreadcrumbList","@id":"https:\/\/hudo.com\/si\/aktualno\/slovenija\/delavca-stisnil-stroj-ki-ga-je-med-popravilom-pozabil-izkljuciti-zdaj-se-bori-za-zivljenje\/#breadcrumb","itemListElement":[{"@type":"ListItem","position":1,"name":"Home","item":"https:\/\/hudo.com\/si\/"},{"@type":"ListItem","position":2,"name":"Delavca stisnil stroj, ki ga je med popravilom pozabil izklju\u010diti; zdaj se bori za \u017eivljenje"}]},{"@type":"WebSite","@id":"https:\/\/hudo.com\/si\/#website","url":"https:\/\/hudo.com\/si\/","name":"Hudo Slovenija","description":"Vse novice iz Slovenije in sveta","publisher":{"@id":"https:\/\/hudo.com\/si\/#organization"},"potentialAction":[{"@type":"SearchAction","target":{"@type":"EntryPoint","urlTemplate":"https:\/\/hudo.com\/si\/?s={search_term_string}"},"query-input":"required name=search_term_string"}],"inLanguage":"sl-SI"},{"@type":"Organization","@id":"https:\/\/hudo.com\/si\/#organization","name":"VSN Media","url":"https:\/\/hudo.com\/si\/","logo":{"@type":"ImageObject","inLanguage":"sl-SI","@id":"https:\/\/hudo.com\/si\/#\/schema\/logo\/image\/","url":"https:\/\/hudo.com\/si\/wp-content\/uploads\/sites\/2\/2021\/03\/hudo-app-2.png","contentUrl":"https:\/\/hudo.com\/si\/wp-content\/uploads\/sites\/2\/2021\/03\/hudo-app-2.png","width":2185,"height":2167,"caption":"VSN Media"},"image":{"@id":"https:\/\/hudo.com\/si\/#\/schema\/logo\/image\/"},"sameAs":["https:\/\/www.facebook.com\/hudo.si","https:\/\/twitter.com\/hudo_si"]},{"@type":"Person","@id":"https:\/\/hudo.com\/si\/#\/schema\/person\/18f09c02475ba9e606e941a565b80cff","name":"A. P., STA","image":{"@type":"ImageObject","inLanguage":"sl-SI","@id":"https:\/\/hudo.com\/si\/#\/schema\/person\/image\/","url":"https:\/\/secure.gravatar.com\/avatar\/03eac8e609f5f04383125d80eaeaaf3e?s=96&d=mm&r=g","contentUrl":"https:\/\/secure.gravatar.com\/avatar\/03eac8e609f5f04383125d80eaeaaf3e?s=96&d=mm&r=g","caption":"A. P., STA"},"url":"https:\/\/hudo.com\/si\/author\/lubu\/"}]}},"amp_enabled":true,"_links":{"self":[{"href":"https:\/\/hudo.com\/si\/wp-json\/wp\/v2\/posts\/469850"}],"collection":[{"href":"https:\/\/hudo.com\/si\/wp-json\/wp\/v2\/posts"}],"about":[{"href":"https:\/\/hudo.com\/si\/wp-json\/wp\/v2\/types\/post"}],"author":[{"embeddable":true,"href":"https:\/\/hudo.com\/si\/wp-json\/wp\/v2\/users\/7"}],"replies":[{"embeddable":true,"href":"https:\/\/hudo.com\/si\/wp-json\/wp\/v2\/comments?post=469850"}],"version-history":[{"count":1,"href":"https:\/\/hudo.com\/si\/wp-json\/wp\/v2\/posts\/469850\/revisions"}],"predecessor-version":[{"id":469852,"href":"https:\/\/hudo.com\/si\/wp-json\/wp\/v2\/posts\/469850\/revisions\/469852"}],"wp:featuredmedia":[{"embeddable":true,"href":"https:\/\/hudo.com\/si\/wp-json\/wp\/v2\/media\/469851"}],"wp:attachment":[{"href":"https:\/\/hudo.com\/si\/wp-json\/wp\/v2\/media?parent=469850"}],"wp:term":[{"taxonomy":"category","embeddable":true,"href":"https:\/\/hudo.com\/si\/wp-json\/wp\/v2\/categories?post=469850"},{"taxonomy":"post_tag","embeddable":true,"href":"https:\/\/hudo.com\/si\/wp-json\/wp\/v2\/tags?post=469850"},{"taxonomy":"source","embeddable":true,"href":"https:\/\/hudo.com\/si\/wp-json\/wp\/v2\/source?post=469850"},{"taxonomy":"supertag","embeddable":true,"href":"https:\/\/hudo.com\/si\/wp-json\/wp\/v2\/supertag?post=469850"}],"curies":[{"name":"wp","href":"https:\/\/api.w.org\/{rel}","templated":true}]}}