{"id":46987,"date":"2016-05-06T13:29:00","date_gmt":"2016-05-06T11:29:00","guid":{"rendered":"http:\/\/hudo.com\/si\/2016\/05\/06\/na-vrtojbenski-obvoznici-umrl-35-letnik\/"},"modified":"2016-05-07T08:27:03","modified_gmt":"2016-05-07T06:27:03","slug":"na-vrtojbenski-obvoznici-umrl-35-letnik","status":"publish","type":"post","link":"https:\/\/hudo.com\/si\/aktualno\/na-vrtojbenski-obvoznici-umrl-35-letnik\/","title":{"rendered":"Na vrtojbenski obvoznici umrl 35-letnik"},"content":{"rendered":"<p>Kategorija: Kronika Fri, 06 May 2016 15:29:00 +0200  Nova Gorica &#8211; Okoli poldneva se je na vrtojbenski obvoznici zgodila prometna nesre\u010da, v kateri sta bili udele\u017eeni tovorno in osebno vozilo. V osebnem vozilu je zaradi hudih po\u0161kodb umrl 35-letnik iz ob\u010dine \u0160empeter-Vrtojba, 55-letnega voznika tovornega avtomobila pa so re\u0161evalci odpeljali v \u0161empetrsko bolni\u0161nico. Policisti okoli\u0161\u010dine prometne nesre\u010de \u0161e preiskujejo, o dogodku pa sta bila obve\u0161\u010dena pristojna dr\u017eavna to\u017eilka in preiskovalni sodnik, je za STA povedal tiskovni predstavnik Policijske uprave Nova Gorica Dean Bo\u017enik. Za pokojnega voznika osebnega vozila je bila odrejena sodna obdukcija. Zaradi prometne nesre\u010de je zaprta regionalna cesta Vrtojba-Miren na obvoznici, obvoz je mogo\u010d skozi Vrtojbo. \u00a0<\/p>\n","protected":false},"excerpt":{"rendered":"<p>Kategorija: Kronika Fri, 06 May 2016 15:29:00 +0200  Nova Gorica &#8211; Okoli poldneva se je na vrtojbenski obvoznici zgodila prometna nesre\u010da, v kateri sta bili udele\u017eeni tovorno in osebno vozilo. V osebnem vozilu je zaradi hudih po\u0161kodb umrl 35-letnik iz ob\u010dine \u0160empeter-Vrtojba, 55-letnega voznika tovornega avtomobila pa so re\u0161evalci odpeljali v \u0161empetrsko bolni\u0161nico. Policisti okoli\u0161\u010dine prometne nesre\u010de \u0161e preiskujejo, o dogodku pa sta bila obve\u0161\u010dena pristojna dr\u017eavna to\u017eilka in preiskovalni sodnik, je za STA povedal tiskovni predstavnik Policijske uprave Nova Gorica Dean Bo\u017enik. Za pokojnega voznika osebnega vozila je bila odrejena sodna obdukcija. Zaradi prometne nesre\u010de je zaprta regionalna cesta Vrtojba-Miren na obvoznici, obvoz je mogo\u010d skozi Vrtojbo. \u00a0<\/p>\n","protected":false},"author":1,"featured_media":0,"comment_status":"closed","ping_status":"closed","sticky":false,"template":"","format":"standard","meta":{"footnotes":""},"categories":[1179],"tags":[],"source":[4511],"supertag":[],"acf":[],"yoast_head":"<!-- This site is optimized with the Yoast SEO plugin v21.3 - https:\/\/yoast.com\/wordpress\/plugins\/seo\/ -->\n<title>Na vrtojbenski obvoznici umrl 35-letnik - Hudo Slovenija<\/title>\n<meta name=\"robots\" content=\"index, follow, max-snippet:-1, max-image-preview:large, max-video-preview:-1\" \/>\n<link rel=\"canonical\" href=\"https:\/\/hudo.com\/si\/aktualno\/na-vrtojbenski-obvoznici-umrl-35-letnik\/\" \/>\n<meta property=\"og:locale\" content=\"sl_SI\" \/>\n<meta property=\"og:type\" content=\"article\" \/>\n<meta property=\"og:title\" content=\"Na vrtojbenski obvoznici umrl 35-letnik - Hudo Slovenija\" \/>\n<meta property=\"og:description\" content=\"Kategorija: Kronika Fri, 06 May 2016 15:29:00 +0200 Nova Gorica - Okoli poldneva se je na vrtojbenski obvoznici zgodila prometna nesre\u010da, v kateri sta bili udele\u017eeni tovorno in osebno vozilo. V osebnem vozilu je zaradi hudih po\u0161kodb umrl 35-letnik iz ob\u010dine \u0160empeter-Vrtojba, 55-letnega voznika tovornega avtomobila pa so re\u0161evalci odpeljali v \u0161empetrsko bolni\u0161nico. Policisti okoli\u0161\u010dine prometne nesre\u010de \u0161e preiskujejo, o dogodku pa sta bila obve\u0161\u010dena pristojna dr\u017eavna to\u017eilka in preiskovalni sodnik, je za STA povedal tiskovni predstavnik Policijske uprave Nova Gorica Dean Bo\u017enik. Za pokojnega voznika osebnega vozila je bila odrejena sodna obdukcija. Zaradi prometne nesre\u010de je zaprta regionalna cesta Vrtojba-Miren na obvoznici, obvoz je mogo\u010d skozi Vrtojbo. \u00a0\" \/>\n<meta property=\"og:url\" content=\"https:\/\/hudo.com\/si\/aktualno\/na-vrtojbenski-obvoznici-umrl-35-letnik\/\" \/>\n<meta property=\"og:site_name\" content=\"Hudo Slovenija\" \/>\n<meta property=\"article:publisher\" content=\"https:\/\/www.facebook.com\/hudo.si\" \/>\n<meta property=\"article:published_time\" content=\"2016-05-06T11:29:00+00:00\" \/>\n<meta property=\"article:modified_time\" content=\"2016-05-07T06:27:03+00:00\" \/>\n<meta property=\"og:image\" content=\"https:\/\/hudo.com\/si\/wp-content\/uploads\/sites\/2\/2016\/05\/480x290_Reuters_Pictures-20150629071358-06400400.jpeg\" \/>\n\t<meta property=\"og:image:width\" content=\"480\" \/>\n\t<meta property=\"og:image:height\" content=\"290\" \/>\n\t<meta property=\"og:image:type\" content=\"image\/jpeg\" \/>\n<meta name=\"author\" content=\"hudo\" \/>\n<meta name=\"twitter:card\" content=\"summary_large_image\" \/>\n<meta name=\"twitter:creator\" content=\"@hudo_si\" \/>\n<meta name=\"twitter:site\" content=\"@hudo_si\" \/>\n<meta name=\"twitter:label1\" content=\"Written by\" \/>\n\t<meta name=\"twitter:data1\" content=\"hudo\" \/>\n\t<meta name=\"twitter:label2\" content=\"Est. reading time\" \/>\n\t<meta name=\"twitter:data2\" content=\"1 minuta\" \/>\n<script type=\"application\/ld+json\" class=\"yoast-schema-graph\">{\"@context\":\"https:\/\/schema.org\",\"@graph\":[{\"@type\":\"Article\",\"@id\":\"https:\/\/hudo.com\/si\/aktualno\/na-vrtojbenski-obvoznici-umrl-35-letnik\/#article\",\"isPartOf\":{\"@id\":\"https:\/\/hudo.com\/si\/aktualno\/na-vrtojbenski-obvoznici-umrl-35-letnik\/\"},\"author\":{\"name\":\"hudo\",\"@id\":\"https:\/\/hudo.com\/si\/#\/schema\/person\/601cf3379633985b20f7e50f2bb47707\"},\"headline\":\"Na vrtojbenski obvoznici umrl 35-letnik\",\"datePublished\":\"2016-05-06T11:29:00+00:00\",\"dateModified\":\"2016-05-07T06:27:03+00:00\",\"mainEntityOfPage\":{\"@id\":\"https:\/\/hudo.com\/si\/aktualno\/na-vrtojbenski-obvoznici-umrl-35-letnik\/\"},\"wordCount\":122,\"publisher\":{\"@id\":\"https:\/\/hudo.com\/si\/#organization\"},\"articleSection\":[\"Aktualno\"],\"inLanguage\":\"sl-SI\"},{\"@type\":\"WebPage\",\"@id\":\"https:\/\/hudo.com\/si\/aktualno\/na-vrtojbenski-obvoznici-umrl-35-letnik\/\",\"url\":\"https:\/\/hudo.com\/si\/aktualno\/na-vrtojbenski-obvoznici-umrl-35-letnik\/\",\"name\":\"Na vrtojbenski obvoznici umrl 35-letnik - Hudo Slovenija\",\"isPartOf\":{\"@id\":\"https:\/\/hudo.com\/si\/#website\"},\"datePublished\":\"2016-05-06T11:29:00+00:00\",\"dateModified\":\"2016-05-07T06:27:03+00:00\",\"breadcrumb\":{\"@id\":\"https:\/\/hudo.com\/si\/aktualno\/na-vrtojbenski-obvoznici-umrl-35-letnik\/#breadcrumb\"},\"inLanguage\":\"sl-SI\",\"potentialAction\":[{\"@type\":\"ReadAction\",\"target\":[\"https:\/\/hudo.com\/si\/aktualno\/na-vrtojbenski-obvoznici-umrl-35-letnik\/\"]}]},{\"@type\":\"BreadcrumbList\",\"@id\":\"https:\/\/hudo.com\/si\/aktualno\/na-vrtojbenski-obvoznici-umrl-35-letnik\/#breadcrumb\",\"itemListElement\":[{\"@type\":\"ListItem\",\"position\":1,\"name\":\"Home\",\"item\":\"https:\/\/hudo.com\/si\/\"},{\"@type\":\"ListItem\",\"position\":2,\"name\":\"Na vrtojbenski obvoznici umrl 35-letnik\"}]},{\"@type\":\"WebSite\",\"@id\":\"https:\/\/hudo.com\/si\/#website\",\"url\":\"https:\/\/hudo.com\/si\/\",\"name\":\"Hudo Slovenija\",\"description\":\"Vse novice iz Slovenije in sveta\",\"publisher\":{\"@id\":\"https:\/\/hudo.com\/si\/#organization\"},\"potentialAction\":[{\"@type\":\"SearchAction\",\"target\":{\"@type\":\"EntryPoint\",\"urlTemplate\":\"https:\/\/hudo.com\/si\/?s={search_term_string}\"},\"query-input\":\"required name=search_term_string\"}],\"inLanguage\":\"sl-SI\"},{\"@type\":\"Organization\",\"@id\":\"https:\/\/hudo.com\/si\/#organization\",\"name\":\"VSN Media\",\"url\":\"https:\/\/hudo.com\/si\/\",\"logo\":{\"@type\":\"ImageObject\",\"inLanguage\":\"sl-SI\",\"@id\":\"https:\/\/hudo.com\/si\/#\/schema\/logo\/image\/\",\"url\":\"https:\/\/hudo.com\/si\/wp-content\/uploads\/sites\/2\/2021\/03\/hudo-app-2.png\",\"contentUrl\":\"https:\/\/hudo.com\/si\/wp-content\/uploads\/sites\/2\/2021\/03\/hudo-app-2.png\",\"width\":2185,\"height\":2167,\"caption\":\"VSN Media\"},\"image\":{\"@id\":\"https:\/\/hudo.com\/si\/#\/schema\/logo\/image\/\"},\"sameAs\":[\"https:\/\/www.facebook.com\/hudo.si\",\"https:\/\/twitter.com\/hudo_si\"]},{\"@type\":\"Person\",\"@id\":\"https:\/\/hudo.com\/si\/#\/schema\/person\/601cf3379633985b20f7e50f2bb47707\",\"name\":\"hudo\",\"image\":{\"@type\":\"ImageObject\",\"inLanguage\":\"sl-SI\",\"@id\":\"https:\/\/hudo.com\/si\/#\/schema\/person\/image\/\",\"url\":\"https:\/\/secure.gravatar.com\/avatar\/c4ca25fa72cace7a696b52ff5db9e095?s=96&d=mm&r=g\",\"contentUrl\":\"https:\/\/secure.gravatar.com\/avatar\/c4ca25fa72cace7a696b52ff5db9e095?s=96&d=mm&r=g\",\"caption\":\"hudo\"},\"url\":\"https:\/\/hudo.com\/si\/author\/hudo\/\"}]}<\/script>\n<!-- \/ Yoast SEO plugin. -->","yoast_head_json":{"title":"Na vrtojbenski obvoznici umrl 35-letnik - Hudo Slovenija","robots":{"index":"index","follow":"follow","max-snippet":"max-snippet:-1","max-image-preview":"max-image-preview:large","max-video-preview":"max-video-preview:-1"},"canonical":"https:\/\/hudo.com\/si\/aktualno\/na-vrtojbenski-obvoznici-umrl-35-letnik\/","og_locale":"sl_SI","og_type":"article","og_title":"Na vrtojbenski obvoznici umrl 35-letnik - Hudo Slovenija","og_description":"Kategorija: Kronika Fri, 06 May 2016 15:29:00 +0200 Nova Gorica - Okoli poldneva se je na vrtojbenski obvoznici zgodila prometna nesre\u010da, v kateri sta bili udele\u017eeni tovorno in osebno vozilo. V osebnem vozilu je zaradi hudih po\u0161kodb umrl 35-letnik iz ob\u010dine \u0160empeter-Vrtojba, 55-letnega voznika tovornega avtomobila pa so re\u0161evalci odpeljali v \u0161empetrsko bolni\u0161nico. Policisti okoli\u0161\u010dine prometne nesre\u010de \u0161e preiskujejo, o dogodku pa sta bila obve\u0161\u010dena pristojna dr\u017eavna to\u017eilka in preiskovalni sodnik, je za STA povedal tiskovni predstavnik Policijske uprave Nova Gorica Dean Bo\u017enik. Za pokojnega voznika osebnega vozila je bila odrejena sodna obdukcija. Zaradi prometne nesre\u010de je zaprta regionalna cesta Vrtojba-Miren na obvoznici, obvoz je mogo\u010d skozi Vrtojbo. \u00a0","og_url":"https:\/\/hudo.com\/si\/aktualno\/na-vrtojbenski-obvoznici-umrl-35-letnik\/","og_site_name":"Hudo Slovenija","article_publisher":"https:\/\/www.facebook.com\/hudo.si","article_published_time":"2016-05-06T11:29:00+00:00","article_modified_time":"2016-05-07T06:27:03+00:00","og_image":[{"width":480,"height":290,"url":"https:\/\/hudo.com\/si\/wp-content\/uploads\/sites\/2\/2016\/05\/480x290_Reuters_Pictures-20150629071358-06400400.jpeg","type":"image\/jpeg"}],"author":"hudo","twitter_card":"summary_large_image","twitter_creator":"@hudo_si","twitter_site":"@hudo_si","twitter_misc":{"Written by":"hudo","Est. reading time":"1 minuta"},"schema":{"@context":"https:\/\/schema.org","@graph":[{"@type":"Article","@id":"https:\/\/hudo.com\/si\/aktualno\/na-vrtojbenski-obvoznici-umrl-35-letnik\/#article","isPartOf":{"@id":"https:\/\/hudo.com\/si\/aktualno\/na-vrtojbenski-obvoznici-umrl-35-letnik\/"},"author":{"name":"hudo","@id":"https:\/\/hudo.com\/si\/#\/schema\/person\/601cf3379633985b20f7e50f2bb47707"},"headline":"Na vrtojbenski obvoznici umrl 35-letnik","datePublished":"2016-05-06T11:29:00+00:00","dateModified":"2016-05-07T06:27:03+00:00","mainEntityOfPage":{"@id":"https:\/\/hudo.com\/si\/aktualno\/na-vrtojbenski-obvoznici-umrl-35-letnik\/"},"wordCount":122,"publisher":{"@id":"https:\/\/hudo.com\/si\/#organization"},"articleSection":["Aktualno"],"inLanguage":"sl-SI"},{"@type":"WebPage","@id":"https:\/\/hudo.com\/si\/aktualno\/na-vrtojbenski-obvoznici-umrl-35-letnik\/","url":"https:\/\/hudo.com\/si\/aktualno\/na-vrtojbenski-obvoznici-umrl-35-letnik\/","name":"Na vrtojbenski obvoznici umrl 35-letnik - Hudo Slovenija","isPartOf":{"@id":"https:\/\/hudo.com\/si\/#website"},"datePublished":"2016-05-06T11:29:00+00:00","dateModified":"2016-05-07T06:27:03+00:00","breadcrumb":{"@id":"https:\/\/hudo.com\/si\/aktualno\/na-vrtojbenski-obvoznici-umrl-35-letnik\/#breadcrumb"},"inLanguage":"sl-SI","potentialAction":[{"@type":"ReadAction","target":["https:\/\/hudo.com\/si\/aktualno\/na-vrtojbenski-obvoznici-umrl-35-letnik\/"]}]},{"@type":"BreadcrumbList","@id":"https:\/\/hudo.com\/si\/aktualno\/na-vrtojbenski-obvoznici-umrl-35-letnik\/#breadcrumb","itemListElement":[{"@type":"ListItem","position":1,"name":"Home","item":"https:\/\/hudo.com\/si\/"},{"@type":"ListItem","position":2,"name":"Na vrtojbenski obvoznici umrl 35-letnik"}]},{"@type":"WebSite","@id":"https:\/\/hudo.com\/si\/#website","url":"https:\/\/hudo.com\/si\/","name":"Hudo Slovenija","description":"Vse novice iz Slovenije in sveta","publisher":{"@id":"https:\/\/hudo.com\/si\/#organization"},"potentialAction":[{"@type":"SearchAction","target":{"@type":"EntryPoint","urlTemplate":"https:\/\/hudo.com\/si\/?s={search_term_string}"},"query-input":"required name=search_term_string"}],"inLanguage":"sl-SI"},{"@type":"Organization","@id":"https:\/\/hudo.com\/si\/#organization","name":"VSN Media","url":"https:\/\/hudo.com\/si\/","logo":{"@type":"ImageObject","inLanguage":"sl-SI","@id":"https:\/\/hudo.com\/si\/#\/schema\/logo\/image\/","url":"https:\/\/hudo.com\/si\/wp-content\/uploads\/sites\/2\/2021\/03\/hudo-app-2.png","contentUrl":"https:\/\/hudo.com\/si\/wp-content\/uploads\/sites\/2\/2021\/03\/hudo-app-2.png","width":2185,"height":2167,"caption":"VSN Media"},"image":{"@id":"https:\/\/hudo.com\/si\/#\/schema\/logo\/image\/"},"sameAs":["https:\/\/www.facebook.com\/hudo.si","https:\/\/twitter.com\/hudo_si"]},{"@type":"Person","@id":"https:\/\/hudo.com\/si\/#\/schema\/person\/601cf3379633985b20f7e50f2bb47707","name":"hudo","image":{"@type":"ImageObject","inLanguage":"sl-SI","@id":"https:\/\/hudo.com\/si\/#\/schema\/person\/image\/","url":"https:\/\/secure.gravatar.com\/avatar\/c4ca25fa72cace7a696b52ff5db9e095?s=96&d=mm&r=g","contentUrl":"https:\/\/secure.gravatar.com\/avatar\/c4ca25fa72cace7a696b52ff5db9e095?s=96&d=mm&r=g","caption":"hudo"},"url":"https:\/\/hudo.com\/si\/author\/hudo\/"}]}},"amp_enabled":true,"_links":{"self":[{"href":"https:\/\/hudo.com\/si\/wp-json\/wp\/v2\/posts\/46987"}],"collection":[{"href":"https:\/\/hudo.com\/si\/wp-json\/wp\/v2\/posts"}],"about":[{"href":"https:\/\/hudo.com\/si\/wp-json\/wp\/v2\/types\/post"}],"author":[{"embeddable":true,"href":"https:\/\/hudo.com\/si\/wp-json\/wp\/v2\/users\/1"}],"replies":[{"embeddable":true,"href":"https:\/\/hudo.com\/si\/wp-json\/wp\/v2\/comments?post=46987"}],"version-history":[{"count":1,"href":"https:\/\/hudo.com\/si\/wp-json\/wp\/v2\/posts\/46987\/revisions"}],"predecessor-version":[{"id":47056,"href":"https:\/\/hudo.com\/si\/wp-json\/wp\/v2\/posts\/46987\/revisions\/47056"}],"wp:attachment":[{"href":"https:\/\/hudo.com\/si\/wp-json\/wp\/v2\/media?parent=46987"}],"wp:term":[{"taxonomy":"category","embeddable":true,"href":"https:\/\/hudo.com\/si\/wp-json\/wp\/v2\/categories?post=46987"},{"taxonomy":"post_tag","embeddable":true,"href":"https:\/\/hudo.com\/si\/wp-json\/wp\/v2\/tags?post=46987"},{"taxonomy":"source","embeddable":true,"href":"https:\/\/hudo.com\/si\/wp-json\/wp\/v2\/source?post=46987"},{"taxonomy":"supertag","embeddable":true,"href":"https:\/\/hudo.com\/si\/wp-json\/wp\/v2\/supertag?post=46987"}],"curies":[{"name":"wp","href":"https:\/\/api.w.org\/{rel}","templated":true}]}}