{"id":469938,"date":"2022-06-23T13:16:24","date_gmt":"2022-06-23T11:16:24","guid":{"rendered":"https:\/\/hudo.com\/si\/?p=469938"},"modified":"2022-06-23T13:16:24","modified_gmt":"2022-06-23T11:16:24","slug":"zari-od-srece-jasna-kuljaj-presenetila-z-druzinsko-fotografijo-in-izdala-veselo-novico","status":"publish","type":"post","link":"https:\/\/hudo.com\/si\/vip\/zari-od-srece-jasna-kuljaj-presenetila-z-druzinsko-fotografijo-in-izdala-veselo-novico\/","title":{"rendered":"\u017dari od sre\u010de: Jasna Kuljaj presenetila z dru\u017einsko fotografijo in izdala veselo novico"},"content":{"rendered":"<p>Priljubljena slovenska voditeljica Jasna Kuljaj ni svojega zasebnega \u017eivljenja nikoli rada delila z javnostjo. Tokrat pa je naredila izjemo in na Facebooku z obo\u017eevalci delila fotografijo, na kateri pozira s h\u010derko in partnerjem Sa\u0161o Lalovi\u0107em.<\/p>\n<p><div class=\"embed-notice\">Za ogled vstavljene vsebine morate omogo\u010diti <a href=\"#\" onclick=\"Optanon.ToggleInfoDisplay()\">shranjevanje pi\u0161kotkov v napravi<\/a><\/div><iframe loading=\"lazy\" style=\"border: none; overflow: hidden;\"  class=\"optanon-category-C0002-C0003-C0004\" optanon-src=\"https:\/\/www.facebook.com\/plugins\/post.php?href=https%3A%2F%2Fwww.facebook.com%2Fjasna.kuljaj%2Fposts%2F10160324505788254&amp;show_text=true&amp;width=500\" width=\"500\" height=\"474\" frameborder=\"0\" scrolling=\"no\" allowfullscreen=\"allowfullscreen\"><\/iframe><\/p>\n<p>&#8220;\u0160e v\u010deraj prvi \u0161olski dan prvega razreda, danes \u017ee zaklju\u010dna prireditev! In lepo je sre\u010dati tudi svoje nekdanje u\u010ditelje, ki so nam dali dobro popotnico! Res sem bila vesela moje u\u010diteljice angle\u0161\u010dine Jadranke, ki je bila stroga, ampak glej- angle\u0161ko smo pa znali (oz. \u0161e znamo )!,&#8221; je Jasna zapisala pod fotografiji, ki sta nastali ob koncu prvega \u0161olskega leta njene h\u010derke.<\/p>\n","protected":false},"excerpt":{"rendered":"<p>Njeni obo\u017eevalci so navdu\u0161eni &#8230;<\/p>\n","protected":false},"author":6,"featured_media":462573,"comment_status":"closed","ping_status":"closed","sticky":false,"template":"","format":"standard","meta":{"footnotes":""},"categories":[1093],"tags":[3434,19982],"source":[4511],"supertag":[],"acf":[],"yoast_head":"<!-- This site is optimized with the Yoast SEO plugin v21.3 - https:\/\/yoast.com\/wordpress\/plugins\/seo\/ -->\n<title>\u017dari od sre\u010de: Jasna Kuljaj presenetila z dru\u017einsko fotografijo in izdala veselo novico - Hudo Slovenija<\/title>\n<meta name=\"robots\" content=\"index, follow, max-snippet:-1, max-image-preview:large, max-video-preview:-1\" \/>\n<link rel=\"canonical\" href=\"https:\/\/hudo.com\/si\/vip\/zari-od-srece-jasna-kuljaj-presenetila-z-druzinsko-fotografijo-in-izdala-veselo-novico\/\" \/>\n<meta property=\"og:locale\" content=\"sl_SI\" \/>\n<meta property=\"og:type\" content=\"article\" \/>\n<meta property=\"og:title\" content=\"\u017dari od sre\u010de: Jasna Kuljaj presenetila z dru\u017einsko fotografijo in izdala veselo novico - Hudo Slovenija\" \/>\n<meta property=\"og:description\" content=\"Njeni obo\u017eevalci so navdu\u0161eni ...\" \/>\n<meta property=\"og:url\" content=\"https:\/\/hudo.com\/si\/vip\/zari-od-srece-jasna-kuljaj-presenetila-z-druzinsko-fotografijo-in-izdala-veselo-novico\/\" \/>\n<meta property=\"og:site_name\" content=\"Hudo Slovenija\" \/>\n<meta property=\"article:publisher\" content=\"https:\/\/www.facebook.com\/hudo.si\" \/>\n<meta property=\"article:published_time\" content=\"2022-06-23T11:16:24+00:00\" \/>\n<meta property=\"og:image\" content=\"https:\/\/hudo.com\/si\/wp-content\/uploads\/sites\/2\/2021\/12\/Screenshot-from-2021-12-15-15-53-43.jpg\" \/>\n\t<meta property=\"og:image:width\" content=\"909\" \/>\n\t<meta property=\"og:image:height\" content=\"604\" \/>\n\t<meta property=\"og:image:type\" content=\"image\/jpeg\" \/>\n<meta name=\"author\" content=\"A. G.\" \/>\n<meta name=\"twitter:card\" content=\"summary_large_image\" \/>\n<meta name=\"twitter:creator\" content=\"@hudo_si\" \/>\n<meta name=\"twitter:site\" content=\"@hudo_si\" \/>\n<meta name=\"twitter:label1\" content=\"Written by\" \/>\n\t<meta name=\"twitter:data1\" content=\"A. G.\" \/>\n\t<meta name=\"twitter:label2\" content=\"Est. reading time\" \/>\n\t<meta name=\"twitter:data2\" content=\"1 minuta\" \/>\n<script type=\"application\/ld+json\" class=\"yoast-schema-graph\">{\"@context\":\"https:\/\/schema.org\",\"@graph\":[{\"@type\":\"Article\",\"@id\":\"https:\/\/hudo.com\/si\/vip\/zari-od-srece-jasna-kuljaj-presenetila-z-druzinsko-fotografijo-in-izdala-veselo-novico\/#article\",\"isPartOf\":{\"@id\":\"https:\/\/hudo.com\/si\/vip\/zari-od-srece-jasna-kuljaj-presenetila-z-druzinsko-fotografijo-in-izdala-veselo-novico\/\"},\"author\":{\"name\":\"A. G.\",\"@id\":\"https:\/\/hudo.com\/si\/#\/schema\/person\/f95639a66e0dd2c682b0568634e85b8b\"},\"headline\":\"\u017dari od sre\u010de: Jasna Kuljaj presenetila z dru\u017einsko fotografijo in izdala veselo novico\",\"datePublished\":\"2022-06-23T11:16:24+00:00\",\"dateModified\":\"2022-06-23T11:16:24+00:00\",\"mainEntityOfPage\":{\"@id\":\"https:\/\/hudo.com\/si\/vip\/zari-od-srece-jasna-kuljaj-presenetila-z-druzinsko-fotografijo-in-izdala-veselo-novico\/\"},\"wordCount\":123,\"publisher\":{\"@id\":\"https:\/\/hudo.com\/si\/#organization\"},\"keywords\":[\"Jasna Kuljaj\",\"Sa\u0161a Lalovi\u0107\"],\"articleSection\":[\"VIP\"],\"inLanguage\":\"sl-SI\"},{\"@type\":\"WebPage\",\"@id\":\"https:\/\/hudo.com\/si\/vip\/zari-od-srece-jasna-kuljaj-presenetila-z-druzinsko-fotografijo-in-izdala-veselo-novico\/\",\"url\":\"https:\/\/hudo.com\/si\/vip\/zari-od-srece-jasna-kuljaj-presenetila-z-druzinsko-fotografijo-in-izdala-veselo-novico\/\",\"name\":\"\u017dari od sre\u010de: Jasna Kuljaj presenetila z dru\u017einsko fotografijo in izdala veselo novico - Hudo Slovenija\",\"isPartOf\":{\"@id\":\"https:\/\/hudo.com\/si\/#website\"},\"datePublished\":\"2022-06-23T11:16:24+00:00\",\"dateModified\":\"2022-06-23T11:16:24+00:00\",\"breadcrumb\":{\"@id\":\"https:\/\/hudo.com\/si\/vip\/zari-od-srece-jasna-kuljaj-presenetila-z-druzinsko-fotografijo-in-izdala-veselo-novico\/#breadcrumb\"},\"inLanguage\":\"sl-SI\",\"potentialAction\":[{\"@type\":\"ReadAction\",\"target\":[\"https:\/\/hudo.com\/si\/vip\/zari-od-srece-jasna-kuljaj-presenetila-z-druzinsko-fotografijo-in-izdala-veselo-novico\/\"]}]},{\"@type\":\"BreadcrumbList\",\"@id\":\"https:\/\/hudo.com\/si\/vip\/zari-od-srece-jasna-kuljaj-presenetila-z-druzinsko-fotografijo-in-izdala-veselo-novico\/#breadcrumb\",\"itemListElement\":[{\"@type\":\"ListItem\",\"position\":1,\"name\":\"Home\",\"item\":\"https:\/\/hudo.com\/si\/\"},{\"@type\":\"ListItem\",\"position\":2,\"name\":\"\u017dari od sre\u010de: Jasna Kuljaj presenetila z dru\u017einsko fotografijo in izdala veselo novico\"}]},{\"@type\":\"WebSite\",\"@id\":\"https:\/\/hudo.com\/si\/#website\",\"url\":\"https:\/\/hudo.com\/si\/\",\"name\":\"Hudo Slovenija\",\"description\":\"Vse novice iz Slovenije in sveta\",\"publisher\":{\"@id\":\"https:\/\/hudo.com\/si\/#organization\"},\"potentialAction\":[{\"@type\":\"SearchAction\",\"target\":{\"@type\":\"EntryPoint\",\"urlTemplate\":\"https:\/\/hudo.com\/si\/?s={search_term_string}\"},\"query-input\":\"required name=search_term_string\"}],\"inLanguage\":\"sl-SI\"},{\"@type\":\"Organization\",\"@id\":\"https:\/\/hudo.com\/si\/#organization\",\"name\":\"VSN Media\",\"url\":\"https:\/\/hudo.com\/si\/\",\"logo\":{\"@type\":\"ImageObject\",\"inLanguage\":\"sl-SI\",\"@id\":\"https:\/\/hudo.com\/si\/#\/schema\/logo\/image\/\",\"url\":\"https:\/\/hudo.com\/si\/wp-content\/uploads\/sites\/2\/2021\/03\/hudo-app-2.png\",\"contentUrl\":\"https:\/\/hudo.com\/si\/wp-content\/uploads\/sites\/2\/2021\/03\/hudo-app-2.png\",\"width\":2185,\"height\":2167,\"caption\":\"VSN Media\"},\"image\":{\"@id\":\"https:\/\/hudo.com\/si\/#\/schema\/logo\/image\/\"},\"sameAs\":[\"https:\/\/www.facebook.com\/hudo.si\",\"https:\/\/twitter.com\/hudo_si\"]},{\"@type\":\"Person\",\"@id\":\"https:\/\/hudo.com\/si\/#\/schema\/person\/f95639a66e0dd2c682b0568634e85b8b\",\"name\":\"A. G.\",\"image\":{\"@type\":\"ImageObject\",\"inLanguage\":\"sl-SI\",\"@id\":\"https:\/\/hudo.com\/si\/#\/schema\/person\/image\/\",\"url\":\"https:\/\/secure.gravatar.com\/avatar\/9f44de561c70d5d80348d3ed0f4b142d?s=96&d=mm&r=g\",\"contentUrl\":\"https:\/\/secure.gravatar.com\/avatar\/9f44de561c70d5d80348d3ed0f4b142d?s=96&d=mm&r=g\",\"caption\":\"A. G.\"},\"url\":\"https:\/\/hudo.com\/si\/author\/alenkagrmek\/\"}]}<\/script>\n<!-- \/ Yoast SEO plugin. -->","yoast_head_json":{"title":"\u017dari od sre\u010de: Jasna Kuljaj presenetila z dru\u017einsko fotografijo in izdala veselo novico - Hudo Slovenija","robots":{"index":"index","follow":"follow","max-snippet":"max-snippet:-1","max-image-preview":"max-image-preview:large","max-video-preview":"max-video-preview:-1"},"canonical":"https:\/\/hudo.com\/si\/vip\/zari-od-srece-jasna-kuljaj-presenetila-z-druzinsko-fotografijo-in-izdala-veselo-novico\/","og_locale":"sl_SI","og_type":"article","og_title":"\u017dari od sre\u010de: Jasna Kuljaj presenetila z dru\u017einsko fotografijo in izdala veselo novico - Hudo Slovenija","og_description":"Njeni obo\u017eevalci so navdu\u0161eni ...","og_url":"https:\/\/hudo.com\/si\/vip\/zari-od-srece-jasna-kuljaj-presenetila-z-druzinsko-fotografijo-in-izdala-veselo-novico\/","og_site_name":"Hudo Slovenija","article_publisher":"https:\/\/www.facebook.com\/hudo.si","article_published_time":"2022-06-23T11:16:24+00:00","og_image":[{"width":909,"height":604,"url":"https:\/\/hudo.com\/si\/wp-content\/uploads\/sites\/2\/2021\/12\/Screenshot-from-2021-12-15-15-53-43.jpg","type":"image\/jpeg"}],"author":"A. G.","twitter_card":"summary_large_image","twitter_creator":"@hudo_si","twitter_site":"@hudo_si","twitter_misc":{"Written by":"A. G.","Est. reading time":"1 minuta"},"schema":{"@context":"https:\/\/schema.org","@graph":[{"@type":"Article","@id":"https:\/\/hudo.com\/si\/vip\/zari-od-srece-jasna-kuljaj-presenetila-z-druzinsko-fotografijo-in-izdala-veselo-novico\/#article","isPartOf":{"@id":"https:\/\/hudo.com\/si\/vip\/zari-od-srece-jasna-kuljaj-presenetila-z-druzinsko-fotografijo-in-izdala-veselo-novico\/"},"author":{"name":"A. G.","@id":"https:\/\/hudo.com\/si\/#\/schema\/person\/f95639a66e0dd2c682b0568634e85b8b"},"headline":"\u017dari od sre\u010de: Jasna Kuljaj presenetila z dru\u017einsko fotografijo in izdala veselo novico","datePublished":"2022-06-23T11:16:24+00:00","dateModified":"2022-06-23T11:16:24+00:00","mainEntityOfPage":{"@id":"https:\/\/hudo.com\/si\/vip\/zari-od-srece-jasna-kuljaj-presenetila-z-druzinsko-fotografijo-in-izdala-veselo-novico\/"},"wordCount":123,"publisher":{"@id":"https:\/\/hudo.com\/si\/#organization"},"keywords":["Jasna Kuljaj","Sa\u0161a Lalovi\u0107"],"articleSection":["VIP"],"inLanguage":"sl-SI"},{"@type":"WebPage","@id":"https:\/\/hudo.com\/si\/vip\/zari-od-srece-jasna-kuljaj-presenetila-z-druzinsko-fotografijo-in-izdala-veselo-novico\/","url":"https:\/\/hudo.com\/si\/vip\/zari-od-srece-jasna-kuljaj-presenetila-z-druzinsko-fotografijo-in-izdala-veselo-novico\/","name":"\u017dari od sre\u010de: Jasna Kuljaj presenetila z dru\u017einsko fotografijo in izdala veselo novico - Hudo Slovenija","isPartOf":{"@id":"https:\/\/hudo.com\/si\/#website"},"datePublished":"2022-06-23T11:16:24+00:00","dateModified":"2022-06-23T11:16:24+00:00","breadcrumb":{"@id":"https:\/\/hudo.com\/si\/vip\/zari-od-srece-jasna-kuljaj-presenetila-z-druzinsko-fotografijo-in-izdala-veselo-novico\/#breadcrumb"},"inLanguage":"sl-SI","potentialAction":[{"@type":"ReadAction","target":["https:\/\/hudo.com\/si\/vip\/zari-od-srece-jasna-kuljaj-presenetila-z-druzinsko-fotografijo-in-izdala-veselo-novico\/"]}]},{"@type":"BreadcrumbList","@id":"https:\/\/hudo.com\/si\/vip\/zari-od-srece-jasna-kuljaj-presenetila-z-druzinsko-fotografijo-in-izdala-veselo-novico\/#breadcrumb","itemListElement":[{"@type":"ListItem","position":1,"name":"Home","item":"https:\/\/hudo.com\/si\/"},{"@type":"ListItem","position":2,"name":"\u017dari od sre\u010de: Jasna Kuljaj presenetila z dru\u017einsko fotografijo in izdala veselo novico"}]},{"@type":"WebSite","@id":"https:\/\/hudo.com\/si\/#website","url":"https:\/\/hudo.com\/si\/","name":"Hudo Slovenija","description":"Vse novice iz Slovenije in sveta","publisher":{"@id":"https:\/\/hudo.com\/si\/#organization"},"potentialAction":[{"@type":"SearchAction","target":{"@type":"EntryPoint","urlTemplate":"https:\/\/hudo.com\/si\/?s={search_term_string}"},"query-input":"required name=search_term_string"}],"inLanguage":"sl-SI"},{"@type":"Organization","@id":"https:\/\/hudo.com\/si\/#organization","name":"VSN Media","url":"https:\/\/hudo.com\/si\/","logo":{"@type":"ImageObject","inLanguage":"sl-SI","@id":"https:\/\/hudo.com\/si\/#\/schema\/logo\/image\/","url":"https:\/\/hudo.com\/si\/wp-content\/uploads\/sites\/2\/2021\/03\/hudo-app-2.png","contentUrl":"https:\/\/hudo.com\/si\/wp-content\/uploads\/sites\/2\/2021\/03\/hudo-app-2.png","width":2185,"height":2167,"caption":"VSN Media"},"image":{"@id":"https:\/\/hudo.com\/si\/#\/schema\/logo\/image\/"},"sameAs":["https:\/\/www.facebook.com\/hudo.si","https:\/\/twitter.com\/hudo_si"]},{"@type":"Person","@id":"https:\/\/hudo.com\/si\/#\/schema\/person\/f95639a66e0dd2c682b0568634e85b8b","name":"A. G.","image":{"@type":"ImageObject","inLanguage":"sl-SI","@id":"https:\/\/hudo.com\/si\/#\/schema\/person\/image\/","url":"https:\/\/secure.gravatar.com\/avatar\/9f44de561c70d5d80348d3ed0f4b142d?s=96&d=mm&r=g","contentUrl":"https:\/\/secure.gravatar.com\/avatar\/9f44de561c70d5d80348d3ed0f4b142d?s=96&d=mm&r=g","caption":"A. G."},"url":"https:\/\/hudo.com\/si\/author\/alenkagrmek\/"}]}},"amp_enabled":true,"_links":{"self":[{"href":"https:\/\/hudo.com\/si\/wp-json\/wp\/v2\/posts\/469938"}],"collection":[{"href":"https:\/\/hudo.com\/si\/wp-json\/wp\/v2\/posts"}],"about":[{"href":"https:\/\/hudo.com\/si\/wp-json\/wp\/v2\/types\/post"}],"author":[{"embeddable":true,"href":"https:\/\/hudo.com\/si\/wp-json\/wp\/v2\/users\/6"}],"replies":[{"embeddable":true,"href":"https:\/\/hudo.com\/si\/wp-json\/wp\/v2\/comments?post=469938"}],"version-history":[{"count":1,"href":"https:\/\/hudo.com\/si\/wp-json\/wp\/v2\/posts\/469938\/revisions"}],"predecessor-version":[{"id":469939,"href":"https:\/\/hudo.com\/si\/wp-json\/wp\/v2\/posts\/469938\/revisions\/469939"}],"wp:featuredmedia":[{"embeddable":true,"href":"https:\/\/hudo.com\/si\/wp-json\/wp\/v2\/media\/462573"}],"wp:attachment":[{"href":"https:\/\/hudo.com\/si\/wp-json\/wp\/v2\/media?parent=469938"}],"wp:term":[{"taxonomy":"category","embeddable":true,"href":"https:\/\/hudo.com\/si\/wp-json\/wp\/v2\/categories?post=469938"},{"taxonomy":"post_tag","embeddable":true,"href":"https:\/\/hudo.com\/si\/wp-json\/wp\/v2\/tags?post=469938"},{"taxonomy":"source","embeddable":true,"href":"https:\/\/hudo.com\/si\/wp-json\/wp\/v2\/source?post=469938"},{"taxonomy":"supertag","embeddable":true,"href":"https:\/\/hudo.com\/si\/wp-json\/wp\/v2\/supertag?post=469938"}],"curies":[{"name":"wp","href":"https:\/\/api.w.org\/{rel}","templated":true}]}}