{"id":470262,"date":"2022-07-01T09:18:14","date_gmt":"2022-07-01T07:18:14","guid":{"rendered":"https:\/\/hudo.com\/si\/?p=470262"},"modified":"2022-07-01T09:18:14","modified_gmt":"2022-07-01T07:18:14","slug":"za-celotno-slovenijo-razglasena-velika-pozarna-ogrozenost-naravnega-okolja","status":"publish","type":"post","link":"https:\/\/hudo.com\/si\/aktualno\/slovenija\/za-celotno-slovenijo-razglasena-velika-pozarna-ogrozenost-naravnega-okolja\/","title":{"rendered":"Za celotno Slovenijo razgla\u0161ena velika po\u017earna ogro\u017eenost naravnega okolja"},"content":{"rendered":"<div id=\"center\">\n<article class=\"articleui\">\n<div class=\"text\">\n<p>Najbolj so se su\u0161ne razmere poslab\u0161ale v osrednjem delu Slovenije, na Notranjskem in v Ljubljani z okolico, kjer bele\u017eimo t. i. izjemno su\u0161o. V ostalem delu zahodne polovice dr\u017eave so t. i. izrazito su\u0161ne razmere, s tem da na Gori\u0161kem izrazita su\u0161a vztraja neprekinjeno \u017ee peti teden. Na vzhodu so razmere v povr\u0161inskem sloju tal nekoliko bolj\u0161e, zmerno su\u0161ne, v Pomurju, na Dolenjskem in Beli krajini pa bele\u017eimo obi\u010dajne razmere za ta \u010das v letu, navaja agencija za okolje.<\/p>\n<p>Zaradi su\u0161nih razmer je Uprava RS za za\u0161\u010dito in re\u0161evanje razglasila veliko po\u017earno ogro\u017eenost naravnega okolja na obmo\u010dju celotne dr\u017eave. Tako je od danes v naravnem okolju poleg po\u017eiganja in odmetavanja gore\u010dih ali drugih predmetov ali snovi, ki lahko povzro\u010dijo po\u017ear, prepovedano kuriti.<\/p>\n<p>Prepovedano je tudi po\u017eigati na obmo\u010djih ob infrastrukturnih objektih, kuriti kresove ter izven pozidanih povr\u0161in uporabljati predmete, naprave ali izvajati aktivnosti, ki lahko povzro\u010dijo po\u017ear ter izvajati ognjemet.<\/p>\n<p>V \u010dasu razgla\u0161ene velike po\u017earne ogro\u017eenosti bosta poostren nadzor izvajala in\u0161pektorat za varstvo pred naravnimi in drugimi nesre\u010dami ter policija.<\/p>\n<p>V prihodnjem sedemdnevnem obdobju bistvenih sprememb ni pri\u010dakovati, su\u0161ne razmere bodo vztrajale, v \u010detrtkovi izdaji Su\u0161omer navaja agencija za okolje.<\/p>\n<p>V prihodnjih dneh bo jasno in vro\u010de vreme z mo\u017enostjo posameznih neviht, prehodno bo v soboto vro\u010dina nekoliko popustila, konec vro\u010dinskega vala pa naj bi bil v drugi polovici prihodnjega tedna.<\/p>\n<\/div>\n<\/article>\n<\/div>\n","protected":false},"excerpt":{"rendered":"<p>Za celotno Slovenijo je od danes razgla\u0161ena velika po\u017earna ogro\u017eenost naravnega okolja, zato je prepovedano kurjenje in izvajanje aktivnosti, ki lahko povzro\u010dijo po\u017ear. Pristojni napovedujejo poostren nadzor. Agencija za okolje opozarja, da so se su\u0161ne razmere v ve\u010djem delu dr\u017eave zaradi visokih temperatur in visokega izhlapevanja poslab\u0161ale.<\/p>\n","protected":false},"author":8,"featured_media":369134,"comment_status":"closed","ping_status":"closed","sticky":false,"template":"","format":"standard","meta":{"footnotes":""},"categories":[18201],"tags":[13108,1595],"source":[4511],"supertag":[5675],"acf":[],"yoast_head":"<!-- This site is optimized with the Yoast SEO plugin v21.3 - https:\/\/yoast.com\/wordpress\/plugins\/seo\/ -->\n<title>Za celotno Slovenijo razgla\u0161ena velika po\u017earna ogro\u017eenost naravnega okolja - Hudo Slovenija<\/title>\n<meta name=\"robots\" content=\"index, follow, max-snippet:-1, max-image-preview:large, max-video-preview:-1\" \/>\n<link rel=\"canonical\" href=\"https:\/\/hudo.com\/si\/aktualno\/slovenija\/za-celotno-slovenijo-razglasena-velika-pozarna-ogrozenost-naravnega-okolja\/\" \/>\n<meta property=\"og:locale\" content=\"sl_SI\" \/>\n<meta property=\"og:type\" content=\"article\" \/>\n<meta property=\"og:title\" content=\"Za celotno Slovenijo razgla\u0161ena velika po\u017earna ogro\u017eenost naravnega okolja - Hudo Slovenija\" \/>\n<meta property=\"og:description\" content=\"Za celotno Slovenijo je od danes razgla\u0161ena velika po\u017earna ogro\u017eenost naravnega okolja, zato je prepovedano kurjenje in izvajanje aktivnosti, ki lahko povzro\u010dijo po\u017ear. Pristojni napovedujejo poostren nadzor. Agencija za okolje opozarja, da so se su\u0161ne razmere v ve\u010djem delu dr\u017eave zaradi visokih temperatur in visokega izhlapevanja poslab\u0161ale.\" \/>\n<meta property=\"og:url\" content=\"https:\/\/hudo.com\/si\/aktualno\/slovenija\/za-celotno-slovenijo-razglasena-velika-pozarna-ogrozenost-naravnega-okolja\/\" \/>\n<meta property=\"og:site_name\" content=\"Hudo Slovenija\" \/>\n<meta property=\"article:publisher\" content=\"https:\/\/www.facebook.com\/hudo.si\" \/>\n<meta property=\"article:published_time\" content=\"2022-07-01T07:18:14+00:00\" \/>\n<meta property=\"og:image\" content=\"https:\/\/hudo.com\/si\/wp-content\/uploads\/sites\/2\/2018\/04\/profimedia-0003856904.jpg\" \/>\n\t<meta property=\"og:image:width\" content=\"1250\" \/>\n\t<meta property=\"og:image:height\" content=\"833\" \/>\n\t<meta property=\"og:image:type\" content=\"image\/jpeg\" \/>\n<meta name=\"author\" content=\"M. N., STA\" \/>\n<meta name=\"twitter:card\" content=\"summary_large_image\" \/>\n<meta name=\"twitter:creator\" content=\"@hudo_si\" \/>\n<meta name=\"twitter:site\" content=\"@hudo_si\" \/>\n<meta name=\"twitter:label1\" content=\"Written by\" \/>\n\t<meta name=\"twitter:data1\" content=\"M. N., STA\" \/>\n\t<meta name=\"twitter:label2\" content=\"Est. reading time\" \/>\n\t<meta name=\"twitter:data2\" content=\"1 minuta\" \/>\n<script type=\"application\/ld+json\" class=\"yoast-schema-graph\">{\"@context\":\"https:\/\/schema.org\",\"@graph\":[{\"@type\":\"Article\",\"@id\":\"https:\/\/hudo.com\/si\/aktualno\/slovenija\/za-celotno-slovenijo-razglasena-velika-pozarna-ogrozenost-naravnega-okolja\/#article\",\"isPartOf\":{\"@id\":\"https:\/\/hudo.com\/si\/aktualno\/slovenija\/za-celotno-slovenijo-razglasena-velika-pozarna-ogrozenost-naravnega-okolja\/\"},\"author\":{\"name\":\"M. N., STA\",\"@id\":\"https:\/\/hudo.com\/si\/#\/schema\/person\/c2f10ce65d2e6ede2aeda5be2a0611fa\"},\"headline\":\"Za celotno Slovenijo razgla\u0161ena velika po\u017earna ogro\u017eenost naravnega okolja\",\"datePublished\":\"2022-07-01T07:18:14+00:00\",\"dateModified\":\"2022-07-01T07:18:14+00:00\",\"mainEntityOfPage\":{\"@id\":\"https:\/\/hudo.com\/si\/aktualno\/slovenija\/za-celotno-slovenijo-razglasena-velika-pozarna-ogrozenost-naravnega-okolja\/\"},\"wordCount\":274,\"publisher\":{\"@id\":\"https:\/\/hudo.com\/si\/#organization\"},\"keywords\":[\"po\u017earna ogro\u017eenost\",\"Slovenija\"],\"articleSection\":[\"Slovenija\"],\"inLanguage\":\"sl-SI\"},{\"@type\":\"WebPage\",\"@id\":\"https:\/\/hudo.com\/si\/aktualno\/slovenija\/za-celotno-slovenijo-razglasena-velika-pozarna-ogrozenost-naravnega-okolja\/\",\"url\":\"https:\/\/hudo.com\/si\/aktualno\/slovenija\/za-celotno-slovenijo-razglasena-velika-pozarna-ogrozenost-naravnega-okolja\/\",\"name\":\"Za celotno Slovenijo razgla\u0161ena velika po\u017earna ogro\u017eenost naravnega okolja - Hudo Slovenija\",\"isPartOf\":{\"@id\":\"https:\/\/hudo.com\/si\/#website\"},\"datePublished\":\"2022-07-01T07:18:14+00:00\",\"dateModified\":\"2022-07-01T07:18:14+00:00\",\"breadcrumb\":{\"@id\":\"https:\/\/hudo.com\/si\/aktualno\/slovenija\/za-celotno-slovenijo-razglasena-velika-pozarna-ogrozenost-naravnega-okolja\/#breadcrumb\"},\"inLanguage\":\"sl-SI\",\"potentialAction\":[{\"@type\":\"ReadAction\",\"target\":[\"https:\/\/hudo.com\/si\/aktualno\/slovenija\/za-celotno-slovenijo-razglasena-velika-pozarna-ogrozenost-naravnega-okolja\/\"]}]},{\"@type\":\"BreadcrumbList\",\"@id\":\"https:\/\/hudo.com\/si\/aktualno\/slovenija\/za-celotno-slovenijo-razglasena-velika-pozarna-ogrozenost-naravnega-okolja\/#breadcrumb\",\"itemListElement\":[{\"@type\":\"ListItem\",\"position\":1,\"name\":\"Home\",\"item\":\"https:\/\/hudo.com\/si\/\"},{\"@type\":\"ListItem\",\"position\":2,\"name\":\"Za celotno Slovenijo razgla\u0161ena velika po\u017earna ogro\u017eenost naravnega okolja\"}]},{\"@type\":\"WebSite\",\"@id\":\"https:\/\/hudo.com\/si\/#website\",\"url\":\"https:\/\/hudo.com\/si\/\",\"name\":\"Hudo Slovenija\",\"description\":\"Vse novice iz Slovenije in sveta\",\"publisher\":{\"@id\":\"https:\/\/hudo.com\/si\/#organization\"},\"potentialAction\":[{\"@type\":\"SearchAction\",\"target\":{\"@type\":\"EntryPoint\",\"urlTemplate\":\"https:\/\/hudo.com\/si\/?s={search_term_string}\"},\"query-input\":\"required name=search_term_string\"}],\"inLanguage\":\"sl-SI\"},{\"@type\":\"Organization\",\"@id\":\"https:\/\/hudo.com\/si\/#organization\",\"name\":\"VSN Media\",\"url\":\"https:\/\/hudo.com\/si\/\",\"logo\":{\"@type\":\"ImageObject\",\"inLanguage\":\"sl-SI\",\"@id\":\"https:\/\/hudo.com\/si\/#\/schema\/logo\/image\/\",\"url\":\"https:\/\/hudo.com\/si\/wp-content\/uploads\/sites\/2\/2021\/03\/hudo-app-2.png\",\"contentUrl\":\"https:\/\/hudo.com\/si\/wp-content\/uploads\/sites\/2\/2021\/03\/hudo-app-2.png\",\"width\":2185,\"height\":2167,\"caption\":\"VSN Media\"},\"image\":{\"@id\":\"https:\/\/hudo.com\/si\/#\/schema\/logo\/image\/\"},\"sameAs\":[\"https:\/\/www.facebook.com\/hudo.si\",\"https:\/\/twitter.com\/hudo_si\"]},{\"@type\":\"Person\",\"@id\":\"https:\/\/hudo.com\/si\/#\/schema\/person\/c2f10ce65d2e6ede2aeda5be2a0611fa\",\"name\":\"M. N., STA\",\"image\":{\"@type\":\"ImageObject\",\"inLanguage\":\"sl-SI\",\"@id\":\"https:\/\/hudo.com\/si\/#\/schema\/person\/image\/\",\"url\":\"https:\/\/secure.gravatar.com\/avatar\/f370d38daa10467f755c5c766a4cac20?s=96&d=mm&r=g\",\"contentUrl\":\"https:\/\/secure.gravatar.com\/avatar\/f370d38daa10467f755c5c766a4cac20?s=96&d=mm&r=g\",\"caption\":\"M. N., STA\"},\"url\":\"https:\/\/hudo.com\/si\/author\/mana\/\"}]}<\/script>\n<!-- \/ Yoast SEO plugin. -->","yoast_head_json":{"title":"Za celotno Slovenijo razgla\u0161ena velika po\u017earna ogro\u017eenost naravnega okolja - Hudo Slovenija","robots":{"index":"index","follow":"follow","max-snippet":"max-snippet:-1","max-image-preview":"max-image-preview:large","max-video-preview":"max-video-preview:-1"},"canonical":"https:\/\/hudo.com\/si\/aktualno\/slovenija\/za-celotno-slovenijo-razglasena-velika-pozarna-ogrozenost-naravnega-okolja\/","og_locale":"sl_SI","og_type":"article","og_title":"Za celotno Slovenijo razgla\u0161ena velika po\u017earna ogro\u017eenost naravnega okolja - Hudo Slovenija","og_description":"Za celotno Slovenijo je od danes razgla\u0161ena velika po\u017earna ogro\u017eenost naravnega okolja, zato je prepovedano kurjenje in izvajanje aktivnosti, ki lahko povzro\u010dijo po\u017ear. Pristojni napovedujejo poostren nadzor. Agencija za okolje opozarja, da so se su\u0161ne razmere v ve\u010djem delu dr\u017eave zaradi visokih temperatur in visokega izhlapevanja poslab\u0161ale.","og_url":"https:\/\/hudo.com\/si\/aktualno\/slovenija\/za-celotno-slovenijo-razglasena-velika-pozarna-ogrozenost-naravnega-okolja\/","og_site_name":"Hudo Slovenija","article_publisher":"https:\/\/www.facebook.com\/hudo.si","article_published_time":"2022-07-01T07:18:14+00:00","og_image":[{"width":1250,"height":833,"url":"https:\/\/hudo.com\/si\/wp-content\/uploads\/sites\/2\/2018\/04\/profimedia-0003856904.jpg","type":"image\/jpeg"}],"author":"M. N., STA","twitter_card":"summary_large_image","twitter_creator":"@hudo_si","twitter_site":"@hudo_si","twitter_misc":{"Written by":"M. N., STA","Est. reading time":"1 minuta"},"schema":{"@context":"https:\/\/schema.org","@graph":[{"@type":"Article","@id":"https:\/\/hudo.com\/si\/aktualno\/slovenija\/za-celotno-slovenijo-razglasena-velika-pozarna-ogrozenost-naravnega-okolja\/#article","isPartOf":{"@id":"https:\/\/hudo.com\/si\/aktualno\/slovenija\/za-celotno-slovenijo-razglasena-velika-pozarna-ogrozenost-naravnega-okolja\/"},"author":{"name":"M. N., STA","@id":"https:\/\/hudo.com\/si\/#\/schema\/person\/c2f10ce65d2e6ede2aeda5be2a0611fa"},"headline":"Za celotno Slovenijo razgla\u0161ena velika po\u017earna ogro\u017eenost naravnega okolja","datePublished":"2022-07-01T07:18:14+00:00","dateModified":"2022-07-01T07:18:14+00:00","mainEntityOfPage":{"@id":"https:\/\/hudo.com\/si\/aktualno\/slovenija\/za-celotno-slovenijo-razglasena-velika-pozarna-ogrozenost-naravnega-okolja\/"},"wordCount":274,"publisher":{"@id":"https:\/\/hudo.com\/si\/#organization"},"keywords":["po\u017earna ogro\u017eenost","Slovenija"],"articleSection":["Slovenija"],"inLanguage":"sl-SI"},{"@type":"WebPage","@id":"https:\/\/hudo.com\/si\/aktualno\/slovenija\/za-celotno-slovenijo-razglasena-velika-pozarna-ogrozenost-naravnega-okolja\/","url":"https:\/\/hudo.com\/si\/aktualno\/slovenija\/za-celotno-slovenijo-razglasena-velika-pozarna-ogrozenost-naravnega-okolja\/","name":"Za celotno Slovenijo razgla\u0161ena velika po\u017earna ogro\u017eenost naravnega okolja - Hudo Slovenija","isPartOf":{"@id":"https:\/\/hudo.com\/si\/#website"},"datePublished":"2022-07-01T07:18:14+00:00","dateModified":"2022-07-01T07:18:14+00:00","breadcrumb":{"@id":"https:\/\/hudo.com\/si\/aktualno\/slovenija\/za-celotno-slovenijo-razglasena-velika-pozarna-ogrozenost-naravnega-okolja\/#breadcrumb"},"inLanguage":"sl-SI","potentialAction":[{"@type":"ReadAction","target":["https:\/\/hudo.com\/si\/aktualno\/slovenija\/za-celotno-slovenijo-razglasena-velika-pozarna-ogrozenost-naravnega-okolja\/"]}]},{"@type":"BreadcrumbList","@id":"https:\/\/hudo.com\/si\/aktualno\/slovenija\/za-celotno-slovenijo-razglasena-velika-pozarna-ogrozenost-naravnega-okolja\/#breadcrumb","itemListElement":[{"@type":"ListItem","position":1,"name":"Home","item":"https:\/\/hudo.com\/si\/"},{"@type":"ListItem","position":2,"name":"Za celotno Slovenijo razgla\u0161ena velika po\u017earna ogro\u017eenost naravnega okolja"}]},{"@type":"WebSite","@id":"https:\/\/hudo.com\/si\/#website","url":"https:\/\/hudo.com\/si\/","name":"Hudo Slovenija","description":"Vse novice iz Slovenije in sveta","publisher":{"@id":"https:\/\/hudo.com\/si\/#organization"},"potentialAction":[{"@type":"SearchAction","target":{"@type":"EntryPoint","urlTemplate":"https:\/\/hudo.com\/si\/?s={search_term_string}"},"query-input":"required name=search_term_string"}],"inLanguage":"sl-SI"},{"@type":"Organization","@id":"https:\/\/hudo.com\/si\/#organization","name":"VSN Media","url":"https:\/\/hudo.com\/si\/","logo":{"@type":"ImageObject","inLanguage":"sl-SI","@id":"https:\/\/hudo.com\/si\/#\/schema\/logo\/image\/","url":"https:\/\/hudo.com\/si\/wp-content\/uploads\/sites\/2\/2021\/03\/hudo-app-2.png","contentUrl":"https:\/\/hudo.com\/si\/wp-content\/uploads\/sites\/2\/2021\/03\/hudo-app-2.png","width":2185,"height":2167,"caption":"VSN Media"},"image":{"@id":"https:\/\/hudo.com\/si\/#\/schema\/logo\/image\/"},"sameAs":["https:\/\/www.facebook.com\/hudo.si","https:\/\/twitter.com\/hudo_si"]},{"@type":"Person","@id":"https:\/\/hudo.com\/si\/#\/schema\/person\/c2f10ce65d2e6ede2aeda5be2a0611fa","name":"M. N., STA","image":{"@type":"ImageObject","inLanguage":"sl-SI","@id":"https:\/\/hudo.com\/si\/#\/schema\/person\/image\/","url":"https:\/\/secure.gravatar.com\/avatar\/f370d38daa10467f755c5c766a4cac20?s=96&d=mm&r=g","contentUrl":"https:\/\/secure.gravatar.com\/avatar\/f370d38daa10467f755c5c766a4cac20?s=96&d=mm&r=g","caption":"M. N., STA"},"url":"https:\/\/hudo.com\/si\/author\/mana\/"}]}},"amp_enabled":true,"_links":{"self":[{"href":"https:\/\/hudo.com\/si\/wp-json\/wp\/v2\/posts\/470262"}],"collection":[{"href":"https:\/\/hudo.com\/si\/wp-json\/wp\/v2\/posts"}],"about":[{"href":"https:\/\/hudo.com\/si\/wp-json\/wp\/v2\/types\/post"}],"author":[{"embeddable":true,"href":"https:\/\/hudo.com\/si\/wp-json\/wp\/v2\/users\/8"}],"replies":[{"embeddable":true,"href":"https:\/\/hudo.com\/si\/wp-json\/wp\/v2\/comments?post=470262"}],"version-history":[{"count":1,"href":"https:\/\/hudo.com\/si\/wp-json\/wp\/v2\/posts\/470262\/revisions"}],"predecessor-version":[{"id":470263,"href":"https:\/\/hudo.com\/si\/wp-json\/wp\/v2\/posts\/470262\/revisions\/470263"}],"wp:featuredmedia":[{"embeddable":true,"href":"https:\/\/hudo.com\/si\/wp-json\/wp\/v2\/media\/369134"}],"wp:attachment":[{"href":"https:\/\/hudo.com\/si\/wp-json\/wp\/v2\/media?parent=470262"}],"wp:term":[{"taxonomy":"category","embeddable":true,"href":"https:\/\/hudo.com\/si\/wp-json\/wp\/v2\/categories?post=470262"},{"taxonomy":"post_tag","embeddable":true,"href":"https:\/\/hudo.com\/si\/wp-json\/wp\/v2\/tags?post=470262"},{"taxonomy":"source","embeddable":true,"href":"https:\/\/hudo.com\/si\/wp-json\/wp\/v2\/source?post=470262"},{"taxonomy":"supertag","embeddable":true,"href":"https:\/\/hudo.com\/si\/wp-json\/wp\/v2\/supertag?post=470262"}],"curies":[{"name":"wp","href":"https:\/\/api.w.org\/{rel}","templated":true}]}}