{"id":470325,"date":"2022-07-03T10:44:58","date_gmt":"2022-07-03T08:44:58","guid":{"rendered":"https:\/\/hudo.com\/si\/?p=470325"},"modified":"2022-07-03T10:44:58","modified_gmt":"2022-07-03T08:44:58","slug":"kako-bo-po-novem-zakonu-o-rtv-sestavljen-svet-zavoda-da-vanj-vec-ne-bo-mogla-posegati-politika","status":"publish","type":"post","link":"https:\/\/hudo.com\/si\/aktualno\/slovenija\/kako-bo-po-novem-zakonu-o-rtv-sestavljen-svet-zavoda-da-vanj-vec-ne-bo-mogla-posegati-politika\/","title":{"rendered":"Kako bo po novem zakonu o RTV sestavljen svet zavoda, da vanj ve\u010d ne bo mogla posegati politika?"},"content":{"rendered":"<h2>Svet RTV bi imenovali predvsem zaposleni, stroka in civilna dru\u017eba<\/h2>\n<p>Po predlogu novele zakona o RTVS, ki jo je vlada v petek vlo\u017eila v DZ za obravnavo po nujnem postopku, programskega sveta po sedanji ureditvi ne bi bilo ve\u010d. Vodenje, upravljanje in nadzor bi namesto sedanjima programskemu in nadzornemu svetu prepustili enotnemu svetu RTVS. Zaposleni bi iz svojih vrst izbrali pet \u010dlanov, preostalih 12 \u010dlanov pa bi na podlagi izvedenih javnih pozivov imenovali italijanska in mad\u017earska narodna skupnost, predsednik dr\u017eave, DZ, Slovenska akademija znanosti in umetnosti, nacionalni svet za kulturo, Olimpijski komite Slovenije, Informacijski poobla\u0161\u010denec, Svet za trajnostni razvoj in varstvo okolja ter varuh \u010dlovekovih pravic.<\/p>\n<p>Vlada \u017eeli s predlogom novele depolitizirati delovanje RTVS. Depolitizacija naj bi se po napovedi premierja Roberta Goloba in ministrice za kulture Aste Vre\u010dko zgodila \u0161e pred poletjem.<\/p>\n","protected":false},"excerpt":{"rendered":"<p>Po sedanjem zakonu o RTV ima vladajo\u010da politika prevelik vpliv na vodenje, upravljanje in nadzor zavoda, kar je pripeljalo do brezsramnega politi\u010dnega nastavljanja direktorjev ter posledi\u010dno katastrofalnih razmer, kakr\u0161nim smo pri\u010da.<\/p>\n","protected":false},"author":7,"featured_media":427236,"comment_status":"closed","ping_status":"closed","sticky":false,"template":"","format":"standard","meta":{"footnotes":""},"categories":[18201],"tags":[4911,12560],"source":[4511],"supertag":[],"acf":[],"yoast_head":"<!-- This site is optimized with the Yoast SEO plugin v21.3 - https:\/\/yoast.com\/wordpress\/plugins\/seo\/ -->\n<title>Kako bo po novem zakonu o RTV sestavljen svet zavoda, da vanj ve\u010d ne bo mogla posegati politika? - Hudo Slovenija<\/title>\n<meta name=\"robots\" content=\"index, follow, max-snippet:-1, max-image-preview:large, max-video-preview:-1\" \/>\n<link rel=\"canonical\" href=\"https:\/\/hudo.com\/si\/aktualno\/slovenija\/kako-bo-po-novem-zakonu-o-rtv-sestavljen-svet-zavoda-da-vanj-vec-ne-bo-mogla-posegati-politika\/\" \/>\n<meta property=\"og:locale\" content=\"sl_SI\" \/>\n<meta property=\"og:type\" content=\"article\" \/>\n<meta property=\"og:title\" content=\"Kako bo po novem zakonu o RTV sestavljen svet zavoda, da vanj ve\u010d ne bo mogla posegati politika? - Hudo Slovenija\" \/>\n<meta property=\"og:description\" content=\"Po sedanjem zakonu o RTV ima vladajo\u010da politika prevelik vpliv na vodenje, upravljanje in nadzor zavoda, kar je pripeljalo do brezsramnega politi\u010dnega nastavljanja direktorjev ter posledi\u010dno katastrofalnih razmer, kakr\u0161nim smo pri\u010da.\" \/>\n<meta property=\"og:url\" content=\"https:\/\/hudo.com\/si\/aktualno\/slovenija\/kako-bo-po-novem-zakonu-o-rtv-sestavljen-svet-zavoda-da-vanj-vec-ne-bo-mogla-posegati-politika\/\" \/>\n<meta property=\"og:site_name\" content=\"Hudo Slovenija\" \/>\n<meta property=\"article:publisher\" content=\"https:\/\/www.facebook.com\/hudo.si\" \/>\n<meta property=\"article:published_time\" content=\"2022-07-03T08:44:58+00:00\" \/>\n<meta property=\"og:image\" content=\"https:\/\/hudo.com\/si\/wp-content\/uploads\/sites\/2\/2020\/07\/20200423-01001775.jpg\" \/>\n\t<meta property=\"og:image:width\" content=\"640\" \/>\n\t<meta property=\"og:image:height\" content=\"426\" \/>\n\t<meta property=\"og:image:type\" content=\"image\/jpeg\" \/>\n<meta name=\"author\" content=\"A. P., STA\" \/>\n<meta name=\"twitter:card\" content=\"summary_large_image\" \/>\n<meta name=\"twitter:creator\" content=\"@hudo_si\" \/>\n<meta name=\"twitter:site\" content=\"@hudo_si\" \/>\n<meta name=\"twitter:label1\" content=\"Written by\" \/>\n\t<meta name=\"twitter:data1\" content=\"A. P., STA\" \/>\n\t<meta name=\"twitter:label2\" content=\"Est. reading time\" \/>\n\t<meta name=\"twitter:data2\" content=\"1 minuta\" \/>\n<script type=\"application\/ld+json\" class=\"yoast-schema-graph\">{\"@context\":\"https:\/\/schema.org\",\"@graph\":[{\"@type\":\"Article\",\"@id\":\"https:\/\/hudo.com\/si\/aktualno\/slovenija\/kako-bo-po-novem-zakonu-o-rtv-sestavljen-svet-zavoda-da-vanj-vec-ne-bo-mogla-posegati-politika\/#article\",\"isPartOf\":{\"@id\":\"https:\/\/hudo.com\/si\/aktualno\/slovenija\/kako-bo-po-novem-zakonu-o-rtv-sestavljen-svet-zavoda-da-vanj-vec-ne-bo-mogla-posegati-politika\/\"},\"author\":{\"name\":\"A. P., STA\",\"@id\":\"https:\/\/hudo.com\/si\/#\/schema\/person\/18f09c02475ba9e606e941a565b80cff\"},\"headline\":\"Kako bo po novem zakonu o RTV sestavljen svet zavoda, da vanj ve\u010d ne bo mogla posegati politika?\",\"datePublished\":\"2022-07-03T08:44:58+00:00\",\"dateModified\":\"2022-07-03T08:44:58+00:00\",\"mainEntityOfPage\":{\"@id\":\"https:\/\/hudo.com\/si\/aktualno\/slovenija\/kako-bo-po-novem-zakonu-o-rtv-sestavljen-svet-zavoda-da-vanj-vec-ne-bo-mogla-posegati-politika\/\"},\"wordCount\":156,\"publisher\":{\"@id\":\"https:\/\/hudo.com\/si\/#organization\"},\"keywords\":[\"medijska svoboda\",\"RTV Slovenija\"],\"articleSection\":[\"Slovenija\"],\"inLanguage\":\"sl-SI\"},{\"@type\":\"WebPage\",\"@id\":\"https:\/\/hudo.com\/si\/aktualno\/slovenija\/kako-bo-po-novem-zakonu-o-rtv-sestavljen-svet-zavoda-da-vanj-vec-ne-bo-mogla-posegati-politika\/\",\"url\":\"https:\/\/hudo.com\/si\/aktualno\/slovenija\/kako-bo-po-novem-zakonu-o-rtv-sestavljen-svet-zavoda-da-vanj-vec-ne-bo-mogla-posegati-politika\/\",\"name\":\"Kako bo po novem zakonu o RTV sestavljen svet zavoda, da vanj ve\u010d ne bo mogla posegati politika? - Hudo Slovenija\",\"isPartOf\":{\"@id\":\"https:\/\/hudo.com\/si\/#website\"},\"datePublished\":\"2022-07-03T08:44:58+00:00\",\"dateModified\":\"2022-07-03T08:44:58+00:00\",\"breadcrumb\":{\"@id\":\"https:\/\/hudo.com\/si\/aktualno\/slovenija\/kako-bo-po-novem-zakonu-o-rtv-sestavljen-svet-zavoda-da-vanj-vec-ne-bo-mogla-posegati-politika\/#breadcrumb\"},\"inLanguage\":\"sl-SI\",\"potentialAction\":[{\"@type\":\"ReadAction\",\"target\":[\"https:\/\/hudo.com\/si\/aktualno\/slovenija\/kako-bo-po-novem-zakonu-o-rtv-sestavljen-svet-zavoda-da-vanj-vec-ne-bo-mogla-posegati-politika\/\"]}]},{\"@type\":\"BreadcrumbList\",\"@id\":\"https:\/\/hudo.com\/si\/aktualno\/slovenija\/kako-bo-po-novem-zakonu-o-rtv-sestavljen-svet-zavoda-da-vanj-vec-ne-bo-mogla-posegati-politika\/#breadcrumb\",\"itemListElement\":[{\"@type\":\"ListItem\",\"position\":1,\"name\":\"Home\",\"item\":\"https:\/\/hudo.com\/si\/\"},{\"@type\":\"ListItem\",\"position\":2,\"name\":\"Kako bo po novem zakonu o RTV sestavljen svet zavoda, da vanj ve\u010d ne bo mogla posegati politika?\"}]},{\"@type\":\"WebSite\",\"@id\":\"https:\/\/hudo.com\/si\/#website\",\"url\":\"https:\/\/hudo.com\/si\/\",\"name\":\"Hudo Slovenija\",\"description\":\"Vse novice iz Slovenije in sveta\",\"publisher\":{\"@id\":\"https:\/\/hudo.com\/si\/#organization\"},\"potentialAction\":[{\"@type\":\"SearchAction\",\"target\":{\"@type\":\"EntryPoint\",\"urlTemplate\":\"https:\/\/hudo.com\/si\/?s={search_term_string}\"},\"query-input\":\"required name=search_term_string\"}],\"inLanguage\":\"sl-SI\"},{\"@type\":\"Organization\",\"@id\":\"https:\/\/hudo.com\/si\/#organization\",\"name\":\"VSN Media\",\"url\":\"https:\/\/hudo.com\/si\/\",\"logo\":{\"@type\":\"ImageObject\",\"inLanguage\":\"sl-SI\",\"@id\":\"https:\/\/hudo.com\/si\/#\/schema\/logo\/image\/\",\"url\":\"https:\/\/hudo.com\/si\/wp-content\/uploads\/sites\/2\/2021\/03\/hudo-app-2.png\",\"contentUrl\":\"https:\/\/hudo.com\/si\/wp-content\/uploads\/sites\/2\/2021\/03\/hudo-app-2.png\",\"width\":2185,\"height\":2167,\"caption\":\"VSN Media\"},\"image\":{\"@id\":\"https:\/\/hudo.com\/si\/#\/schema\/logo\/image\/\"},\"sameAs\":[\"https:\/\/www.facebook.com\/hudo.si\",\"https:\/\/twitter.com\/hudo_si\"]},{\"@type\":\"Person\",\"@id\":\"https:\/\/hudo.com\/si\/#\/schema\/person\/18f09c02475ba9e606e941a565b80cff\",\"name\":\"A. P., STA\",\"image\":{\"@type\":\"ImageObject\",\"inLanguage\":\"sl-SI\",\"@id\":\"https:\/\/hudo.com\/si\/#\/schema\/person\/image\/\",\"url\":\"https:\/\/secure.gravatar.com\/avatar\/03eac8e609f5f04383125d80eaeaaf3e?s=96&d=mm&r=g\",\"contentUrl\":\"https:\/\/secure.gravatar.com\/avatar\/03eac8e609f5f04383125d80eaeaaf3e?s=96&d=mm&r=g\",\"caption\":\"A. P., STA\"},\"url\":\"https:\/\/hudo.com\/si\/author\/lubu\/\"}]}<\/script>\n<!-- \/ Yoast SEO plugin. -->","yoast_head_json":{"title":"Kako bo po novem zakonu o RTV sestavljen svet zavoda, da vanj ve\u010d ne bo mogla posegati politika? - Hudo Slovenija","robots":{"index":"index","follow":"follow","max-snippet":"max-snippet:-1","max-image-preview":"max-image-preview:large","max-video-preview":"max-video-preview:-1"},"canonical":"https:\/\/hudo.com\/si\/aktualno\/slovenija\/kako-bo-po-novem-zakonu-o-rtv-sestavljen-svet-zavoda-da-vanj-vec-ne-bo-mogla-posegati-politika\/","og_locale":"sl_SI","og_type":"article","og_title":"Kako bo po novem zakonu o RTV sestavljen svet zavoda, da vanj ve\u010d ne bo mogla posegati politika? - Hudo Slovenija","og_description":"Po sedanjem zakonu o RTV ima vladajo\u010da politika prevelik vpliv na vodenje, upravljanje in nadzor zavoda, kar je pripeljalo do brezsramnega politi\u010dnega nastavljanja direktorjev ter posledi\u010dno katastrofalnih razmer, kakr\u0161nim smo pri\u010da.","og_url":"https:\/\/hudo.com\/si\/aktualno\/slovenija\/kako-bo-po-novem-zakonu-o-rtv-sestavljen-svet-zavoda-da-vanj-vec-ne-bo-mogla-posegati-politika\/","og_site_name":"Hudo Slovenija","article_publisher":"https:\/\/www.facebook.com\/hudo.si","article_published_time":"2022-07-03T08:44:58+00:00","og_image":[{"width":640,"height":426,"url":"https:\/\/hudo.com\/si\/wp-content\/uploads\/sites\/2\/2020\/07\/20200423-01001775.jpg","type":"image\/jpeg"}],"author":"A. P., STA","twitter_card":"summary_large_image","twitter_creator":"@hudo_si","twitter_site":"@hudo_si","twitter_misc":{"Written by":"A. P., STA","Est. reading time":"1 minuta"},"schema":{"@context":"https:\/\/schema.org","@graph":[{"@type":"Article","@id":"https:\/\/hudo.com\/si\/aktualno\/slovenija\/kako-bo-po-novem-zakonu-o-rtv-sestavljen-svet-zavoda-da-vanj-vec-ne-bo-mogla-posegati-politika\/#article","isPartOf":{"@id":"https:\/\/hudo.com\/si\/aktualno\/slovenija\/kako-bo-po-novem-zakonu-o-rtv-sestavljen-svet-zavoda-da-vanj-vec-ne-bo-mogla-posegati-politika\/"},"author":{"name":"A. P., STA","@id":"https:\/\/hudo.com\/si\/#\/schema\/person\/18f09c02475ba9e606e941a565b80cff"},"headline":"Kako bo po novem zakonu o RTV sestavljen svet zavoda, da vanj ve\u010d ne bo mogla posegati politika?","datePublished":"2022-07-03T08:44:58+00:00","dateModified":"2022-07-03T08:44:58+00:00","mainEntityOfPage":{"@id":"https:\/\/hudo.com\/si\/aktualno\/slovenija\/kako-bo-po-novem-zakonu-o-rtv-sestavljen-svet-zavoda-da-vanj-vec-ne-bo-mogla-posegati-politika\/"},"wordCount":156,"publisher":{"@id":"https:\/\/hudo.com\/si\/#organization"},"keywords":["medijska svoboda","RTV Slovenija"],"articleSection":["Slovenija"],"inLanguage":"sl-SI"},{"@type":"WebPage","@id":"https:\/\/hudo.com\/si\/aktualno\/slovenija\/kako-bo-po-novem-zakonu-o-rtv-sestavljen-svet-zavoda-da-vanj-vec-ne-bo-mogla-posegati-politika\/","url":"https:\/\/hudo.com\/si\/aktualno\/slovenija\/kako-bo-po-novem-zakonu-o-rtv-sestavljen-svet-zavoda-da-vanj-vec-ne-bo-mogla-posegati-politika\/","name":"Kako bo po novem zakonu o RTV sestavljen svet zavoda, da vanj ve\u010d ne bo mogla posegati politika? - Hudo Slovenija","isPartOf":{"@id":"https:\/\/hudo.com\/si\/#website"},"datePublished":"2022-07-03T08:44:58+00:00","dateModified":"2022-07-03T08:44:58+00:00","breadcrumb":{"@id":"https:\/\/hudo.com\/si\/aktualno\/slovenija\/kako-bo-po-novem-zakonu-o-rtv-sestavljen-svet-zavoda-da-vanj-vec-ne-bo-mogla-posegati-politika\/#breadcrumb"},"inLanguage":"sl-SI","potentialAction":[{"@type":"ReadAction","target":["https:\/\/hudo.com\/si\/aktualno\/slovenija\/kako-bo-po-novem-zakonu-o-rtv-sestavljen-svet-zavoda-da-vanj-vec-ne-bo-mogla-posegati-politika\/"]}]},{"@type":"BreadcrumbList","@id":"https:\/\/hudo.com\/si\/aktualno\/slovenija\/kako-bo-po-novem-zakonu-o-rtv-sestavljen-svet-zavoda-da-vanj-vec-ne-bo-mogla-posegati-politika\/#breadcrumb","itemListElement":[{"@type":"ListItem","position":1,"name":"Home","item":"https:\/\/hudo.com\/si\/"},{"@type":"ListItem","position":2,"name":"Kako bo po novem zakonu o RTV sestavljen svet zavoda, da vanj ve\u010d ne bo mogla posegati politika?"}]},{"@type":"WebSite","@id":"https:\/\/hudo.com\/si\/#website","url":"https:\/\/hudo.com\/si\/","name":"Hudo Slovenija","description":"Vse novice iz Slovenije in sveta","publisher":{"@id":"https:\/\/hudo.com\/si\/#organization"},"potentialAction":[{"@type":"SearchAction","target":{"@type":"EntryPoint","urlTemplate":"https:\/\/hudo.com\/si\/?s={search_term_string}"},"query-input":"required name=search_term_string"}],"inLanguage":"sl-SI"},{"@type":"Organization","@id":"https:\/\/hudo.com\/si\/#organization","name":"VSN Media","url":"https:\/\/hudo.com\/si\/","logo":{"@type":"ImageObject","inLanguage":"sl-SI","@id":"https:\/\/hudo.com\/si\/#\/schema\/logo\/image\/","url":"https:\/\/hudo.com\/si\/wp-content\/uploads\/sites\/2\/2021\/03\/hudo-app-2.png","contentUrl":"https:\/\/hudo.com\/si\/wp-content\/uploads\/sites\/2\/2021\/03\/hudo-app-2.png","width":2185,"height":2167,"caption":"VSN Media"},"image":{"@id":"https:\/\/hudo.com\/si\/#\/schema\/logo\/image\/"},"sameAs":["https:\/\/www.facebook.com\/hudo.si","https:\/\/twitter.com\/hudo_si"]},{"@type":"Person","@id":"https:\/\/hudo.com\/si\/#\/schema\/person\/18f09c02475ba9e606e941a565b80cff","name":"A. P., STA","image":{"@type":"ImageObject","inLanguage":"sl-SI","@id":"https:\/\/hudo.com\/si\/#\/schema\/person\/image\/","url":"https:\/\/secure.gravatar.com\/avatar\/03eac8e609f5f04383125d80eaeaaf3e?s=96&d=mm&r=g","contentUrl":"https:\/\/secure.gravatar.com\/avatar\/03eac8e609f5f04383125d80eaeaaf3e?s=96&d=mm&r=g","caption":"A. P., STA"},"url":"https:\/\/hudo.com\/si\/author\/lubu\/"}]}},"amp_enabled":true,"_links":{"self":[{"href":"https:\/\/hudo.com\/si\/wp-json\/wp\/v2\/posts\/470325"}],"collection":[{"href":"https:\/\/hudo.com\/si\/wp-json\/wp\/v2\/posts"}],"about":[{"href":"https:\/\/hudo.com\/si\/wp-json\/wp\/v2\/types\/post"}],"author":[{"embeddable":true,"href":"https:\/\/hudo.com\/si\/wp-json\/wp\/v2\/users\/7"}],"replies":[{"embeddable":true,"href":"https:\/\/hudo.com\/si\/wp-json\/wp\/v2\/comments?post=470325"}],"version-history":[{"count":1,"href":"https:\/\/hudo.com\/si\/wp-json\/wp\/v2\/posts\/470325\/revisions"}],"predecessor-version":[{"id":470326,"href":"https:\/\/hudo.com\/si\/wp-json\/wp\/v2\/posts\/470325\/revisions\/470326"}],"wp:featuredmedia":[{"embeddable":true,"href":"https:\/\/hudo.com\/si\/wp-json\/wp\/v2\/media\/427236"}],"wp:attachment":[{"href":"https:\/\/hudo.com\/si\/wp-json\/wp\/v2\/media?parent=470325"}],"wp:term":[{"taxonomy":"category","embeddable":true,"href":"https:\/\/hudo.com\/si\/wp-json\/wp\/v2\/categories?post=470325"},{"taxonomy":"post_tag","embeddable":true,"href":"https:\/\/hudo.com\/si\/wp-json\/wp\/v2\/tags?post=470325"},{"taxonomy":"source","embeddable":true,"href":"https:\/\/hudo.com\/si\/wp-json\/wp\/v2\/source?post=470325"},{"taxonomy":"supertag","embeddable":true,"href":"https:\/\/hudo.com\/si\/wp-json\/wp\/v2\/supertag?post=470325"}],"curies":[{"name":"wp","href":"https:\/\/api.w.org\/{rel}","templated":true}]}}