{"id":470343,"date":"2022-07-04T07:32:34","date_gmt":"2022-07-04T05:32:34","guid":{"rendered":"https:\/\/hudo.com\/si\/?p=470343"},"modified":"2022-07-04T07:32:34","modified_gmt":"2022-07-04T05:32:34","slug":"oecd-bo-predstavila-najnovejso-analizo-ekonomskega-stanja-slovenije-in-priporocila-za-nprej","status":"publish","type":"post","link":"https:\/\/hudo.com\/si\/aktualno\/slovenija\/oecd-bo-predstavila-najnovejso-analizo-ekonomskega-stanja-slovenije-in-priporocila-za-nprej\/","title":{"rendered":"OECD bo predstavila najnovej\u0161o analizo ekonomskega stanja Slovenije in priporo\u010dila za nprej"},"content":{"rendered":"<p>Publikacijo Ekonomski pregled za Slovenijo 2022 bo OECD, katere \u010dlanica je Slovenija od julija 2010, predstavila na dana\u0161njem dogodku na Brdu pri Kranju.<\/p>\n<p>V ekonomskem pregledu za posamezno dr\u017eavo \u010dlanico OECD analizira stanje in institucionalno ureditev na podro\u010djih javnih financ, trga dela in poslovnega okolja. Ob tem navede tudi konkretna priporo\u010dila za izbolj\u0161ave na posameznih podro\u010djih, kar dr\u017eavi slu\u017ei kot dobrodo\u0161el instrument za preverjanje in izbolj\u0161anje ekonomskih politik ter primerjavo z drugimi razvitimi dr\u017eavami.<\/p>\n<p>Pri\u010dakovati je, da bo OECD, tako kot \u017ee nekaj let, tudi v tokratnem ekonomskem pregledu opozorila na problem starajo\u010dega se prebivalstva Slovenije, ki ima mo\u010dan vpliv na stabilnost pokojninskega sistema, zdravstveni sistem in trg dela.<\/p>\n<p>Prve odzive bo mogo\u010de sli\u0161ati od finan\u010dnega ministra Klemna Bo\u0161tjan\u010di\u010da, guvernerja Banke Slovenije Bo\u0161tjana Vasleta, ministra za delo, dru\u017eino, socialne zadeve in enake mo\u017enosti Luke Mesca, ministrice za digitalno preobrazbo Emilije Stojmenove Duh ter direktorice Urada RS za makroekonomske analize in razvoj Marijane Bedna\u0161.<\/p>\n<p>V lu\u010di negativnih posledic vojne v Ukrajini je junija OECD nekoliko poslab\u0161ala napovedi za Slovenijo &#8211; za letos ji napoveduje 4,6-odstotno gospodarsko rast, za prihodnje leto pa 2,5-odstotno. Rast bo poganjala doma\u010da potro\u0161nja.<\/p>\n<p>OECD zdru\u017euje 38 gospodarsko razvitih dr\u017eav, ki oblikujejo svetovne standarde in na\u010dela v gospodarskih in razvojnih politikah. \u010clanstvo dr\u017eavi prina\u0161a sprejetje visokih mednarodnih standardov poslovanja, upravljanja dru\u017eb, finan\u010dnih transakcij in varnostnih vpra\u0161anj ter bolj\u0161o koordinacijo in ve\u010djo vlogo v mednarodni politiki.<\/p>\n","protected":false},"excerpt":{"rendered":"<p>Organizacija za ekonomsko sodelovanje in razvoj (OECD) bo danes objavila najnovej\u0161i ekonomski pregled za Slovenijo z analizo ekonomskega stanja na\u0161e dr\u017eave in priporo\u010dili za naprej. Vsebino bo predstavila glavna ekonomistka OECD Laurence Boone, sledili bodo odzivi predstavnikov vlade, Banke Slovenije in Urada RS za makroekonomske analize in razvoj.<\/p>\n","protected":false},"author":8,"featured_media":394478,"comment_status":"closed","ping_status":"closed","sticky":false,"template":"","format":"standard","meta":{"footnotes":""},"categories":[18201],"tags":[5715,1595],"source":[4511],"supertag":[5675],"acf":[],"yoast_head":"<!-- This site is optimized with the Yoast SEO plugin v21.3 - https:\/\/yoast.com\/wordpress\/plugins\/seo\/ -->\n<title>OECD bo predstavila najnovej\u0161o analizo ekonomskega stanja Slovenije in priporo\u010dila za nprej - Hudo Slovenija<\/title>\n<meta name=\"robots\" content=\"index, follow, max-snippet:-1, max-image-preview:large, max-video-preview:-1\" \/>\n<link rel=\"canonical\" href=\"https:\/\/hudo.com\/si\/aktualno\/slovenija\/oecd-bo-predstavila-najnovejso-analizo-ekonomskega-stanja-slovenije-in-priporocila-za-nprej\/\" \/>\n<meta property=\"og:locale\" content=\"sl_SI\" \/>\n<meta property=\"og:type\" content=\"article\" \/>\n<meta property=\"og:title\" content=\"OECD bo predstavila najnovej\u0161o analizo ekonomskega stanja Slovenije in priporo\u010dila za nprej - Hudo Slovenija\" \/>\n<meta property=\"og:description\" content=\"Organizacija za ekonomsko sodelovanje in razvoj (OECD) bo danes objavila najnovej\u0161i ekonomski pregled za Slovenijo z analizo ekonomskega stanja na\u0161e dr\u017eave in priporo\u010dili za naprej. Vsebino bo predstavila glavna ekonomistka OECD Laurence Boone, sledili bodo odzivi predstavnikov vlade, Banke Slovenije in Urada RS za makroekonomske analize in razvoj.\" \/>\n<meta property=\"og:url\" content=\"https:\/\/hudo.com\/si\/aktualno\/slovenija\/oecd-bo-predstavila-najnovejso-analizo-ekonomskega-stanja-slovenije-in-priporocila-za-nprej\/\" \/>\n<meta property=\"og:site_name\" content=\"Hudo Slovenija\" \/>\n<meta property=\"article:publisher\" content=\"https:\/\/www.facebook.com\/hudo.si\" \/>\n<meta property=\"article:published_time\" content=\"2022-07-04T05:32:34+00:00\" \/>\n<meta property=\"og:image\" content=\"https:\/\/hudo.com\/si\/wp-content\/uploads\/sites\/2\/2019\/03\/20150708-00621810.jpg\" \/>\n\t<meta property=\"og:image:width\" content=\"640\" \/>\n\t<meta property=\"og:image:height\" content=\"427\" \/>\n\t<meta property=\"og:image:type\" content=\"image\/jpeg\" \/>\n<meta name=\"author\" content=\"M. N., STA\" \/>\n<meta name=\"twitter:card\" content=\"summary_large_image\" \/>\n<meta name=\"twitter:creator\" content=\"@hudo_si\" \/>\n<meta name=\"twitter:site\" content=\"@hudo_si\" \/>\n<meta name=\"twitter:label1\" content=\"Written by\" \/>\n\t<meta name=\"twitter:data1\" content=\"M. N., STA\" \/>\n\t<meta name=\"twitter:label2\" content=\"Est. reading time\" \/>\n\t<meta name=\"twitter:data2\" content=\"1 minuta\" \/>\n<script type=\"application\/ld+json\" class=\"yoast-schema-graph\">{\"@context\":\"https:\/\/schema.org\",\"@graph\":[{\"@type\":\"Article\",\"@id\":\"https:\/\/hudo.com\/si\/aktualno\/slovenija\/oecd-bo-predstavila-najnovejso-analizo-ekonomskega-stanja-slovenije-in-priporocila-za-nprej\/#article\",\"isPartOf\":{\"@id\":\"https:\/\/hudo.com\/si\/aktualno\/slovenija\/oecd-bo-predstavila-najnovejso-analizo-ekonomskega-stanja-slovenije-in-priporocila-za-nprej\/\"},\"author\":{\"name\":\"M. N., STA\",\"@id\":\"https:\/\/hudo.com\/si\/#\/schema\/person\/c2f10ce65d2e6ede2aeda5be2a0611fa\"},\"headline\":\"OECD bo predstavila najnovej\u0161o analizo ekonomskega stanja Slovenije in priporo\u010dila za nprej\",\"datePublished\":\"2022-07-04T05:32:34+00:00\",\"dateModified\":\"2022-07-04T05:32:34+00:00\",\"mainEntityOfPage\":{\"@id\":\"https:\/\/hudo.com\/si\/aktualno\/slovenija\/oecd-bo-predstavila-najnovejso-analizo-ekonomskega-stanja-slovenije-in-priporocila-za-nprej\/\"},\"wordCount\":275,\"publisher\":{\"@id\":\"https:\/\/hudo.com\/si\/#organization\"},\"keywords\":[\"OECD\",\"Slovenija\"],\"articleSection\":[\"Slovenija\"],\"inLanguage\":\"sl-SI\"},{\"@type\":\"WebPage\",\"@id\":\"https:\/\/hudo.com\/si\/aktualno\/slovenija\/oecd-bo-predstavila-najnovejso-analizo-ekonomskega-stanja-slovenije-in-priporocila-za-nprej\/\",\"url\":\"https:\/\/hudo.com\/si\/aktualno\/slovenija\/oecd-bo-predstavila-najnovejso-analizo-ekonomskega-stanja-slovenije-in-priporocila-za-nprej\/\",\"name\":\"OECD bo predstavila najnovej\u0161o analizo ekonomskega stanja Slovenije in priporo\u010dila za nprej - Hudo Slovenija\",\"isPartOf\":{\"@id\":\"https:\/\/hudo.com\/si\/#website\"},\"datePublished\":\"2022-07-04T05:32:34+00:00\",\"dateModified\":\"2022-07-04T05:32:34+00:00\",\"breadcrumb\":{\"@id\":\"https:\/\/hudo.com\/si\/aktualno\/slovenija\/oecd-bo-predstavila-najnovejso-analizo-ekonomskega-stanja-slovenije-in-priporocila-za-nprej\/#breadcrumb\"},\"inLanguage\":\"sl-SI\",\"potentialAction\":[{\"@type\":\"ReadAction\",\"target\":[\"https:\/\/hudo.com\/si\/aktualno\/slovenija\/oecd-bo-predstavila-najnovejso-analizo-ekonomskega-stanja-slovenije-in-priporocila-za-nprej\/\"]}]},{\"@type\":\"BreadcrumbList\",\"@id\":\"https:\/\/hudo.com\/si\/aktualno\/slovenija\/oecd-bo-predstavila-najnovejso-analizo-ekonomskega-stanja-slovenije-in-priporocila-za-nprej\/#breadcrumb\",\"itemListElement\":[{\"@type\":\"ListItem\",\"position\":1,\"name\":\"Home\",\"item\":\"https:\/\/hudo.com\/si\/\"},{\"@type\":\"ListItem\",\"position\":2,\"name\":\"OECD bo predstavila najnovej\u0161o analizo ekonomskega stanja Slovenije in priporo\u010dila za nprej\"}]},{\"@type\":\"WebSite\",\"@id\":\"https:\/\/hudo.com\/si\/#website\",\"url\":\"https:\/\/hudo.com\/si\/\",\"name\":\"Hudo Slovenija\",\"description\":\"Vse novice iz Slovenije in sveta\",\"publisher\":{\"@id\":\"https:\/\/hudo.com\/si\/#organization\"},\"potentialAction\":[{\"@type\":\"SearchAction\",\"target\":{\"@type\":\"EntryPoint\",\"urlTemplate\":\"https:\/\/hudo.com\/si\/?s={search_term_string}\"},\"query-input\":\"required name=search_term_string\"}],\"inLanguage\":\"sl-SI\"},{\"@type\":\"Organization\",\"@id\":\"https:\/\/hudo.com\/si\/#organization\",\"name\":\"VSN Media\",\"url\":\"https:\/\/hudo.com\/si\/\",\"logo\":{\"@type\":\"ImageObject\",\"inLanguage\":\"sl-SI\",\"@id\":\"https:\/\/hudo.com\/si\/#\/schema\/logo\/image\/\",\"url\":\"https:\/\/hudo.com\/si\/wp-content\/uploads\/sites\/2\/2021\/03\/hudo-app-2.png\",\"contentUrl\":\"https:\/\/hudo.com\/si\/wp-content\/uploads\/sites\/2\/2021\/03\/hudo-app-2.png\",\"width\":2185,\"height\":2167,\"caption\":\"VSN Media\"},\"image\":{\"@id\":\"https:\/\/hudo.com\/si\/#\/schema\/logo\/image\/\"},\"sameAs\":[\"https:\/\/www.facebook.com\/hudo.si\",\"https:\/\/twitter.com\/hudo_si\"]},{\"@type\":\"Person\",\"@id\":\"https:\/\/hudo.com\/si\/#\/schema\/person\/c2f10ce65d2e6ede2aeda5be2a0611fa\",\"name\":\"M. N., STA\",\"image\":{\"@type\":\"ImageObject\",\"inLanguage\":\"sl-SI\",\"@id\":\"https:\/\/hudo.com\/si\/#\/schema\/person\/image\/\",\"url\":\"https:\/\/secure.gravatar.com\/avatar\/f370d38daa10467f755c5c766a4cac20?s=96&d=mm&r=g\",\"contentUrl\":\"https:\/\/secure.gravatar.com\/avatar\/f370d38daa10467f755c5c766a4cac20?s=96&d=mm&r=g\",\"caption\":\"M. N., STA\"},\"url\":\"https:\/\/hudo.com\/si\/author\/mana\/\"}]}<\/script>\n<!-- \/ Yoast SEO plugin. -->","yoast_head_json":{"title":"OECD bo predstavila najnovej\u0161o analizo ekonomskega stanja Slovenije in priporo\u010dila za nprej - Hudo Slovenija","robots":{"index":"index","follow":"follow","max-snippet":"max-snippet:-1","max-image-preview":"max-image-preview:large","max-video-preview":"max-video-preview:-1"},"canonical":"https:\/\/hudo.com\/si\/aktualno\/slovenija\/oecd-bo-predstavila-najnovejso-analizo-ekonomskega-stanja-slovenije-in-priporocila-za-nprej\/","og_locale":"sl_SI","og_type":"article","og_title":"OECD bo predstavila najnovej\u0161o analizo ekonomskega stanja Slovenije in priporo\u010dila za nprej - Hudo Slovenija","og_description":"Organizacija za ekonomsko sodelovanje in razvoj (OECD) bo danes objavila najnovej\u0161i ekonomski pregled za Slovenijo z analizo ekonomskega stanja na\u0161e dr\u017eave in priporo\u010dili za naprej. Vsebino bo predstavila glavna ekonomistka OECD Laurence Boone, sledili bodo odzivi predstavnikov vlade, Banke Slovenije in Urada RS za makroekonomske analize in razvoj.","og_url":"https:\/\/hudo.com\/si\/aktualno\/slovenija\/oecd-bo-predstavila-najnovejso-analizo-ekonomskega-stanja-slovenije-in-priporocila-za-nprej\/","og_site_name":"Hudo Slovenija","article_publisher":"https:\/\/www.facebook.com\/hudo.si","article_published_time":"2022-07-04T05:32:34+00:00","og_image":[{"width":640,"height":427,"url":"https:\/\/hudo.com\/si\/wp-content\/uploads\/sites\/2\/2019\/03\/20150708-00621810.jpg","type":"image\/jpeg"}],"author":"M. N., STA","twitter_card":"summary_large_image","twitter_creator":"@hudo_si","twitter_site":"@hudo_si","twitter_misc":{"Written by":"M. N., STA","Est. reading time":"1 minuta"},"schema":{"@context":"https:\/\/schema.org","@graph":[{"@type":"Article","@id":"https:\/\/hudo.com\/si\/aktualno\/slovenija\/oecd-bo-predstavila-najnovejso-analizo-ekonomskega-stanja-slovenije-in-priporocila-za-nprej\/#article","isPartOf":{"@id":"https:\/\/hudo.com\/si\/aktualno\/slovenija\/oecd-bo-predstavila-najnovejso-analizo-ekonomskega-stanja-slovenije-in-priporocila-za-nprej\/"},"author":{"name":"M. N., STA","@id":"https:\/\/hudo.com\/si\/#\/schema\/person\/c2f10ce65d2e6ede2aeda5be2a0611fa"},"headline":"OECD bo predstavila najnovej\u0161o analizo ekonomskega stanja Slovenije in priporo\u010dila za nprej","datePublished":"2022-07-04T05:32:34+00:00","dateModified":"2022-07-04T05:32:34+00:00","mainEntityOfPage":{"@id":"https:\/\/hudo.com\/si\/aktualno\/slovenija\/oecd-bo-predstavila-najnovejso-analizo-ekonomskega-stanja-slovenije-in-priporocila-za-nprej\/"},"wordCount":275,"publisher":{"@id":"https:\/\/hudo.com\/si\/#organization"},"keywords":["OECD","Slovenija"],"articleSection":["Slovenija"],"inLanguage":"sl-SI"},{"@type":"WebPage","@id":"https:\/\/hudo.com\/si\/aktualno\/slovenija\/oecd-bo-predstavila-najnovejso-analizo-ekonomskega-stanja-slovenije-in-priporocila-za-nprej\/","url":"https:\/\/hudo.com\/si\/aktualno\/slovenija\/oecd-bo-predstavila-najnovejso-analizo-ekonomskega-stanja-slovenije-in-priporocila-za-nprej\/","name":"OECD bo predstavila najnovej\u0161o analizo ekonomskega stanja Slovenije in priporo\u010dila za nprej - Hudo Slovenija","isPartOf":{"@id":"https:\/\/hudo.com\/si\/#website"},"datePublished":"2022-07-04T05:32:34+00:00","dateModified":"2022-07-04T05:32:34+00:00","breadcrumb":{"@id":"https:\/\/hudo.com\/si\/aktualno\/slovenija\/oecd-bo-predstavila-najnovejso-analizo-ekonomskega-stanja-slovenije-in-priporocila-za-nprej\/#breadcrumb"},"inLanguage":"sl-SI","potentialAction":[{"@type":"ReadAction","target":["https:\/\/hudo.com\/si\/aktualno\/slovenija\/oecd-bo-predstavila-najnovejso-analizo-ekonomskega-stanja-slovenije-in-priporocila-za-nprej\/"]}]},{"@type":"BreadcrumbList","@id":"https:\/\/hudo.com\/si\/aktualno\/slovenija\/oecd-bo-predstavila-najnovejso-analizo-ekonomskega-stanja-slovenije-in-priporocila-za-nprej\/#breadcrumb","itemListElement":[{"@type":"ListItem","position":1,"name":"Home","item":"https:\/\/hudo.com\/si\/"},{"@type":"ListItem","position":2,"name":"OECD bo predstavila najnovej\u0161o analizo ekonomskega stanja Slovenije in priporo\u010dila za nprej"}]},{"@type":"WebSite","@id":"https:\/\/hudo.com\/si\/#website","url":"https:\/\/hudo.com\/si\/","name":"Hudo Slovenija","description":"Vse novice iz Slovenije in sveta","publisher":{"@id":"https:\/\/hudo.com\/si\/#organization"},"potentialAction":[{"@type":"SearchAction","target":{"@type":"EntryPoint","urlTemplate":"https:\/\/hudo.com\/si\/?s={search_term_string}"},"query-input":"required name=search_term_string"}],"inLanguage":"sl-SI"},{"@type":"Organization","@id":"https:\/\/hudo.com\/si\/#organization","name":"VSN Media","url":"https:\/\/hudo.com\/si\/","logo":{"@type":"ImageObject","inLanguage":"sl-SI","@id":"https:\/\/hudo.com\/si\/#\/schema\/logo\/image\/","url":"https:\/\/hudo.com\/si\/wp-content\/uploads\/sites\/2\/2021\/03\/hudo-app-2.png","contentUrl":"https:\/\/hudo.com\/si\/wp-content\/uploads\/sites\/2\/2021\/03\/hudo-app-2.png","width":2185,"height":2167,"caption":"VSN Media"},"image":{"@id":"https:\/\/hudo.com\/si\/#\/schema\/logo\/image\/"},"sameAs":["https:\/\/www.facebook.com\/hudo.si","https:\/\/twitter.com\/hudo_si"]},{"@type":"Person","@id":"https:\/\/hudo.com\/si\/#\/schema\/person\/c2f10ce65d2e6ede2aeda5be2a0611fa","name":"M. N., STA","image":{"@type":"ImageObject","inLanguage":"sl-SI","@id":"https:\/\/hudo.com\/si\/#\/schema\/person\/image\/","url":"https:\/\/secure.gravatar.com\/avatar\/f370d38daa10467f755c5c766a4cac20?s=96&d=mm&r=g","contentUrl":"https:\/\/secure.gravatar.com\/avatar\/f370d38daa10467f755c5c766a4cac20?s=96&d=mm&r=g","caption":"M. N., STA"},"url":"https:\/\/hudo.com\/si\/author\/mana\/"}]}},"amp_enabled":true,"_links":{"self":[{"href":"https:\/\/hudo.com\/si\/wp-json\/wp\/v2\/posts\/470343"}],"collection":[{"href":"https:\/\/hudo.com\/si\/wp-json\/wp\/v2\/posts"}],"about":[{"href":"https:\/\/hudo.com\/si\/wp-json\/wp\/v2\/types\/post"}],"author":[{"embeddable":true,"href":"https:\/\/hudo.com\/si\/wp-json\/wp\/v2\/users\/8"}],"replies":[{"embeddable":true,"href":"https:\/\/hudo.com\/si\/wp-json\/wp\/v2\/comments?post=470343"}],"version-history":[{"count":1,"href":"https:\/\/hudo.com\/si\/wp-json\/wp\/v2\/posts\/470343\/revisions"}],"predecessor-version":[{"id":470344,"href":"https:\/\/hudo.com\/si\/wp-json\/wp\/v2\/posts\/470343\/revisions\/470344"}],"wp:featuredmedia":[{"embeddable":true,"href":"https:\/\/hudo.com\/si\/wp-json\/wp\/v2\/media\/394478"}],"wp:attachment":[{"href":"https:\/\/hudo.com\/si\/wp-json\/wp\/v2\/media?parent=470343"}],"wp:term":[{"taxonomy":"category","embeddable":true,"href":"https:\/\/hudo.com\/si\/wp-json\/wp\/v2\/categories?post=470343"},{"taxonomy":"post_tag","embeddable":true,"href":"https:\/\/hudo.com\/si\/wp-json\/wp\/v2\/tags?post=470343"},{"taxonomy":"source","embeddable":true,"href":"https:\/\/hudo.com\/si\/wp-json\/wp\/v2\/source?post=470343"},{"taxonomy":"supertag","embeddable":true,"href":"https:\/\/hudo.com\/si\/wp-json\/wp\/v2\/supertag?post=470343"}],"curies":[{"name":"wp","href":"https:\/\/api.w.org\/{rel}","templated":true}]}}