{"id":470345,"date":"2022-07-04T07:47:15","date_gmt":"2022-07-04T05:47:15","guid":{"rendered":"https:\/\/hudo.com\/si\/?p=470345"},"modified":"2022-07-04T07:47:15","modified_gmt":"2022-07-04T05:47:15","slug":"v-napadu-na-nakupovalno-sredisce-na-danskem-trije-mrtvi","status":"publish","type":"post","link":"https:\/\/hudo.com\/si\/aktualno\/svet\/v-napadu-na-nakupovalno-sredisce-na-danskem-trije-mrtvi\/","title":{"rendered":"V napadu na nakupovalno sredi\u0161\u010de na Danskem trije mrtvi"},"content":{"rendered":"<p>Osumljenca so aretirali na parkiri\u0161\u010du, nedale\u010d od nakupovalnega sredi\u0161\u010da, kmalu po napadu, ki se je zgodil okoli 17.30. Domnevni napadalec naj bi bil stari znanec policije, &#8220;vendar le obrobno&#8221;. Pred sodnika bo stopil danes.<\/p>\n<p>&#8220;Ni nekdo, ki bi ga posebej poznali,&#8221; je na novinarski konferenci povedal na\u010delnik koebenhavnske policije Soren Thomassen.<\/p>\n<p>Pri\u010de, ki jih navajajo danski mediji, so opisale, da je osumljenec posku\u0161al prevarati ljudi, \u010de\u0161 da je njegovo oro\u017eje ponarejeno, da bi jih tako pripravil do tega, da se mu pribli\u017eajo. Po prvih strelih se je proti izhodu iz nakupovalnega sredi\u0161\u010da zgrnilo ve\u010d kot sto ljudi.<\/p>\n<p>&#8220;Na\u0161a lepa in obi\u010dajno varna prestolnica se je spremenila v del\u010dku sekunde,&#8221; je ob napadu dejala danska predsednica vlade Mette Fredriksen.<\/p>\n<p>So\u017ealje je \u017ee izrekla tudi danska kraljeva dru\u017eina, kot tudi finska premierka Sanna Marin in norve\u0161ki premier Jonas Gahr Store, \u0161e navaja AFP.<\/p>\n<p>Do streljanja je pri\u0161lo teden dni po napadu v sredi\u0161\u010du Osla, ki je terjal dve smrtni \u017ertvi.<\/p>\n<p>Zadnjemu strelskemu napadu v danski prestolnici so bili pri\u010da februarja 2015, ko so islamisti ubili dve osebi in ranili pet ljudi.<\/p>\n","protected":false},"excerpt":{"rendered":"<p>V nedeljskem streljanju v nakupovalnem sredi\u0161\u010du v danski prestolnici Koebenhavn so umrli trije ljudje, ve\u010d je bilo ranjenih, od \u010desar so trije v kriti\u010dnem stanju. Policija je kmalu po napadu aretirala 22-letnega Danca, ki naj bi deloval sam, njegovi motivi pa zaenkrat ostajajo nejasni, poro\u010da francoska tiskovna agencija AFP.<\/p>\n","protected":false},"author":5,"featured_media":372229,"comment_status":"closed","ping_status":"closed","sticky":false,"template":"","format":"standard","meta":{"footnotes":""},"categories":[18202],"tags":[2504,3645],"source":[4511],"supertag":[],"acf":[],"yoast_head":"<!-- This site is optimized with the Yoast SEO plugin v21.3 - https:\/\/yoast.com\/wordpress\/plugins\/seo\/ -->\n<title>V napadu na nakupovalno sredi\u0161\u010de na Danskem trije mrtvi - Hudo Slovenija<\/title>\n<meta name=\"robots\" content=\"index, follow, max-snippet:-1, max-image-preview:large, max-video-preview:-1\" \/>\n<link rel=\"canonical\" href=\"https:\/\/hudo.com\/si\/aktualno\/svet\/v-napadu-na-nakupovalno-sredisce-na-danskem-trije-mrtvi\/\" \/>\n<meta property=\"og:locale\" content=\"sl_SI\" \/>\n<meta property=\"og:type\" content=\"article\" \/>\n<meta property=\"og:title\" content=\"V napadu na nakupovalno sredi\u0161\u010de na Danskem trije mrtvi - Hudo Slovenija\" \/>\n<meta property=\"og:description\" content=\"V nedeljskem streljanju v nakupovalnem sredi\u0161\u010du v danski prestolnici Koebenhavn so umrli trije ljudje, ve\u010d je bilo ranjenih, od \u010desar so trije v kriti\u010dnem stanju. Policija je kmalu po napadu aretirala 22-letnega Danca, ki naj bi deloval sam, njegovi motivi pa zaenkrat ostajajo nejasni, poro\u010da francoska tiskovna agencija AFP.\" \/>\n<meta property=\"og:url\" content=\"https:\/\/hudo.com\/si\/aktualno\/svet\/v-napadu-na-nakupovalno-sredisce-na-danskem-trije-mrtvi\/\" \/>\n<meta property=\"og:site_name\" content=\"Hudo Slovenija\" \/>\n<meta property=\"article:publisher\" content=\"https:\/\/www.facebook.com\/hudo.si\" \/>\n<meta property=\"article:published_time\" content=\"2022-07-04T05:47:15+00:00\" \/>\n<meta property=\"og:image\" content=\"https:\/\/hudo.com\/si\/wp-content\/uploads\/sites\/2\/2018\/06\/profimedia-0147637075.jpg\" \/>\n\t<meta property=\"og:image:width\" content=\"1250\" \/>\n\t<meta property=\"og:image:height\" content=\"834\" \/>\n\t<meta property=\"og:image:type\" content=\"image\/jpeg\" \/>\n<meta name=\"author\" content=\"A. G., STA\" \/>\n<meta name=\"twitter:card\" content=\"summary_large_image\" \/>\n<meta name=\"twitter:creator\" content=\"@hudo_si\" \/>\n<meta name=\"twitter:site\" content=\"@hudo_si\" \/>\n<meta name=\"twitter:label1\" content=\"Written by\" \/>\n\t<meta name=\"twitter:data1\" content=\"A. G., STA\" \/>\n\t<meta name=\"twitter:label2\" content=\"Est. reading time\" \/>\n\t<meta name=\"twitter:data2\" content=\"1 minuta\" \/>\n<script type=\"application\/ld+json\" class=\"yoast-schema-graph\">{\"@context\":\"https:\/\/schema.org\",\"@graph\":[{\"@type\":\"Article\",\"@id\":\"https:\/\/hudo.com\/si\/aktualno\/svet\/v-napadu-na-nakupovalno-sredisce-na-danskem-trije-mrtvi\/#article\",\"isPartOf\":{\"@id\":\"https:\/\/hudo.com\/si\/aktualno\/svet\/v-napadu-na-nakupovalno-sredisce-na-danskem-trije-mrtvi\/\"},\"author\":{\"name\":\"A. G., STA\",\"@id\":\"https:\/\/hudo.com\/si\/#\/schema\/person\/2391667a63ea075ba94f2f2dc6b77537\"},\"headline\":\"V napadu na nakupovalno sredi\u0161\u010de na Danskem trije mrtvi\",\"datePublished\":\"2022-07-04T05:47:15+00:00\",\"dateModified\":\"2022-07-04T05:47:15+00:00\",\"mainEntityOfPage\":{\"@id\":\"https:\/\/hudo.com\/si\/aktualno\/svet\/v-napadu-na-nakupovalno-sredisce-na-danskem-trije-mrtvi\/\"},\"wordCount\":204,\"publisher\":{\"@id\":\"https:\/\/hudo.com\/si\/#organization\"},\"keywords\":[\"Danska\",\"napad\"],\"articleSection\":[\"Svet\"],\"inLanguage\":\"sl-SI\"},{\"@type\":\"WebPage\",\"@id\":\"https:\/\/hudo.com\/si\/aktualno\/svet\/v-napadu-na-nakupovalno-sredisce-na-danskem-trije-mrtvi\/\",\"url\":\"https:\/\/hudo.com\/si\/aktualno\/svet\/v-napadu-na-nakupovalno-sredisce-na-danskem-trije-mrtvi\/\",\"name\":\"V napadu na nakupovalno sredi\u0161\u010de na Danskem trije mrtvi - Hudo Slovenija\",\"isPartOf\":{\"@id\":\"https:\/\/hudo.com\/si\/#website\"},\"datePublished\":\"2022-07-04T05:47:15+00:00\",\"dateModified\":\"2022-07-04T05:47:15+00:00\",\"breadcrumb\":{\"@id\":\"https:\/\/hudo.com\/si\/aktualno\/svet\/v-napadu-na-nakupovalno-sredisce-na-danskem-trije-mrtvi\/#breadcrumb\"},\"inLanguage\":\"sl-SI\",\"potentialAction\":[{\"@type\":\"ReadAction\",\"target\":[\"https:\/\/hudo.com\/si\/aktualno\/svet\/v-napadu-na-nakupovalno-sredisce-na-danskem-trije-mrtvi\/\"]}]},{\"@type\":\"BreadcrumbList\",\"@id\":\"https:\/\/hudo.com\/si\/aktualno\/svet\/v-napadu-na-nakupovalno-sredisce-na-danskem-trije-mrtvi\/#breadcrumb\",\"itemListElement\":[{\"@type\":\"ListItem\",\"position\":1,\"name\":\"Home\",\"item\":\"https:\/\/hudo.com\/si\/\"},{\"@type\":\"ListItem\",\"position\":2,\"name\":\"V napadu na nakupovalno sredi\u0161\u010de na Danskem trije mrtvi\"}]},{\"@type\":\"WebSite\",\"@id\":\"https:\/\/hudo.com\/si\/#website\",\"url\":\"https:\/\/hudo.com\/si\/\",\"name\":\"Hudo Slovenija\",\"description\":\"Vse novice iz Slovenije in sveta\",\"publisher\":{\"@id\":\"https:\/\/hudo.com\/si\/#organization\"},\"potentialAction\":[{\"@type\":\"SearchAction\",\"target\":{\"@type\":\"EntryPoint\",\"urlTemplate\":\"https:\/\/hudo.com\/si\/?s={search_term_string}\"},\"query-input\":\"required name=search_term_string\"}],\"inLanguage\":\"sl-SI\"},{\"@type\":\"Organization\",\"@id\":\"https:\/\/hudo.com\/si\/#organization\",\"name\":\"VSN Media\",\"url\":\"https:\/\/hudo.com\/si\/\",\"logo\":{\"@type\":\"ImageObject\",\"inLanguage\":\"sl-SI\",\"@id\":\"https:\/\/hudo.com\/si\/#\/schema\/logo\/image\/\",\"url\":\"https:\/\/hudo.com\/si\/wp-content\/uploads\/sites\/2\/2021\/03\/hudo-app-2.png\",\"contentUrl\":\"https:\/\/hudo.com\/si\/wp-content\/uploads\/sites\/2\/2021\/03\/hudo-app-2.png\",\"width\":2185,\"height\":2167,\"caption\":\"VSN Media\"},\"image\":{\"@id\":\"https:\/\/hudo.com\/si\/#\/schema\/logo\/image\/\"},\"sameAs\":[\"https:\/\/www.facebook.com\/hudo.si\",\"https:\/\/twitter.com\/hudo_si\"]},{\"@type\":\"Person\",\"@id\":\"https:\/\/hudo.com\/si\/#\/schema\/person\/2391667a63ea075ba94f2f2dc6b77537\",\"name\":\"A. G., STA\",\"image\":{\"@type\":\"ImageObject\",\"inLanguage\":\"sl-SI\",\"@id\":\"https:\/\/hudo.com\/si\/#\/schema\/person\/image\/\",\"url\":\"https:\/\/secure.gravatar.com\/avatar\/e13d22ac3e442658d5025fbbe6238a79?s=96&d=mm&r=g\",\"contentUrl\":\"https:\/\/secure.gravatar.com\/avatar\/e13d22ac3e442658d5025fbbe6238a79?s=96&d=mm&r=g\",\"caption\":\"A. G., STA\"},\"url\":\"https:\/\/hudo.com\/si\/author\/alenka\/\"}]}<\/script>\n<!-- \/ Yoast SEO plugin. -->","yoast_head_json":{"title":"V napadu na nakupovalno sredi\u0161\u010de na Danskem trije mrtvi - Hudo Slovenija","robots":{"index":"index","follow":"follow","max-snippet":"max-snippet:-1","max-image-preview":"max-image-preview:large","max-video-preview":"max-video-preview:-1"},"canonical":"https:\/\/hudo.com\/si\/aktualno\/svet\/v-napadu-na-nakupovalno-sredisce-na-danskem-trije-mrtvi\/","og_locale":"sl_SI","og_type":"article","og_title":"V napadu na nakupovalno sredi\u0161\u010de na Danskem trije mrtvi - Hudo Slovenija","og_description":"V nedeljskem streljanju v nakupovalnem sredi\u0161\u010du v danski prestolnici Koebenhavn so umrli trije ljudje, ve\u010d je bilo ranjenih, od \u010desar so trije v kriti\u010dnem stanju. Policija je kmalu po napadu aretirala 22-letnega Danca, ki naj bi deloval sam, njegovi motivi pa zaenkrat ostajajo nejasni, poro\u010da francoska tiskovna agencija AFP.","og_url":"https:\/\/hudo.com\/si\/aktualno\/svet\/v-napadu-na-nakupovalno-sredisce-na-danskem-trije-mrtvi\/","og_site_name":"Hudo Slovenija","article_publisher":"https:\/\/www.facebook.com\/hudo.si","article_published_time":"2022-07-04T05:47:15+00:00","og_image":[{"width":1250,"height":834,"url":"https:\/\/hudo.com\/si\/wp-content\/uploads\/sites\/2\/2018\/06\/profimedia-0147637075.jpg","type":"image\/jpeg"}],"author":"A. G., STA","twitter_card":"summary_large_image","twitter_creator":"@hudo_si","twitter_site":"@hudo_si","twitter_misc":{"Written by":"A. G., STA","Est. reading time":"1 minuta"},"schema":{"@context":"https:\/\/schema.org","@graph":[{"@type":"Article","@id":"https:\/\/hudo.com\/si\/aktualno\/svet\/v-napadu-na-nakupovalno-sredisce-na-danskem-trije-mrtvi\/#article","isPartOf":{"@id":"https:\/\/hudo.com\/si\/aktualno\/svet\/v-napadu-na-nakupovalno-sredisce-na-danskem-trije-mrtvi\/"},"author":{"name":"A. G., STA","@id":"https:\/\/hudo.com\/si\/#\/schema\/person\/2391667a63ea075ba94f2f2dc6b77537"},"headline":"V napadu na nakupovalno sredi\u0161\u010de na Danskem trije mrtvi","datePublished":"2022-07-04T05:47:15+00:00","dateModified":"2022-07-04T05:47:15+00:00","mainEntityOfPage":{"@id":"https:\/\/hudo.com\/si\/aktualno\/svet\/v-napadu-na-nakupovalno-sredisce-na-danskem-trije-mrtvi\/"},"wordCount":204,"publisher":{"@id":"https:\/\/hudo.com\/si\/#organization"},"keywords":["Danska","napad"],"articleSection":["Svet"],"inLanguage":"sl-SI"},{"@type":"WebPage","@id":"https:\/\/hudo.com\/si\/aktualno\/svet\/v-napadu-na-nakupovalno-sredisce-na-danskem-trije-mrtvi\/","url":"https:\/\/hudo.com\/si\/aktualno\/svet\/v-napadu-na-nakupovalno-sredisce-na-danskem-trije-mrtvi\/","name":"V napadu na nakupovalno sredi\u0161\u010de na Danskem trije mrtvi - Hudo Slovenija","isPartOf":{"@id":"https:\/\/hudo.com\/si\/#website"},"datePublished":"2022-07-04T05:47:15+00:00","dateModified":"2022-07-04T05:47:15+00:00","breadcrumb":{"@id":"https:\/\/hudo.com\/si\/aktualno\/svet\/v-napadu-na-nakupovalno-sredisce-na-danskem-trije-mrtvi\/#breadcrumb"},"inLanguage":"sl-SI","potentialAction":[{"@type":"ReadAction","target":["https:\/\/hudo.com\/si\/aktualno\/svet\/v-napadu-na-nakupovalno-sredisce-na-danskem-trije-mrtvi\/"]}]},{"@type":"BreadcrumbList","@id":"https:\/\/hudo.com\/si\/aktualno\/svet\/v-napadu-na-nakupovalno-sredisce-na-danskem-trije-mrtvi\/#breadcrumb","itemListElement":[{"@type":"ListItem","position":1,"name":"Home","item":"https:\/\/hudo.com\/si\/"},{"@type":"ListItem","position":2,"name":"V napadu na nakupovalno sredi\u0161\u010de na Danskem trije mrtvi"}]},{"@type":"WebSite","@id":"https:\/\/hudo.com\/si\/#website","url":"https:\/\/hudo.com\/si\/","name":"Hudo Slovenija","description":"Vse novice iz Slovenije in sveta","publisher":{"@id":"https:\/\/hudo.com\/si\/#organization"},"potentialAction":[{"@type":"SearchAction","target":{"@type":"EntryPoint","urlTemplate":"https:\/\/hudo.com\/si\/?s={search_term_string}"},"query-input":"required name=search_term_string"}],"inLanguage":"sl-SI"},{"@type":"Organization","@id":"https:\/\/hudo.com\/si\/#organization","name":"VSN Media","url":"https:\/\/hudo.com\/si\/","logo":{"@type":"ImageObject","inLanguage":"sl-SI","@id":"https:\/\/hudo.com\/si\/#\/schema\/logo\/image\/","url":"https:\/\/hudo.com\/si\/wp-content\/uploads\/sites\/2\/2021\/03\/hudo-app-2.png","contentUrl":"https:\/\/hudo.com\/si\/wp-content\/uploads\/sites\/2\/2021\/03\/hudo-app-2.png","width":2185,"height":2167,"caption":"VSN Media"},"image":{"@id":"https:\/\/hudo.com\/si\/#\/schema\/logo\/image\/"},"sameAs":["https:\/\/www.facebook.com\/hudo.si","https:\/\/twitter.com\/hudo_si"]},{"@type":"Person","@id":"https:\/\/hudo.com\/si\/#\/schema\/person\/2391667a63ea075ba94f2f2dc6b77537","name":"A. G., STA","image":{"@type":"ImageObject","inLanguage":"sl-SI","@id":"https:\/\/hudo.com\/si\/#\/schema\/person\/image\/","url":"https:\/\/secure.gravatar.com\/avatar\/e13d22ac3e442658d5025fbbe6238a79?s=96&d=mm&r=g","contentUrl":"https:\/\/secure.gravatar.com\/avatar\/e13d22ac3e442658d5025fbbe6238a79?s=96&d=mm&r=g","caption":"A. G., STA"},"url":"https:\/\/hudo.com\/si\/author\/alenka\/"}]}},"amp_enabled":true,"_links":{"self":[{"href":"https:\/\/hudo.com\/si\/wp-json\/wp\/v2\/posts\/470345"}],"collection":[{"href":"https:\/\/hudo.com\/si\/wp-json\/wp\/v2\/posts"}],"about":[{"href":"https:\/\/hudo.com\/si\/wp-json\/wp\/v2\/types\/post"}],"author":[{"embeddable":true,"href":"https:\/\/hudo.com\/si\/wp-json\/wp\/v2\/users\/5"}],"replies":[{"embeddable":true,"href":"https:\/\/hudo.com\/si\/wp-json\/wp\/v2\/comments?post=470345"}],"version-history":[{"count":1,"href":"https:\/\/hudo.com\/si\/wp-json\/wp\/v2\/posts\/470345\/revisions"}],"predecessor-version":[{"id":470346,"href":"https:\/\/hudo.com\/si\/wp-json\/wp\/v2\/posts\/470345\/revisions\/470346"}],"wp:featuredmedia":[{"embeddable":true,"href":"https:\/\/hudo.com\/si\/wp-json\/wp\/v2\/media\/372229"}],"wp:attachment":[{"href":"https:\/\/hudo.com\/si\/wp-json\/wp\/v2\/media?parent=470345"}],"wp:term":[{"taxonomy":"category","embeddable":true,"href":"https:\/\/hudo.com\/si\/wp-json\/wp\/v2\/categories?post=470345"},{"taxonomy":"post_tag","embeddable":true,"href":"https:\/\/hudo.com\/si\/wp-json\/wp\/v2\/tags?post=470345"},{"taxonomy":"source","embeddable":true,"href":"https:\/\/hudo.com\/si\/wp-json\/wp\/v2\/source?post=470345"},{"taxonomy":"supertag","embeddable":true,"href":"https:\/\/hudo.com\/si\/wp-json\/wp\/v2\/supertag?post=470345"}],"curies":[{"name":"wp","href":"https:\/\/api.w.org\/{rel}","templated":true}]}}