{"id":470350,"date":"2022-07-04T08:11:08","date_gmt":"2022-07-04T06:11:08","guid":{"rendered":"https:\/\/hudo.com\/si\/?p=470350"},"modified":"2022-07-04T08:11:08","modified_gmt":"2022-07-04T06:11:08","slug":"nesreca-v-italijanskih-dolomitih-v-kateri-se-je-odlomil-del-ledenika-terjala-najmanj-sest-zivljenj-iskanje-se-nadaljuje","status":"publish","type":"post","link":"https:\/\/hudo.com\/si\/aktualno\/svet\/nesreca-v-italijanskih-dolomitih-v-kateri-se-je-odlomil-del-ledenika-terjala-najmanj-sest-zivljenj-iskanje-se-nadaljuje\/","title":{"rendered":"Nesre\u010da v italijanskih Dolomitih, v kateri se je odlomil del ledenika, terjala najmanj \u0161est \u017eivljenj; iskanje se nadaljuje"},"content":{"rendered":"<p>&#8220;Plaz snega, ledu in kamenja je zasul dostopno pot v \u010dasu, ko je bilo na njej ve\u010d vrvnih skupin, od katerih je nekatere odneslo,&#8221; je po poro\u010danju francoske tiskovne agencije AFP povedala tiskovna predstavnica re\u0161evalnih slu\u017eb Michela Canova.<\/p>\n<p>Nesre\u010da se je zgodila dan po tem, ko so na vrhu ledenika zabele\u017eili rekordno visoko temperaturo 10 stopinj Celzija. Strokovnjaki menijo, da naj bi bilo za nesre\u010do krivo prav nenavadno toplo vreme, povezano z globalnim segrevanjem. V prihodnje bi lahko zaradi tega pri\u0161lo do \u0161e ve\u010d podobnih nesre\u010d.<\/p>\n<p>&#8220;Sedanje razmere na ledeniku ustrezajo sredini avgusta in ne za\u010detku julija,&#8221; je dejal profesor naravoslovja na univerzi Roma Tre Massimo Frezzotti.<\/p>\n<p>Dr\u017eavljanstva \u017ertev oblasti niso sporo\u010dile, vendar pa so italijanski mediji poro\u010dali, da naj bi bili med njimi tudi tuji dr\u017eavljani. Re\u0161evalna slu\u017eba je aktivirala brezpla\u010dno telefonsko \u0161tevilko, na kateri lahko ljudje prijavijo prijatelje ali sorodnike, ki se niso vrnili z izleta na ledenik.<\/p>\n<p>Dr\u017eavno to\u017eilstvo v Trentu je medtem za\u010delo s preiskovanjem morebitnih vzrokov za nesre\u010do.<\/p>\n<p>So\u017ealje dru\u017einam \u017ertev je prek Twitterja izrazil italijanski premier Mario Draghi.<\/p>\n<p>Ledenik Marmolada, imenovan tudi &#8220;kraljica Dolomitov&#8221;, je sicer najve\u010dji v gorski verigi Dolomiti in napaja reko Avisio. V skladu z mar\u010devskim poro\u010dilom Medvladnega odbora ZN za podnebne spremembe (IPCC) je taljenje ledu in snega ena od desetih glavnih gro\u017eenj, ki jih povzro\u010da globalno segrevanje. Po navedbah odbora, bi lahko ledeniki v Skandinaviji, Srednji Evropi in na Kavkazu do konca stoletja izgubili 60 do 80 odstotkov svoje mase, \u0161e navaja AFP.<\/p>\n","protected":false},"excerpt":{"rendered":"<p>V nedeljski nesre\u010di na gori Marmolada v italijanskih Dolomitih, v kateri se je odlomil del ledenika in spro\u017eil plaz, je po zadnjih podatkih umrlo \u0161est ljudi, najmanj osem pa je bilo ranjenih. Re\u0161evalci danes nadaljujejo z iskanjem, po navedbah oblasti pa za zdaj ne poznajo skupnega \u0161tevila plezalcev, ki jih je plaz zasul.<\/p>\n","protected":false},"author":8,"featured_media":470352,"comment_status":"closed","ping_status":"closed","sticky":false,"template":"","format":"standard","meta":{"footnotes":""},"categories":[18202],"tags":[19992,8377,4143],"source":[4511],"supertag":[],"acf":[],"yoast_head":"<!-- This site is optimized with the Yoast SEO plugin v21.3 - https:\/\/yoast.com\/wordpress\/plugins\/seo\/ -->\n<title>Nesre\u010da v italijanskih Dolomitih, v kateri se je odlomil del ledenika, terjala najmanj \u0161est \u017eivljenj; iskanje se nadaljuje - Hudo Slovenija<\/title>\n<meta name=\"robots\" content=\"index, follow, max-snippet:-1, max-image-preview:large, max-video-preview:-1\" \/>\n<link rel=\"canonical\" href=\"https:\/\/hudo.com\/si\/aktualno\/svet\/nesreca-v-italijanskih-dolomitih-v-kateri-se-je-odlomil-del-ledenika-terjala-najmanj-sest-zivljenj-iskanje-se-nadaljuje\/\" \/>\n<meta property=\"og:locale\" content=\"sl_SI\" \/>\n<meta property=\"og:type\" content=\"article\" \/>\n<meta property=\"og:title\" content=\"Nesre\u010da v italijanskih Dolomitih, v kateri se je odlomil del ledenika, terjala najmanj \u0161est \u017eivljenj; iskanje se nadaljuje - Hudo Slovenija\" \/>\n<meta property=\"og:description\" content=\"V nedeljski nesre\u010di na gori Marmolada v italijanskih Dolomitih, v kateri se je odlomil del ledenika in spro\u017eil plaz, je po zadnjih podatkih umrlo \u0161est ljudi, najmanj osem pa je bilo ranjenih. Re\u0161evalci danes nadaljujejo z iskanjem, po navedbah oblasti pa za zdaj ne poznajo skupnega \u0161tevila plezalcev, ki jih je plaz zasul.\" \/>\n<meta property=\"og:url\" content=\"https:\/\/hudo.com\/si\/aktualno\/svet\/nesreca-v-italijanskih-dolomitih-v-kateri-se-je-odlomil-del-ledenika-terjala-najmanj-sest-zivljenj-iskanje-se-nadaljuje\/\" \/>\n<meta property=\"og:site_name\" content=\"Hudo Slovenija\" \/>\n<meta property=\"article:publisher\" content=\"https:\/\/www.facebook.com\/hudo.si\" \/>\n<meta property=\"article:published_time\" content=\"2022-07-04T06:11:08+00:00\" \/>\n<meta property=\"og:image\" content=\"https:\/\/hudo.com\/si\/wp-content\/uploads\/sites\/2\/2022\/07\/profimedia-0388793353.jpg\" \/>\n\t<meta property=\"og:image:width\" content=\"500\" \/>\n\t<meta property=\"og:image:height\" content=\"228\" \/>\n\t<meta property=\"og:image:type\" content=\"image\/jpeg\" \/>\n<meta name=\"author\" content=\"M. N., STA\" \/>\n<meta name=\"twitter:card\" content=\"summary_large_image\" \/>\n<meta name=\"twitter:creator\" content=\"@hudo_si\" \/>\n<meta name=\"twitter:site\" content=\"@hudo_si\" \/>\n<meta name=\"twitter:label1\" content=\"Written by\" \/>\n\t<meta name=\"twitter:data1\" content=\"M. N., STA\" \/>\n\t<meta name=\"twitter:label2\" content=\"Est. reading time\" \/>\n\t<meta name=\"twitter:data2\" content=\"1 minuta\" \/>\n<script type=\"application\/ld+json\" class=\"yoast-schema-graph\">{\"@context\":\"https:\/\/schema.org\",\"@graph\":[{\"@type\":\"Article\",\"@id\":\"https:\/\/hudo.com\/si\/aktualno\/svet\/nesreca-v-italijanskih-dolomitih-v-kateri-se-je-odlomil-del-ledenika-terjala-najmanj-sest-zivljenj-iskanje-se-nadaljuje\/#article\",\"isPartOf\":{\"@id\":\"https:\/\/hudo.com\/si\/aktualno\/svet\/nesreca-v-italijanskih-dolomitih-v-kateri-se-je-odlomil-del-ledenika-terjala-najmanj-sest-zivljenj-iskanje-se-nadaljuje\/\"},\"author\":{\"name\":\"M. N., STA\",\"@id\":\"https:\/\/hudo.com\/si\/#\/schema\/person\/c2f10ce65d2e6ede2aeda5be2a0611fa\"},\"headline\":\"Nesre\u010da v italijanskih Dolomitih, v kateri se je odlomil del ledenika, terjala najmanj \u0161est \u017eivljenj; iskanje se nadaljuje\",\"datePublished\":\"2022-07-04T06:11:08+00:00\",\"dateModified\":\"2022-07-04T06:11:08+00:00\",\"mainEntityOfPage\":{\"@id\":\"https:\/\/hudo.com\/si\/aktualno\/svet\/nesreca-v-italijanskih-dolomitih-v-kateri-se-je-odlomil-del-ledenika-terjala-najmanj-sest-zivljenj-iskanje-se-nadaljuje\/\"},\"wordCount\":286,\"publisher\":{\"@id\":\"https:\/\/hudo.com\/si\/#organization\"},\"keywords\":[\"dolomiti\",\"nesre\u010da v gorah\",\"plaz\"],\"articleSection\":[\"Svet\"],\"inLanguage\":\"sl-SI\"},{\"@type\":\"WebPage\",\"@id\":\"https:\/\/hudo.com\/si\/aktualno\/svet\/nesreca-v-italijanskih-dolomitih-v-kateri-se-je-odlomil-del-ledenika-terjala-najmanj-sest-zivljenj-iskanje-se-nadaljuje\/\",\"url\":\"https:\/\/hudo.com\/si\/aktualno\/svet\/nesreca-v-italijanskih-dolomitih-v-kateri-se-je-odlomil-del-ledenika-terjala-najmanj-sest-zivljenj-iskanje-se-nadaljuje\/\",\"name\":\"Nesre\u010da v italijanskih Dolomitih, v kateri se je odlomil del ledenika, terjala najmanj \u0161est \u017eivljenj; iskanje se nadaljuje - Hudo Slovenija\",\"isPartOf\":{\"@id\":\"https:\/\/hudo.com\/si\/#website\"},\"datePublished\":\"2022-07-04T06:11:08+00:00\",\"dateModified\":\"2022-07-04T06:11:08+00:00\",\"breadcrumb\":{\"@id\":\"https:\/\/hudo.com\/si\/aktualno\/svet\/nesreca-v-italijanskih-dolomitih-v-kateri-se-je-odlomil-del-ledenika-terjala-najmanj-sest-zivljenj-iskanje-se-nadaljuje\/#breadcrumb\"},\"inLanguage\":\"sl-SI\",\"potentialAction\":[{\"@type\":\"ReadAction\",\"target\":[\"https:\/\/hudo.com\/si\/aktualno\/svet\/nesreca-v-italijanskih-dolomitih-v-kateri-se-je-odlomil-del-ledenika-terjala-najmanj-sest-zivljenj-iskanje-se-nadaljuje\/\"]}]},{\"@type\":\"BreadcrumbList\",\"@id\":\"https:\/\/hudo.com\/si\/aktualno\/svet\/nesreca-v-italijanskih-dolomitih-v-kateri-se-je-odlomil-del-ledenika-terjala-najmanj-sest-zivljenj-iskanje-se-nadaljuje\/#breadcrumb\",\"itemListElement\":[{\"@type\":\"ListItem\",\"position\":1,\"name\":\"Home\",\"item\":\"https:\/\/hudo.com\/si\/\"},{\"@type\":\"ListItem\",\"position\":2,\"name\":\"Nesre\u010da v italijanskih Dolomitih, v kateri se je odlomil del ledenika, terjala najmanj \u0161est \u017eivljenj; iskanje se nadaljuje\"}]},{\"@type\":\"WebSite\",\"@id\":\"https:\/\/hudo.com\/si\/#website\",\"url\":\"https:\/\/hudo.com\/si\/\",\"name\":\"Hudo Slovenija\",\"description\":\"Vse novice iz Slovenije in sveta\",\"publisher\":{\"@id\":\"https:\/\/hudo.com\/si\/#organization\"},\"potentialAction\":[{\"@type\":\"SearchAction\",\"target\":{\"@type\":\"EntryPoint\",\"urlTemplate\":\"https:\/\/hudo.com\/si\/?s={search_term_string}\"},\"query-input\":\"required name=search_term_string\"}],\"inLanguage\":\"sl-SI\"},{\"@type\":\"Organization\",\"@id\":\"https:\/\/hudo.com\/si\/#organization\",\"name\":\"VSN Media\",\"url\":\"https:\/\/hudo.com\/si\/\",\"logo\":{\"@type\":\"ImageObject\",\"inLanguage\":\"sl-SI\",\"@id\":\"https:\/\/hudo.com\/si\/#\/schema\/logo\/image\/\",\"url\":\"https:\/\/hudo.com\/si\/wp-content\/uploads\/sites\/2\/2021\/03\/hudo-app-2.png\",\"contentUrl\":\"https:\/\/hudo.com\/si\/wp-content\/uploads\/sites\/2\/2021\/03\/hudo-app-2.png\",\"width\":2185,\"height\":2167,\"caption\":\"VSN Media\"},\"image\":{\"@id\":\"https:\/\/hudo.com\/si\/#\/schema\/logo\/image\/\"},\"sameAs\":[\"https:\/\/www.facebook.com\/hudo.si\",\"https:\/\/twitter.com\/hudo_si\"]},{\"@type\":\"Person\",\"@id\":\"https:\/\/hudo.com\/si\/#\/schema\/person\/c2f10ce65d2e6ede2aeda5be2a0611fa\",\"name\":\"M. N., STA\",\"image\":{\"@type\":\"ImageObject\",\"inLanguage\":\"sl-SI\",\"@id\":\"https:\/\/hudo.com\/si\/#\/schema\/person\/image\/\",\"url\":\"https:\/\/secure.gravatar.com\/avatar\/f370d38daa10467f755c5c766a4cac20?s=96&d=mm&r=g\",\"contentUrl\":\"https:\/\/secure.gravatar.com\/avatar\/f370d38daa10467f755c5c766a4cac20?s=96&d=mm&r=g\",\"caption\":\"M. N., STA\"},\"url\":\"https:\/\/hudo.com\/si\/author\/mana\/\"}]}<\/script>\n<!-- \/ Yoast SEO plugin. -->","yoast_head_json":{"title":"Nesre\u010da v italijanskih Dolomitih, v kateri se je odlomil del ledenika, terjala najmanj \u0161est \u017eivljenj; iskanje se nadaljuje - Hudo Slovenija","robots":{"index":"index","follow":"follow","max-snippet":"max-snippet:-1","max-image-preview":"max-image-preview:large","max-video-preview":"max-video-preview:-1"},"canonical":"https:\/\/hudo.com\/si\/aktualno\/svet\/nesreca-v-italijanskih-dolomitih-v-kateri-se-je-odlomil-del-ledenika-terjala-najmanj-sest-zivljenj-iskanje-se-nadaljuje\/","og_locale":"sl_SI","og_type":"article","og_title":"Nesre\u010da v italijanskih Dolomitih, v kateri se je odlomil del ledenika, terjala najmanj \u0161est \u017eivljenj; iskanje se nadaljuje - Hudo Slovenija","og_description":"V nedeljski nesre\u010di na gori Marmolada v italijanskih Dolomitih, v kateri se je odlomil del ledenika in spro\u017eil plaz, je po zadnjih podatkih umrlo \u0161est ljudi, najmanj osem pa je bilo ranjenih. Re\u0161evalci danes nadaljujejo z iskanjem, po navedbah oblasti pa za zdaj ne poznajo skupnega \u0161tevila plezalcev, ki jih je plaz zasul.","og_url":"https:\/\/hudo.com\/si\/aktualno\/svet\/nesreca-v-italijanskih-dolomitih-v-kateri-se-je-odlomil-del-ledenika-terjala-najmanj-sest-zivljenj-iskanje-se-nadaljuje\/","og_site_name":"Hudo Slovenija","article_publisher":"https:\/\/www.facebook.com\/hudo.si","article_published_time":"2022-07-04T06:11:08+00:00","og_image":[{"width":500,"height":228,"url":"https:\/\/hudo.com\/si\/wp-content\/uploads\/sites\/2\/2022\/07\/profimedia-0388793353.jpg","type":"image\/jpeg"}],"author":"M. N., STA","twitter_card":"summary_large_image","twitter_creator":"@hudo_si","twitter_site":"@hudo_si","twitter_misc":{"Written by":"M. N., STA","Est. reading time":"1 minuta"},"schema":{"@context":"https:\/\/schema.org","@graph":[{"@type":"Article","@id":"https:\/\/hudo.com\/si\/aktualno\/svet\/nesreca-v-italijanskih-dolomitih-v-kateri-se-je-odlomil-del-ledenika-terjala-najmanj-sest-zivljenj-iskanje-se-nadaljuje\/#article","isPartOf":{"@id":"https:\/\/hudo.com\/si\/aktualno\/svet\/nesreca-v-italijanskih-dolomitih-v-kateri-se-je-odlomil-del-ledenika-terjala-najmanj-sest-zivljenj-iskanje-se-nadaljuje\/"},"author":{"name":"M. N., STA","@id":"https:\/\/hudo.com\/si\/#\/schema\/person\/c2f10ce65d2e6ede2aeda5be2a0611fa"},"headline":"Nesre\u010da v italijanskih Dolomitih, v kateri se je odlomil del ledenika, terjala najmanj \u0161est \u017eivljenj; iskanje se nadaljuje","datePublished":"2022-07-04T06:11:08+00:00","dateModified":"2022-07-04T06:11:08+00:00","mainEntityOfPage":{"@id":"https:\/\/hudo.com\/si\/aktualno\/svet\/nesreca-v-italijanskih-dolomitih-v-kateri-se-je-odlomil-del-ledenika-terjala-najmanj-sest-zivljenj-iskanje-se-nadaljuje\/"},"wordCount":286,"publisher":{"@id":"https:\/\/hudo.com\/si\/#organization"},"keywords":["dolomiti","nesre\u010da v gorah","plaz"],"articleSection":["Svet"],"inLanguage":"sl-SI"},{"@type":"WebPage","@id":"https:\/\/hudo.com\/si\/aktualno\/svet\/nesreca-v-italijanskih-dolomitih-v-kateri-se-je-odlomil-del-ledenika-terjala-najmanj-sest-zivljenj-iskanje-se-nadaljuje\/","url":"https:\/\/hudo.com\/si\/aktualno\/svet\/nesreca-v-italijanskih-dolomitih-v-kateri-se-je-odlomil-del-ledenika-terjala-najmanj-sest-zivljenj-iskanje-se-nadaljuje\/","name":"Nesre\u010da v italijanskih Dolomitih, v kateri se je odlomil del ledenika, terjala najmanj \u0161est \u017eivljenj; iskanje se nadaljuje - Hudo Slovenija","isPartOf":{"@id":"https:\/\/hudo.com\/si\/#website"},"datePublished":"2022-07-04T06:11:08+00:00","dateModified":"2022-07-04T06:11:08+00:00","breadcrumb":{"@id":"https:\/\/hudo.com\/si\/aktualno\/svet\/nesreca-v-italijanskih-dolomitih-v-kateri-se-je-odlomil-del-ledenika-terjala-najmanj-sest-zivljenj-iskanje-se-nadaljuje\/#breadcrumb"},"inLanguage":"sl-SI","potentialAction":[{"@type":"ReadAction","target":["https:\/\/hudo.com\/si\/aktualno\/svet\/nesreca-v-italijanskih-dolomitih-v-kateri-se-je-odlomil-del-ledenika-terjala-najmanj-sest-zivljenj-iskanje-se-nadaljuje\/"]}]},{"@type":"BreadcrumbList","@id":"https:\/\/hudo.com\/si\/aktualno\/svet\/nesreca-v-italijanskih-dolomitih-v-kateri-se-je-odlomil-del-ledenika-terjala-najmanj-sest-zivljenj-iskanje-se-nadaljuje\/#breadcrumb","itemListElement":[{"@type":"ListItem","position":1,"name":"Home","item":"https:\/\/hudo.com\/si\/"},{"@type":"ListItem","position":2,"name":"Nesre\u010da v italijanskih Dolomitih, v kateri se je odlomil del ledenika, terjala najmanj \u0161est \u017eivljenj; iskanje se nadaljuje"}]},{"@type":"WebSite","@id":"https:\/\/hudo.com\/si\/#website","url":"https:\/\/hudo.com\/si\/","name":"Hudo Slovenija","description":"Vse novice iz Slovenije in sveta","publisher":{"@id":"https:\/\/hudo.com\/si\/#organization"},"potentialAction":[{"@type":"SearchAction","target":{"@type":"EntryPoint","urlTemplate":"https:\/\/hudo.com\/si\/?s={search_term_string}"},"query-input":"required name=search_term_string"}],"inLanguage":"sl-SI"},{"@type":"Organization","@id":"https:\/\/hudo.com\/si\/#organization","name":"VSN Media","url":"https:\/\/hudo.com\/si\/","logo":{"@type":"ImageObject","inLanguage":"sl-SI","@id":"https:\/\/hudo.com\/si\/#\/schema\/logo\/image\/","url":"https:\/\/hudo.com\/si\/wp-content\/uploads\/sites\/2\/2021\/03\/hudo-app-2.png","contentUrl":"https:\/\/hudo.com\/si\/wp-content\/uploads\/sites\/2\/2021\/03\/hudo-app-2.png","width":2185,"height":2167,"caption":"VSN Media"},"image":{"@id":"https:\/\/hudo.com\/si\/#\/schema\/logo\/image\/"},"sameAs":["https:\/\/www.facebook.com\/hudo.si","https:\/\/twitter.com\/hudo_si"]},{"@type":"Person","@id":"https:\/\/hudo.com\/si\/#\/schema\/person\/c2f10ce65d2e6ede2aeda5be2a0611fa","name":"M. N., STA","image":{"@type":"ImageObject","inLanguage":"sl-SI","@id":"https:\/\/hudo.com\/si\/#\/schema\/person\/image\/","url":"https:\/\/secure.gravatar.com\/avatar\/f370d38daa10467f755c5c766a4cac20?s=96&d=mm&r=g","contentUrl":"https:\/\/secure.gravatar.com\/avatar\/f370d38daa10467f755c5c766a4cac20?s=96&d=mm&r=g","caption":"M. N., STA"},"url":"https:\/\/hudo.com\/si\/author\/mana\/"}]}},"amp_enabled":true,"_links":{"self":[{"href":"https:\/\/hudo.com\/si\/wp-json\/wp\/v2\/posts\/470350"}],"collection":[{"href":"https:\/\/hudo.com\/si\/wp-json\/wp\/v2\/posts"}],"about":[{"href":"https:\/\/hudo.com\/si\/wp-json\/wp\/v2\/types\/post"}],"author":[{"embeddable":true,"href":"https:\/\/hudo.com\/si\/wp-json\/wp\/v2\/users\/8"}],"replies":[{"embeddable":true,"href":"https:\/\/hudo.com\/si\/wp-json\/wp\/v2\/comments?post=470350"}],"version-history":[{"count":1,"href":"https:\/\/hudo.com\/si\/wp-json\/wp\/v2\/posts\/470350\/revisions"}],"predecessor-version":[{"id":470353,"href":"https:\/\/hudo.com\/si\/wp-json\/wp\/v2\/posts\/470350\/revisions\/470353"}],"wp:featuredmedia":[{"embeddable":true,"href":"https:\/\/hudo.com\/si\/wp-json\/wp\/v2\/media\/470352"}],"wp:attachment":[{"href":"https:\/\/hudo.com\/si\/wp-json\/wp\/v2\/media?parent=470350"}],"wp:term":[{"taxonomy":"category","embeddable":true,"href":"https:\/\/hudo.com\/si\/wp-json\/wp\/v2\/categories?post=470350"},{"taxonomy":"post_tag","embeddable":true,"href":"https:\/\/hudo.com\/si\/wp-json\/wp\/v2\/tags?post=470350"},{"taxonomy":"source","embeddable":true,"href":"https:\/\/hudo.com\/si\/wp-json\/wp\/v2\/source?post=470350"},{"taxonomy":"supertag","embeddable":true,"href":"https:\/\/hudo.com\/si\/wp-json\/wp\/v2\/supertag?post=470350"}],"curies":[{"name":"wp","href":"https:\/\/api.w.org\/{rel}","templated":true}]}}