{"id":470351,"date":"2022-07-04T08:14:18","date_gmt":"2022-07-04T06:14:18","guid":{"rendered":"https:\/\/hudo.com\/si\/?p=470351"},"modified":"2022-07-04T08:14:18","modified_gmt":"2022-07-04T06:14:18","slug":"goran-dragic-mika-me-nastop-na-eurobasketu","status":"publish","type":"post","link":"https:\/\/hudo.com\/si\/aktualno\/slovenija\/goran-dragic-mika-me-nastop-na-eurobasketu\/","title":{"rendered":"Goran Dragi\u0107: Mika me nastop na eurobasketu"},"content":{"rendered":"<p>&#8220;Ko me je \u0161vedski novinar po tekmi vpra\u0161al, ali bom naslednje leto nastopil na svetovnem prvenstvu, sem se le nasmejal. Pri 36 letih res ne razmi\u0161ljam eno leto vnaprej. \u017delim igrati ko\u0161arko \u0161e dve, tri leta, zato moram paziti na svoje telo,&#8221; je uvodoma dejal Goran Dragi\u0107 in nadaljeval: &#8220;Kar se ti\u010de avgustovskih kvalifikacij za svetovno prvenstvo, tudi mislim, da ne bo \u0161lo, saj imam ravno tedaj v Miamiju neke osebne zadeve, priznam pa, da me mika nastop na evropskem prvenstvu.&#8221;<\/p>\n<p>&#8220;V zadnjih \u0161tirinajstih dneh, odkar sem znova v reprezentanci, so se mi vrnili ob\u010dutki z evropskega prvenstva 2017. Res smo dobra klapa. Fantje so super, imamo se odli\u010dno, igramo en za drugega in vsi zelo u\u017eivamo. Res je lepo biti del te ekipe, tako da \u010de po\u0161teno povem, me kar mika, da bi se jim pridru\u017eil na evropskem prvenstvu. Po drugi strani pa sem \u0161e malo neodlo\u010den. Niti sam ne vem, ali bi \u0161el ali ne. Zaenkrat ne bi rad povedal ni\u010d definitivnega,&#8221; je dejal Goran Dragi\u0107 za STA.<\/p>\n<p>Kljub temu, da je kapetan zlate reprezentance, ki bo septembra v Nem\u010diji branila naslov iz 2017, pustil priprta vrata v reprezentanco, je obudil nekaj spominov na reprezentan\u010dno kariero. Izbral je tri najlep\u0161e.<\/p>\n<p>&#8220;Najprej bi izpostavil 2006, ko sem prvi\u010d oblekel \u010dlanski dres. Marko Mili\u010d, Jaka Lakovi\u010d, Ra\u0161o Nesterovi\u0107 in Aleksander \u0106apin so bili tisti, ki so imeli name najve\u010dji vpliv in ki so mi na za\u010detku najbolj pomagali. Nato sledi doma\u010de evropsko prvenstvo 2013. Bilo je nekaj posebnega igrati pred doma\u010do publiko, a \u017eal smo v izlo\u010dilnih bojih naleteli na Francijo, ki se je nato zavihtela na evropski prestol. Vrhunec moje reprezentan\u010dne kariere pa je seveda eurobasket 2017, zlata medalja in naziv MVP,&#8221; je povedal Goran Dragi\u0107.<\/p>\n<p>Izbral je tudi dva najbolj tema\u010dna trenutka. &#8220;Uf, \u0161e zdaj me boli pri srcu, ko se spomnim evropskega prvenstva 2007 in tekme z Gr\u010dijo. Dve minuti in pol pred koncem smo vodili za 12 to\u010dk, nato pa izgubili. Imeli smo mlado, poletno reprezentanco z Nesterovi\u0107em, Lakovi\u010dem in Smodi\u0161em, ki bi lahko spisala lepo pravljico. Tudi moja vloga v ekipi je bila tedaj bolj izrazita kot leto prej na SP na Japonskem. Zelo pa boli tudi EP 2009, ko zaradi po\u0161kodbe kri\u017enih vezi nisem mogel pomagati ekipi v izlo\u010dilnih tekmah,&#8221; je dejal.<\/p>\n<p>Za konec pogovora s STA je kapetan nekaj besed namenil \u0161e rekordu, ki ga je postavil na tekmi proti \u0160vedski. &#8220;O dose\u017eku seveda nisem razmi\u0161ljal, vedel pa sem, da sem blizu, saj mi je boter sina, Gregor Terzi\u010d, kak\u0161en mesec nazaj dejal, da bi lahko, \u010de bom znova zaigral za reprezentanco, posegel po rekordu. A to v bistvu sploh ni pomembno. Po eni strani je ko\u0161arka ekipni \u0161port in tu \u0161tejejo zmage, po drugi pa sem prepri\u010dan, da rekord ne bo dolgo obveljal, saj prihaja &#8216;magic&#8217; Luka, ki ga bo zlahka presegel,&#8221; je zaklju\u010dil Goran Dragi\u0107.<\/p>\n","protected":false},"excerpt":{"rendered":"<p>Kapetan slovenske ko\u0161arkarske reprezentance Goran Dragi\u0107 je na v\u010deraj\u0161nji tekmi kvalifikacij za SP v Stockholmu postal strelski rekorder reprezentance na vseh tekmah, v pogovoru za Slovensko tiskovno agencijo po tekmi pa ni mogel potrditi, da je bila to njegova zadnja tekma v dresu z dr\u017eavnim grbom. &#8220;Mika me nastop na eurobasketu,&#8221; je povedal.<\/p>\n","protected":false},"author":5,"featured_media":369113,"comment_status":"closed","ping_status":"closed","sticky":false,"template":"","format":"standard","meta":{"footnotes":""},"categories":[18201],"tags":[4183,2085],"source":[4511],"supertag":[6098],"acf":[],"yoast_head":"<!-- This site is optimized with the Yoast SEO plugin v21.3 - https:\/\/yoast.com\/wordpress\/plugins\/seo\/ -->\n<title>Goran Dragi\u0107: Mika me nastop na eurobasketu - Hudo Slovenija<\/title>\n<meta name=\"robots\" content=\"index, follow, max-snippet:-1, max-image-preview:large, max-video-preview:-1\" \/>\n<link rel=\"canonical\" href=\"https:\/\/hudo.com\/si\/aktualno\/slovenija\/goran-dragic-mika-me-nastop-na-eurobasketu\/\" \/>\n<meta property=\"og:locale\" content=\"sl_SI\" \/>\n<meta property=\"og:type\" content=\"article\" \/>\n<meta property=\"og:title\" content=\"Goran Dragi\u0107: Mika me nastop na eurobasketu - Hudo Slovenija\" \/>\n<meta property=\"og:description\" content=\"Kapetan slovenske ko\u0161arkarske reprezentance Goran Dragi\u0107 je na v\u010deraj\u0161nji tekmi kvalifikacij za SP v Stockholmu postal strelski rekorder reprezentance na vseh tekmah, v pogovoru za Slovensko tiskovno agencijo po tekmi pa ni mogel potrditi, da je bila to njegova zadnja tekma v dresu z dr\u017eavnim grbom. &quot;Mika me nastop na eurobasketu,&quot; je povedal.\" \/>\n<meta property=\"og:url\" content=\"https:\/\/hudo.com\/si\/aktualno\/slovenija\/goran-dragic-mika-me-nastop-na-eurobasketu\/\" \/>\n<meta property=\"og:site_name\" content=\"Hudo Slovenija\" \/>\n<meta property=\"article:publisher\" content=\"https:\/\/www.facebook.com\/hudo.si\" \/>\n<meta property=\"article:published_time\" content=\"2022-07-04T06:14:18+00:00\" \/>\n<meta property=\"og:image\" content=\"https:\/\/hudo.com\/si\/wp-content\/uploads\/sites\/2\/2018\/04\/profimedia-0349422176.jpg\" \/>\n\t<meta property=\"og:image:width\" content=\"1250\" \/>\n\t<meta property=\"og:image:height\" content=\"936\" \/>\n\t<meta property=\"og:image:type\" content=\"image\/jpeg\" \/>\n<meta name=\"author\" content=\"A. G., STA\" \/>\n<meta name=\"twitter:card\" content=\"summary_large_image\" \/>\n<meta name=\"twitter:creator\" content=\"@hudo_si\" \/>\n<meta name=\"twitter:site\" content=\"@hudo_si\" \/>\n<meta name=\"twitter:label1\" content=\"Written by\" \/>\n\t<meta name=\"twitter:data1\" content=\"A. G., STA\" \/>\n\t<meta name=\"twitter:label2\" content=\"Est. reading time\" \/>\n\t<meta name=\"twitter:data2\" content=\"3 minute\" \/>\n<script type=\"application\/ld+json\" class=\"yoast-schema-graph\">{\"@context\":\"https:\/\/schema.org\",\"@graph\":[{\"@type\":\"Article\",\"@id\":\"https:\/\/hudo.com\/si\/aktualno\/slovenija\/goran-dragic-mika-me-nastop-na-eurobasketu\/#article\",\"isPartOf\":{\"@id\":\"https:\/\/hudo.com\/si\/aktualno\/slovenija\/goran-dragic-mika-me-nastop-na-eurobasketu\/\"},\"author\":{\"name\":\"A. G., STA\",\"@id\":\"https:\/\/hudo.com\/si\/#\/schema\/person\/2391667a63ea075ba94f2f2dc6b77537\"},\"headline\":\"Goran Dragi\u0107: Mika me nastop na eurobasketu\",\"datePublished\":\"2022-07-04T06:14:18+00:00\",\"dateModified\":\"2022-07-04T06:14:18+00:00\",\"mainEntityOfPage\":{\"@id\":\"https:\/\/hudo.com\/si\/aktualno\/slovenija\/goran-dragic-mika-me-nastop-na-eurobasketu\/\"},\"wordCount\":507,\"publisher\":{\"@id\":\"https:\/\/hudo.com\/si\/#organization\"},\"keywords\":[\"Goran Dragi\u0107\",\"ko\u0161arka\"],\"articleSection\":[\"Slovenija\"],\"inLanguage\":\"sl-SI\"},{\"@type\":\"WebPage\",\"@id\":\"https:\/\/hudo.com\/si\/aktualno\/slovenija\/goran-dragic-mika-me-nastop-na-eurobasketu\/\",\"url\":\"https:\/\/hudo.com\/si\/aktualno\/slovenija\/goran-dragic-mika-me-nastop-na-eurobasketu\/\",\"name\":\"Goran Dragi\u0107: Mika me nastop na eurobasketu - Hudo Slovenija\",\"isPartOf\":{\"@id\":\"https:\/\/hudo.com\/si\/#website\"},\"datePublished\":\"2022-07-04T06:14:18+00:00\",\"dateModified\":\"2022-07-04T06:14:18+00:00\",\"breadcrumb\":{\"@id\":\"https:\/\/hudo.com\/si\/aktualno\/slovenija\/goran-dragic-mika-me-nastop-na-eurobasketu\/#breadcrumb\"},\"inLanguage\":\"sl-SI\",\"potentialAction\":[{\"@type\":\"ReadAction\",\"target\":[\"https:\/\/hudo.com\/si\/aktualno\/slovenija\/goran-dragic-mika-me-nastop-na-eurobasketu\/\"]}]},{\"@type\":\"BreadcrumbList\",\"@id\":\"https:\/\/hudo.com\/si\/aktualno\/slovenija\/goran-dragic-mika-me-nastop-na-eurobasketu\/#breadcrumb\",\"itemListElement\":[{\"@type\":\"ListItem\",\"position\":1,\"name\":\"Home\",\"item\":\"https:\/\/hudo.com\/si\/\"},{\"@type\":\"ListItem\",\"position\":2,\"name\":\"Goran Dragi\u0107: Mika me nastop na eurobasketu\"}]},{\"@type\":\"WebSite\",\"@id\":\"https:\/\/hudo.com\/si\/#website\",\"url\":\"https:\/\/hudo.com\/si\/\",\"name\":\"Hudo Slovenija\",\"description\":\"Vse novice iz Slovenije in sveta\",\"publisher\":{\"@id\":\"https:\/\/hudo.com\/si\/#organization\"},\"potentialAction\":[{\"@type\":\"SearchAction\",\"target\":{\"@type\":\"EntryPoint\",\"urlTemplate\":\"https:\/\/hudo.com\/si\/?s={search_term_string}\"},\"query-input\":\"required name=search_term_string\"}],\"inLanguage\":\"sl-SI\"},{\"@type\":\"Organization\",\"@id\":\"https:\/\/hudo.com\/si\/#organization\",\"name\":\"VSN Media\",\"url\":\"https:\/\/hudo.com\/si\/\",\"logo\":{\"@type\":\"ImageObject\",\"inLanguage\":\"sl-SI\",\"@id\":\"https:\/\/hudo.com\/si\/#\/schema\/logo\/image\/\",\"url\":\"https:\/\/hudo.com\/si\/wp-content\/uploads\/sites\/2\/2021\/03\/hudo-app-2.png\",\"contentUrl\":\"https:\/\/hudo.com\/si\/wp-content\/uploads\/sites\/2\/2021\/03\/hudo-app-2.png\",\"width\":2185,\"height\":2167,\"caption\":\"VSN Media\"},\"image\":{\"@id\":\"https:\/\/hudo.com\/si\/#\/schema\/logo\/image\/\"},\"sameAs\":[\"https:\/\/www.facebook.com\/hudo.si\",\"https:\/\/twitter.com\/hudo_si\"]},{\"@type\":\"Person\",\"@id\":\"https:\/\/hudo.com\/si\/#\/schema\/person\/2391667a63ea075ba94f2f2dc6b77537\",\"name\":\"A. G., STA\",\"image\":{\"@type\":\"ImageObject\",\"inLanguage\":\"sl-SI\",\"@id\":\"https:\/\/hudo.com\/si\/#\/schema\/person\/image\/\",\"url\":\"https:\/\/secure.gravatar.com\/avatar\/e13d22ac3e442658d5025fbbe6238a79?s=96&d=mm&r=g\",\"contentUrl\":\"https:\/\/secure.gravatar.com\/avatar\/e13d22ac3e442658d5025fbbe6238a79?s=96&d=mm&r=g\",\"caption\":\"A. G., STA\"},\"url\":\"https:\/\/hudo.com\/si\/author\/alenka\/\"}]}<\/script>\n<!-- \/ Yoast SEO plugin. -->","yoast_head_json":{"title":"Goran Dragi\u0107: Mika me nastop na eurobasketu - Hudo Slovenija","robots":{"index":"index","follow":"follow","max-snippet":"max-snippet:-1","max-image-preview":"max-image-preview:large","max-video-preview":"max-video-preview:-1"},"canonical":"https:\/\/hudo.com\/si\/aktualno\/slovenija\/goran-dragic-mika-me-nastop-na-eurobasketu\/","og_locale":"sl_SI","og_type":"article","og_title":"Goran Dragi\u0107: Mika me nastop na eurobasketu - Hudo Slovenija","og_description":"Kapetan slovenske ko\u0161arkarske reprezentance Goran Dragi\u0107 je na v\u010deraj\u0161nji tekmi kvalifikacij za SP v Stockholmu postal strelski rekorder reprezentance na vseh tekmah, v pogovoru za Slovensko tiskovno agencijo po tekmi pa ni mogel potrditi, da je bila to njegova zadnja tekma v dresu z dr\u017eavnim grbom. \"Mika me nastop na eurobasketu,\" je povedal.","og_url":"https:\/\/hudo.com\/si\/aktualno\/slovenija\/goran-dragic-mika-me-nastop-na-eurobasketu\/","og_site_name":"Hudo Slovenija","article_publisher":"https:\/\/www.facebook.com\/hudo.si","article_published_time":"2022-07-04T06:14:18+00:00","og_image":[{"width":1250,"height":936,"url":"https:\/\/hudo.com\/si\/wp-content\/uploads\/sites\/2\/2018\/04\/profimedia-0349422176.jpg","type":"image\/jpeg"}],"author":"A. G., STA","twitter_card":"summary_large_image","twitter_creator":"@hudo_si","twitter_site":"@hudo_si","twitter_misc":{"Written by":"A. G., STA","Est. reading time":"3 minute"},"schema":{"@context":"https:\/\/schema.org","@graph":[{"@type":"Article","@id":"https:\/\/hudo.com\/si\/aktualno\/slovenija\/goran-dragic-mika-me-nastop-na-eurobasketu\/#article","isPartOf":{"@id":"https:\/\/hudo.com\/si\/aktualno\/slovenija\/goran-dragic-mika-me-nastop-na-eurobasketu\/"},"author":{"name":"A. G., STA","@id":"https:\/\/hudo.com\/si\/#\/schema\/person\/2391667a63ea075ba94f2f2dc6b77537"},"headline":"Goran Dragi\u0107: Mika me nastop na eurobasketu","datePublished":"2022-07-04T06:14:18+00:00","dateModified":"2022-07-04T06:14:18+00:00","mainEntityOfPage":{"@id":"https:\/\/hudo.com\/si\/aktualno\/slovenija\/goran-dragic-mika-me-nastop-na-eurobasketu\/"},"wordCount":507,"publisher":{"@id":"https:\/\/hudo.com\/si\/#organization"},"keywords":["Goran Dragi\u0107","ko\u0161arka"],"articleSection":["Slovenija"],"inLanguage":"sl-SI"},{"@type":"WebPage","@id":"https:\/\/hudo.com\/si\/aktualno\/slovenija\/goran-dragic-mika-me-nastop-na-eurobasketu\/","url":"https:\/\/hudo.com\/si\/aktualno\/slovenija\/goran-dragic-mika-me-nastop-na-eurobasketu\/","name":"Goran Dragi\u0107: Mika me nastop na eurobasketu - Hudo Slovenija","isPartOf":{"@id":"https:\/\/hudo.com\/si\/#website"},"datePublished":"2022-07-04T06:14:18+00:00","dateModified":"2022-07-04T06:14:18+00:00","breadcrumb":{"@id":"https:\/\/hudo.com\/si\/aktualno\/slovenija\/goran-dragic-mika-me-nastop-na-eurobasketu\/#breadcrumb"},"inLanguage":"sl-SI","potentialAction":[{"@type":"ReadAction","target":["https:\/\/hudo.com\/si\/aktualno\/slovenija\/goran-dragic-mika-me-nastop-na-eurobasketu\/"]}]},{"@type":"BreadcrumbList","@id":"https:\/\/hudo.com\/si\/aktualno\/slovenija\/goran-dragic-mika-me-nastop-na-eurobasketu\/#breadcrumb","itemListElement":[{"@type":"ListItem","position":1,"name":"Home","item":"https:\/\/hudo.com\/si\/"},{"@type":"ListItem","position":2,"name":"Goran Dragi\u0107: Mika me nastop na eurobasketu"}]},{"@type":"WebSite","@id":"https:\/\/hudo.com\/si\/#website","url":"https:\/\/hudo.com\/si\/","name":"Hudo Slovenija","description":"Vse novice iz Slovenije in sveta","publisher":{"@id":"https:\/\/hudo.com\/si\/#organization"},"potentialAction":[{"@type":"SearchAction","target":{"@type":"EntryPoint","urlTemplate":"https:\/\/hudo.com\/si\/?s={search_term_string}"},"query-input":"required name=search_term_string"}],"inLanguage":"sl-SI"},{"@type":"Organization","@id":"https:\/\/hudo.com\/si\/#organization","name":"VSN Media","url":"https:\/\/hudo.com\/si\/","logo":{"@type":"ImageObject","inLanguage":"sl-SI","@id":"https:\/\/hudo.com\/si\/#\/schema\/logo\/image\/","url":"https:\/\/hudo.com\/si\/wp-content\/uploads\/sites\/2\/2021\/03\/hudo-app-2.png","contentUrl":"https:\/\/hudo.com\/si\/wp-content\/uploads\/sites\/2\/2021\/03\/hudo-app-2.png","width":2185,"height":2167,"caption":"VSN Media"},"image":{"@id":"https:\/\/hudo.com\/si\/#\/schema\/logo\/image\/"},"sameAs":["https:\/\/www.facebook.com\/hudo.si","https:\/\/twitter.com\/hudo_si"]},{"@type":"Person","@id":"https:\/\/hudo.com\/si\/#\/schema\/person\/2391667a63ea075ba94f2f2dc6b77537","name":"A. G., STA","image":{"@type":"ImageObject","inLanguage":"sl-SI","@id":"https:\/\/hudo.com\/si\/#\/schema\/person\/image\/","url":"https:\/\/secure.gravatar.com\/avatar\/e13d22ac3e442658d5025fbbe6238a79?s=96&d=mm&r=g","contentUrl":"https:\/\/secure.gravatar.com\/avatar\/e13d22ac3e442658d5025fbbe6238a79?s=96&d=mm&r=g","caption":"A. G., STA"},"url":"https:\/\/hudo.com\/si\/author\/alenka\/"}]}},"amp_enabled":true,"_links":{"self":[{"href":"https:\/\/hudo.com\/si\/wp-json\/wp\/v2\/posts\/470351"}],"collection":[{"href":"https:\/\/hudo.com\/si\/wp-json\/wp\/v2\/posts"}],"about":[{"href":"https:\/\/hudo.com\/si\/wp-json\/wp\/v2\/types\/post"}],"author":[{"embeddable":true,"href":"https:\/\/hudo.com\/si\/wp-json\/wp\/v2\/users\/5"}],"replies":[{"embeddable":true,"href":"https:\/\/hudo.com\/si\/wp-json\/wp\/v2\/comments?post=470351"}],"version-history":[{"count":1,"href":"https:\/\/hudo.com\/si\/wp-json\/wp\/v2\/posts\/470351\/revisions"}],"predecessor-version":[{"id":470354,"href":"https:\/\/hudo.com\/si\/wp-json\/wp\/v2\/posts\/470351\/revisions\/470354"}],"wp:featuredmedia":[{"embeddable":true,"href":"https:\/\/hudo.com\/si\/wp-json\/wp\/v2\/media\/369113"}],"wp:attachment":[{"href":"https:\/\/hudo.com\/si\/wp-json\/wp\/v2\/media?parent=470351"}],"wp:term":[{"taxonomy":"category","embeddable":true,"href":"https:\/\/hudo.com\/si\/wp-json\/wp\/v2\/categories?post=470351"},{"taxonomy":"post_tag","embeddable":true,"href":"https:\/\/hudo.com\/si\/wp-json\/wp\/v2\/tags?post=470351"},{"taxonomy":"source","embeddable":true,"href":"https:\/\/hudo.com\/si\/wp-json\/wp\/v2\/source?post=470351"},{"taxonomy":"supertag","embeddable":true,"href":"https:\/\/hudo.com\/si\/wp-json\/wp\/v2\/supertag?post=470351"}],"curies":[{"name":"wp","href":"https:\/\/api.w.org\/{rel}","templated":true}]}}