{"id":470557,"date":"2022-07-09T07:39:18","date_gmt":"2022-07-09T05:39:18","guid":{"rendered":"https:\/\/hudo.com\/si\/?p=470557"},"modified":"2022-07-09T07:39:18","modified_gmt":"2022-07-09T05:39:18","slug":"portoroski-avditorij-bo-nocoj-gostil-41-festival-melodije-morja-in-sonca","status":"publish","type":"post","link":"https:\/\/hudo.com\/si\/aktualno\/slovenija\/portoroski-avditorij-bo-nocoj-gostil-41-festival-melodije-morja-in-sonca\/","title":{"rendered":"Portoro\u0161ki Avditorij bo nocoj gostil 41. festival Melodije morja in sonca"},"content":{"rendered":"<p>Prvi bosta nastopili Anika Horvat in Tinkara Kova\u010d s skladbo Do roba in \u0161e \u010dez. Sledili bodo Isaac Palma s skladbo Zdaj je \u010das, Tosca Beat s Colori della natura, San Di Ego s \u010clovek mora imeti sanje, Nina Lampret s skladbo Modrina, Moya s skladbo Luna. Nu\u0161a Derenda se bo za veliko nagrado MMS potegovala s skladbo Val\u010dek, Radar z Moje meje, Ninnay z No\u010dem tja, BosaZnova s skladbo \u017delje, \u017diga Jan z V laseh polno ima\u0161 soli in Mia Gu\u010dek s skladbo Adrenalin.<\/p>\n<p>Strokovna \u017eirija bo letos podelila dve nagradi: za najbolj\u0161o skladbo v celoti in nagrado Danila Kocjan\u010di\u010da za obetavnega izvajalca oziroma avtorja. \u010ce bodo \u010dlani strokovne \u017eirije presodili, da so na festivalu posebej izstopajo\u010da besedila ali glasba, lahko podelijo \u0161e nagradi za najbolj\u0161e besedilo in najbolj\u0161o glasbo.<\/p>\n<p>V glasovanju za veliko nagrado festivala MMS pa bodo enakovredno sodelovali: javnost s telefonskim glasovanjem (prek stacionarnih in prek mobilnih telefonov), ob\u010dinstvo v Avditoriju (preko individualne QR kode), \u017eirija radijskih postaj ter strokovna \u017eirija.<\/p>\n<p>Voditelji leto\u0161njega festivala bodo trije. Lorelli Flego, ki je zvezda stalnica MMS, se bosta na odru pridru\u017eila Iztok Gustin\u010di\u010d in Toma\u017e Klepa\u010d, tudi sama glasbenika in radijska voditelja.<\/p>\n","protected":false},"excerpt":{"rendered":"<p>Za veliko nagrado MMS se bo letos potegovalo 12 skladb. Leto\u0161nji festival prina\u0161a novost glede na\u010dina glasovanje ob\u010dinstva v Amfiteatru. Obiskovalci bodo lahko glasovali prek enkratne QR kode, ki jo bodo prejeli ob vstopu na prizori\u0161\u010de.<\/p>\n","protected":false},"author":8,"featured_media":454444,"comment_status":"closed","ping_status":"closed","sticky":false,"template":"","format":"standard","meta":{"footnotes":""},"categories":[18201],"tags":[11559,1595],"source":[4511],"supertag":[5675],"acf":[],"yoast_head":"<!-- This site is optimized with the Yoast SEO plugin v21.3 - https:\/\/yoast.com\/wordpress\/plugins\/seo\/ -->\n<title>Portoro\u0161ki Avditorij bo nocoj gostil 41. festival Melodije morja in sonca - Hudo Slovenija<\/title>\n<meta name=\"robots\" content=\"index, follow, max-snippet:-1, max-image-preview:large, max-video-preview:-1\" \/>\n<link rel=\"canonical\" href=\"https:\/\/hudo.com\/si\/aktualno\/slovenija\/portoroski-avditorij-bo-nocoj-gostil-41-festival-melodije-morja-in-sonca\/\" \/>\n<meta property=\"og:locale\" content=\"sl_SI\" \/>\n<meta property=\"og:type\" content=\"article\" \/>\n<meta property=\"og:title\" content=\"Portoro\u0161ki Avditorij bo nocoj gostil 41. festival Melodije morja in sonca - Hudo Slovenija\" \/>\n<meta property=\"og:description\" content=\"Za veliko nagrado MMS se bo letos potegovalo 12 skladb. Leto\u0161nji festival prina\u0161a novost glede na\u010dina glasovanje ob\u010dinstva v Amfiteatru. Obiskovalci bodo lahko glasovali prek enkratne QR kode, ki jo bodo prejeli ob vstopu na prizori\u0161\u010de.\" \/>\n<meta property=\"og:url\" content=\"https:\/\/hudo.com\/si\/aktualno\/slovenija\/portoroski-avditorij-bo-nocoj-gostil-41-festival-melodije-morja-in-sonca\/\" \/>\n<meta property=\"og:site_name\" content=\"Hudo Slovenija\" \/>\n<meta property=\"article:publisher\" content=\"https:\/\/www.facebook.com\/hudo.si\" \/>\n<meta property=\"article:published_time\" content=\"2022-07-09T05:39:18+00:00\" \/>\n<meta property=\"og:image\" content=\"https:\/\/hudo.com\/si\/wp-content\/uploads\/sites\/2\/2021\/07\/20120708-00371361.jpg\" \/>\n\t<meta property=\"og:image:width\" content=\"640\" \/>\n\t<meta property=\"og:image:height\" content=\"480\" \/>\n\t<meta property=\"og:image:type\" content=\"image\/jpeg\" \/>\n<meta name=\"author\" content=\"M. N., STA\" \/>\n<meta name=\"twitter:card\" content=\"summary_large_image\" \/>\n<meta name=\"twitter:creator\" content=\"@hudo_si\" \/>\n<meta name=\"twitter:site\" content=\"@hudo_si\" \/>\n<meta name=\"twitter:label1\" content=\"Written by\" \/>\n\t<meta name=\"twitter:data1\" content=\"M. N., STA\" \/>\n\t<meta name=\"twitter:label2\" content=\"Est. reading time\" \/>\n\t<meta name=\"twitter:data2\" content=\"1 minuta\" \/>\n<script type=\"application\/ld+json\" class=\"yoast-schema-graph\">{\"@context\":\"https:\/\/schema.org\",\"@graph\":[{\"@type\":\"Article\",\"@id\":\"https:\/\/hudo.com\/si\/aktualno\/slovenija\/portoroski-avditorij-bo-nocoj-gostil-41-festival-melodije-morja-in-sonca\/#article\",\"isPartOf\":{\"@id\":\"https:\/\/hudo.com\/si\/aktualno\/slovenija\/portoroski-avditorij-bo-nocoj-gostil-41-festival-melodije-morja-in-sonca\/\"},\"author\":{\"name\":\"M. N., STA\",\"@id\":\"https:\/\/hudo.com\/si\/#\/schema\/person\/c2f10ce65d2e6ede2aeda5be2a0611fa\"},\"headline\":\"Portoro\u0161ki Avditorij bo nocoj gostil 41. festival Melodije morja in sonca\",\"datePublished\":\"2022-07-09T05:39:18+00:00\",\"dateModified\":\"2022-07-09T05:39:18+00:00\",\"mainEntityOfPage\":{\"@id\":\"https:\/\/hudo.com\/si\/aktualno\/slovenija\/portoroski-avditorij-bo-nocoj-gostil-41-festival-melodije-morja-in-sonca\/\"},\"wordCount\":218,\"publisher\":{\"@id\":\"https:\/\/hudo.com\/si\/#organization\"},\"keywords\":[\"Melodije morja in sonca\",\"Slovenija\"],\"articleSection\":[\"Slovenija\"],\"inLanguage\":\"sl-SI\"},{\"@type\":\"WebPage\",\"@id\":\"https:\/\/hudo.com\/si\/aktualno\/slovenija\/portoroski-avditorij-bo-nocoj-gostil-41-festival-melodije-morja-in-sonca\/\",\"url\":\"https:\/\/hudo.com\/si\/aktualno\/slovenija\/portoroski-avditorij-bo-nocoj-gostil-41-festival-melodije-morja-in-sonca\/\",\"name\":\"Portoro\u0161ki Avditorij bo nocoj gostil 41. festival Melodije morja in sonca - Hudo Slovenija\",\"isPartOf\":{\"@id\":\"https:\/\/hudo.com\/si\/#website\"},\"datePublished\":\"2022-07-09T05:39:18+00:00\",\"dateModified\":\"2022-07-09T05:39:18+00:00\",\"breadcrumb\":{\"@id\":\"https:\/\/hudo.com\/si\/aktualno\/slovenija\/portoroski-avditorij-bo-nocoj-gostil-41-festival-melodije-morja-in-sonca\/#breadcrumb\"},\"inLanguage\":\"sl-SI\",\"potentialAction\":[{\"@type\":\"ReadAction\",\"target\":[\"https:\/\/hudo.com\/si\/aktualno\/slovenija\/portoroski-avditorij-bo-nocoj-gostil-41-festival-melodije-morja-in-sonca\/\"]}]},{\"@type\":\"BreadcrumbList\",\"@id\":\"https:\/\/hudo.com\/si\/aktualno\/slovenija\/portoroski-avditorij-bo-nocoj-gostil-41-festival-melodije-morja-in-sonca\/#breadcrumb\",\"itemListElement\":[{\"@type\":\"ListItem\",\"position\":1,\"name\":\"Home\",\"item\":\"https:\/\/hudo.com\/si\/\"},{\"@type\":\"ListItem\",\"position\":2,\"name\":\"Portoro\u0161ki Avditorij bo nocoj gostil 41. festival Melodije morja in sonca\"}]},{\"@type\":\"WebSite\",\"@id\":\"https:\/\/hudo.com\/si\/#website\",\"url\":\"https:\/\/hudo.com\/si\/\",\"name\":\"Hudo Slovenija\",\"description\":\"Vse novice iz Slovenije in sveta\",\"publisher\":{\"@id\":\"https:\/\/hudo.com\/si\/#organization\"},\"potentialAction\":[{\"@type\":\"SearchAction\",\"target\":{\"@type\":\"EntryPoint\",\"urlTemplate\":\"https:\/\/hudo.com\/si\/?s={search_term_string}\"},\"query-input\":\"required name=search_term_string\"}],\"inLanguage\":\"sl-SI\"},{\"@type\":\"Organization\",\"@id\":\"https:\/\/hudo.com\/si\/#organization\",\"name\":\"VSN Media\",\"url\":\"https:\/\/hudo.com\/si\/\",\"logo\":{\"@type\":\"ImageObject\",\"inLanguage\":\"sl-SI\",\"@id\":\"https:\/\/hudo.com\/si\/#\/schema\/logo\/image\/\",\"url\":\"https:\/\/hudo.com\/si\/wp-content\/uploads\/sites\/2\/2021\/03\/hudo-app-2.png\",\"contentUrl\":\"https:\/\/hudo.com\/si\/wp-content\/uploads\/sites\/2\/2021\/03\/hudo-app-2.png\",\"width\":2185,\"height\":2167,\"caption\":\"VSN Media\"},\"image\":{\"@id\":\"https:\/\/hudo.com\/si\/#\/schema\/logo\/image\/\"},\"sameAs\":[\"https:\/\/www.facebook.com\/hudo.si\",\"https:\/\/twitter.com\/hudo_si\"]},{\"@type\":\"Person\",\"@id\":\"https:\/\/hudo.com\/si\/#\/schema\/person\/c2f10ce65d2e6ede2aeda5be2a0611fa\",\"name\":\"M. N., STA\",\"image\":{\"@type\":\"ImageObject\",\"inLanguage\":\"sl-SI\",\"@id\":\"https:\/\/hudo.com\/si\/#\/schema\/person\/image\/\",\"url\":\"https:\/\/secure.gravatar.com\/avatar\/f370d38daa10467f755c5c766a4cac20?s=96&d=mm&r=g\",\"contentUrl\":\"https:\/\/secure.gravatar.com\/avatar\/f370d38daa10467f755c5c766a4cac20?s=96&d=mm&r=g\",\"caption\":\"M. N., STA\"},\"url\":\"https:\/\/hudo.com\/si\/author\/mana\/\"}]}<\/script>\n<!-- \/ Yoast SEO plugin. -->","yoast_head_json":{"title":"Portoro\u0161ki Avditorij bo nocoj gostil 41. festival Melodije morja in sonca - Hudo Slovenija","robots":{"index":"index","follow":"follow","max-snippet":"max-snippet:-1","max-image-preview":"max-image-preview:large","max-video-preview":"max-video-preview:-1"},"canonical":"https:\/\/hudo.com\/si\/aktualno\/slovenija\/portoroski-avditorij-bo-nocoj-gostil-41-festival-melodije-morja-in-sonca\/","og_locale":"sl_SI","og_type":"article","og_title":"Portoro\u0161ki Avditorij bo nocoj gostil 41. festival Melodije morja in sonca - Hudo Slovenija","og_description":"Za veliko nagrado MMS se bo letos potegovalo 12 skladb. Leto\u0161nji festival prina\u0161a novost glede na\u010dina glasovanje ob\u010dinstva v Amfiteatru. Obiskovalci bodo lahko glasovali prek enkratne QR kode, ki jo bodo prejeli ob vstopu na prizori\u0161\u010de.","og_url":"https:\/\/hudo.com\/si\/aktualno\/slovenija\/portoroski-avditorij-bo-nocoj-gostil-41-festival-melodije-morja-in-sonca\/","og_site_name":"Hudo Slovenija","article_publisher":"https:\/\/www.facebook.com\/hudo.si","article_published_time":"2022-07-09T05:39:18+00:00","og_image":[{"width":640,"height":480,"url":"https:\/\/hudo.com\/si\/wp-content\/uploads\/sites\/2\/2021\/07\/20120708-00371361.jpg","type":"image\/jpeg"}],"author":"M. N., STA","twitter_card":"summary_large_image","twitter_creator":"@hudo_si","twitter_site":"@hudo_si","twitter_misc":{"Written by":"M. N., STA","Est. reading time":"1 minuta"},"schema":{"@context":"https:\/\/schema.org","@graph":[{"@type":"Article","@id":"https:\/\/hudo.com\/si\/aktualno\/slovenija\/portoroski-avditorij-bo-nocoj-gostil-41-festival-melodije-morja-in-sonca\/#article","isPartOf":{"@id":"https:\/\/hudo.com\/si\/aktualno\/slovenija\/portoroski-avditorij-bo-nocoj-gostil-41-festival-melodije-morja-in-sonca\/"},"author":{"name":"M. N., STA","@id":"https:\/\/hudo.com\/si\/#\/schema\/person\/c2f10ce65d2e6ede2aeda5be2a0611fa"},"headline":"Portoro\u0161ki Avditorij bo nocoj gostil 41. festival Melodije morja in sonca","datePublished":"2022-07-09T05:39:18+00:00","dateModified":"2022-07-09T05:39:18+00:00","mainEntityOfPage":{"@id":"https:\/\/hudo.com\/si\/aktualno\/slovenija\/portoroski-avditorij-bo-nocoj-gostil-41-festival-melodije-morja-in-sonca\/"},"wordCount":218,"publisher":{"@id":"https:\/\/hudo.com\/si\/#organization"},"keywords":["Melodije morja in sonca","Slovenija"],"articleSection":["Slovenija"],"inLanguage":"sl-SI"},{"@type":"WebPage","@id":"https:\/\/hudo.com\/si\/aktualno\/slovenija\/portoroski-avditorij-bo-nocoj-gostil-41-festival-melodije-morja-in-sonca\/","url":"https:\/\/hudo.com\/si\/aktualno\/slovenija\/portoroski-avditorij-bo-nocoj-gostil-41-festival-melodije-morja-in-sonca\/","name":"Portoro\u0161ki Avditorij bo nocoj gostil 41. festival Melodije morja in sonca - Hudo Slovenija","isPartOf":{"@id":"https:\/\/hudo.com\/si\/#website"},"datePublished":"2022-07-09T05:39:18+00:00","dateModified":"2022-07-09T05:39:18+00:00","breadcrumb":{"@id":"https:\/\/hudo.com\/si\/aktualno\/slovenija\/portoroski-avditorij-bo-nocoj-gostil-41-festival-melodije-morja-in-sonca\/#breadcrumb"},"inLanguage":"sl-SI","potentialAction":[{"@type":"ReadAction","target":["https:\/\/hudo.com\/si\/aktualno\/slovenija\/portoroski-avditorij-bo-nocoj-gostil-41-festival-melodije-morja-in-sonca\/"]}]},{"@type":"BreadcrumbList","@id":"https:\/\/hudo.com\/si\/aktualno\/slovenija\/portoroski-avditorij-bo-nocoj-gostil-41-festival-melodije-morja-in-sonca\/#breadcrumb","itemListElement":[{"@type":"ListItem","position":1,"name":"Home","item":"https:\/\/hudo.com\/si\/"},{"@type":"ListItem","position":2,"name":"Portoro\u0161ki Avditorij bo nocoj gostil 41. festival Melodije morja in sonca"}]},{"@type":"WebSite","@id":"https:\/\/hudo.com\/si\/#website","url":"https:\/\/hudo.com\/si\/","name":"Hudo Slovenija","description":"Vse novice iz Slovenije in sveta","publisher":{"@id":"https:\/\/hudo.com\/si\/#organization"},"potentialAction":[{"@type":"SearchAction","target":{"@type":"EntryPoint","urlTemplate":"https:\/\/hudo.com\/si\/?s={search_term_string}"},"query-input":"required name=search_term_string"}],"inLanguage":"sl-SI"},{"@type":"Organization","@id":"https:\/\/hudo.com\/si\/#organization","name":"VSN Media","url":"https:\/\/hudo.com\/si\/","logo":{"@type":"ImageObject","inLanguage":"sl-SI","@id":"https:\/\/hudo.com\/si\/#\/schema\/logo\/image\/","url":"https:\/\/hudo.com\/si\/wp-content\/uploads\/sites\/2\/2021\/03\/hudo-app-2.png","contentUrl":"https:\/\/hudo.com\/si\/wp-content\/uploads\/sites\/2\/2021\/03\/hudo-app-2.png","width":2185,"height":2167,"caption":"VSN Media"},"image":{"@id":"https:\/\/hudo.com\/si\/#\/schema\/logo\/image\/"},"sameAs":["https:\/\/www.facebook.com\/hudo.si","https:\/\/twitter.com\/hudo_si"]},{"@type":"Person","@id":"https:\/\/hudo.com\/si\/#\/schema\/person\/c2f10ce65d2e6ede2aeda5be2a0611fa","name":"M. N., STA","image":{"@type":"ImageObject","inLanguage":"sl-SI","@id":"https:\/\/hudo.com\/si\/#\/schema\/person\/image\/","url":"https:\/\/secure.gravatar.com\/avatar\/f370d38daa10467f755c5c766a4cac20?s=96&d=mm&r=g","contentUrl":"https:\/\/secure.gravatar.com\/avatar\/f370d38daa10467f755c5c766a4cac20?s=96&d=mm&r=g","caption":"M. N., STA"},"url":"https:\/\/hudo.com\/si\/author\/mana\/"}]}},"amp_enabled":true,"_links":{"self":[{"href":"https:\/\/hudo.com\/si\/wp-json\/wp\/v2\/posts\/470557"}],"collection":[{"href":"https:\/\/hudo.com\/si\/wp-json\/wp\/v2\/posts"}],"about":[{"href":"https:\/\/hudo.com\/si\/wp-json\/wp\/v2\/types\/post"}],"author":[{"embeddable":true,"href":"https:\/\/hudo.com\/si\/wp-json\/wp\/v2\/users\/8"}],"replies":[{"embeddable":true,"href":"https:\/\/hudo.com\/si\/wp-json\/wp\/v2\/comments?post=470557"}],"version-history":[{"count":1,"href":"https:\/\/hudo.com\/si\/wp-json\/wp\/v2\/posts\/470557\/revisions"}],"predecessor-version":[{"id":470558,"href":"https:\/\/hudo.com\/si\/wp-json\/wp\/v2\/posts\/470557\/revisions\/470558"}],"wp:featuredmedia":[{"embeddable":true,"href":"https:\/\/hudo.com\/si\/wp-json\/wp\/v2\/media\/454444"}],"wp:attachment":[{"href":"https:\/\/hudo.com\/si\/wp-json\/wp\/v2\/media?parent=470557"}],"wp:term":[{"taxonomy":"category","embeddable":true,"href":"https:\/\/hudo.com\/si\/wp-json\/wp\/v2\/categories?post=470557"},{"taxonomy":"post_tag","embeddable":true,"href":"https:\/\/hudo.com\/si\/wp-json\/wp\/v2\/tags?post=470557"},{"taxonomy":"source","embeddable":true,"href":"https:\/\/hudo.com\/si\/wp-json\/wp\/v2\/source?post=470557"},{"taxonomy":"supertag","embeddable":true,"href":"https:\/\/hudo.com\/si\/wp-json\/wp\/v2\/supertag?post=470557"}],"curies":[{"name":"wp","href":"https:\/\/api.w.org\/{rel}","templated":true}]}}