{"id":470733,"date":"2022-07-13T18:47:07","date_gmt":"2022-07-13T16:47:07","guid":{"rendered":"https:\/\/hudo.com\/si\/?p=470733"},"modified":"2022-07-13T18:47:07","modified_gmt":"2022-07-13T16:47:07","slug":"evropska-komisija-v-danes-objavljenem-porocilu-o-vladavini-prava-ugotavlja-da-v-nekaterih-clanicah-ostajajo-razlogi-za-skrb-na-sistemski-ravni","status":"publish","type":"post","link":"https:\/\/hudo.com\/si\/aktualno\/svet\/evropska-komisija-v-danes-objavljenem-porocilu-o-vladavini-prava-ugotavlja-da-v-nekaterih-clanicah-ostajajo-razlogi-za-skrb-na-sistemski-ravni\/","title":{"rendered":"Evropska komisija v danes objavljenem poro\u010dilu o vladavini prava ugotavlja, da v nekaterih \u010dlanicah ostajajo razlogi za skrb na sistemski ravni"},"content":{"rendered":"<p>&#8220;Ruska invazija na Ukrajino je \u0161e eno opozorilo, da so temeljne pravice in vladavina prava steber demokracije. Vojna v Ukrajini je tudi napad na demokrati\u010dno usmeritev, za katero se je Ukrajina odlo\u010dila v zadnjih letih. Vendar pa lahko ostanemo kredibilni, samo \u010de imamo red v lastni hi\u0161i,&#8221; je ob predstavitvi poro\u010dila povedala podpredsednica komisije, pristojna za vrednote in preglednost, Vera Jourova. Pri tem pa pomembno vlogo igra tudi poro\u010dilo o vladavini prava v EU.<\/p>\n<p>Poro\u010dilo ugotavlja, da so \u0161tevilne dr\u017eave \u010dlanice nadaljevale reforme na podro\u010dju vladavine prava, vendar pa obenem v nekaterih ostajajo razlogi za zaskrbljenost na sistemski ravni. To \u0161e naprej velja predvsem za Mad\u017earsko in Poljsko.<\/p>\n<p>Na podro\u010dju pravosodja so \u0161tevilne dr\u017eave za\u010dele proces sprejemanja reform za okrepitev neodvisnosti sodstva, kar po besedah evropskega komisarja za pravosodje Didierja Reyndersa ka\u017ee na to, da ima poro\u010dilo komisije o vladavini prava vpliv na terenu.<\/p>\n<p>Na drugi strani v nekaterih \u010dlanicah ostajajo razlogi za zaskrbljenost na strukturni ravni. V nekaterih izzivi ostajajo pri imenovanjih na vi\u0161jih sodi\u0161\u010dih in predsednikov sodi\u0161\u010d, v drugih pa skrbi glede neodvisnosti oziroma avtonomije organov pregona. Pri slednjem je komisija v splo\u0161nem pregledu stanja vladavine prava v EU izpostavila Slovenijo, Mad\u017earsko in Poljsko.<\/p>\n<p>Zato komisija v svojih priporo\u010dilih, ki so novost leto\u0161njega poro\u010dila o vladavini prava, dr\u017eave spodbuja k ve\u010dji vklju\u010denosti sodstva v postopke imenovanja, ve\u010d avtonomije za organe pregona ter k temu, da za pravosodne sisteme namenijo ve\u010d sredstev, je na novinarski konferenci ob predstavitvi poro\u010dila dejal Didier Reynders.<\/p>\n<p>Glede boja proti korupciji Bruselj v poro\u010dilu izpostavlja, da so \u0161tevilne dr\u017eave \u010dlanice sprejele nove ali prenovljene strategije na tem podro\u010dju ter pove\u010dale zmogljivosti pristojnih organov. Medtem pa v nekaterih preiskave in pregon primerov korupcije \u0161e vedno trajajo predolgo in \u0161e vedno ni sodb.<\/p>\n<p>Bruselj nacionalnim oblastem priporo\u010da, da zagotovijo u\u010dinkovito preiskovanje in pregon primerov korupcije ter okrepijo preventivne ukrepe, na primer pri pravilih glede lobiranja in konflikta interesov.<\/p>\n<p>16 dr\u017eavam \u010dlanicam, med katerimi ni Slovenije, je izdala priporo\u010dilo glede lobiranja. Glede Francije, katere predsednik Emmanuel Macron se je zna\u0161el v aferi glede lobiranja podjetja Uber, je poudarila, da morajo biti pravila na tem podro\u010dju bolj konsistentna. V primeru Nem\u010dije pa Bruselj ugotavlja, da so pravila o omejitvah glede zaposlovanja nekdanjih visokih uradnikov v zasebnih podjetjih razli\u010dna za razli\u010dne funkcije.<\/p>\n<p>Tretje podro\u010dje v poro\u010dilu o vladavini prava se nana\u0161a na svobodo in pluralizem medijev, pri \u010demer komisija ugotavlja, da je ve\u010d dr\u017eav sprejelo, okrepilo ali pa obravnava ukrepe za izbolj\u0161anje varnosti in delovnih pogojev za novinarje. Od zadnjega poro\u010dila, objavljenega julija lani, je ve\u010d dr\u017eav tudi izbolj\u0161alo preglednost lastni\u0161tva medijev.<\/p>\n<p>Razlogi za skrb medtem ostajajo zaradi pomanjkanja preglednosti pri dr\u017eavnem ogla\u0161evanju. K odpravi teh pomanjkljivosti komisija dr\u017eave \u010dlanice poziva tudi v svojih priporo\u010dilih. Ta pa se nana\u0161ajo \u0161e na za\u0161\u010dito neodvisnosti javnih medijev in izbolj\u0161anje varnosti novinarjev.<\/p>\n<p>Jourova je pojasnila, da je priporo\u010dilo za okrepitev neodvisnosti javnih medijev komisija podala osmim dr\u017eavam \u010dlanicam, tudi Sloveniji. Poudarila je pomen teh medijev za dru\u017ebo in demokracijo.<\/p>\n<p>Na podro\u010dju zavor in ravnovesij pa Bruselj \u010dlanicam priporo\u010da, naj v zakonodajne postopke vklju\u010dijo razli\u010dne dele\u017enike, zagotovijo odprt okvir za delovanje civilne dru\u017ebe ter vzpostavijo delujo\u010de nacionalne institucije za \u010dlovekove pravice.<\/p>\n<p>Evropska komisija je Evropski parlament in dr\u017eave \u010dlanice pozvala \u0161e, naj nadaljujejo razpravo o stanju vladavine prava v EU na splo\u0161no in v posameznih dr\u017eavah \u010dlanicah. Razprava ministrov EU, pristojnih za evropske zadeve, o polo\u017eaju v Sloveniji, Romuniji, na Poljskem, Portugalskem in \u0160vedskem je predvidena za november.<\/p>\n","protected":false},"excerpt":{"rendered":"<p>Evropska komisija v danes objavljenem poro\u010dilu o vladavini prava ugotavlja, da so \u0161tevilne \u010dlanice nadaljevale reforme na tem podro\u010dju, vendar pa v nekaterih ostajajo razlogi za skrb na sistemski ravni. Komisija je ob tem dr\u017eavam \u010dlanicam izdala tudi priporo\u010dila za okrepitev neodvisnosti javnih medijev in pravosodja.<\/p>\n","protected":false},"author":8,"featured_media":438331,"comment_status":"closed","ping_status":"closed","sticky":false,"template":"","format":"standard","meta":{"footnotes":""},"categories":[18202],"tags":[4548,17625],"source":[4511],"supertag":[],"acf":[],"yoast_head":"<!-- This site is optimized with the Yoast SEO plugin v21.3 - https:\/\/yoast.com\/wordpress\/plugins\/seo\/ -->\n<title>Evropska komisija v danes objavljenem poro\u010dilu o vladavini prava ugotavlja, da v nekaterih \u010dlanicah ostajajo razlogi za skrb na sistemski ravni - Hudo Slovenija<\/title>\n<meta name=\"robots\" content=\"index, follow, max-snippet:-1, max-image-preview:large, max-video-preview:-1\" \/>\n<link rel=\"canonical\" href=\"https:\/\/hudo.com\/si\/aktualno\/svet\/evropska-komisija-v-danes-objavljenem-porocilu-o-vladavini-prava-ugotavlja-da-v-nekaterih-clanicah-ostajajo-razlogi-za-skrb-na-sistemski-ravni\/\" \/>\n<meta property=\"og:locale\" content=\"sl_SI\" \/>\n<meta property=\"og:type\" content=\"article\" \/>\n<meta property=\"og:title\" content=\"Evropska komisija v danes objavljenem poro\u010dilu o vladavini prava ugotavlja, da v nekaterih \u010dlanicah ostajajo razlogi za skrb na sistemski ravni - Hudo Slovenija\" \/>\n<meta property=\"og:description\" content=\"Evropska komisija v danes objavljenem poro\u010dilu o vladavini prava ugotavlja, da so \u0161tevilne \u010dlanice nadaljevale reforme na tem podro\u010dju, vendar pa v nekaterih ostajajo razlogi za skrb na sistemski ravni. Komisija je ob tem dr\u017eavam \u010dlanicam izdala tudi priporo\u010dila za okrepitev neodvisnosti javnih medijev in pravosodja.\" \/>\n<meta property=\"og:url\" content=\"https:\/\/hudo.com\/si\/aktualno\/svet\/evropska-komisija-v-danes-objavljenem-porocilu-o-vladavini-prava-ugotavlja-da-v-nekaterih-clanicah-ostajajo-razlogi-za-skrb-na-sistemski-ravni\/\" \/>\n<meta property=\"og:site_name\" content=\"Hudo Slovenija\" \/>\n<meta property=\"article:publisher\" content=\"https:\/\/www.facebook.com\/hudo.si\" \/>\n<meta property=\"article:published_time\" content=\"2022-07-13T16:47:07+00:00\" \/>\n<meta property=\"og:image\" content=\"https:\/\/hudo.com\/si\/wp-content\/uploads\/sites\/2\/2020\/11\/profimedia-0562580105.jpg\" \/>\n\t<meta property=\"og:image:width\" content=\"1250\" \/>\n\t<meta property=\"og:image:height\" content=\"877\" \/>\n\t<meta property=\"og:image:type\" content=\"image\/jpeg\" \/>\n<meta name=\"author\" content=\"M. N., STA\" \/>\n<meta name=\"twitter:card\" content=\"summary_large_image\" \/>\n<meta name=\"twitter:creator\" content=\"@hudo_si\" \/>\n<meta name=\"twitter:site\" content=\"@hudo_si\" \/>\n<meta name=\"twitter:label1\" content=\"Written by\" \/>\n\t<meta name=\"twitter:data1\" content=\"M. N., STA\" \/>\n\t<meta name=\"twitter:label2\" content=\"Est. reading time\" \/>\n\t<meta name=\"twitter:data2\" content=\"3 minute\" \/>\n<script type=\"application\/ld+json\" class=\"yoast-schema-graph\">{\"@context\":\"https:\/\/schema.org\",\"@graph\":[{\"@type\":\"Article\",\"@id\":\"https:\/\/hudo.com\/si\/aktualno\/svet\/evropska-komisija-v-danes-objavljenem-porocilu-o-vladavini-prava-ugotavlja-da-v-nekaterih-clanicah-ostajajo-razlogi-za-skrb-na-sistemski-ravni\/#article\",\"isPartOf\":{\"@id\":\"https:\/\/hudo.com\/si\/aktualno\/svet\/evropska-komisija-v-danes-objavljenem-porocilu-o-vladavini-prava-ugotavlja-da-v-nekaterih-clanicah-ostajajo-razlogi-za-skrb-na-sistemski-ravni\/\"},\"author\":{\"name\":\"M. N., STA\",\"@id\":\"https:\/\/hudo.com\/si\/#\/schema\/person\/c2f10ce65d2e6ede2aeda5be2a0611fa\"},\"headline\":\"Evropska komisija v danes objavljenem poro\u010dilu o vladavini prava ugotavlja, da v nekaterih \u010dlanicah ostajajo razlogi za skrb na sistemski ravni\",\"datePublished\":\"2022-07-13T16:47:07+00:00\",\"dateModified\":\"2022-07-13T16:47:07+00:00\",\"mainEntityOfPage\":{\"@id\":\"https:\/\/hudo.com\/si\/aktualno\/svet\/evropska-komisija-v-danes-objavljenem-porocilu-o-vladavini-prava-ugotavlja-da-v-nekaterih-clanicah-ostajajo-razlogi-za-skrb-na-sistemski-ravni\/\"},\"wordCount\":654,\"publisher\":{\"@id\":\"https:\/\/hudo.com\/si\/#organization\"},\"keywords\":[\"EU\",\"vladavina prava\"],\"articleSection\":[\"Svet\"],\"inLanguage\":\"sl-SI\"},{\"@type\":\"WebPage\",\"@id\":\"https:\/\/hudo.com\/si\/aktualno\/svet\/evropska-komisija-v-danes-objavljenem-porocilu-o-vladavini-prava-ugotavlja-da-v-nekaterih-clanicah-ostajajo-razlogi-za-skrb-na-sistemski-ravni\/\",\"url\":\"https:\/\/hudo.com\/si\/aktualno\/svet\/evropska-komisija-v-danes-objavljenem-porocilu-o-vladavini-prava-ugotavlja-da-v-nekaterih-clanicah-ostajajo-razlogi-za-skrb-na-sistemski-ravni\/\",\"name\":\"Evropska komisija v danes objavljenem poro\u010dilu o vladavini prava ugotavlja, da v nekaterih \u010dlanicah ostajajo razlogi za skrb na sistemski ravni - Hudo Slovenija\",\"isPartOf\":{\"@id\":\"https:\/\/hudo.com\/si\/#website\"},\"datePublished\":\"2022-07-13T16:47:07+00:00\",\"dateModified\":\"2022-07-13T16:47:07+00:00\",\"breadcrumb\":{\"@id\":\"https:\/\/hudo.com\/si\/aktualno\/svet\/evropska-komisija-v-danes-objavljenem-porocilu-o-vladavini-prava-ugotavlja-da-v-nekaterih-clanicah-ostajajo-razlogi-za-skrb-na-sistemski-ravni\/#breadcrumb\"},\"inLanguage\":\"sl-SI\",\"potentialAction\":[{\"@type\":\"ReadAction\",\"target\":[\"https:\/\/hudo.com\/si\/aktualno\/svet\/evropska-komisija-v-danes-objavljenem-porocilu-o-vladavini-prava-ugotavlja-da-v-nekaterih-clanicah-ostajajo-razlogi-za-skrb-na-sistemski-ravni\/\"]}]},{\"@type\":\"BreadcrumbList\",\"@id\":\"https:\/\/hudo.com\/si\/aktualno\/svet\/evropska-komisija-v-danes-objavljenem-porocilu-o-vladavini-prava-ugotavlja-da-v-nekaterih-clanicah-ostajajo-razlogi-za-skrb-na-sistemski-ravni\/#breadcrumb\",\"itemListElement\":[{\"@type\":\"ListItem\",\"position\":1,\"name\":\"Home\",\"item\":\"https:\/\/hudo.com\/si\/\"},{\"@type\":\"ListItem\",\"position\":2,\"name\":\"Evropska komisija v danes objavljenem poro\u010dilu o vladavini prava ugotavlja, da v nekaterih \u010dlanicah ostajajo razlogi za skrb na sistemski ravni\"}]},{\"@type\":\"WebSite\",\"@id\":\"https:\/\/hudo.com\/si\/#website\",\"url\":\"https:\/\/hudo.com\/si\/\",\"name\":\"Hudo Slovenija\",\"description\":\"Vse novice iz Slovenije in sveta\",\"publisher\":{\"@id\":\"https:\/\/hudo.com\/si\/#organization\"},\"potentialAction\":[{\"@type\":\"SearchAction\",\"target\":{\"@type\":\"EntryPoint\",\"urlTemplate\":\"https:\/\/hudo.com\/si\/?s={search_term_string}\"},\"query-input\":\"required name=search_term_string\"}],\"inLanguage\":\"sl-SI\"},{\"@type\":\"Organization\",\"@id\":\"https:\/\/hudo.com\/si\/#organization\",\"name\":\"VSN Media\",\"url\":\"https:\/\/hudo.com\/si\/\",\"logo\":{\"@type\":\"ImageObject\",\"inLanguage\":\"sl-SI\",\"@id\":\"https:\/\/hudo.com\/si\/#\/schema\/logo\/image\/\",\"url\":\"https:\/\/hudo.com\/si\/wp-content\/uploads\/sites\/2\/2021\/03\/hudo-app-2.png\",\"contentUrl\":\"https:\/\/hudo.com\/si\/wp-content\/uploads\/sites\/2\/2021\/03\/hudo-app-2.png\",\"width\":2185,\"height\":2167,\"caption\":\"VSN Media\"},\"image\":{\"@id\":\"https:\/\/hudo.com\/si\/#\/schema\/logo\/image\/\"},\"sameAs\":[\"https:\/\/www.facebook.com\/hudo.si\",\"https:\/\/twitter.com\/hudo_si\"]},{\"@type\":\"Person\",\"@id\":\"https:\/\/hudo.com\/si\/#\/schema\/person\/c2f10ce65d2e6ede2aeda5be2a0611fa\",\"name\":\"M. N., STA\",\"image\":{\"@type\":\"ImageObject\",\"inLanguage\":\"sl-SI\",\"@id\":\"https:\/\/hudo.com\/si\/#\/schema\/person\/image\/\",\"url\":\"https:\/\/secure.gravatar.com\/avatar\/f370d38daa10467f755c5c766a4cac20?s=96&d=mm&r=g\",\"contentUrl\":\"https:\/\/secure.gravatar.com\/avatar\/f370d38daa10467f755c5c766a4cac20?s=96&d=mm&r=g\",\"caption\":\"M. N., STA\"},\"url\":\"https:\/\/hudo.com\/si\/author\/mana\/\"}]}<\/script>\n<!-- \/ Yoast SEO plugin. -->","yoast_head_json":{"title":"Evropska komisija v danes objavljenem poro\u010dilu o vladavini prava ugotavlja, da v nekaterih \u010dlanicah ostajajo razlogi za skrb na sistemski ravni - Hudo Slovenija","robots":{"index":"index","follow":"follow","max-snippet":"max-snippet:-1","max-image-preview":"max-image-preview:large","max-video-preview":"max-video-preview:-1"},"canonical":"https:\/\/hudo.com\/si\/aktualno\/svet\/evropska-komisija-v-danes-objavljenem-porocilu-o-vladavini-prava-ugotavlja-da-v-nekaterih-clanicah-ostajajo-razlogi-za-skrb-na-sistemski-ravni\/","og_locale":"sl_SI","og_type":"article","og_title":"Evropska komisija v danes objavljenem poro\u010dilu o vladavini prava ugotavlja, da v nekaterih \u010dlanicah ostajajo razlogi za skrb na sistemski ravni - Hudo Slovenija","og_description":"Evropska komisija v danes objavljenem poro\u010dilu o vladavini prava ugotavlja, da so \u0161tevilne \u010dlanice nadaljevale reforme na tem podro\u010dju, vendar pa v nekaterih ostajajo razlogi za skrb na sistemski ravni. Komisija je ob tem dr\u017eavam \u010dlanicam izdala tudi priporo\u010dila za okrepitev neodvisnosti javnih medijev in pravosodja.","og_url":"https:\/\/hudo.com\/si\/aktualno\/svet\/evropska-komisija-v-danes-objavljenem-porocilu-o-vladavini-prava-ugotavlja-da-v-nekaterih-clanicah-ostajajo-razlogi-za-skrb-na-sistemski-ravni\/","og_site_name":"Hudo Slovenija","article_publisher":"https:\/\/www.facebook.com\/hudo.si","article_published_time":"2022-07-13T16:47:07+00:00","og_image":[{"width":1250,"height":877,"url":"https:\/\/hudo.com\/si\/wp-content\/uploads\/sites\/2\/2020\/11\/profimedia-0562580105.jpg","type":"image\/jpeg"}],"author":"M. N., STA","twitter_card":"summary_large_image","twitter_creator":"@hudo_si","twitter_site":"@hudo_si","twitter_misc":{"Written by":"M. N., STA","Est. reading time":"3 minute"},"schema":{"@context":"https:\/\/schema.org","@graph":[{"@type":"Article","@id":"https:\/\/hudo.com\/si\/aktualno\/svet\/evropska-komisija-v-danes-objavljenem-porocilu-o-vladavini-prava-ugotavlja-da-v-nekaterih-clanicah-ostajajo-razlogi-za-skrb-na-sistemski-ravni\/#article","isPartOf":{"@id":"https:\/\/hudo.com\/si\/aktualno\/svet\/evropska-komisija-v-danes-objavljenem-porocilu-o-vladavini-prava-ugotavlja-da-v-nekaterih-clanicah-ostajajo-razlogi-za-skrb-na-sistemski-ravni\/"},"author":{"name":"M. N., STA","@id":"https:\/\/hudo.com\/si\/#\/schema\/person\/c2f10ce65d2e6ede2aeda5be2a0611fa"},"headline":"Evropska komisija v danes objavljenem poro\u010dilu o vladavini prava ugotavlja, da v nekaterih \u010dlanicah ostajajo razlogi za skrb na sistemski ravni","datePublished":"2022-07-13T16:47:07+00:00","dateModified":"2022-07-13T16:47:07+00:00","mainEntityOfPage":{"@id":"https:\/\/hudo.com\/si\/aktualno\/svet\/evropska-komisija-v-danes-objavljenem-porocilu-o-vladavini-prava-ugotavlja-da-v-nekaterih-clanicah-ostajajo-razlogi-za-skrb-na-sistemski-ravni\/"},"wordCount":654,"publisher":{"@id":"https:\/\/hudo.com\/si\/#organization"},"keywords":["EU","vladavina prava"],"articleSection":["Svet"],"inLanguage":"sl-SI"},{"@type":"WebPage","@id":"https:\/\/hudo.com\/si\/aktualno\/svet\/evropska-komisija-v-danes-objavljenem-porocilu-o-vladavini-prava-ugotavlja-da-v-nekaterih-clanicah-ostajajo-razlogi-za-skrb-na-sistemski-ravni\/","url":"https:\/\/hudo.com\/si\/aktualno\/svet\/evropska-komisija-v-danes-objavljenem-porocilu-o-vladavini-prava-ugotavlja-da-v-nekaterih-clanicah-ostajajo-razlogi-za-skrb-na-sistemski-ravni\/","name":"Evropska komisija v danes objavljenem poro\u010dilu o vladavini prava ugotavlja, da v nekaterih \u010dlanicah ostajajo razlogi za skrb na sistemski ravni - Hudo Slovenija","isPartOf":{"@id":"https:\/\/hudo.com\/si\/#website"},"datePublished":"2022-07-13T16:47:07+00:00","dateModified":"2022-07-13T16:47:07+00:00","breadcrumb":{"@id":"https:\/\/hudo.com\/si\/aktualno\/svet\/evropska-komisija-v-danes-objavljenem-porocilu-o-vladavini-prava-ugotavlja-da-v-nekaterih-clanicah-ostajajo-razlogi-za-skrb-na-sistemski-ravni\/#breadcrumb"},"inLanguage":"sl-SI","potentialAction":[{"@type":"ReadAction","target":["https:\/\/hudo.com\/si\/aktualno\/svet\/evropska-komisija-v-danes-objavljenem-porocilu-o-vladavini-prava-ugotavlja-da-v-nekaterih-clanicah-ostajajo-razlogi-za-skrb-na-sistemski-ravni\/"]}]},{"@type":"BreadcrumbList","@id":"https:\/\/hudo.com\/si\/aktualno\/svet\/evropska-komisija-v-danes-objavljenem-porocilu-o-vladavini-prava-ugotavlja-da-v-nekaterih-clanicah-ostajajo-razlogi-za-skrb-na-sistemski-ravni\/#breadcrumb","itemListElement":[{"@type":"ListItem","position":1,"name":"Home","item":"https:\/\/hudo.com\/si\/"},{"@type":"ListItem","position":2,"name":"Evropska komisija v danes objavljenem poro\u010dilu o vladavini prava ugotavlja, da v nekaterih \u010dlanicah ostajajo razlogi za skrb na sistemski ravni"}]},{"@type":"WebSite","@id":"https:\/\/hudo.com\/si\/#website","url":"https:\/\/hudo.com\/si\/","name":"Hudo Slovenija","description":"Vse novice iz Slovenije in sveta","publisher":{"@id":"https:\/\/hudo.com\/si\/#organization"},"potentialAction":[{"@type":"SearchAction","target":{"@type":"EntryPoint","urlTemplate":"https:\/\/hudo.com\/si\/?s={search_term_string}"},"query-input":"required name=search_term_string"}],"inLanguage":"sl-SI"},{"@type":"Organization","@id":"https:\/\/hudo.com\/si\/#organization","name":"VSN Media","url":"https:\/\/hudo.com\/si\/","logo":{"@type":"ImageObject","inLanguage":"sl-SI","@id":"https:\/\/hudo.com\/si\/#\/schema\/logo\/image\/","url":"https:\/\/hudo.com\/si\/wp-content\/uploads\/sites\/2\/2021\/03\/hudo-app-2.png","contentUrl":"https:\/\/hudo.com\/si\/wp-content\/uploads\/sites\/2\/2021\/03\/hudo-app-2.png","width":2185,"height":2167,"caption":"VSN Media"},"image":{"@id":"https:\/\/hudo.com\/si\/#\/schema\/logo\/image\/"},"sameAs":["https:\/\/www.facebook.com\/hudo.si","https:\/\/twitter.com\/hudo_si"]},{"@type":"Person","@id":"https:\/\/hudo.com\/si\/#\/schema\/person\/c2f10ce65d2e6ede2aeda5be2a0611fa","name":"M. N., STA","image":{"@type":"ImageObject","inLanguage":"sl-SI","@id":"https:\/\/hudo.com\/si\/#\/schema\/person\/image\/","url":"https:\/\/secure.gravatar.com\/avatar\/f370d38daa10467f755c5c766a4cac20?s=96&d=mm&r=g","contentUrl":"https:\/\/secure.gravatar.com\/avatar\/f370d38daa10467f755c5c766a4cac20?s=96&d=mm&r=g","caption":"M. N., STA"},"url":"https:\/\/hudo.com\/si\/author\/mana\/"}]}},"amp_enabled":true,"_links":{"self":[{"href":"https:\/\/hudo.com\/si\/wp-json\/wp\/v2\/posts\/470733"}],"collection":[{"href":"https:\/\/hudo.com\/si\/wp-json\/wp\/v2\/posts"}],"about":[{"href":"https:\/\/hudo.com\/si\/wp-json\/wp\/v2\/types\/post"}],"author":[{"embeddable":true,"href":"https:\/\/hudo.com\/si\/wp-json\/wp\/v2\/users\/8"}],"replies":[{"embeddable":true,"href":"https:\/\/hudo.com\/si\/wp-json\/wp\/v2\/comments?post=470733"}],"version-history":[{"count":1,"href":"https:\/\/hudo.com\/si\/wp-json\/wp\/v2\/posts\/470733\/revisions"}],"predecessor-version":[{"id":470734,"href":"https:\/\/hudo.com\/si\/wp-json\/wp\/v2\/posts\/470733\/revisions\/470734"}],"wp:featuredmedia":[{"embeddable":true,"href":"https:\/\/hudo.com\/si\/wp-json\/wp\/v2\/media\/438331"}],"wp:attachment":[{"href":"https:\/\/hudo.com\/si\/wp-json\/wp\/v2\/media?parent=470733"}],"wp:term":[{"taxonomy":"category","embeddable":true,"href":"https:\/\/hudo.com\/si\/wp-json\/wp\/v2\/categories?post=470733"},{"taxonomy":"post_tag","embeddable":true,"href":"https:\/\/hudo.com\/si\/wp-json\/wp\/v2\/tags?post=470733"},{"taxonomy":"source","embeddable":true,"href":"https:\/\/hudo.com\/si\/wp-json\/wp\/v2\/source?post=470733"},{"taxonomy":"supertag","embeddable":true,"href":"https:\/\/hudo.com\/si\/wp-json\/wp\/v2\/supertag?post=470733"}],"curies":[{"name":"wp","href":"https:\/\/api.w.org\/{rel}","templated":true}]}}