{"id":470838,"date":"2022-07-16T08:45:14","date_gmt":"2022-07-16T06:45:14","guid":{"rendered":"https:\/\/hudo.com\/si\/?p=470838"},"modified":"2022-07-16T08:45:14","modified_gmt":"2022-07-16T06:45:14","slug":"bidnu-zaradi-srecanja-s-savdskim-princem-obtozba-da-ima-krvave-roke","status":"publish","type":"post","link":"https:\/\/hudo.com\/si\/aktualno\/svet\/bidnu-zaradi-srecanja-s-savdskim-princem-obtozba-da-ima-krvave-roke\/","title":{"rendered":"Bidnu zaradi sre\u010danja s savdskim princem obto\u017eba, da ima krvave roke"},"content":{"rendered":"<p>Ha\u0161od\u017eijeva zaro\u010denka Hatice Cengiz je sre\u010danje, pri \u010demer se je Biden s princem celo pozdravil s prijateljski trkom pesti, ozna\u010dila kot dovoljenje ZDA za nove umore, poro\u010dajo tuje tiskovne agencije.<\/p>\n<p>V tvitu, ki ga je naslovila na Bidna, je v imenu Ha\u0161od\u017eija zapisala: &#8220;Je to odgovornost, ki ste jo obljubili za moj umor? Kri naslednje \u017ertve MBS je na va\u0161ih rokah.&#8221; MBS je sicer kratica, pod katero je poznan kronski princ bin Salman.<\/p>\n<p>Biden se je po navedbah francoske tiskovne agencija AFP v izjavi po sre\u010danju zagovarjal, da je na pogovorih odprl vpra\u0161anje umora Ha\u0161od\u017eija leta 2018 na savdskem veleposlani\u0161tvu v Tur\u010diji.<\/p>\n<p>&#8220;V osnovi je rekel, da ni osebno odgovoren, sam pa sem nakazal, da po mojem mnenju je,&#8221; je povedal. &#8220;Zelo neposreden sem bil v pogovoru o tem (&#8230;) Kar se je zgodilo Ha\u0161od\u017eiju, je bilo nezasli\u0161ano (&#8230;) Jasno sem dal vedeti, da \u010de se \u0161e kdaj zgodi kaj podobnega, bodo dobili enak odgovor in \u0161e veliko ve\u010d,&#8221; je \u0161e dejal Biden.<\/p>\n<p>Za obisk Savdske Arabije se je ameri\u0161ki predsednik odlo\u010dil, \u010deprav je leta 2018 dejal, da je kraljevina zaradi umora Ha\u0161od\u017eija in kr\u0161enja \u010dlovekovih pravic izob\u010dena. Kot je pojasnil pred odhodom v D\u017eedo, ZDA potrebujejo Savdsko Arabijo, da se lahko soo\u010dijo z rusko agresijo in tekmujejo s Kitajsko.<\/p>\n<p>Biden se sicer v D\u017eedi udele\u017euje zasedanja Sveta za sodelovanje v Perzijskem zalivu (GCC). Tam bo tudi opravil glavnino dela na svojem prvem predsedni\u0161kem obisku Bli\u017enjega vzhoda. Sre\u010dal se bo z voditelji devetih arabskih dr\u017eav, ki so \u010dlanice skupine. Poleg gostiteljice so med deveterico \u0161e Bahrajn, Zdru\u017eeni arabski emirati, Kuvajt, Katar, Oman, Jordanija, Egipt in Irak.<\/p>\n<p>Arabske sogovornike bo sku\u0161al prepri\u010dati, naj okrepijo \u010drpanje nafte in tako zni\u017eajo cene na globalnih trgih. Na vrhu bodo sicer razpravljali o Iranu, \u010dlovekovih pravicah, energetski in prehranski varnosti, kot tudi o Jemnu, kjer je za zdaj \u0161e vedno v veljavi premirje v dolgoletni in krvavi vojni.<\/p>\n","protected":false},"excerpt":{"rendered":"<p>Zaro\u010denka umorjenega novinarja D\u017eamala Ha\u0161od\u017eija je predsednika ZDA Joeja Bidna obto\u017eila, da ima krvave roke, ker se je v petek v D\u017eedi sre\u010dal s savdskim kronskim princem Mohamedom bin Salmanom, ki naj bi umor naro\u010dil. Kot je zatrdil Biden, je sicer princu dal vedeti, da ZDA takega po\u010detja v prihodnje ne bodo dopu\u0161\u010dale.<\/p>\n","protected":false},"author":5,"featured_media":456534,"comment_status":"closed","ping_status":"closed","sticky":false,"template":"","format":"standard","meta":{"footnotes":""},"categories":[18202],"tags":[5244,13953,4981],"source":[4511],"supertag":[],"acf":[],"yoast_head":"<!-- This site is optimized with the Yoast SEO plugin v21.3 - https:\/\/yoast.com\/wordpress\/plugins\/seo\/ -->\n<title>Bidnu zaradi sre\u010danja s savdskim princem obto\u017eba, da ima krvave roke - Hudo Slovenija<\/title>\n<meta name=\"robots\" content=\"index, follow, max-snippet:-1, max-image-preview:large, max-video-preview:-1\" \/>\n<link rel=\"canonical\" href=\"https:\/\/hudo.com\/si\/aktualno\/svet\/bidnu-zaradi-srecanja-s-savdskim-princem-obtozba-da-ima-krvave-roke\/\" \/>\n<meta property=\"og:locale\" content=\"sl_SI\" \/>\n<meta property=\"og:type\" content=\"article\" \/>\n<meta property=\"og:title\" content=\"Bidnu zaradi sre\u010danja s savdskim princem obto\u017eba, da ima krvave roke - Hudo Slovenija\" \/>\n<meta property=\"og:description\" content=\"Zaro\u010denka umorjenega novinarja D\u017eamala Ha\u0161od\u017eija je predsednika ZDA Joeja Bidna obto\u017eila, da ima krvave roke, ker se je v petek v D\u017eedi sre\u010dal s savdskim kronskim princem Mohamedom bin Salmanom, ki naj bi umor naro\u010dil. Kot je zatrdil Biden, je sicer princu dal vedeti, da ZDA takega po\u010detja v prihodnje ne bodo dopu\u0161\u010dale.\" \/>\n<meta property=\"og:url\" content=\"https:\/\/hudo.com\/si\/aktualno\/svet\/bidnu-zaradi-srecanja-s-savdskim-princem-obtozba-da-ima-krvave-roke\/\" \/>\n<meta property=\"og:site_name\" content=\"Hudo Slovenija\" \/>\n<meta property=\"article:publisher\" content=\"https:\/\/www.facebook.com\/hudo.si\" \/>\n<meta property=\"article:published_time\" content=\"2022-07-16T06:45:14+00:00\" \/>\n<meta property=\"og:image\" content=\"https:\/\/hudo.com\/si\/wp-content\/uploads\/sites\/2\/2021\/08\/profimedia-0627715760.jpg\" \/>\n\t<meta property=\"og:image:width\" content=\"1250\" \/>\n\t<meta property=\"og:image:height\" content=\"833\" \/>\n\t<meta property=\"og:image:type\" content=\"image\/jpeg\" \/>\n<meta name=\"author\" content=\"A. G., STA\" \/>\n<meta name=\"twitter:card\" content=\"summary_large_image\" \/>\n<meta name=\"twitter:creator\" content=\"@hudo_si\" \/>\n<meta name=\"twitter:site\" content=\"@hudo_si\" \/>\n<meta name=\"twitter:label1\" content=\"Written by\" \/>\n\t<meta name=\"twitter:data1\" content=\"A. G., STA\" \/>\n\t<meta name=\"twitter:label2\" content=\"Est. reading time\" \/>\n\t<meta name=\"twitter:data2\" content=\"2 minuti\" \/>\n<script type=\"application\/ld+json\" class=\"yoast-schema-graph\">{\"@context\":\"https:\/\/schema.org\",\"@graph\":[{\"@type\":\"Article\",\"@id\":\"https:\/\/hudo.com\/si\/aktualno\/svet\/bidnu-zaradi-srecanja-s-savdskim-princem-obtozba-da-ima-krvave-roke\/#article\",\"isPartOf\":{\"@id\":\"https:\/\/hudo.com\/si\/aktualno\/svet\/bidnu-zaradi-srecanja-s-savdskim-princem-obtozba-da-ima-krvave-roke\/\"},\"author\":{\"name\":\"A. G., STA\",\"@id\":\"https:\/\/hudo.com\/si\/#\/schema\/person\/2391667a63ea075ba94f2f2dc6b77537\"},\"headline\":\"Bidnu zaradi sre\u010danja s savdskim princem obto\u017eba, da ima krvave roke\",\"datePublished\":\"2022-07-16T06:45:14+00:00\",\"dateModified\":\"2022-07-16T06:45:14+00:00\",\"mainEntityOfPage\":{\"@id\":\"https:\/\/hudo.com\/si\/aktualno\/svet\/bidnu-zaradi-srecanja-s-savdskim-princem-obtozba-da-ima-krvave-roke\/\"},\"wordCount\":358,\"publisher\":{\"@id\":\"https:\/\/hudo.com\/si\/#organization\"},\"keywords\":[\"Joe Biden\",\"Savdski princ Mohamed bin Salman\",\"sre\u010danje\"],\"articleSection\":[\"Svet\"],\"inLanguage\":\"sl-SI\"},{\"@type\":\"WebPage\",\"@id\":\"https:\/\/hudo.com\/si\/aktualno\/svet\/bidnu-zaradi-srecanja-s-savdskim-princem-obtozba-da-ima-krvave-roke\/\",\"url\":\"https:\/\/hudo.com\/si\/aktualno\/svet\/bidnu-zaradi-srecanja-s-savdskim-princem-obtozba-da-ima-krvave-roke\/\",\"name\":\"Bidnu zaradi sre\u010danja s savdskim princem obto\u017eba, da ima krvave roke - Hudo Slovenija\",\"isPartOf\":{\"@id\":\"https:\/\/hudo.com\/si\/#website\"},\"datePublished\":\"2022-07-16T06:45:14+00:00\",\"dateModified\":\"2022-07-16T06:45:14+00:00\",\"breadcrumb\":{\"@id\":\"https:\/\/hudo.com\/si\/aktualno\/svet\/bidnu-zaradi-srecanja-s-savdskim-princem-obtozba-da-ima-krvave-roke\/#breadcrumb\"},\"inLanguage\":\"sl-SI\",\"potentialAction\":[{\"@type\":\"ReadAction\",\"target\":[\"https:\/\/hudo.com\/si\/aktualno\/svet\/bidnu-zaradi-srecanja-s-savdskim-princem-obtozba-da-ima-krvave-roke\/\"]}]},{\"@type\":\"BreadcrumbList\",\"@id\":\"https:\/\/hudo.com\/si\/aktualno\/svet\/bidnu-zaradi-srecanja-s-savdskim-princem-obtozba-da-ima-krvave-roke\/#breadcrumb\",\"itemListElement\":[{\"@type\":\"ListItem\",\"position\":1,\"name\":\"Home\",\"item\":\"https:\/\/hudo.com\/si\/\"},{\"@type\":\"ListItem\",\"position\":2,\"name\":\"Bidnu zaradi sre\u010danja s savdskim princem obto\u017eba, da ima krvave roke\"}]},{\"@type\":\"WebSite\",\"@id\":\"https:\/\/hudo.com\/si\/#website\",\"url\":\"https:\/\/hudo.com\/si\/\",\"name\":\"Hudo Slovenija\",\"description\":\"Vse novice iz Slovenije in sveta\",\"publisher\":{\"@id\":\"https:\/\/hudo.com\/si\/#organization\"},\"potentialAction\":[{\"@type\":\"SearchAction\",\"target\":{\"@type\":\"EntryPoint\",\"urlTemplate\":\"https:\/\/hudo.com\/si\/?s={search_term_string}\"},\"query-input\":\"required name=search_term_string\"}],\"inLanguage\":\"sl-SI\"},{\"@type\":\"Organization\",\"@id\":\"https:\/\/hudo.com\/si\/#organization\",\"name\":\"VSN Media\",\"url\":\"https:\/\/hudo.com\/si\/\",\"logo\":{\"@type\":\"ImageObject\",\"inLanguage\":\"sl-SI\",\"@id\":\"https:\/\/hudo.com\/si\/#\/schema\/logo\/image\/\",\"url\":\"https:\/\/hudo.com\/si\/wp-content\/uploads\/sites\/2\/2021\/03\/hudo-app-2.png\",\"contentUrl\":\"https:\/\/hudo.com\/si\/wp-content\/uploads\/sites\/2\/2021\/03\/hudo-app-2.png\",\"width\":2185,\"height\":2167,\"caption\":\"VSN Media\"},\"image\":{\"@id\":\"https:\/\/hudo.com\/si\/#\/schema\/logo\/image\/\"},\"sameAs\":[\"https:\/\/www.facebook.com\/hudo.si\",\"https:\/\/twitter.com\/hudo_si\"]},{\"@type\":\"Person\",\"@id\":\"https:\/\/hudo.com\/si\/#\/schema\/person\/2391667a63ea075ba94f2f2dc6b77537\",\"name\":\"A. G., STA\",\"image\":{\"@type\":\"ImageObject\",\"inLanguage\":\"sl-SI\",\"@id\":\"https:\/\/hudo.com\/si\/#\/schema\/person\/image\/\",\"url\":\"https:\/\/secure.gravatar.com\/avatar\/e13d22ac3e442658d5025fbbe6238a79?s=96&d=mm&r=g\",\"contentUrl\":\"https:\/\/secure.gravatar.com\/avatar\/e13d22ac3e442658d5025fbbe6238a79?s=96&d=mm&r=g\",\"caption\":\"A. G., STA\"},\"url\":\"https:\/\/hudo.com\/si\/author\/alenka\/\"}]}<\/script>\n<!-- \/ Yoast SEO plugin. -->","yoast_head_json":{"title":"Bidnu zaradi sre\u010danja s savdskim princem obto\u017eba, da ima krvave roke - Hudo Slovenija","robots":{"index":"index","follow":"follow","max-snippet":"max-snippet:-1","max-image-preview":"max-image-preview:large","max-video-preview":"max-video-preview:-1"},"canonical":"https:\/\/hudo.com\/si\/aktualno\/svet\/bidnu-zaradi-srecanja-s-savdskim-princem-obtozba-da-ima-krvave-roke\/","og_locale":"sl_SI","og_type":"article","og_title":"Bidnu zaradi sre\u010danja s savdskim princem obto\u017eba, da ima krvave roke - Hudo Slovenija","og_description":"Zaro\u010denka umorjenega novinarja D\u017eamala Ha\u0161od\u017eija je predsednika ZDA Joeja Bidna obto\u017eila, da ima krvave roke, ker se je v petek v D\u017eedi sre\u010dal s savdskim kronskim princem Mohamedom bin Salmanom, ki naj bi umor naro\u010dil. Kot je zatrdil Biden, je sicer princu dal vedeti, da ZDA takega po\u010detja v prihodnje ne bodo dopu\u0161\u010dale.","og_url":"https:\/\/hudo.com\/si\/aktualno\/svet\/bidnu-zaradi-srecanja-s-savdskim-princem-obtozba-da-ima-krvave-roke\/","og_site_name":"Hudo Slovenija","article_publisher":"https:\/\/www.facebook.com\/hudo.si","article_published_time":"2022-07-16T06:45:14+00:00","og_image":[{"width":1250,"height":833,"url":"https:\/\/hudo.com\/si\/wp-content\/uploads\/sites\/2\/2021\/08\/profimedia-0627715760.jpg","type":"image\/jpeg"}],"author":"A. G., STA","twitter_card":"summary_large_image","twitter_creator":"@hudo_si","twitter_site":"@hudo_si","twitter_misc":{"Written by":"A. G., STA","Est. reading time":"2 minuti"},"schema":{"@context":"https:\/\/schema.org","@graph":[{"@type":"Article","@id":"https:\/\/hudo.com\/si\/aktualno\/svet\/bidnu-zaradi-srecanja-s-savdskim-princem-obtozba-da-ima-krvave-roke\/#article","isPartOf":{"@id":"https:\/\/hudo.com\/si\/aktualno\/svet\/bidnu-zaradi-srecanja-s-savdskim-princem-obtozba-da-ima-krvave-roke\/"},"author":{"name":"A. G., STA","@id":"https:\/\/hudo.com\/si\/#\/schema\/person\/2391667a63ea075ba94f2f2dc6b77537"},"headline":"Bidnu zaradi sre\u010danja s savdskim princem obto\u017eba, da ima krvave roke","datePublished":"2022-07-16T06:45:14+00:00","dateModified":"2022-07-16T06:45:14+00:00","mainEntityOfPage":{"@id":"https:\/\/hudo.com\/si\/aktualno\/svet\/bidnu-zaradi-srecanja-s-savdskim-princem-obtozba-da-ima-krvave-roke\/"},"wordCount":358,"publisher":{"@id":"https:\/\/hudo.com\/si\/#organization"},"keywords":["Joe Biden","Savdski princ Mohamed bin Salman","sre\u010danje"],"articleSection":["Svet"],"inLanguage":"sl-SI"},{"@type":"WebPage","@id":"https:\/\/hudo.com\/si\/aktualno\/svet\/bidnu-zaradi-srecanja-s-savdskim-princem-obtozba-da-ima-krvave-roke\/","url":"https:\/\/hudo.com\/si\/aktualno\/svet\/bidnu-zaradi-srecanja-s-savdskim-princem-obtozba-da-ima-krvave-roke\/","name":"Bidnu zaradi sre\u010danja s savdskim princem obto\u017eba, da ima krvave roke - Hudo Slovenija","isPartOf":{"@id":"https:\/\/hudo.com\/si\/#website"},"datePublished":"2022-07-16T06:45:14+00:00","dateModified":"2022-07-16T06:45:14+00:00","breadcrumb":{"@id":"https:\/\/hudo.com\/si\/aktualno\/svet\/bidnu-zaradi-srecanja-s-savdskim-princem-obtozba-da-ima-krvave-roke\/#breadcrumb"},"inLanguage":"sl-SI","potentialAction":[{"@type":"ReadAction","target":["https:\/\/hudo.com\/si\/aktualno\/svet\/bidnu-zaradi-srecanja-s-savdskim-princem-obtozba-da-ima-krvave-roke\/"]}]},{"@type":"BreadcrumbList","@id":"https:\/\/hudo.com\/si\/aktualno\/svet\/bidnu-zaradi-srecanja-s-savdskim-princem-obtozba-da-ima-krvave-roke\/#breadcrumb","itemListElement":[{"@type":"ListItem","position":1,"name":"Home","item":"https:\/\/hudo.com\/si\/"},{"@type":"ListItem","position":2,"name":"Bidnu zaradi sre\u010danja s savdskim princem obto\u017eba, da ima krvave roke"}]},{"@type":"WebSite","@id":"https:\/\/hudo.com\/si\/#website","url":"https:\/\/hudo.com\/si\/","name":"Hudo Slovenija","description":"Vse novice iz Slovenije in sveta","publisher":{"@id":"https:\/\/hudo.com\/si\/#organization"},"potentialAction":[{"@type":"SearchAction","target":{"@type":"EntryPoint","urlTemplate":"https:\/\/hudo.com\/si\/?s={search_term_string}"},"query-input":"required name=search_term_string"}],"inLanguage":"sl-SI"},{"@type":"Organization","@id":"https:\/\/hudo.com\/si\/#organization","name":"VSN Media","url":"https:\/\/hudo.com\/si\/","logo":{"@type":"ImageObject","inLanguage":"sl-SI","@id":"https:\/\/hudo.com\/si\/#\/schema\/logo\/image\/","url":"https:\/\/hudo.com\/si\/wp-content\/uploads\/sites\/2\/2021\/03\/hudo-app-2.png","contentUrl":"https:\/\/hudo.com\/si\/wp-content\/uploads\/sites\/2\/2021\/03\/hudo-app-2.png","width":2185,"height":2167,"caption":"VSN Media"},"image":{"@id":"https:\/\/hudo.com\/si\/#\/schema\/logo\/image\/"},"sameAs":["https:\/\/www.facebook.com\/hudo.si","https:\/\/twitter.com\/hudo_si"]},{"@type":"Person","@id":"https:\/\/hudo.com\/si\/#\/schema\/person\/2391667a63ea075ba94f2f2dc6b77537","name":"A. G., STA","image":{"@type":"ImageObject","inLanguage":"sl-SI","@id":"https:\/\/hudo.com\/si\/#\/schema\/person\/image\/","url":"https:\/\/secure.gravatar.com\/avatar\/e13d22ac3e442658d5025fbbe6238a79?s=96&d=mm&r=g","contentUrl":"https:\/\/secure.gravatar.com\/avatar\/e13d22ac3e442658d5025fbbe6238a79?s=96&d=mm&r=g","caption":"A. G., STA"},"url":"https:\/\/hudo.com\/si\/author\/alenka\/"}]}},"amp_enabled":true,"_links":{"self":[{"href":"https:\/\/hudo.com\/si\/wp-json\/wp\/v2\/posts\/470838"}],"collection":[{"href":"https:\/\/hudo.com\/si\/wp-json\/wp\/v2\/posts"}],"about":[{"href":"https:\/\/hudo.com\/si\/wp-json\/wp\/v2\/types\/post"}],"author":[{"embeddable":true,"href":"https:\/\/hudo.com\/si\/wp-json\/wp\/v2\/users\/5"}],"replies":[{"embeddable":true,"href":"https:\/\/hudo.com\/si\/wp-json\/wp\/v2\/comments?post=470838"}],"version-history":[{"count":1,"href":"https:\/\/hudo.com\/si\/wp-json\/wp\/v2\/posts\/470838\/revisions"}],"predecessor-version":[{"id":470839,"href":"https:\/\/hudo.com\/si\/wp-json\/wp\/v2\/posts\/470838\/revisions\/470839"}],"wp:featuredmedia":[{"embeddable":true,"href":"https:\/\/hudo.com\/si\/wp-json\/wp\/v2\/media\/456534"}],"wp:attachment":[{"href":"https:\/\/hudo.com\/si\/wp-json\/wp\/v2\/media?parent=470838"}],"wp:term":[{"taxonomy":"category","embeddable":true,"href":"https:\/\/hudo.com\/si\/wp-json\/wp\/v2\/categories?post=470838"},{"taxonomy":"post_tag","embeddable":true,"href":"https:\/\/hudo.com\/si\/wp-json\/wp\/v2\/tags?post=470838"},{"taxonomy":"source","embeddable":true,"href":"https:\/\/hudo.com\/si\/wp-json\/wp\/v2\/source?post=470838"},{"taxonomy":"supertag","embeddable":true,"href":"https:\/\/hudo.com\/si\/wp-json\/wp\/v2\/supertag?post=470838"}],"curies":[{"name":"wp","href":"https:\/\/api.w.org\/{rel}","templated":true}]}}