{"id":470926,"date":"2022-07-19T07:32:44","date_gmt":"2022-07-19T05:32:44","guid":{"rendered":"https:\/\/hudo.com\/si\/?p=470926"},"modified":"2022-07-19T07:32:44","modified_gmt":"2022-07-19T05:32:44","slug":"severna-makedonija-in-albanija-zacenjata-pristopna-pogajanja-z-eu","status":"publish","type":"post","link":"https:\/\/hudo.com\/si\/aktualno\/svet\/severna-makedonija-in-albanija-zacenjata-pristopna-pogajanja-z-eu\/","title":{"rendered":"Severna Makedonija in Albanija za\u010denjata pristopna pogajanja z EU"},"content":{"rendered":"<p>Skopje in Tirana imata lo\u010dena pogajalska okvirja, ki dolo\u010data, kako bosta dr\u017eavi v okviru pogajanj v svojo nacionalno zakonodajo prenesli pravni red EU. Ta je razdeljen na ve\u010d kot 30 poglavij, ki so v skladu z novo metodologijo razdeljena v \u0161est tematskih sklopov.<\/p>\n<p>Klju\u010den je sklop, povezan z vladavino prava, s katerim se bodo pogajanja za\u010dela in kon\u010dala. Preostali sklopi se nana\u0161ajo na notranji trg; konkuren\u010dnost in vklju\u010dujo\u010do rast; zeleni na\u010drt in trajnostno povezljivost; vire, kmetijstvo in kohezijo ter zunanje odnose.<\/p>\n<p>Danes bosta v Bruslju potekali prvi medvladni konferenci, s \u010dimer se bodo pristopna pogajanja uradno za\u010dela. Ve\u010dino dr\u017eav \u010dlanic, tudi Slovenijo, bodo zastopali stalni predstavniki pri EU.<\/p>\n<p>Tako bosta Skopje in Tirana po letih \u010dakanja vendarle za\u010dela pogajanja o vstopu v EU. Severna Makedonija ima status kandidatke za \u010dlanstvo \u017ee vse od leta 2005, Albanija pa od leta 2014. V zadnjih letih je za\u010detek najprej blokirala Gr\u010dija, ki je zahtevala, da Severna Makedonija spremeni ime. Bolgarija pa je blokado odpravila v teh dneh, potem ko so v Skopju pristali na vpis bolgarske manj\u0161ine v ustavo in spremembe zgodovinskih u\u010dbenikov. To bodo morale makedonske oblasti \u0161e uresni\u010diti.<\/p>\n","protected":false},"excerpt":{"rendered":"<p>Severna Makedonija in Albanija bosta danes za\u010deli pogajanja o vstopu v Evropsko unijo. Pristopna pogajanja se bodo za\u010dela, potem ko je Severna Makedonija z Bolgarijo sklenila dogovor, ki je odpravil bolgarsko blokado Skopja na poti v EU.<\/p>\n","protected":false},"author":7,"featured_media":271534,"comment_status":"closed","ping_status":"closed","sticky":false,"template":"","format":"standard","meta":{"footnotes":""},"categories":[18202],"tags":[4738,1910,12997],"source":[4511],"supertag":[6103],"acf":[],"yoast_head":"<!-- This site is optimized with the Yoast SEO plugin v21.3 - https:\/\/yoast.com\/wordpress\/plugins\/seo\/ -->\n<title>Severna Makedonija in Albanija za\u010denjata pristopna pogajanja z EU - Hudo Slovenija<\/title>\n<meta name=\"robots\" content=\"index, follow, max-snippet:-1, max-image-preview:large, max-video-preview:-1\" \/>\n<link rel=\"canonical\" href=\"https:\/\/hudo.com\/si\/aktualno\/svet\/severna-makedonija-in-albanija-zacenjata-pristopna-pogajanja-z-eu\/\" \/>\n<meta property=\"og:locale\" content=\"sl_SI\" \/>\n<meta property=\"og:type\" content=\"article\" \/>\n<meta property=\"og:title\" content=\"Severna Makedonija in Albanija za\u010denjata pristopna pogajanja z EU - Hudo Slovenija\" \/>\n<meta property=\"og:description\" content=\"Severna Makedonija in Albanija bosta danes za\u010deli pogajanja o vstopu v Evropsko unijo. Pristopna pogajanja se bodo za\u010dela, potem ko je Severna Makedonija z Bolgarijo sklenila dogovor, ki je odpravil bolgarsko blokado Skopja na poti v EU.\" \/>\n<meta property=\"og:url\" content=\"https:\/\/hudo.com\/si\/aktualno\/svet\/severna-makedonija-in-albanija-zacenjata-pristopna-pogajanja-z-eu\/\" \/>\n<meta property=\"og:site_name\" content=\"Hudo Slovenija\" \/>\n<meta property=\"article:publisher\" content=\"https:\/\/www.facebook.com\/hudo.si\" \/>\n<meta property=\"article:published_time\" content=\"2022-07-19T05:32:44+00:00\" \/>\n<meta property=\"og:image\" content=\"https:\/\/hudo.com\/si\/wp-content\/uploads\/sites\/2\/2017\/06\/profimedia-0102174631.jpg\" \/>\n\t<meta property=\"og:image:width\" content=\"1250\" \/>\n\t<meta property=\"og:image:height\" content=\"1071\" \/>\n\t<meta property=\"og:image:type\" content=\"image\/jpeg\" \/>\n<meta name=\"author\" content=\"A. P., STA\" \/>\n<meta name=\"twitter:card\" content=\"summary_large_image\" \/>\n<meta name=\"twitter:creator\" content=\"@hudo_si\" \/>\n<meta name=\"twitter:site\" content=\"@hudo_si\" \/>\n<meta name=\"twitter:label1\" content=\"Written by\" \/>\n\t<meta name=\"twitter:data1\" content=\"A. P., STA\" \/>\n\t<meta name=\"twitter:label2\" content=\"Est. reading time\" \/>\n\t<meta name=\"twitter:data2\" content=\"1 minuta\" \/>\n<script type=\"application\/ld+json\" class=\"yoast-schema-graph\">{\"@context\":\"https:\/\/schema.org\",\"@graph\":[{\"@type\":\"Article\",\"@id\":\"https:\/\/hudo.com\/si\/aktualno\/svet\/severna-makedonija-in-albanija-zacenjata-pristopna-pogajanja-z-eu\/#article\",\"isPartOf\":{\"@id\":\"https:\/\/hudo.com\/si\/aktualno\/svet\/severna-makedonija-in-albanija-zacenjata-pristopna-pogajanja-z-eu\/\"},\"author\":{\"name\":\"A. P., STA\",\"@id\":\"https:\/\/hudo.com\/si\/#\/schema\/person\/18f09c02475ba9e606e941a565b80cff\"},\"headline\":\"Severna Makedonija in Albanija za\u010denjata pristopna pogajanja z EU\",\"datePublished\":\"2022-07-19T05:32:44+00:00\",\"dateModified\":\"2022-07-19T05:32:44+00:00\",\"mainEntityOfPage\":{\"@id\":\"https:\/\/hudo.com\/si\/aktualno\/svet\/severna-makedonija-in-albanija-zacenjata-pristopna-pogajanja-z-eu\/\"},\"wordCount\":214,\"publisher\":{\"@id\":\"https:\/\/hudo.com\/si\/#organization\"},\"keywords\":[\"Albanija\",\"evropska unija\",\"severna makedonija\"],\"articleSection\":[\"Svet\"],\"inLanguage\":\"sl-SI\"},{\"@type\":\"WebPage\",\"@id\":\"https:\/\/hudo.com\/si\/aktualno\/svet\/severna-makedonija-in-albanija-zacenjata-pristopna-pogajanja-z-eu\/\",\"url\":\"https:\/\/hudo.com\/si\/aktualno\/svet\/severna-makedonija-in-albanija-zacenjata-pristopna-pogajanja-z-eu\/\",\"name\":\"Severna Makedonija in Albanija za\u010denjata pristopna pogajanja z EU - Hudo Slovenija\",\"isPartOf\":{\"@id\":\"https:\/\/hudo.com\/si\/#website\"},\"datePublished\":\"2022-07-19T05:32:44+00:00\",\"dateModified\":\"2022-07-19T05:32:44+00:00\",\"breadcrumb\":{\"@id\":\"https:\/\/hudo.com\/si\/aktualno\/svet\/severna-makedonija-in-albanija-zacenjata-pristopna-pogajanja-z-eu\/#breadcrumb\"},\"inLanguage\":\"sl-SI\",\"potentialAction\":[{\"@type\":\"ReadAction\",\"target\":[\"https:\/\/hudo.com\/si\/aktualno\/svet\/severna-makedonija-in-albanija-zacenjata-pristopna-pogajanja-z-eu\/\"]}]},{\"@type\":\"BreadcrumbList\",\"@id\":\"https:\/\/hudo.com\/si\/aktualno\/svet\/severna-makedonija-in-albanija-zacenjata-pristopna-pogajanja-z-eu\/#breadcrumb\",\"itemListElement\":[{\"@type\":\"ListItem\",\"position\":1,\"name\":\"Home\",\"item\":\"https:\/\/hudo.com\/si\/\"},{\"@type\":\"ListItem\",\"position\":2,\"name\":\"Severna Makedonija in Albanija za\u010denjata pristopna pogajanja z EU\"}]},{\"@type\":\"WebSite\",\"@id\":\"https:\/\/hudo.com\/si\/#website\",\"url\":\"https:\/\/hudo.com\/si\/\",\"name\":\"Hudo Slovenija\",\"description\":\"Vse novice iz Slovenije in sveta\",\"publisher\":{\"@id\":\"https:\/\/hudo.com\/si\/#organization\"},\"potentialAction\":[{\"@type\":\"SearchAction\",\"target\":{\"@type\":\"EntryPoint\",\"urlTemplate\":\"https:\/\/hudo.com\/si\/?s={search_term_string}\"},\"query-input\":\"required name=search_term_string\"}],\"inLanguage\":\"sl-SI\"},{\"@type\":\"Organization\",\"@id\":\"https:\/\/hudo.com\/si\/#organization\",\"name\":\"VSN Media\",\"url\":\"https:\/\/hudo.com\/si\/\",\"logo\":{\"@type\":\"ImageObject\",\"inLanguage\":\"sl-SI\",\"@id\":\"https:\/\/hudo.com\/si\/#\/schema\/logo\/image\/\",\"url\":\"https:\/\/hudo.com\/si\/wp-content\/uploads\/sites\/2\/2021\/03\/hudo-app-2.png\",\"contentUrl\":\"https:\/\/hudo.com\/si\/wp-content\/uploads\/sites\/2\/2021\/03\/hudo-app-2.png\",\"width\":2185,\"height\":2167,\"caption\":\"VSN Media\"},\"image\":{\"@id\":\"https:\/\/hudo.com\/si\/#\/schema\/logo\/image\/\"},\"sameAs\":[\"https:\/\/www.facebook.com\/hudo.si\",\"https:\/\/twitter.com\/hudo_si\"]},{\"@type\":\"Person\",\"@id\":\"https:\/\/hudo.com\/si\/#\/schema\/person\/18f09c02475ba9e606e941a565b80cff\",\"name\":\"A. P., STA\",\"image\":{\"@type\":\"ImageObject\",\"inLanguage\":\"sl-SI\",\"@id\":\"https:\/\/hudo.com\/si\/#\/schema\/person\/image\/\",\"url\":\"https:\/\/secure.gravatar.com\/avatar\/03eac8e609f5f04383125d80eaeaaf3e?s=96&d=mm&r=g\",\"contentUrl\":\"https:\/\/secure.gravatar.com\/avatar\/03eac8e609f5f04383125d80eaeaaf3e?s=96&d=mm&r=g\",\"caption\":\"A. P., STA\"},\"url\":\"https:\/\/hudo.com\/si\/author\/lubu\/\"}]}<\/script>\n<!-- \/ Yoast SEO plugin. -->","yoast_head_json":{"title":"Severna Makedonija in Albanija za\u010denjata pristopna pogajanja z EU - Hudo Slovenija","robots":{"index":"index","follow":"follow","max-snippet":"max-snippet:-1","max-image-preview":"max-image-preview:large","max-video-preview":"max-video-preview:-1"},"canonical":"https:\/\/hudo.com\/si\/aktualno\/svet\/severna-makedonija-in-albanija-zacenjata-pristopna-pogajanja-z-eu\/","og_locale":"sl_SI","og_type":"article","og_title":"Severna Makedonija in Albanija za\u010denjata pristopna pogajanja z EU - Hudo Slovenija","og_description":"Severna Makedonija in Albanija bosta danes za\u010deli pogajanja o vstopu v Evropsko unijo. Pristopna pogajanja se bodo za\u010dela, potem ko je Severna Makedonija z Bolgarijo sklenila dogovor, ki je odpravil bolgarsko blokado Skopja na poti v EU.","og_url":"https:\/\/hudo.com\/si\/aktualno\/svet\/severna-makedonija-in-albanija-zacenjata-pristopna-pogajanja-z-eu\/","og_site_name":"Hudo Slovenija","article_publisher":"https:\/\/www.facebook.com\/hudo.si","article_published_time":"2022-07-19T05:32:44+00:00","og_image":[{"width":1250,"height":1071,"url":"https:\/\/hudo.com\/si\/wp-content\/uploads\/sites\/2\/2017\/06\/profimedia-0102174631.jpg","type":"image\/jpeg"}],"author":"A. P., STA","twitter_card":"summary_large_image","twitter_creator":"@hudo_si","twitter_site":"@hudo_si","twitter_misc":{"Written by":"A. P., STA","Est. reading time":"1 minuta"},"schema":{"@context":"https:\/\/schema.org","@graph":[{"@type":"Article","@id":"https:\/\/hudo.com\/si\/aktualno\/svet\/severna-makedonija-in-albanija-zacenjata-pristopna-pogajanja-z-eu\/#article","isPartOf":{"@id":"https:\/\/hudo.com\/si\/aktualno\/svet\/severna-makedonija-in-albanija-zacenjata-pristopna-pogajanja-z-eu\/"},"author":{"name":"A. P., STA","@id":"https:\/\/hudo.com\/si\/#\/schema\/person\/18f09c02475ba9e606e941a565b80cff"},"headline":"Severna Makedonija in Albanija za\u010denjata pristopna pogajanja z EU","datePublished":"2022-07-19T05:32:44+00:00","dateModified":"2022-07-19T05:32:44+00:00","mainEntityOfPage":{"@id":"https:\/\/hudo.com\/si\/aktualno\/svet\/severna-makedonija-in-albanija-zacenjata-pristopna-pogajanja-z-eu\/"},"wordCount":214,"publisher":{"@id":"https:\/\/hudo.com\/si\/#organization"},"keywords":["Albanija","evropska unija","severna makedonija"],"articleSection":["Svet"],"inLanguage":"sl-SI"},{"@type":"WebPage","@id":"https:\/\/hudo.com\/si\/aktualno\/svet\/severna-makedonija-in-albanija-zacenjata-pristopna-pogajanja-z-eu\/","url":"https:\/\/hudo.com\/si\/aktualno\/svet\/severna-makedonija-in-albanija-zacenjata-pristopna-pogajanja-z-eu\/","name":"Severna Makedonija in Albanija za\u010denjata pristopna pogajanja z EU - Hudo Slovenija","isPartOf":{"@id":"https:\/\/hudo.com\/si\/#website"},"datePublished":"2022-07-19T05:32:44+00:00","dateModified":"2022-07-19T05:32:44+00:00","breadcrumb":{"@id":"https:\/\/hudo.com\/si\/aktualno\/svet\/severna-makedonija-in-albanija-zacenjata-pristopna-pogajanja-z-eu\/#breadcrumb"},"inLanguage":"sl-SI","potentialAction":[{"@type":"ReadAction","target":["https:\/\/hudo.com\/si\/aktualno\/svet\/severna-makedonija-in-albanija-zacenjata-pristopna-pogajanja-z-eu\/"]}]},{"@type":"BreadcrumbList","@id":"https:\/\/hudo.com\/si\/aktualno\/svet\/severna-makedonija-in-albanija-zacenjata-pristopna-pogajanja-z-eu\/#breadcrumb","itemListElement":[{"@type":"ListItem","position":1,"name":"Home","item":"https:\/\/hudo.com\/si\/"},{"@type":"ListItem","position":2,"name":"Severna Makedonija in Albanija za\u010denjata pristopna pogajanja z EU"}]},{"@type":"WebSite","@id":"https:\/\/hudo.com\/si\/#website","url":"https:\/\/hudo.com\/si\/","name":"Hudo Slovenija","description":"Vse novice iz Slovenije in sveta","publisher":{"@id":"https:\/\/hudo.com\/si\/#organization"},"potentialAction":[{"@type":"SearchAction","target":{"@type":"EntryPoint","urlTemplate":"https:\/\/hudo.com\/si\/?s={search_term_string}"},"query-input":"required name=search_term_string"}],"inLanguage":"sl-SI"},{"@type":"Organization","@id":"https:\/\/hudo.com\/si\/#organization","name":"VSN Media","url":"https:\/\/hudo.com\/si\/","logo":{"@type":"ImageObject","inLanguage":"sl-SI","@id":"https:\/\/hudo.com\/si\/#\/schema\/logo\/image\/","url":"https:\/\/hudo.com\/si\/wp-content\/uploads\/sites\/2\/2021\/03\/hudo-app-2.png","contentUrl":"https:\/\/hudo.com\/si\/wp-content\/uploads\/sites\/2\/2021\/03\/hudo-app-2.png","width":2185,"height":2167,"caption":"VSN Media"},"image":{"@id":"https:\/\/hudo.com\/si\/#\/schema\/logo\/image\/"},"sameAs":["https:\/\/www.facebook.com\/hudo.si","https:\/\/twitter.com\/hudo_si"]},{"@type":"Person","@id":"https:\/\/hudo.com\/si\/#\/schema\/person\/18f09c02475ba9e606e941a565b80cff","name":"A. P., STA","image":{"@type":"ImageObject","inLanguage":"sl-SI","@id":"https:\/\/hudo.com\/si\/#\/schema\/person\/image\/","url":"https:\/\/secure.gravatar.com\/avatar\/03eac8e609f5f04383125d80eaeaaf3e?s=96&d=mm&r=g","contentUrl":"https:\/\/secure.gravatar.com\/avatar\/03eac8e609f5f04383125d80eaeaaf3e?s=96&d=mm&r=g","caption":"A. P., STA"},"url":"https:\/\/hudo.com\/si\/author\/lubu\/"}]}},"amp_enabled":true,"_links":{"self":[{"href":"https:\/\/hudo.com\/si\/wp-json\/wp\/v2\/posts\/470926"}],"collection":[{"href":"https:\/\/hudo.com\/si\/wp-json\/wp\/v2\/posts"}],"about":[{"href":"https:\/\/hudo.com\/si\/wp-json\/wp\/v2\/types\/post"}],"author":[{"embeddable":true,"href":"https:\/\/hudo.com\/si\/wp-json\/wp\/v2\/users\/7"}],"replies":[{"embeddable":true,"href":"https:\/\/hudo.com\/si\/wp-json\/wp\/v2\/comments?post=470926"}],"version-history":[{"count":1,"href":"https:\/\/hudo.com\/si\/wp-json\/wp\/v2\/posts\/470926\/revisions"}],"predecessor-version":[{"id":470927,"href":"https:\/\/hudo.com\/si\/wp-json\/wp\/v2\/posts\/470926\/revisions\/470927"}],"wp:featuredmedia":[{"embeddable":true,"href":"https:\/\/hudo.com\/si\/wp-json\/wp\/v2\/media\/271534"}],"wp:attachment":[{"href":"https:\/\/hudo.com\/si\/wp-json\/wp\/v2\/media?parent=470926"}],"wp:term":[{"taxonomy":"category","embeddable":true,"href":"https:\/\/hudo.com\/si\/wp-json\/wp\/v2\/categories?post=470926"},{"taxonomy":"post_tag","embeddable":true,"href":"https:\/\/hudo.com\/si\/wp-json\/wp\/v2\/tags?post=470926"},{"taxonomy":"source","embeddable":true,"href":"https:\/\/hudo.com\/si\/wp-json\/wp\/v2\/source?post=470926"},{"taxonomy":"supertag","embeddable":true,"href":"https:\/\/hudo.com\/si\/wp-json\/wp\/v2\/supertag?post=470926"}],"curies":[{"name":"wp","href":"https:\/\/api.w.org\/{rel}","templated":true}]}}