{"id":471009,"date":"2022-07-21T07:36:41","date_gmt":"2022-07-21T05:36:41","guid":{"rendered":"https:\/\/hudo.com\/si\/?p=471009"},"modified":"2022-07-21T07:46:56","modified_gmt":"2022-07-21T05:46:56","slug":"pozar-na-krasu-ponoci-na-terenu-vec-kot-800-gasilcev-a-ne-nevarnosti-se-ni-konec","status":"publish","type":"post","link":"https:\/\/hudo.com\/si\/aktualno\/slovenija\/pozar-na-krasu-ponoci-na-terenu-vec-kot-800-gasilcev-a-ne-nevarnosti-se-ni-konec\/","title":{"rendered":"Po\u017ear na Krasu: pono\u010di na terenu ve\u010d kot 800 gasilcev, a nevarnosti \u0161e ni konec"},"content":{"rendered":"<p>Kot je za STA povedal Ervin \u010curli\u010d iz regijskega \u0161taba civilne za\u0161\u010dite, se je pono\u010di po\u017ear v bli\u017eini Kostanjevice na Krasu dvakrat obnovil. Te\u017eavo namre\u010d predstavljajo neeksplodirana ubojna sredstva iz prve svetovne vojne, zaradi katerih ognja ne morejo gasiti v sredi\u0161\u010du po\u017eara. So pa oba po\u017eari uspeli omejiti.<\/p>\n<p>\u010curli\u010d se boji, da se bo po\u017ear v primeru vetra ponovno razplamtel. Kak\u0161na bo danes situacija z vetrom, je po njegovih besedah te\u017eko napovedati, saj se razmere zelo hitro spreminjajo.<\/p>\n<p>Ker gasilci zaradi varnosti ne morejo dostopati do sredi\u0161\u010da po\u017eara, je edina mo\u017enost, da ga pogasijo, ga\u0161enje s helikopterji. Ti pono\u010di ne morejo leteti, se bodo pa v ga\u0161enje znova vklju\u010dili danes. Prav tako bodo po\u017ear predvidoma gasili z letalom Pilatus, na voljo pa naj bi bilo tudi letalo Canadair.<\/p>\n<p>Sicer pa je bilo pono\u010di na terenu ve\u010d kot 800 gasilcev, na Kras pa prihajajo \u0161e nove enote, so zjutraj sporo\u010dili iz regijskega \u0161taba civilne za\u0161\u010dite.<\/p>\n<p>Zaradi utrujenosti in iz\u010drpanosti gasilcev, sploh po v\u010deraj\u0161nji &#8220;hudi uri&#8221;, so namre\u010d nujno potrebne rotacije ekip, opozarjajo v regijskem \u0161tabu.<\/p>\n<p>Poveljnik civilne za\u0161\u010dite Sre\u010dko \u0160estan je v pogovoru za TV Slovenija v sredo zve\u010der ocenil, da gre za doslej najve\u010dji po\u017ear v Sloveniji.<\/p>\n<p>Ogenj je uni\u010dil velikanske povr\u0161ine gozda in podrasti, k sre\u010di pa so uspeli gasilci z velikimi napori do srede zve\u010der pred ognjem obraniti hi\u0161e.<\/p>\n<p>Prebivalci Sel na Krasu, Hudega Loga, Korit na Krasu, Nove vasi in dela Mirna, ki so jih preventivno evakuirali, pa so se do ve\u010dera pove\u010dini lahko vrnili na domove. Evakuiranih je bilo skupaj okoli sto ljudi.<\/p>\n","protected":false},"excerpt":{"rendered":"<p>Za gasilci, ki se na Krasu borijo z obse\u017enim po\u017earom, je naporna no\u010d. Kot je povedal no\u010dni vodja intervencije Stanko Mo\u010dnik, so se spopadali z dvema po\u017earoma v bli\u017eini Kostanjevice na Krasu, torej na obmo\u010dju, kjer se je \u017ee v sredo ogenj nevarno pribli\u017eal naselju. Obe \u017eari\u0161\u010di so obvladali in omejili.<\/p>\n","protected":false},"author":5,"featured_media":471010,"comment_status":"closed","ping_status":"closed","sticky":false,"template":"","format":"standard","meta":{"footnotes":""},"categories":[18201],"tags":[4734,20017,1595],"source":[4511],"supertag":[5675],"acf":[],"yoast_head":"<!-- This site is optimized with the Yoast SEO plugin v21.3 - https:\/\/yoast.com\/wordpress\/plugins\/seo\/ -->\n<title>Po\u017ear na Krasu: pono\u010di na terenu ve\u010d kot 800 gasilcev, a nevarnosti \u0161e ni konec - Hudo Slovenija<\/title>\n<meta name=\"robots\" content=\"index, follow, max-snippet:-1, max-image-preview:large, max-video-preview:-1\" \/>\n<link rel=\"canonical\" href=\"https:\/\/hudo.com\/si\/aktualno\/slovenija\/pozar-na-krasu-ponoci-na-terenu-vec-kot-800-gasilcev-a-ne-nevarnosti-se-ni-konec\/\" \/>\n<meta property=\"og:locale\" content=\"sl_SI\" \/>\n<meta property=\"og:type\" content=\"article\" \/>\n<meta property=\"og:title\" content=\"Po\u017ear na Krasu: pono\u010di na terenu ve\u010d kot 800 gasilcev, a nevarnosti \u0161e ni konec - Hudo Slovenija\" \/>\n<meta property=\"og:description\" content=\"Za gasilci, ki se na Krasu borijo z obse\u017enim po\u017earom, je naporna no\u010d. Kot je povedal no\u010dni vodja intervencije Stanko Mo\u010dnik, so se spopadali z dvema po\u017earoma v bli\u017eini Kostanjevice na Krasu, torej na obmo\u010dju, kjer se je \u017ee v sredo ogenj nevarno pribli\u017eal naselju. Obe \u017eari\u0161\u010di so obvladali in omejili.\" \/>\n<meta property=\"og:url\" content=\"https:\/\/hudo.com\/si\/aktualno\/slovenija\/pozar-na-krasu-ponoci-na-terenu-vec-kot-800-gasilcev-a-ne-nevarnosti-se-ni-konec\/\" \/>\n<meta property=\"og:site_name\" content=\"Hudo Slovenija\" \/>\n<meta property=\"article:publisher\" content=\"https:\/\/www.facebook.com\/hudo.si\" \/>\n<meta property=\"article:published_time\" content=\"2022-07-21T05:36:41+00:00\" \/>\n<meta property=\"article:modified_time\" content=\"2022-07-21T05:46:56+00:00\" \/>\n<meta property=\"og:image\" content=\"https:\/\/hudo.com\/si\/wp-content\/uploads\/sites\/2\/2022\/07\/Screenshot-from-2022-07-21-07-35-52.jpg\" \/>\n\t<meta property=\"og:image:width\" content=\"909\" \/>\n\t<meta property=\"og:image:height\" content=\"606\" \/>\n\t<meta property=\"og:image:type\" content=\"image\/jpeg\" \/>\n<meta name=\"author\" content=\"A. G., STA\" \/>\n<meta name=\"twitter:card\" content=\"summary_large_image\" \/>\n<meta name=\"twitter:creator\" content=\"@hudo_si\" \/>\n<meta name=\"twitter:site\" content=\"@hudo_si\" \/>\n<meta name=\"twitter:label1\" content=\"Written by\" \/>\n\t<meta name=\"twitter:data1\" content=\"A. G., STA\" \/>\n\t<meta name=\"twitter:label2\" content=\"Est. reading time\" \/>\n\t<meta name=\"twitter:data2\" content=\"1 minuta\" \/>\n<script type=\"application\/ld+json\" class=\"yoast-schema-graph\">{\"@context\":\"https:\/\/schema.org\",\"@graph\":[{\"@type\":\"Article\",\"@id\":\"https:\/\/hudo.com\/si\/aktualno\/slovenija\/pozar-na-krasu-ponoci-na-terenu-vec-kot-800-gasilcev-a-ne-nevarnosti-se-ni-konec\/#article\",\"isPartOf\":{\"@id\":\"https:\/\/hudo.com\/si\/aktualno\/slovenija\/pozar-na-krasu-ponoci-na-terenu-vec-kot-800-gasilcev-a-ne-nevarnosti-se-ni-konec\/\"},\"author\":{\"name\":\"A. G., STA\",\"@id\":\"https:\/\/hudo.com\/si\/#\/schema\/person\/2391667a63ea075ba94f2f2dc6b77537\"},\"headline\":\"Po\u017ear na Krasu: pono\u010di na terenu ve\u010d kot 800 gasilcev, a nevarnosti \u0161e ni konec\",\"datePublished\":\"2022-07-21T05:36:41+00:00\",\"dateModified\":\"2022-07-21T05:46:56+00:00\",\"mainEntityOfPage\":{\"@id\":\"https:\/\/hudo.com\/si\/aktualno\/slovenija\/pozar-na-krasu-ponoci-na-terenu-vec-kot-800-gasilcev-a-ne-nevarnosti-se-ni-konec\/\"},\"wordCount\":309,\"publisher\":{\"@id\":\"https:\/\/hudo.com\/si\/#organization\"},\"keywords\":[\"gasilci\",\"po\u017ear na krasu\",\"Slovenija\"],\"articleSection\":[\"Slovenija\"],\"inLanguage\":\"sl-SI\"},{\"@type\":\"WebPage\",\"@id\":\"https:\/\/hudo.com\/si\/aktualno\/slovenija\/pozar-na-krasu-ponoci-na-terenu-vec-kot-800-gasilcev-a-ne-nevarnosti-se-ni-konec\/\",\"url\":\"https:\/\/hudo.com\/si\/aktualno\/slovenija\/pozar-na-krasu-ponoci-na-terenu-vec-kot-800-gasilcev-a-ne-nevarnosti-se-ni-konec\/\",\"name\":\"Po\u017ear na Krasu: pono\u010di na terenu ve\u010d kot 800 gasilcev, a nevarnosti \u0161e ni konec - Hudo Slovenija\",\"isPartOf\":{\"@id\":\"https:\/\/hudo.com\/si\/#website\"},\"datePublished\":\"2022-07-21T05:36:41+00:00\",\"dateModified\":\"2022-07-21T05:46:56+00:00\",\"breadcrumb\":{\"@id\":\"https:\/\/hudo.com\/si\/aktualno\/slovenija\/pozar-na-krasu-ponoci-na-terenu-vec-kot-800-gasilcev-a-ne-nevarnosti-se-ni-konec\/#breadcrumb\"},\"inLanguage\":\"sl-SI\",\"potentialAction\":[{\"@type\":\"ReadAction\",\"target\":[\"https:\/\/hudo.com\/si\/aktualno\/slovenija\/pozar-na-krasu-ponoci-na-terenu-vec-kot-800-gasilcev-a-ne-nevarnosti-se-ni-konec\/\"]}]},{\"@type\":\"BreadcrumbList\",\"@id\":\"https:\/\/hudo.com\/si\/aktualno\/slovenija\/pozar-na-krasu-ponoci-na-terenu-vec-kot-800-gasilcev-a-ne-nevarnosti-se-ni-konec\/#breadcrumb\",\"itemListElement\":[{\"@type\":\"ListItem\",\"position\":1,\"name\":\"Home\",\"item\":\"https:\/\/hudo.com\/si\/\"},{\"@type\":\"ListItem\",\"position\":2,\"name\":\"Po\u017ear na Krasu: pono\u010di na terenu ve\u010d kot 800 gasilcev, a nevarnosti \u0161e ni konec\"}]},{\"@type\":\"WebSite\",\"@id\":\"https:\/\/hudo.com\/si\/#website\",\"url\":\"https:\/\/hudo.com\/si\/\",\"name\":\"Hudo Slovenija\",\"description\":\"Vse novice iz Slovenije in sveta\",\"publisher\":{\"@id\":\"https:\/\/hudo.com\/si\/#organization\"},\"potentialAction\":[{\"@type\":\"SearchAction\",\"target\":{\"@type\":\"EntryPoint\",\"urlTemplate\":\"https:\/\/hudo.com\/si\/?s={search_term_string}\"},\"query-input\":\"required name=search_term_string\"}],\"inLanguage\":\"sl-SI\"},{\"@type\":\"Organization\",\"@id\":\"https:\/\/hudo.com\/si\/#organization\",\"name\":\"VSN Media\",\"url\":\"https:\/\/hudo.com\/si\/\",\"logo\":{\"@type\":\"ImageObject\",\"inLanguage\":\"sl-SI\",\"@id\":\"https:\/\/hudo.com\/si\/#\/schema\/logo\/image\/\",\"url\":\"https:\/\/hudo.com\/si\/wp-content\/uploads\/sites\/2\/2021\/03\/hudo-app-2.png\",\"contentUrl\":\"https:\/\/hudo.com\/si\/wp-content\/uploads\/sites\/2\/2021\/03\/hudo-app-2.png\",\"width\":2185,\"height\":2167,\"caption\":\"VSN Media\"},\"image\":{\"@id\":\"https:\/\/hudo.com\/si\/#\/schema\/logo\/image\/\"},\"sameAs\":[\"https:\/\/www.facebook.com\/hudo.si\",\"https:\/\/twitter.com\/hudo_si\"]},{\"@type\":\"Person\",\"@id\":\"https:\/\/hudo.com\/si\/#\/schema\/person\/2391667a63ea075ba94f2f2dc6b77537\",\"name\":\"A. G., STA\",\"image\":{\"@type\":\"ImageObject\",\"inLanguage\":\"sl-SI\",\"@id\":\"https:\/\/hudo.com\/si\/#\/schema\/person\/image\/\",\"url\":\"https:\/\/secure.gravatar.com\/avatar\/e13d22ac3e442658d5025fbbe6238a79?s=96&d=mm&r=g\",\"contentUrl\":\"https:\/\/secure.gravatar.com\/avatar\/e13d22ac3e442658d5025fbbe6238a79?s=96&d=mm&r=g\",\"caption\":\"A. G., STA\"},\"url\":\"https:\/\/hudo.com\/si\/author\/alenka\/\"}]}<\/script>\n<!-- \/ Yoast SEO plugin. -->","yoast_head_json":{"title":"Po\u017ear na Krasu: pono\u010di na terenu ve\u010d kot 800 gasilcev, a nevarnosti \u0161e ni konec - Hudo Slovenija","robots":{"index":"index","follow":"follow","max-snippet":"max-snippet:-1","max-image-preview":"max-image-preview:large","max-video-preview":"max-video-preview:-1"},"canonical":"https:\/\/hudo.com\/si\/aktualno\/slovenija\/pozar-na-krasu-ponoci-na-terenu-vec-kot-800-gasilcev-a-ne-nevarnosti-se-ni-konec\/","og_locale":"sl_SI","og_type":"article","og_title":"Po\u017ear na Krasu: pono\u010di na terenu ve\u010d kot 800 gasilcev, a nevarnosti \u0161e ni konec - Hudo Slovenija","og_description":"Za gasilci, ki se na Krasu borijo z obse\u017enim po\u017earom, je naporna no\u010d. Kot je povedal no\u010dni vodja intervencije Stanko Mo\u010dnik, so se spopadali z dvema po\u017earoma v bli\u017eini Kostanjevice na Krasu, torej na obmo\u010dju, kjer se je \u017ee v sredo ogenj nevarno pribli\u017eal naselju. Obe \u017eari\u0161\u010di so obvladali in omejili.","og_url":"https:\/\/hudo.com\/si\/aktualno\/slovenija\/pozar-na-krasu-ponoci-na-terenu-vec-kot-800-gasilcev-a-ne-nevarnosti-se-ni-konec\/","og_site_name":"Hudo Slovenija","article_publisher":"https:\/\/www.facebook.com\/hudo.si","article_published_time":"2022-07-21T05:36:41+00:00","article_modified_time":"2022-07-21T05:46:56+00:00","og_image":[{"width":909,"height":606,"url":"https:\/\/hudo.com\/si\/wp-content\/uploads\/sites\/2\/2022\/07\/Screenshot-from-2022-07-21-07-35-52.jpg","type":"image\/jpeg"}],"author":"A. G., STA","twitter_card":"summary_large_image","twitter_creator":"@hudo_si","twitter_site":"@hudo_si","twitter_misc":{"Written by":"A. G., STA","Est. reading time":"1 minuta"},"schema":{"@context":"https:\/\/schema.org","@graph":[{"@type":"Article","@id":"https:\/\/hudo.com\/si\/aktualno\/slovenija\/pozar-na-krasu-ponoci-na-terenu-vec-kot-800-gasilcev-a-ne-nevarnosti-se-ni-konec\/#article","isPartOf":{"@id":"https:\/\/hudo.com\/si\/aktualno\/slovenija\/pozar-na-krasu-ponoci-na-terenu-vec-kot-800-gasilcev-a-ne-nevarnosti-se-ni-konec\/"},"author":{"name":"A. G., STA","@id":"https:\/\/hudo.com\/si\/#\/schema\/person\/2391667a63ea075ba94f2f2dc6b77537"},"headline":"Po\u017ear na Krasu: pono\u010di na terenu ve\u010d kot 800 gasilcev, a nevarnosti \u0161e ni konec","datePublished":"2022-07-21T05:36:41+00:00","dateModified":"2022-07-21T05:46:56+00:00","mainEntityOfPage":{"@id":"https:\/\/hudo.com\/si\/aktualno\/slovenija\/pozar-na-krasu-ponoci-na-terenu-vec-kot-800-gasilcev-a-ne-nevarnosti-se-ni-konec\/"},"wordCount":309,"publisher":{"@id":"https:\/\/hudo.com\/si\/#organization"},"keywords":["gasilci","po\u017ear na krasu","Slovenija"],"articleSection":["Slovenija"],"inLanguage":"sl-SI"},{"@type":"WebPage","@id":"https:\/\/hudo.com\/si\/aktualno\/slovenija\/pozar-na-krasu-ponoci-na-terenu-vec-kot-800-gasilcev-a-ne-nevarnosti-se-ni-konec\/","url":"https:\/\/hudo.com\/si\/aktualno\/slovenija\/pozar-na-krasu-ponoci-na-terenu-vec-kot-800-gasilcev-a-ne-nevarnosti-se-ni-konec\/","name":"Po\u017ear na Krasu: pono\u010di na terenu ve\u010d kot 800 gasilcev, a nevarnosti \u0161e ni konec - Hudo Slovenija","isPartOf":{"@id":"https:\/\/hudo.com\/si\/#website"},"datePublished":"2022-07-21T05:36:41+00:00","dateModified":"2022-07-21T05:46:56+00:00","breadcrumb":{"@id":"https:\/\/hudo.com\/si\/aktualno\/slovenija\/pozar-na-krasu-ponoci-na-terenu-vec-kot-800-gasilcev-a-ne-nevarnosti-se-ni-konec\/#breadcrumb"},"inLanguage":"sl-SI","potentialAction":[{"@type":"ReadAction","target":["https:\/\/hudo.com\/si\/aktualno\/slovenija\/pozar-na-krasu-ponoci-na-terenu-vec-kot-800-gasilcev-a-ne-nevarnosti-se-ni-konec\/"]}]},{"@type":"BreadcrumbList","@id":"https:\/\/hudo.com\/si\/aktualno\/slovenija\/pozar-na-krasu-ponoci-na-terenu-vec-kot-800-gasilcev-a-ne-nevarnosti-se-ni-konec\/#breadcrumb","itemListElement":[{"@type":"ListItem","position":1,"name":"Home","item":"https:\/\/hudo.com\/si\/"},{"@type":"ListItem","position":2,"name":"Po\u017ear na Krasu: pono\u010di na terenu ve\u010d kot 800 gasilcev, a nevarnosti \u0161e ni konec"}]},{"@type":"WebSite","@id":"https:\/\/hudo.com\/si\/#website","url":"https:\/\/hudo.com\/si\/","name":"Hudo Slovenija","description":"Vse novice iz Slovenije in sveta","publisher":{"@id":"https:\/\/hudo.com\/si\/#organization"},"potentialAction":[{"@type":"SearchAction","target":{"@type":"EntryPoint","urlTemplate":"https:\/\/hudo.com\/si\/?s={search_term_string}"},"query-input":"required name=search_term_string"}],"inLanguage":"sl-SI"},{"@type":"Organization","@id":"https:\/\/hudo.com\/si\/#organization","name":"VSN Media","url":"https:\/\/hudo.com\/si\/","logo":{"@type":"ImageObject","inLanguage":"sl-SI","@id":"https:\/\/hudo.com\/si\/#\/schema\/logo\/image\/","url":"https:\/\/hudo.com\/si\/wp-content\/uploads\/sites\/2\/2021\/03\/hudo-app-2.png","contentUrl":"https:\/\/hudo.com\/si\/wp-content\/uploads\/sites\/2\/2021\/03\/hudo-app-2.png","width":2185,"height":2167,"caption":"VSN Media"},"image":{"@id":"https:\/\/hudo.com\/si\/#\/schema\/logo\/image\/"},"sameAs":["https:\/\/www.facebook.com\/hudo.si","https:\/\/twitter.com\/hudo_si"]},{"@type":"Person","@id":"https:\/\/hudo.com\/si\/#\/schema\/person\/2391667a63ea075ba94f2f2dc6b77537","name":"A. G., STA","image":{"@type":"ImageObject","inLanguage":"sl-SI","@id":"https:\/\/hudo.com\/si\/#\/schema\/person\/image\/","url":"https:\/\/secure.gravatar.com\/avatar\/e13d22ac3e442658d5025fbbe6238a79?s=96&d=mm&r=g","contentUrl":"https:\/\/secure.gravatar.com\/avatar\/e13d22ac3e442658d5025fbbe6238a79?s=96&d=mm&r=g","caption":"A. G., STA"},"url":"https:\/\/hudo.com\/si\/author\/alenka\/"}]}},"amp_enabled":true,"_links":{"self":[{"href":"https:\/\/hudo.com\/si\/wp-json\/wp\/v2\/posts\/471009"}],"collection":[{"href":"https:\/\/hudo.com\/si\/wp-json\/wp\/v2\/posts"}],"about":[{"href":"https:\/\/hudo.com\/si\/wp-json\/wp\/v2\/types\/post"}],"author":[{"embeddable":true,"href":"https:\/\/hudo.com\/si\/wp-json\/wp\/v2\/users\/5"}],"replies":[{"embeddable":true,"href":"https:\/\/hudo.com\/si\/wp-json\/wp\/v2\/comments?post=471009"}],"version-history":[{"count":3,"href":"https:\/\/hudo.com\/si\/wp-json\/wp\/v2\/posts\/471009\/revisions"}],"predecessor-version":[{"id":471013,"href":"https:\/\/hudo.com\/si\/wp-json\/wp\/v2\/posts\/471009\/revisions\/471013"}],"wp:featuredmedia":[{"embeddable":true,"href":"https:\/\/hudo.com\/si\/wp-json\/wp\/v2\/media\/471010"}],"wp:attachment":[{"href":"https:\/\/hudo.com\/si\/wp-json\/wp\/v2\/media?parent=471009"}],"wp:term":[{"taxonomy":"category","embeddable":true,"href":"https:\/\/hudo.com\/si\/wp-json\/wp\/v2\/categories?post=471009"},{"taxonomy":"post_tag","embeddable":true,"href":"https:\/\/hudo.com\/si\/wp-json\/wp\/v2\/tags?post=471009"},{"taxonomy":"source","embeddable":true,"href":"https:\/\/hudo.com\/si\/wp-json\/wp\/v2\/source?post=471009"},{"taxonomy":"supertag","embeddable":true,"href":"https:\/\/hudo.com\/si\/wp-json\/wp\/v2\/supertag?post=471009"}],"curies":[{"name":"wp","href":"https:\/\/api.w.org\/{rel}","templated":true}]}}