{"id":47110,"date":"2016-05-06T17:04:00","date_gmt":"2016-05-06T15:04:00","guid":{"rendered":"http:\/\/hudo.com\/si\/2016\/05\/06\/papez-evropske-voditelje-pozval-naj-porusijo-zidove\/"},"modified":"2016-05-06T21:16:51","modified_gmt":"2016-05-06T19:16:51","slug":"papez-evropske-voditelje-pozval-naj-porusijo-zidove","status":"publish","type":"post","link":"https:\/\/hudo.com\/si\/aktualno\/papez-evropske-voditelje-pozval-naj-porusijo-zidove\/","title":{"rendered":"Pape\u017e evropske voditelje pozval, naj poru\u0161ijo zidove"},"content":{"rendered":"<p>Kategorija: Evropa Fri, 06 May 2016 19:04:00 +0200  Vatikan\u00a0\u2212 \u00bbSanjam o Evropi, v kateri biti migrant ni zlo\u010din\u00ab, je danes ob prejemu nagrade Karla Velikega v Vatikanu dejal pape\u017e Fran\u010di\u0161ek. Evropske voditelje je pozval, naj poru\u0161ijo zidove in zgradijo pravi\u010dnej\u0161o dru\u017ebo. \u00bbKaj se je zgodilo s teboj, Evropa humanizma, prvakinje \u010dlovekovih pravic, demokracije in svobode?\u00ab je vpra\u0161al pape\u017e. \u00bbKaj se je zgodilo s teboj, Evropa, dom pesnikov, filozofov, umetnikov, glasbenikov in pisateljev?\u00ab je dodal. Spomnil je na ustanovne o\u010dete Evropske unije in njihova prizadevanja za integracijo, ki so sledila krvavi moriji druge svetovne vojne. Dodal je, da so si snovalci EU drznili radikalno spremeniti modele, ki so privedli do vojne. \u00bbDanes nas bolj kot kdaj koli prej ta vizija navdihuje h gradnji mostov in podiranju zidov,\u00ab je dejal. Pape\u017e je povedal, da sanja o novem evropskem humanizmu, ki sprejema revne,\u00a0&#8230;<\/p>\n","protected":false},"excerpt":{"rendered":"<p>Kategorija: Evropa Fri, 06 May 2016 19:04:00 +0200  Vatikan\u00a0\u2212 \u00bbSanjam o Evropi, v kateri biti migrant ni zlo\u010din\u00ab, je danes ob prejemu nagrade Karla Velikega v Vatikanu dejal pape\u017e Fran\u010di\u0161ek. Evropske voditelje je pozval, naj poru\u0161ijo zidove in zgradijo pravi\u010dnej\u0161o dru\u017ebo. \u00bbKaj se je zgodilo s teboj, Evropa humanizma, prvakinje \u010dlovekovih pravic, demokracije in svobode?\u00ab je vpra\u0161al pape\u017e. \u00bbKaj se je zgodilo s teboj, Evropa, dom pesnikov, filozofov, umetnikov, glasbenikov in pisateljev?\u00ab je dodal. Spomnil je na ustanovne o\u010dete Evropske unije in njihova prizadevanja za integracijo, ki so sledila krvavi moriji druge svetovne vojne. Dodal je, da so si snovalci EU drznili radikalno spremeniti modele, ki so privedli do vojne. \u00bbDanes nas bolj kot kdaj koli prej ta vizija navdihuje h gradnji mostov in podiranju zidov,\u00ab je dejal. Pape\u017e je povedal, da sanja o novem evropskem humanizmu, ki sprejema revne,\u00a0&#8230;<\/p>\n","protected":false},"author":1,"featured_media":0,"comment_status":"closed","ping_status":"closed","sticky":false,"template":"","format":"standard","meta":{"footnotes":""},"categories":[1179],"tags":[],"source":[4511],"supertag":[],"acf":[],"yoast_head":"<!-- This site is optimized with the Yoast SEO plugin v21.3 - https:\/\/yoast.com\/wordpress\/plugins\/seo\/ -->\n<title>Pape\u017e evropske voditelje pozval, naj poru\u0161ijo zidove - Hudo Slovenija<\/title>\n<meta name=\"robots\" content=\"index, follow, max-snippet:-1, max-image-preview:large, max-video-preview:-1\" \/>\n<link rel=\"canonical\" href=\"https:\/\/hudo.com\/si\/aktualno\/papez-evropske-voditelje-pozval-naj-porusijo-zidove\/\" \/>\n<meta property=\"og:locale\" content=\"sl_SI\" \/>\n<meta property=\"og:type\" content=\"article\" \/>\n<meta property=\"og:title\" content=\"Pape\u017e evropske voditelje pozval, naj poru\u0161ijo zidove - Hudo Slovenija\" \/>\n<meta property=\"og:description\" content=\"Kategorija: Evropa Fri, 06 May 2016 19:04:00 +0200 Vatikan\u00a0\u2212 \u00bbSanjam o Evropi, v kateri biti migrant ni zlo\u010din\u00ab, je danes ob prejemu nagrade Karla Velikega v Vatikanu dejal pape\u017e Fran\u010di\u0161ek. Evropske voditelje je pozval, naj poru\u0161ijo zidove in zgradijo pravi\u010dnej\u0161o dru\u017ebo. \u00bbKaj se je zgodilo s teboj, Evropa humanizma, prvakinje \u010dlovekovih pravic, demokracije in svobode?\u00ab je vpra\u0161al pape\u017e. \u00bbKaj se je zgodilo s teboj, Evropa, dom pesnikov, filozofov, umetnikov, glasbenikov in pisateljev?\u00ab je dodal. Spomnil je na ustanovne o\u010dete Evropske unije in njihova prizadevanja za integracijo, ki so sledila krvavi moriji druge svetovne vojne. Dodal je, da so si snovalci EU drznili radikalno spremeniti modele, ki so privedli do vojne. \u00bbDanes nas bolj kot kdaj koli prej ta vizija navdihuje h gradnji mostov in podiranju zidov,\u00ab je dejal. Pape\u017e je povedal, da sanja o novem evropskem humanizmu, ki sprejema revne,\u00a0...\" \/>\n<meta property=\"og:url\" content=\"https:\/\/hudo.com\/si\/aktualno\/papez-evropske-voditelje-pozval-naj-porusijo-zidove\/\" \/>\n<meta property=\"og:site_name\" content=\"Hudo Slovenija\" \/>\n<meta property=\"article:publisher\" content=\"https:\/\/www.facebook.com\/hudo.si\" \/>\n<meta property=\"article:published_time\" content=\"2016-05-06T15:04:00+00:00\" \/>\n<meta property=\"article:modified_time\" content=\"2016-05-06T19:16:51+00:00\" \/>\n<meta property=\"og:image\" content=\"https:\/\/hudo.com\/si\/wp-content\/uploads\/sites\/2\/2016\/05\/480x290_AFP_Photo-20160506163724-75451000.jpeg\" \/>\n\t<meta property=\"og:image:width\" content=\"480\" \/>\n\t<meta property=\"og:image:height\" content=\"290\" \/>\n\t<meta property=\"og:image:type\" content=\"image\/jpeg\" \/>\n<meta name=\"author\" content=\"hudo\" \/>\n<meta name=\"twitter:card\" content=\"summary_large_image\" \/>\n<meta name=\"twitter:creator\" content=\"@hudo_si\" \/>\n<meta name=\"twitter:site\" content=\"@hudo_si\" \/>\n<meta name=\"twitter:label1\" content=\"Written by\" \/>\n\t<meta name=\"twitter:data1\" content=\"hudo\" \/>\n\t<meta name=\"twitter:label2\" content=\"Est. reading time\" \/>\n\t<meta name=\"twitter:data2\" content=\"1 minuta\" \/>\n<script type=\"application\/ld+json\" class=\"yoast-schema-graph\">{\"@context\":\"https:\/\/schema.org\",\"@graph\":[{\"@type\":\"Article\",\"@id\":\"https:\/\/hudo.com\/si\/aktualno\/papez-evropske-voditelje-pozval-naj-porusijo-zidove\/#article\",\"isPartOf\":{\"@id\":\"https:\/\/hudo.com\/si\/aktualno\/papez-evropske-voditelje-pozval-naj-porusijo-zidove\/\"},\"author\":{\"name\":\"hudo\",\"@id\":\"https:\/\/hudo.com\/si\/#\/schema\/person\/601cf3379633985b20f7e50f2bb47707\"},\"headline\":\"Pape\u017e evropske voditelje pozval, naj poru\u0161ijo zidove\",\"datePublished\":\"2016-05-06T15:04:00+00:00\",\"dateModified\":\"2016-05-06T19:16:51+00:00\",\"mainEntityOfPage\":{\"@id\":\"https:\/\/hudo.com\/si\/aktualno\/papez-evropske-voditelje-pozval-naj-porusijo-zidove\/\"},\"wordCount\":153,\"publisher\":{\"@id\":\"https:\/\/hudo.com\/si\/#organization\"},\"articleSection\":[\"Aktualno\"],\"inLanguage\":\"sl-SI\"},{\"@type\":\"WebPage\",\"@id\":\"https:\/\/hudo.com\/si\/aktualno\/papez-evropske-voditelje-pozval-naj-porusijo-zidove\/\",\"url\":\"https:\/\/hudo.com\/si\/aktualno\/papez-evropske-voditelje-pozval-naj-porusijo-zidove\/\",\"name\":\"Pape\u017e evropske voditelje pozval, naj poru\u0161ijo zidove - Hudo Slovenija\",\"isPartOf\":{\"@id\":\"https:\/\/hudo.com\/si\/#website\"},\"datePublished\":\"2016-05-06T15:04:00+00:00\",\"dateModified\":\"2016-05-06T19:16:51+00:00\",\"breadcrumb\":{\"@id\":\"https:\/\/hudo.com\/si\/aktualno\/papez-evropske-voditelje-pozval-naj-porusijo-zidove\/#breadcrumb\"},\"inLanguage\":\"sl-SI\",\"potentialAction\":[{\"@type\":\"ReadAction\",\"target\":[\"https:\/\/hudo.com\/si\/aktualno\/papez-evropske-voditelje-pozval-naj-porusijo-zidove\/\"]}]},{\"@type\":\"BreadcrumbList\",\"@id\":\"https:\/\/hudo.com\/si\/aktualno\/papez-evropske-voditelje-pozval-naj-porusijo-zidove\/#breadcrumb\",\"itemListElement\":[{\"@type\":\"ListItem\",\"position\":1,\"name\":\"Home\",\"item\":\"https:\/\/hudo.com\/si\/\"},{\"@type\":\"ListItem\",\"position\":2,\"name\":\"Pape\u017e evropske voditelje pozval, naj poru\u0161ijo zidove\"}]},{\"@type\":\"WebSite\",\"@id\":\"https:\/\/hudo.com\/si\/#website\",\"url\":\"https:\/\/hudo.com\/si\/\",\"name\":\"Hudo Slovenija\",\"description\":\"Vse novice iz Slovenije in sveta\",\"publisher\":{\"@id\":\"https:\/\/hudo.com\/si\/#organization\"},\"potentialAction\":[{\"@type\":\"SearchAction\",\"target\":{\"@type\":\"EntryPoint\",\"urlTemplate\":\"https:\/\/hudo.com\/si\/?s={search_term_string}\"},\"query-input\":\"required name=search_term_string\"}],\"inLanguage\":\"sl-SI\"},{\"@type\":\"Organization\",\"@id\":\"https:\/\/hudo.com\/si\/#organization\",\"name\":\"VSN Media\",\"url\":\"https:\/\/hudo.com\/si\/\",\"logo\":{\"@type\":\"ImageObject\",\"inLanguage\":\"sl-SI\",\"@id\":\"https:\/\/hudo.com\/si\/#\/schema\/logo\/image\/\",\"url\":\"https:\/\/hudo.com\/si\/wp-content\/uploads\/sites\/2\/2021\/03\/hudo-app-2.png\",\"contentUrl\":\"https:\/\/hudo.com\/si\/wp-content\/uploads\/sites\/2\/2021\/03\/hudo-app-2.png\",\"width\":2185,\"height\":2167,\"caption\":\"VSN Media\"},\"image\":{\"@id\":\"https:\/\/hudo.com\/si\/#\/schema\/logo\/image\/\"},\"sameAs\":[\"https:\/\/www.facebook.com\/hudo.si\",\"https:\/\/twitter.com\/hudo_si\"]},{\"@type\":\"Person\",\"@id\":\"https:\/\/hudo.com\/si\/#\/schema\/person\/601cf3379633985b20f7e50f2bb47707\",\"name\":\"hudo\",\"image\":{\"@type\":\"ImageObject\",\"inLanguage\":\"sl-SI\",\"@id\":\"https:\/\/hudo.com\/si\/#\/schema\/person\/image\/\",\"url\":\"https:\/\/secure.gravatar.com\/avatar\/c4ca25fa72cace7a696b52ff5db9e095?s=96&d=mm&r=g\",\"contentUrl\":\"https:\/\/secure.gravatar.com\/avatar\/c4ca25fa72cace7a696b52ff5db9e095?s=96&d=mm&r=g\",\"caption\":\"hudo\"},\"url\":\"https:\/\/hudo.com\/si\/author\/hudo\/\"}]}<\/script>\n<!-- \/ Yoast SEO plugin. -->","yoast_head_json":{"title":"Pape\u017e evropske voditelje pozval, naj poru\u0161ijo zidove - Hudo Slovenija","robots":{"index":"index","follow":"follow","max-snippet":"max-snippet:-1","max-image-preview":"max-image-preview:large","max-video-preview":"max-video-preview:-1"},"canonical":"https:\/\/hudo.com\/si\/aktualno\/papez-evropske-voditelje-pozval-naj-porusijo-zidove\/","og_locale":"sl_SI","og_type":"article","og_title":"Pape\u017e evropske voditelje pozval, naj poru\u0161ijo zidove - Hudo Slovenija","og_description":"Kategorija: Evropa Fri, 06 May 2016 19:04:00 +0200 Vatikan\u00a0\u2212 \u00bbSanjam o Evropi, v kateri biti migrant ni zlo\u010din\u00ab, je danes ob prejemu nagrade Karla Velikega v Vatikanu dejal pape\u017e Fran\u010di\u0161ek. Evropske voditelje je pozval, naj poru\u0161ijo zidove in zgradijo pravi\u010dnej\u0161o dru\u017ebo. \u00bbKaj se je zgodilo s teboj, Evropa humanizma, prvakinje \u010dlovekovih pravic, demokracije in svobode?\u00ab je vpra\u0161al pape\u017e. \u00bbKaj se je zgodilo s teboj, Evropa, dom pesnikov, filozofov, umetnikov, glasbenikov in pisateljev?\u00ab je dodal. Spomnil je na ustanovne o\u010dete Evropske unije in njihova prizadevanja za integracijo, ki so sledila krvavi moriji druge svetovne vojne. Dodal je, da so si snovalci EU drznili radikalno spremeniti modele, ki so privedli do vojne. \u00bbDanes nas bolj kot kdaj koli prej ta vizija navdihuje h gradnji mostov in podiranju zidov,\u00ab je dejal. Pape\u017e je povedal, da sanja o novem evropskem humanizmu, ki sprejema revne,\u00a0...","og_url":"https:\/\/hudo.com\/si\/aktualno\/papez-evropske-voditelje-pozval-naj-porusijo-zidove\/","og_site_name":"Hudo Slovenija","article_publisher":"https:\/\/www.facebook.com\/hudo.si","article_published_time":"2016-05-06T15:04:00+00:00","article_modified_time":"2016-05-06T19:16:51+00:00","og_image":[{"width":480,"height":290,"url":"https:\/\/hudo.com\/si\/wp-content\/uploads\/sites\/2\/2016\/05\/480x290_AFP_Photo-20160506163724-75451000.jpeg","type":"image\/jpeg"}],"author":"hudo","twitter_card":"summary_large_image","twitter_creator":"@hudo_si","twitter_site":"@hudo_si","twitter_misc":{"Written by":"hudo","Est. reading time":"1 minuta"},"schema":{"@context":"https:\/\/schema.org","@graph":[{"@type":"Article","@id":"https:\/\/hudo.com\/si\/aktualno\/papez-evropske-voditelje-pozval-naj-porusijo-zidove\/#article","isPartOf":{"@id":"https:\/\/hudo.com\/si\/aktualno\/papez-evropske-voditelje-pozval-naj-porusijo-zidove\/"},"author":{"name":"hudo","@id":"https:\/\/hudo.com\/si\/#\/schema\/person\/601cf3379633985b20f7e50f2bb47707"},"headline":"Pape\u017e evropske voditelje pozval, naj poru\u0161ijo zidove","datePublished":"2016-05-06T15:04:00+00:00","dateModified":"2016-05-06T19:16:51+00:00","mainEntityOfPage":{"@id":"https:\/\/hudo.com\/si\/aktualno\/papez-evropske-voditelje-pozval-naj-porusijo-zidove\/"},"wordCount":153,"publisher":{"@id":"https:\/\/hudo.com\/si\/#organization"},"articleSection":["Aktualno"],"inLanguage":"sl-SI"},{"@type":"WebPage","@id":"https:\/\/hudo.com\/si\/aktualno\/papez-evropske-voditelje-pozval-naj-porusijo-zidove\/","url":"https:\/\/hudo.com\/si\/aktualno\/papez-evropske-voditelje-pozval-naj-porusijo-zidove\/","name":"Pape\u017e evropske voditelje pozval, naj poru\u0161ijo zidove - Hudo Slovenija","isPartOf":{"@id":"https:\/\/hudo.com\/si\/#website"},"datePublished":"2016-05-06T15:04:00+00:00","dateModified":"2016-05-06T19:16:51+00:00","breadcrumb":{"@id":"https:\/\/hudo.com\/si\/aktualno\/papez-evropske-voditelje-pozval-naj-porusijo-zidove\/#breadcrumb"},"inLanguage":"sl-SI","potentialAction":[{"@type":"ReadAction","target":["https:\/\/hudo.com\/si\/aktualno\/papez-evropske-voditelje-pozval-naj-porusijo-zidove\/"]}]},{"@type":"BreadcrumbList","@id":"https:\/\/hudo.com\/si\/aktualno\/papez-evropske-voditelje-pozval-naj-porusijo-zidove\/#breadcrumb","itemListElement":[{"@type":"ListItem","position":1,"name":"Home","item":"https:\/\/hudo.com\/si\/"},{"@type":"ListItem","position":2,"name":"Pape\u017e evropske voditelje pozval, naj poru\u0161ijo zidove"}]},{"@type":"WebSite","@id":"https:\/\/hudo.com\/si\/#website","url":"https:\/\/hudo.com\/si\/","name":"Hudo Slovenija","description":"Vse novice iz Slovenije in sveta","publisher":{"@id":"https:\/\/hudo.com\/si\/#organization"},"potentialAction":[{"@type":"SearchAction","target":{"@type":"EntryPoint","urlTemplate":"https:\/\/hudo.com\/si\/?s={search_term_string}"},"query-input":"required name=search_term_string"}],"inLanguage":"sl-SI"},{"@type":"Organization","@id":"https:\/\/hudo.com\/si\/#organization","name":"VSN Media","url":"https:\/\/hudo.com\/si\/","logo":{"@type":"ImageObject","inLanguage":"sl-SI","@id":"https:\/\/hudo.com\/si\/#\/schema\/logo\/image\/","url":"https:\/\/hudo.com\/si\/wp-content\/uploads\/sites\/2\/2021\/03\/hudo-app-2.png","contentUrl":"https:\/\/hudo.com\/si\/wp-content\/uploads\/sites\/2\/2021\/03\/hudo-app-2.png","width":2185,"height":2167,"caption":"VSN Media"},"image":{"@id":"https:\/\/hudo.com\/si\/#\/schema\/logo\/image\/"},"sameAs":["https:\/\/www.facebook.com\/hudo.si","https:\/\/twitter.com\/hudo_si"]},{"@type":"Person","@id":"https:\/\/hudo.com\/si\/#\/schema\/person\/601cf3379633985b20f7e50f2bb47707","name":"hudo","image":{"@type":"ImageObject","inLanguage":"sl-SI","@id":"https:\/\/hudo.com\/si\/#\/schema\/person\/image\/","url":"https:\/\/secure.gravatar.com\/avatar\/c4ca25fa72cace7a696b52ff5db9e095?s=96&d=mm&r=g","contentUrl":"https:\/\/secure.gravatar.com\/avatar\/c4ca25fa72cace7a696b52ff5db9e095?s=96&d=mm&r=g","caption":"hudo"},"url":"https:\/\/hudo.com\/si\/author\/hudo\/"}]}},"amp_enabled":true,"_links":{"self":[{"href":"https:\/\/hudo.com\/si\/wp-json\/wp\/v2\/posts\/47110"}],"collection":[{"href":"https:\/\/hudo.com\/si\/wp-json\/wp\/v2\/posts"}],"about":[{"href":"https:\/\/hudo.com\/si\/wp-json\/wp\/v2\/types\/post"}],"author":[{"embeddable":true,"href":"https:\/\/hudo.com\/si\/wp-json\/wp\/v2\/users\/1"}],"replies":[{"embeddable":true,"href":"https:\/\/hudo.com\/si\/wp-json\/wp\/v2\/comments?post=47110"}],"version-history":[{"count":1,"href":"https:\/\/hudo.com\/si\/wp-json\/wp\/v2\/posts\/47110\/revisions"}],"predecessor-version":[{"id":47180,"href":"https:\/\/hudo.com\/si\/wp-json\/wp\/v2\/posts\/47110\/revisions\/47180"}],"wp:attachment":[{"href":"https:\/\/hudo.com\/si\/wp-json\/wp\/v2\/media?parent=47110"}],"wp:term":[{"taxonomy":"category","embeddable":true,"href":"https:\/\/hudo.com\/si\/wp-json\/wp\/v2\/categories?post=47110"},{"taxonomy":"post_tag","embeddable":true,"href":"https:\/\/hudo.com\/si\/wp-json\/wp\/v2\/tags?post=47110"},{"taxonomy":"source","embeddable":true,"href":"https:\/\/hudo.com\/si\/wp-json\/wp\/v2\/source?post=47110"},{"taxonomy":"supertag","embeddable":true,"href":"https:\/\/hudo.com\/si\/wp-json\/wp\/v2\/supertag?post=47110"}],"curies":[{"name":"wp","href":"https:\/\/api.w.org\/{rel}","templated":true}]}}