{"id":47112,"date":"2016-05-06T17:00:00","date_gmt":"2016-05-06T15:00:00","guid":{"rendered":"http:\/\/hudo.com\/si\/2016\/05\/06\/po-filliju-spet-filli-ali-kdo-drug\/"},"modified":"2016-05-06T21:16:51","modified_gmt":"2016-05-06T19:16:51","slug":"po-filliju-spet-filli-ali-kdo-drug","status":"publish","type":"post","link":"https:\/\/hudo.com\/si\/aktualno\/po-filliju-spet-filli-ali-kdo-drug\/","title":{"rendered":"Po Filliju spet Filli ali kdo drug?"},"content":{"rendered":"<p>Kategorija: Politika Fri, 06 May 2016 19:00:00 +0200  Ljubljana \u2013 Generalni direktor Marko Filli je le \u0161e vr\u0161ilec dol\u017enosti direktorja, so danes iz RTVS potrdili, da je sodi\u0161\u010de \u017ee spet odstavilo Fillija. Filli ni le najve\u010dkrat odstavljeni direktor. Je tudi edini, ki mi je uspelo biti ve\u010dkrat izvoljen. \u0160tevilni politiki so za tokratno odstavitev izvedeli med jutranjo sejo odbora za kulturo, kjer so jim iz javne radiotelevizije poro\u010dali o delu nadzornega sveta RTV v lanskem letu. Poro\u010dilo nadzornikov brez \u0161efa Bilo je nenavadno. Poro\u010dila poslancem ni predstavljal predsednik nadzornikov Domen Trobec, ker je prej\u0161nji mesec odstopil. Po neuradnih podatkih zaradi razlogov, ki so predvsem zasebno slu\u017ebene narave.\u00a0 Pred poslanci ni bilo niti generalnega direktorja RTV Fillija, ki se je predsedniku odbora Draganu Mati\u0107u (SMC) opravi\u010dil, \u010de\u0161 da je zbolel. Bole\u010dina v hrbtu\u00a0&#8230;<\/p>\n","protected":false},"excerpt":{"rendered":"<p>Kategorija: Politika Fri, 06 May 2016 19:00:00 +0200  Ljubljana \u2013 Generalni direktor Marko Filli je le \u0161e vr\u0161ilec dol\u017enosti direktorja, so danes iz RTVS potrdili, da je sodi\u0161\u010de \u017ee spet odstavilo Fillija. Filli ni le najve\u010dkrat odstavljeni direktor. Je tudi edini, ki mi je uspelo biti ve\u010dkrat izvoljen. \u0160tevilni politiki so za tokratno odstavitev izvedeli med jutranjo sejo odbora za kulturo, kjer so jim iz javne radiotelevizije poro\u010dali o delu nadzornega sveta RTV v lanskem letu. Poro\u010dilo nadzornikov brez \u0161efa Bilo je nenavadno. Poro\u010dila poslancem ni predstavljal predsednik nadzornikov Domen Trobec, ker je prej\u0161nji mesec odstopil. Po neuradnih podatkih zaradi razlogov, ki so predvsem zasebno slu\u017ebene narave.\u00a0 Pred poslanci ni bilo niti generalnega direktorja RTV Fillija, ki se je predsedniku odbora Draganu Mati\u0107u (SMC) opravi\u010dil, \u010de\u0161 da je zbolel. Bole\u010dina v hrbtu\u00a0&#8230;<\/p>\n","protected":false},"author":1,"featured_media":0,"comment_status":"closed","ping_status":"closed","sticky":false,"template":"","format":"standard","meta":{"footnotes":""},"categories":[1179],"tags":[],"source":[4511],"supertag":[],"acf":[],"yoast_head":"<!-- This site is optimized with the Yoast SEO plugin v21.3 - https:\/\/yoast.com\/wordpress\/plugins\/seo\/ -->\n<title>Po Filliju spet Filli ali kdo drug? - Hudo Slovenija<\/title>\n<meta name=\"robots\" content=\"index, follow, max-snippet:-1, max-image-preview:large, max-video-preview:-1\" \/>\n<link rel=\"canonical\" href=\"https:\/\/hudo.com\/si\/aktualno\/po-filliju-spet-filli-ali-kdo-drug\/\" \/>\n<meta property=\"og:locale\" content=\"sl_SI\" \/>\n<meta property=\"og:type\" content=\"article\" \/>\n<meta property=\"og:title\" content=\"Po Filliju spet Filli ali kdo drug? - Hudo Slovenija\" \/>\n<meta property=\"og:description\" content=\"Kategorija: Politika Fri, 06 May 2016 19:00:00 +0200 Ljubljana \u2013 Generalni direktor Marko Filli je le \u0161e vr\u0161ilec dol\u017enosti direktorja, so danes iz RTVS potrdili, da je sodi\u0161\u010de \u017ee spet odstavilo Fillija. Filli ni le najve\u010dkrat odstavljeni direktor. Je tudi edini, ki mi je uspelo biti ve\u010dkrat izvoljen. \u0160tevilni politiki so za tokratno odstavitev izvedeli med jutranjo sejo odbora za kulturo, kjer so jim iz javne radiotelevizije poro\u010dali o delu nadzornega sveta RTV v lanskem letu. Poro\u010dilo nadzornikov brez \u0161efa Bilo je nenavadno. Poro\u010dila poslancem ni predstavljal predsednik nadzornikov Domen Trobec, ker je prej\u0161nji mesec odstopil. Po neuradnih podatkih zaradi razlogov, ki so predvsem zasebno slu\u017ebene narave.\u00a0 Pred poslanci ni bilo niti generalnega direktorja RTV Fillija, ki se je predsedniku odbora Draganu Mati\u0107u (SMC) opravi\u010dil, \u010de\u0161 da je zbolel. Bole\u010dina v hrbtu\u00a0...\" \/>\n<meta property=\"og:url\" content=\"https:\/\/hudo.com\/si\/aktualno\/po-filliju-spet-filli-ali-kdo-drug\/\" \/>\n<meta property=\"og:site_name\" content=\"Hudo Slovenija\" \/>\n<meta property=\"article:publisher\" content=\"https:\/\/www.facebook.com\/hudo.si\" \/>\n<meta property=\"article:published_time\" content=\"2016-05-06T15:00:00+00:00\" \/>\n<meta property=\"article:modified_time\" content=\"2016-05-06T19:16:51+00:00\" \/>\n<meta property=\"og:image\" content=\"https:\/\/hudo.com\/si\/wp-content\/uploads\/sites\/2\/2016\/05\/480x290_Ozadja__djvu_1821954_anuska_hires1.jpeg\" \/>\n\t<meta property=\"og:image:width\" content=\"480\" \/>\n\t<meta property=\"og:image:height\" content=\"290\" \/>\n\t<meta property=\"og:image:type\" content=\"image\/jpeg\" \/>\n<meta name=\"author\" content=\"hudo\" \/>\n<meta name=\"twitter:card\" content=\"summary_large_image\" \/>\n<meta name=\"twitter:creator\" content=\"@hudo_si\" \/>\n<meta name=\"twitter:site\" content=\"@hudo_si\" \/>\n<meta name=\"twitter:label1\" content=\"Written by\" \/>\n\t<meta name=\"twitter:data1\" content=\"hudo\" \/>\n\t<meta name=\"twitter:label2\" content=\"Est. reading time\" \/>\n\t<meta name=\"twitter:data2\" content=\"1 minuta\" \/>\n<script type=\"application\/ld+json\" class=\"yoast-schema-graph\">{\"@context\":\"https:\/\/schema.org\",\"@graph\":[{\"@type\":\"Article\",\"@id\":\"https:\/\/hudo.com\/si\/aktualno\/po-filliju-spet-filli-ali-kdo-drug\/#article\",\"isPartOf\":{\"@id\":\"https:\/\/hudo.com\/si\/aktualno\/po-filliju-spet-filli-ali-kdo-drug\/\"},\"author\":{\"name\":\"hudo\",\"@id\":\"https:\/\/hudo.com\/si\/#\/schema\/person\/601cf3379633985b20f7e50f2bb47707\"},\"headline\":\"Po Filliju spet Filli ali kdo drug?\",\"datePublished\":\"2016-05-06T15:00:00+00:00\",\"dateModified\":\"2016-05-06T19:16:51+00:00\",\"mainEntityOfPage\":{\"@id\":\"https:\/\/hudo.com\/si\/aktualno\/po-filliju-spet-filli-ali-kdo-drug\/\"},\"wordCount\":147,\"publisher\":{\"@id\":\"https:\/\/hudo.com\/si\/#organization\"},\"articleSection\":[\"Aktualno\"],\"inLanguage\":\"sl-SI\"},{\"@type\":\"WebPage\",\"@id\":\"https:\/\/hudo.com\/si\/aktualno\/po-filliju-spet-filli-ali-kdo-drug\/\",\"url\":\"https:\/\/hudo.com\/si\/aktualno\/po-filliju-spet-filli-ali-kdo-drug\/\",\"name\":\"Po Filliju spet Filli ali kdo drug? - Hudo Slovenija\",\"isPartOf\":{\"@id\":\"https:\/\/hudo.com\/si\/#website\"},\"datePublished\":\"2016-05-06T15:00:00+00:00\",\"dateModified\":\"2016-05-06T19:16:51+00:00\",\"breadcrumb\":{\"@id\":\"https:\/\/hudo.com\/si\/aktualno\/po-filliju-spet-filli-ali-kdo-drug\/#breadcrumb\"},\"inLanguage\":\"sl-SI\",\"potentialAction\":[{\"@type\":\"ReadAction\",\"target\":[\"https:\/\/hudo.com\/si\/aktualno\/po-filliju-spet-filli-ali-kdo-drug\/\"]}]},{\"@type\":\"BreadcrumbList\",\"@id\":\"https:\/\/hudo.com\/si\/aktualno\/po-filliju-spet-filli-ali-kdo-drug\/#breadcrumb\",\"itemListElement\":[{\"@type\":\"ListItem\",\"position\":1,\"name\":\"Home\",\"item\":\"https:\/\/hudo.com\/si\/\"},{\"@type\":\"ListItem\",\"position\":2,\"name\":\"Po Filliju spet Filli ali kdo drug?\"}]},{\"@type\":\"WebSite\",\"@id\":\"https:\/\/hudo.com\/si\/#website\",\"url\":\"https:\/\/hudo.com\/si\/\",\"name\":\"Hudo Slovenija\",\"description\":\"Vse novice iz Slovenije in sveta\",\"publisher\":{\"@id\":\"https:\/\/hudo.com\/si\/#organization\"},\"potentialAction\":[{\"@type\":\"SearchAction\",\"target\":{\"@type\":\"EntryPoint\",\"urlTemplate\":\"https:\/\/hudo.com\/si\/?s={search_term_string}\"},\"query-input\":\"required name=search_term_string\"}],\"inLanguage\":\"sl-SI\"},{\"@type\":\"Organization\",\"@id\":\"https:\/\/hudo.com\/si\/#organization\",\"name\":\"VSN Media\",\"url\":\"https:\/\/hudo.com\/si\/\",\"logo\":{\"@type\":\"ImageObject\",\"inLanguage\":\"sl-SI\",\"@id\":\"https:\/\/hudo.com\/si\/#\/schema\/logo\/image\/\",\"url\":\"https:\/\/hudo.com\/si\/wp-content\/uploads\/sites\/2\/2021\/03\/hudo-app-2.png\",\"contentUrl\":\"https:\/\/hudo.com\/si\/wp-content\/uploads\/sites\/2\/2021\/03\/hudo-app-2.png\",\"width\":2185,\"height\":2167,\"caption\":\"VSN Media\"},\"image\":{\"@id\":\"https:\/\/hudo.com\/si\/#\/schema\/logo\/image\/\"},\"sameAs\":[\"https:\/\/www.facebook.com\/hudo.si\",\"https:\/\/twitter.com\/hudo_si\"]},{\"@type\":\"Person\",\"@id\":\"https:\/\/hudo.com\/si\/#\/schema\/person\/601cf3379633985b20f7e50f2bb47707\",\"name\":\"hudo\",\"image\":{\"@type\":\"ImageObject\",\"inLanguage\":\"sl-SI\",\"@id\":\"https:\/\/hudo.com\/si\/#\/schema\/person\/image\/\",\"url\":\"https:\/\/secure.gravatar.com\/avatar\/c4ca25fa72cace7a696b52ff5db9e095?s=96&d=mm&r=g\",\"contentUrl\":\"https:\/\/secure.gravatar.com\/avatar\/c4ca25fa72cace7a696b52ff5db9e095?s=96&d=mm&r=g\",\"caption\":\"hudo\"},\"url\":\"https:\/\/hudo.com\/si\/author\/hudo\/\"}]}<\/script>\n<!-- \/ Yoast SEO plugin. -->","yoast_head_json":{"title":"Po Filliju spet Filli ali kdo drug? - Hudo Slovenija","robots":{"index":"index","follow":"follow","max-snippet":"max-snippet:-1","max-image-preview":"max-image-preview:large","max-video-preview":"max-video-preview:-1"},"canonical":"https:\/\/hudo.com\/si\/aktualno\/po-filliju-spet-filli-ali-kdo-drug\/","og_locale":"sl_SI","og_type":"article","og_title":"Po Filliju spet Filli ali kdo drug? - Hudo Slovenija","og_description":"Kategorija: Politika Fri, 06 May 2016 19:00:00 +0200 Ljubljana \u2013 Generalni direktor Marko Filli je le \u0161e vr\u0161ilec dol\u017enosti direktorja, so danes iz RTVS potrdili, da je sodi\u0161\u010de \u017ee spet odstavilo Fillija. Filli ni le najve\u010dkrat odstavljeni direktor. Je tudi edini, ki mi je uspelo biti ve\u010dkrat izvoljen. \u0160tevilni politiki so za tokratno odstavitev izvedeli med jutranjo sejo odbora za kulturo, kjer so jim iz javne radiotelevizije poro\u010dali o delu nadzornega sveta RTV v lanskem letu. Poro\u010dilo nadzornikov brez \u0161efa Bilo je nenavadno. Poro\u010dila poslancem ni predstavljal predsednik nadzornikov Domen Trobec, ker je prej\u0161nji mesec odstopil. Po neuradnih podatkih zaradi razlogov, ki so predvsem zasebno slu\u017ebene narave.\u00a0 Pred poslanci ni bilo niti generalnega direktorja RTV Fillija, ki se je predsedniku odbora Draganu Mati\u0107u (SMC) opravi\u010dil, \u010de\u0161 da je zbolel. Bole\u010dina v hrbtu\u00a0...","og_url":"https:\/\/hudo.com\/si\/aktualno\/po-filliju-spet-filli-ali-kdo-drug\/","og_site_name":"Hudo Slovenija","article_publisher":"https:\/\/www.facebook.com\/hudo.si","article_published_time":"2016-05-06T15:00:00+00:00","article_modified_time":"2016-05-06T19:16:51+00:00","og_image":[{"width":480,"height":290,"url":"https:\/\/hudo.com\/si\/wp-content\/uploads\/sites\/2\/2016\/05\/480x290_Ozadja__djvu_1821954_anuska_hires1.jpeg","type":"image\/jpeg"}],"author":"hudo","twitter_card":"summary_large_image","twitter_creator":"@hudo_si","twitter_site":"@hudo_si","twitter_misc":{"Written by":"hudo","Est. reading time":"1 minuta"},"schema":{"@context":"https:\/\/schema.org","@graph":[{"@type":"Article","@id":"https:\/\/hudo.com\/si\/aktualno\/po-filliju-spet-filli-ali-kdo-drug\/#article","isPartOf":{"@id":"https:\/\/hudo.com\/si\/aktualno\/po-filliju-spet-filli-ali-kdo-drug\/"},"author":{"name":"hudo","@id":"https:\/\/hudo.com\/si\/#\/schema\/person\/601cf3379633985b20f7e50f2bb47707"},"headline":"Po Filliju spet Filli ali kdo drug?","datePublished":"2016-05-06T15:00:00+00:00","dateModified":"2016-05-06T19:16:51+00:00","mainEntityOfPage":{"@id":"https:\/\/hudo.com\/si\/aktualno\/po-filliju-spet-filli-ali-kdo-drug\/"},"wordCount":147,"publisher":{"@id":"https:\/\/hudo.com\/si\/#organization"},"articleSection":["Aktualno"],"inLanguage":"sl-SI"},{"@type":"WebPage","@id":"https:\/\/hudo.com\/si\/aktualno\/po-filliju-spet-filli-ali-kdo-drug\/","url":"https:\/\/hudo.com\/si\/aktualno\/po-filliju-spet-filli-ali-kdo-drug\/","name":"Po Filliju spet Filli ali kdo drug? - Hudo Slovenija","isPartOf":{"@id":"https:\/\/hudo.com\/si\/#website"},"datePublished":"2016-05-06T15:00:00+00:00","dateModified":"2016-05-06T19:16:51+00:00","breadcrumb":{"@id":"https:\/\/hudo.com\/si\/aktualno\/po-filliju-spet-filli-ali-kdo-drug\/#breadcrumb"},"inLanguage":"sl-SI","potentialAction":[{"@type":"ReadAction","target":["https:\/\/hudo.com\/si\/aktualno\/po-filliju-spet-filli-ali-kdo-drug\/"]}]},{"@type":"BreadcrumbList","@id":"https:\/\/hudo.com\/si\/aktualno\/po-filliju-spet-filli-ali-kdo-drug\/#breadcrumb","itemListElement":[{"@type":"ListItem","position":1,"name":"Home","item":"https:\/\/hudo.com\/si\/"},{"@type":"ListItem","position":2,"name":"Po Filliju spet Filli ali kdo drug?"}]},{"@type":"WebSite","@id":"https:\/\/hudo.com\/si\/#website","url":"https:\/\/hudo.com\/si\/","name":"Hudo Slovenija","description":"Vse novice iz Slovenije in sveta","publisher":{"@id":"https:\/\/hudo.com\/si\/#organization"},"potentialAction":[{"@type":"SearchAction","target":{"@type":"EntryPoint","urlTemplate":"https:\/\/hudo.com\/si\/?s={search_term_string}"},"query-input":"required name=search_term_string"}],"inLanguage":"sl-SI"},{"@type":"Organization","@id":"https:\/\/hudo.com\/si\/#organization","name":"VSN Media","url":"https:\/\/hudo.com\/si\/","logo":{"@type":"ImageObject","inLanguage":"sl-SI","@id":"https:\/\/hudo.com\/si\/#\/schema\/logo\/image\/","url":"https:\/\/hudo.com\/si\/wp-content\/uploads\/sites\/2\/2021\/03\/hudo-app-2.png","contentUrl":"https:\/\/hudo.com\/si\/wp-content\/uploads\/sites\/2\/2021\/03\/hudo-app-2.png","width":2185,"height":2167,"caption":"VSN Media"},"image":{"@id":"https:\/\/hudo.com\/si\/#\/schema\/logo\/image\/"},"sameAs":["https:\/\/www.facebook.com\/hudo.si","https:\/\/twitter.com\/hudo_si"]},{"@type":"Person","@id":"https:\/\/hudo.com\/si\/#\/schema\/person\/601cf3379633985b20f7e50f2bb47707","name":"hudo","image":{"@type":"ImageObject","inLanguage":"sl-SI","@id":"https:\/\/hudo.com\/si\/#\/schema\/person\/image\/","url":"https:\/\/secure.gravatar.com\/avatar\/c4ca25fa72cace7a696b52ff5db9e095?s=96&d=mm&r=g","contentUrl":"https:\/\/secure.gravatar.com\/avatar\/c4ca25fa72cace7a696b52ff5db9e095?s=96&d=mm&r=g","caption":"hudo"},"url":"https:\/\/hudo.com\/si\/author\/hudo\/"}]}},"amp_enabled":true,"_links":{"self":[{"href":"https:\/\/hudo.com\/si\/wp-json\/wp\/v2\/posts\/47112"}],"collection":[{"href":"https:\/\/hudo.com\/si\/wp-json\/wp\/v2\/posts"}],"about":[{"href":"https:\/\/hudo.com\/si\/wp-json\/wp\/v2\/types\/post"}],"author":[{"embeddable":true,"href":"https:\/\/hudo.com\/si\/wp-json\/wp\/v2\/users\/1"}],"replies":[{"embeddable":true,"href":"https:\/\/hudo.com\/si\/wp-json\/wp\/v2\/comments?post=47112"}],"version-history":[{"count":1,"href":"https:\/\/hudo.com\/si\/wp-json\/wp\/v2\/posts\/47112\/revisions"}],"predecessor-version":[{"id":47181,"href":"https:\/\/hudo.com\/si\/wp-json\/wp\/v2\/posts\/47112\/revisions\/47181"}],"wp:attachment":[{"href":"https:\/\/hudo.com\/si\/wp-json\/wp\/v2\/media?parent=47112"}],"wp:term":[{"taxonomy":"category","embeddable":true,"href":"https:\/\/hudo.com\/si\/wp-json\/wp\/v2\/categories?post=47112"},{"taxonomy":"post_tag","embeddable":true,"href":"https:\/\/hudo.com\/si\/wp-json\/wp\/v2\/tags?post=47112"},{"taxonomy":"source","embeddable":true,"href":"https:\/\/hudo.com\/si\/wp-json\/wp\/v2\/source?post=47112"},{"taxonomy":"supertag","embeddable":true,"href":"https:\/\/hudo.com\/si\/wp-json\/wp\/v2\/supertag?post=47112"}],"curies":[{"name":"wp","href":"https:\/\/api.w.org\/{rel}","templated":true}]}}