{"id":471167,"date":"2022-07-25T11:59:04","date_gmt":"2022-07-25T09:59:04","guid":{"rendered":"https:\/\/hudo.com\/si\/?p=471167"},"modified":"2022-07-25T11:59:04","modified_gmt":"2022-07-25T09:59:04","slug":"danes-na-terenu-240-gasilcev-odpoklicali-vse-tuje-zracne-sile-za-gasenje-pozara-na-krasu","status":"publish","type":"post","link":"https:\/\/hudo.com\/si\/aktualno\/slovenija\/danes-na-terenu-240-gasilcev-odpoklicali-vse-tuje-zracne-sile-za-gasenje-pozara-na-krasu\/","title":{"rendered":"Danes na terenu 240 gasilcev, odpoklicali vse tuje zra\u010dne sile za ga\u0161enje po\u017eara na Krasu"},"content":{"rendered":"<p>\u017dari\u0161\u010di sta na severni strani Trstelja ter na izjemno te\u017eko dostopnem terenu Kremenjaka v smeri proti Novi vasi. Eno \u017eari\u0161\u010de pa je tudi pri kraju Novelo, kjer je \u017ee posredoval helikopter Slovenske vojske.<\/p>\n<p>Gasilci sodelujejo in izmenjujejo informacije z italijansko gozdno policijo, ki na italijanski strani vodi intervencijo, so \u0161e sporo\u010dili iz regijskega \u0161taba Civilne za\u0161\u010dite za Severno Primorsko.<\/p>\n<p>No\u010d je bila sicer za gasilce na Krasu dokaj mirna. Na terenu je bilo 734 gasilcev, ki so izvajali nadzor ter \u010distili in zalivali robove po\u017eari\u0161\u010da. Po\u017ear je \u0161e naprej pod nadzorom, nekaj manj\u0161ih aktivnih posameznih \u017eari\u0161\u010d pa so gasilci obvladali.<\/p>\n<p>Iz regijskega \u0161taba so zjutraj znova opozorili ljudi, naj ne prihajajo na ta del Krasa na izlete in oglede po\u017eari\u0161\u010da. Na terenu so \u0161e vedno gasilci, gozdni delavci, vojaki, nevarnost predstavljajo tudi o\u017egana drevesa, predvsem pa \u0161e vedno neeksplodirana ubojna sredstva iz prve svetovne vojne.<\/p>\n","protected":false},"excerpt":{"rendered":"<p>Vse zra\u010dne sile iz tujine, ki so pomagale pri ga\u0161enju po\u017eara na gori\u0161kem Krasu, so odpoklicali. Na terenu je aktivnih 240 gasilcev, ki opravljajo nadzor in \u010di\u0161\u010denje ter zalivanje robov po\u017eari\u0161\u010da. Gasilci tudi spremljajo dogajanje na dveh \u017eari\u0161\u010dih, je za regijski \u0161tab Civilne za\u0161\u010dite za Severno Primorsko povedal vodja izmene Sebastjan Kozar.<\/p>\n","protected":false},"author":5,"featured_media":470915,"comment_status":"closed","ping_status":"closed","sticky":false,"template":"","format":"standard","meta":{"footnotes":""},"categories":[18201],"tags":[20017,1595],"source":[4511],"supertag":[5675],"acf":[],"yoast_head":"<!-- This site is optimized with the Yoast SEO plugin v21.3 - https:\/\/yoast.com\/wordpress\/plugins\/seo\/ -->\n<title>Danes na terenu 240 gasilcev, odpoklicali vse tuje zra\u010dne sile za ga\u0161enje po\u017eara na Krasu - Hudo Slovenija<\/title>\n<meta name=\"robots\" content=\"index, follow, max-snippet:-1, max-image-preview:large, max-video-preview:-1\" \/>\n<link rel=\"canonical\" href=\"https:\/\/hudo.com\/si\/aktualno\/slovenija\/danes-na-terenu-240-gasilcev-odpoklicali-vse-tuje-zracne-sile-za-gasenje-pozara-na-krasu\/\" \/>\n<meta property=\"og:locale\" content=\"sl_SI\" \/>\n<meta property=\"og:type\" content=\"article\" \/>\n<meta property=\"og:title\" content=\"Danes na terenu 240 gasilcev, odpoklicali vse tuje zra\u010dne sile za ga\u0161enje po\u017eara na Krasu - Hudo Slovenija\" \/>\n<meta property=\"og:description\" content=\"Vse zra\u010dne sile iz tujine, ki so pomagale pri ga\u0161enju po\u017eara na gori\u0161kem Krasu, so odpoklicali. Na terenu je aktivnih 240 gasilcev, ki opravljajo nadzor in \u010di\u0161\u010denje ter zalivanje robov po\u017eari\u0161\u010da. Gasilci tudi spremljajo dogajanje na dveh \u017eari\u0161\u010dih, je za regijski \u0161tab Civilne za\u0161\u010dite za Severno Primorsko povedal vodja izmene Sebastjan Kozar.\" \/>\n<meta property=\"og:url\" content=\"https:\/\/hudo.com\/si\/aktualno\/slovenija\/danes-na-terenu-240-gasilcev-odpoklicali-vse-tuje-zracne-sile-za-gasenje-pozara-na-krasu\/\" \/>\n<meta property=\"og:site_name\" content=\"Hudo Slovenija\" \/>\n<meta property=\"article:publisher\" content=\"https:\/\/www.facebook.com\/hudo.si\" \/>\n<meta property=\"article:published_time\" content=\"2022-07-25T09:59:04+00:00\" \/>\n<meta property=\"og:image\" content=\"https:\/\/hudo.com\/si\/wp-content\/uploads\/sites\/2\/2022\/07\/Screenshot-from-2022-07-18-13-29-45.jpg\" \/>\n\t<meta property=\"og:image:width\" content=\"808\" \/>\n\t<meta property=\"og:image:height\" content=\"602\" \/>\n\t<meta property=\"og:image:type\" content=\"image\/jpeg\" \/>\n<meta name=\"author\" content=\"A. G., STA\" \/>\n<meta name=\"twitter:card\" content=\"summary_large_image\" \/>\n<meta name=\"twitter:creator\" content=\"@hudo_si\" \/>\n<meta name=\"twitter:site\" content=\"@hudo_si\" \/>\n<meta name=\"twitter:label1\" content=\"Written by\" \/>\n\t<meta name=\"twitter:data1\" content=\"A. G., STA\" \/>\n\t<meta name=\"twitter:label2\" content=\"Est. reading time\" \/>\n\t<meta name=\"twitter:data2\" content=\"1 minuta\" \/>\n<script type=\"application\/ld+json\" class=\"yoast-schema-graph\">{\"@context\":\"https:\/\/schema.org\",\"@graph\":[{\"@type\":\"Article\",\"@id\":\"https:\/\/hudo.com\/si\/aktualno\/slovenija\/danes-na-terenu-240-gasilcev-odpoklicali-vse-tuje-zracne-sile-za-gasenje-pozara-na-krasu\/#article\",\"isPartOf\":{\"@id\":\"https:\/\/hudo.com\/si\/aktualno\/slovenija\/danes-na-terenu-240-gasilcev-odpoklicali-vse-tuje-zracne-sile-za-gasenje-pozara-na-krasu\/\"},\"author\":{\"name\":\"A. G., STA\",\"@id\":\"https:\/\/hudo.com\/si\/#\/schema\/person\/2391667a63ea075ba94f2f2dc6b77537\"},\"headline\":\"Danes na terenu 240 gasilcev, odpoklicali vse tuje zra\u010dne sile za ga\u0161enje po\u017eara na Krasu\",\"datePublished\":\"2022-07-25T09:59:04+00:00\",\"dateModified\":\"2022-07-25T09:59:04+00:00\",\"mainEntityOfPage\":{\"@id\":\"https:\/\/hudo.com\/si\/aktualno\/slovenija\/danes-na-terenu-240-gasilcev-odpoklicali-vse-tuje-zracne-sile-za-gasenje-pozara-na-krasu\/\"},\"wordCount\":173,\"publisher\":{\"@id\":\"https:\/\/hudo.com\/si\/#organization\"},\"keywords\":[\"po\u017ear na krasu\",\"Slovenija\"],\"articleSection\":[\"Slovenija\"],\"inLanguage\":\"sl-SI\"},{\"@type\":\"WebPage\",\"@id\":\"https:\/\/hudo.com\/si\/aktualno\/slovenija\/danes-na-terenu-240-gasilcev-odpoklicali-vse-tuje-zracne-sile-za-gasenje-pozara-na-krasu\/\",\"url\":\"https:\/\/hudo.com\/si\/aktualno\/slovenija\/danes-na-terenu-240-gasilcev-odpoklicali-vse-tuje-zracne-sile-za-gasenje-pozara-na-krasu\/\",\"name\":\"Danes na terenu 240 gasilcev, odpoklicali vse tuje zra\u010dne sile za ga\u0161enje po\u017eara na Krasu - Hudo Slovenija\",\"isPartOf\":{\"@id\":\"https:\/\/hudo.com\/si\/#website\"},\"datePublished\":\"2022-07-25T09:59:04+00:00\",\"dateModified\":\"2022-07-25T09:59:04+00:00\",\"breadcrumb\":{\"@id\":\"https:\/\/hudo.com\/si\/aktualno\/slovenija\/danes-na-terenu-240-gasilcev-odpoklicali-vse-tuje-zracne-sile-za-gasenje-pozara-na-krasu\/#breadcrumb\"},\"inLanguage\":\"sl-SI\",\"potentialAction\":[{\"@type\":\"ReadAction\",\"target\":[\"https:\/\/hudo.com\/si\/aktualno\/slovenija\/danes-na-terenu-240-gasilcev-odpoklicali-vse-tuje-zracne-sile-za-gasenje-pozara-na-krasu\/\"]}]},{\"@type\":\"BreadcrumbList\",\"@id\":\"https:\/\/hudo.com\/si\/aktualno\/slovenija\/danes-na-terenu-240-gasilcev-odpoklicali-vse-tuje-zracne-sile-za-gasenje-pozara-na-krasu\/#breadcrumb\",\"itemListElement\":[{\"@type\":\"ListItem\",\"position\":1,\"name\":\"Home\",\"item\":\"https:\/\/hudo.com\/si\/\"},{\"@type\":\"ListItem\",\"position\":2,\"name\":\"Danes na terenu 240 gasilcev, odpoklicali vse tuje zra\u010dne sile za ga\u0161enje po\u017eara na Krasu\"}]},{\"@type\":\"WebSite\",\"@id\":\"https:\/\/hudo.com\/si\/#website\",\"url\":\"https:\/\/hudo.com\/si\/\",\"name\":\"Hudo Slovenija\",\"description\":\"Vse novice iz Slovenije in sveta\",\"publisher\":{\"@id\":\"https:\/\/hudo.com\/si\/#organization\"},\"potentialAction\":[{\"@type\":\"SearchAction\",\"target\":{\"@type\":\"EntryPoint\",\"urlTemplate\":\"https:\/\/hudo.com\/si\/?s={search_term_string}\"},\"query-input\":\"required name=search_term_string\"}],\"inLanguage\":\"sl-SI\"},{\"@type\":\"Organization\",\"@id\":\"https:\/\/hudo.com\/si\/#organization\",\"name\":\"VSN Media\",\"url\":\"https:\/\/hudo.com\/si\/\",\"logo\":{\"@type\":\"ImageObject\",\"inLanguage\":\"sl-SI\",\"@id\":\"https:\/\/hudo.com\/si\/#\/schema\/logo\/image\/\",\"url\":\"https:\/\/hudo.com\/si\/wp-content\/uploads\/sites\/2\/2021\/03\/hudo-app-2.png\",\"contentUrl\":\"https:\/\/hudo.com\/si\/wp-content\/uploads\/sites\/2\/2021\/03\/hudo-app-2.png\",\"width\":2185,\"height\":2167,\"caption\":\"VSN Media\"},\"image\":{\"@id\":\"https:\/\/hudo.com\/si\/#\/schema\/logo\/image\/\"},\"sameAs\":[\"https:\/\/www.facebook.com\/hudo.si\",\"https:\/\/twitter.com\/hudo_si\"]},{\"@type\":\"Person\",\"@id\":\"https:\/\/hudo.com\/si\/#\/schema\/person\/2391667a63ea075ba94f2f2dc6b77537\",\"name\":\"A. G., STA\",\"image\":{\"@type\":\"ImageObject\",\"inLanguage\":\"sl-SI\",\"@id\":\"https:\/\/hudo.com\/si\/#\/schema\/person\/image\/\",\"url\":\"https:\/\/secure.gravatar.com\/avatar\/e13d22ac3e442658d5025fbbe6238a79?s=96&d=mm&r=g\",\"contentUrl\":\"https:\/\/secure.gravatar.com\/avatar\/e13d22ac3e442658d5025fbbe6238a79?s=96&d=mm&r=g\",\"caption\":\"A. G., STA\"},\"url\":\"https:\/\/hudo.com\/si\/author\/alenka\/\"}]}<\/script>\n<!-- \/ Yoast SEO plugin. -->","yoast_head_json":{"title":"Danes na terenu 240 gasilcev, odpoklicali vse tuje zra\u010dne sile za ga\u0161enje po\u017eara na Krasu - Hudo Slovenija","robots":{"index":"index","follow":"follow","max-snippet":"max-snippet:-1","max-image-preview":"max-image-preview:large","max-video-preview":"max-video-preview:-1"},"canonical":"https:\/\/hudo.com\/si\/aktualno\/slovenija\/danes-na-terenu-240-gasilcev-odpoklicali-vse-tuje-zracne-sile-za-gasenje-pozara-na-krasu\/","og_locale":"sl_SI","og_type":"article","og_title":"Danes na terenu 240 gasilcev, odpoklicali vse tuje zra\u010dne sile za ga\u0161enje po\u017eara na Krasu - Hudo Slovenija","og_description":"Vse zra\u010dne sile iz tujine, ki so pomagale pri ga\u0161enju po\u017eara na gori\u0161kem Krasu, so odpoklicali. Na terenu je aktivnih 240 gasilcev, ki opravljajo nadzor in \u010di\u0161\u010denje ter zalivanje robov po\u017eari\u0161\u010da. Gasilci tudi spremljajo dogajanje na dveh \u017eari\u0161\u010dih, je za regijski \u0161tab Civilne za\u0161\u010dite za Severno Primorsko povedal vodja izmene Sebastjan Kozar.","og_url":"https:\/\/hudo.com\/si\/aktualno\/slovenija\/danes-na-terenu-240-gasilcev-odpoklicali-vse-tuje-zracne-sile-za-gasenje-pozara-na-krasu\/","og_site_name":"Hudo Slovenija","article_publisher":"https:\/\/www.facebook.com\/hudo.si","article_published_time":"2022-07-25T09:59:04+00:00","og_image":[{"width":808,"height":602,"url":"https:\/\/hudo.com\/si\/wp-content\/uploads\/sites\/2\/2022\/07\/Screenshot-from-2022-07-18-13-29-45.jpg","type":"image\/jpeg"}],"author":"A. G., STA","twitter_card":"summary_large_image","twitter_creator":"@hudo_si","twitter_site":"@hudo_si","twitter_misc":{"Written by":"A. G., STA","Est. reading time":"1 minuta"},"schema":{"@context":"https:\/\/schema.org","@graph":[{"@type":"Article","@id":"https:\/\/hudo.com\/si\/aktualno\/slovenija\/danes-na-terenu-240-gasilcev-odpoklicali-vse-tuje-zracne-sile-za-gasenje-pozara-na-krasu\/#article","isPartOf":{"@id":"https:\/\/hudo.com\/si\/aktualno\/slovenija\/danes-na-terenu-240-gasilcev-odpoklicali-vse-tuje-zracne-sile-za-gasenje-pozara-na-krasu\/"},"author":{"name":"A. G., STA","@id":"https:\/\/hudo.com\/si\/#\/schema\/person\/2391667a63ea075ba94f2f2dc6b77537"},"headline":"Danes na terenu 240 gasilcev, odpoklicali vse tuje zra\u010dne sile za ga\u0161enje po\u017eara na Krasu","datePublished":"2022-07-25T09:59:04+00:00","dateModified":"2022-07-25T09:59:04+00:00","mainEntityOfPage":{"@id":"https:\/\/hudo.com\/si\/aktualno\/slovenija\/danes-na-terenu-240-gasilcev-odpoklicali-vse-tuje-zracne-sile-za-gasenje-pozara-na-krasu\/"},"wordCount":173,"publisher":{"@id":"https:\/\/hudo.com\/si\/#organization"},"keywords":["po\u017ear na krasu","Slovenija"],"articleSection":["Slovenija"],"inLanguage":"sl-SI"},{"@type":"WebPage","@id":"https:\/\/hudo.com\/si\/aktualno\/slovenija\/danes-na-terenu-240-gasilcev-odpoklicali-vse-tuje-zracne-sile-za-gasenje-pozara-na-krasu\/","url":"https:\/\/hudo.com\/si\/aktualno\/slovenija\/danes-na-terenu-240-gasilcev-odpoklicali-vse-tuje-zracne-sile-za-gasenje-pozara-na-krasu\/","name":"Danes na terenu 240 gasilcev, odpoklicali vse tuje zra\u010dne sile za ga\u0161enje po\u017eara na Krasu - Hudo Slovenija","isPartOf":{"@id":"https:\/\/hudo.com\/si\/#website"},"datePublished":"2022-07-25T09:59:04+00:00","dateModified":"2022-07-25T09:59:04+00:00","breadcrumb":{"@id":"https:\/\/hudo.com\/si\/aktualno\/slovenija\/danes-na-terenu-240-gasilcev-odpoklicali-vse-tuje-zracne-sile-za-gasenje-pozara-na-krasu\/#breadcrumb"},"inLanguage":"sl-SI","potentialAction":[{"@type":"ReadAction","target":["https:\/\/hudo.com\/si\/aktualno\/slovenija\/danes-na-terenu-240-gasilcev-odpoklicali-vse-tuje-zracne-sile-za-gasenje-pozara-na-krasu\/"]}]},{"@type":"BreadcrumbList","@id":"https:\/\/hudo.com\/si\/aktualno\/slovenija\/danes-na-terenu-240-gasilcev-odpoklicali-vse-tuje-zracne-sile-za-gasenje-pozara-na-krasu\/#breadcrumb","itemListElement":[{"@type":"ListItem","position":1,"name":"Home","item":"https:\/\/hudo.com\/si\/"},{"@type":"ListItem","position":2,"name":"Danes na terenu 240 gasilcev, odpoklicali vse tuje zra\u010dne sile za ga\u0161enje po\u017eara na Krasu"}]},{"@type":"WebSite","@id":"https:\/\/hudo.com\/si\/#website","url":"https:\/\/hudo.com\/si\/","name":"Hudo Slovenija","description":"Vse novice iz Slovenije in sveta","publisher":{"@id":"https:\/\/hudo.com\/si\/#organization"},"potentialAction":[{"@type":"SearchAction","target":{"@type":"EntryPoint","urlTemplate":"https:\/\/hudo.com\/si\/?s={search_term_string}"},"query-input":"required name=search_term_string"}],"inLanguage":"sl-SI"},{"@type":"Organization","@id":"https:\/\/hudo.com\/si\/#organization","name":"VSN Media","url":"https:\/\/hudo.com\/si\/","logo":{"@type":"ImageObject","inLanguage":"sl-SI","@id":"https:\/\/hudo.com\/si\/#\/schema\/logo\/image\/","url":"https:\/\/hudo.com\/si\/wp-content\/uploads\/sites\/2\/2021\/03\/hudo-app-2.png","contentUrl":"https:\/\/hudo.com\/si\/wp-content\/uploads\/sites\/2\/2021\/03\/hudo-app-2.png","width":2185,"height":2167,"caption":"VSN Media"},"image":{"@id":"https:\/\/hudo.com\/si\/#\/schema\/logo\/image\/"},"sameAs":["https:\/\/www.facebook.com\/hudo.si","https:\/\/twitter.com\/hudo_si"]},{"@type":"Person","@id":"https:\/\/hudo.com\/si\/#\/schema\/person\/2391667a63ea075ba94f2f2dc6b77537","name":"A. G., STA","image":{"@type":"ImageObject","inLanguage":"sl-SI","@id":"https:\/\/hudo.com\/si\/#\/schema\/person\/image\/","url":"https:\/\/secure.gravatar.com\/avatar\/e13d22ac3e442658d5025fbbe6238a79?s=96&d=mm&r=g","contentUrl":"https:\/\/secure.gravatar.com\/avatar\/e13d22ac3e442658d5025fbbe6238a79?s=96&d=mm&r=g","caption":"A. G., STA"},"url":"https:\/\/hudo.com\/si\/author\/alenka\/"}]}},"amp_enabled":true,"_links":{"self":[{"href":"https:\/\/hudo.com\/si\/wp-json\/wp\/v2\/posts\/471167"}],"collection":[{"href":"https:\/\/hudo.com\/si\/wp-json\/wp\/v2\/posts"}],"about":[{"href":"https:\/\/hudo.com\/si\/wp-json\/wp\/v2\/types\/post"}],"author":[{"embeddable":true,"href":"https:\/\/hudo.com\/si\/wp-json\/wp\/v2\/users\/5"}],"replies":[{"embeddable":true,"href":"https:\/\/hudo.com\/si\/wp-json\/wp\/v2\/comments?post=471167"}],"version-history":[{"count":1,"href":"https:\/\/hudo.com\/si\/wp-json\/wp\/v2\/posts\/471167\/revisions"}],"predecessor-version":[{"id":471168,"href":"https:\/\/hudo.com\/si\/wp-json\/wp\/v2\/posts\/471167\/revisions\/471168"}],"wp:featuredmedia":[{"embeddable":true,"href":"https:\/\/hudo.com\/si\/wp-json\/wp\/v2\/media\/470915"}],"wp:attachment":[{"href":"https:\/\/hudo.com\/si\/wp-json\/wp\/v2\/media?parent=471167"}],"wp:term":[{"taxonomy":"category","embeddable":true,"href":"https:\/\/hudo.com\/si\/wp-json\/wp\/v2\/categories?post=471167"},{"taxonomy":"post_tag","embeddable":true,"href":"https:\/\/hudo.com\/si\/wp-json\/wp\/v2\/tags?post=471167"},{"taxonomy":"source","embeddable":true,"href":"https:\/\/hudo.com\/si\/wp-json\/wp\/v2\/source?post=471167"},{"taxonomy":"supertag","embeddable":true,"href":"https:\/\/hudo.com\/si\/wp-json\/wp\/v2\/supertag?post=471167"}],"curies":[{"name":"wp","href":"https:\/\/api.w.org\/{rel}","templated":true}]}}