{"id":471472,"date":"2022-08-09T07:47:06","date_gmt":"2022-08-09T05:47:06","guid":{"rendered":"https:\/\/hudo.com\/si\/?p=471472"},"modified":"2022-08-09T07:47:06","modified_gmt":"2022-08-09T05:47:06","slug":"mladih-cedalje-manj-starejsih-vse-vec","status":"publish","type":"post","link":"https:\/\/hudo.com\/si\/aktualno\/slovenija\/mladih-cedalje-manj-starejsih-vse-vec\/","title":{"rendered":"Mladih \u010dedalje manj, starej\u0161ih vse ve\u010d"},"content":{"rendered":"<p>Statisti\u010dni urad RS (Surs) je pred dnevom mladih razkril nekatere vidike razkoraka med mladimi in starej\u0161imi prebivalci ter jih predstavil s statisti\u010dnimi podatki.<\/p>\n<p>V za\u010detku leta je bilo v Sloveniji 308.000 prebivalcev, starih 15-29 let, in 445.000 prebivalcev, starih najmanj 65 let. Od za\u010detka leta 2012 se je \u0161tevilo prvih zmanj\u0161alo za 15 odstotkov, \u0161tevilo drugih pa pove\u010dalo za 29 odstotkov, s \u010dimer je starej\u0161a generacija izrazito presegla mlaj\u0161o. Ali druga\u010de: \u010ce je bilo v letu 2012 mladih pribli\u017eno 20.000 ve\u010d kot starej\u0161ih, je bilo desetletje pozneje mladih 136.000 manj kot starej\u0161ih, ka\u017eejo podatki Sursa.<\/p>\n<p>Izobrazbena struktura se je v zadnjem desetletju izbolj\u0161ala tako med mladimi kot med starej\u0161imi. Polovica mladih (15-29 let) ima srednje\u0161olsko izobrazbo, 31 odstotkov osnovno\u0161olsko in 19 odstotkov vi\u0161je ali visoko\u0161olsko. Pri tem je treba upo\u0161tevati, da jih je v tej starostni skupini \u0161e dobr\u0161en del vklju\u010den v izobra\u017eevanje. Pri starej\u0161ih od 65 let jih ima prav tako najve\u010d srednje\u0161olsko izobrazbo (48 odstotkov), osnovno\u0161olsko jih ima 38 odstotkov, vi\u0161je- ali visoko\u0161olsko pa 14 odstotkov.<\/p>\n<p>Ve\u010dji je razkorak na podro\u010dju digitalnih ve\u0161\u010din in znanj. Zelo dobro razvite ali osnovne digitalne ve\u0161\u010dine je imelo ve\u010d kot 60 odstotkov starih od 16 do 24 let, med starimi od 65 do 74 let pa je bilo takih nekaj manj kot petina. Po drugi strani pa, kot ka\u017eejo podatki Sursa, ni imelo nobenih digitalnih ve\u0161\u010din dva odstotka mladih in 45 odstotkov starej\u0161ih.<\/p>\n<p>V letu 2021 so vsi mladi uporabljali internet, 98 odstotkov vsak dan ali skoraj vsak dan, med starej\u0161imi pa 69 odstotkov oseb, od tega 48 odstotkov vsakodnevno ali skoraj vsak dan.<\/p>\n<p>V omenjeni skupini starej\u0161ih se pove\u010duje tudi uporaba pametnih telefonov. Od tistih, ki uporabljajo mobilne telefone, jih je 58 odstotkov uporabljalo pametni telefon in 42 odstotkov mobilni telefon s samo osnovnimi funkcijami (mo\u017enost klicanja ali po\u0161iljanja SMS sporo\u010dil). Do leta 2021 je med to populacijo prevladovala uporaba mobilnega telefona, ki je omogo\u010dal le osnovne funkcije. Med mladimi uporabniki mobitelov jih je 96 odstotkov uporabljalo pametni telefon.<\/p>\n<p>V gospodinjstvih z dohodki, ni\u017ejimi od praga tveganja rev\u0161\u010dine, je lani \u017eivelo 11,7 odstotka prebivalcev Slovenije &#8211; pribli\u017eno 243.000 oseb. Med mladimi je bila stopnja tveganja rev\u0161\u010dine nekoliko ni\u017eja (9,9 odstotka). Tveganju rev\u0161\u010dine je bilo med mladimi izpostavljenih pribli\u017eno 16.000 mo\u0161kih in 15.000 \u017eensk. Med starej\u0161imi je pod pragom tveganja \u017eivelo 17,1 odstotka ali 68.000 oseb. Pri njih je bila razlika med spoloma precej ve\u010dja. Med mo\u0161kimi, starimi najmanj 65 let, je bila stopnja tveganja rev\u0161\u010dine 12,7-odstotna, med \u017eenskami pa 20,6-odstotna.<\/p>\n<p>V letu 2021 so se mladi v Sloveniji od svojih star\u0161ev odselili povpre\u010dno pri starosti 29,6 leta; mo\u0161ki pri 30,9 leta, \u017eenske pri 28,1 leta, kar nas uvr\u0161\u010da v zgornjo tretjino dr\u017eav \u010dlanic po povpre\u010dni starosti ob odselitvi. Povpre\u010dje za 27 dr\u017eav EU je zna\u0161alo 26,5 leta. Najni\u017eje povpre\u010dne starosti ob odselitvi mladih so bile na \u0160vedskem, Finskem in Danskem.<\/p>\n","protected":false},"excerpt":{"rendered":"<p>Leto\u0161nja tema mednarodnega dneva mladih, ki ga bomo obele\u017eili v petek, je medgeneracijska solidarnost ter ozave\u0161\u010danje o medgeneracijskih razlikah in preprekah. V zadnjem desetletju se je \u0161tevilo mladih zmanj\u0161alo za 15 odstotkov, \u0161tevilo starej\u0161ih pa pove\u010dalo za 29 odstotkov. Veliko mladih \u017eivi skupaj s star\u0161i, \u010dedalje ve\u010d starej\u0161ih prebiva samih.<\/p>\n","protected":false},"author":7,"featured_media":424579,"comment_status":"closed","ping_status":"closed","sticky":false,"template":"","format":"standard","meta":{"footnotes":""},"categories":[18201],"tags":[11074],"source":[4511],"supertag":[],"acf":[],"yoast_head":"<!-- This site is optimized with the Yoast SEO plugin v21.3 - https:\/\/yoast.com\/wordpress\/plugins\/seo\/ -->\n<title>Mladih \u010dedalje manj, starej\u0161ih vse ve\u010d - Hudo Slovenija<\/title>\n<meta name=\"robots\" content=\"index, follow, max-snippet:-1, max-image-preview:large, max-video-preview:-1\" \/>\n<link rel=\"canonical\" href=\"https:\/\/hudo.com\/si\/aktualno\/slovenija\/mladih-cedalje-manj-starejsih-vse-vec\/\" \/>\n<meta property=\"og:locale\" content=\"sl_SI\" \/>\n<meta property=\"og:type\" content=\"article\" \/>\n<meta property=\"og:title\" content=\"Mladih \u010dedalje manj, starej\u0161ih vse ve\u010d - Hudo Slovenija\" \/>\n<meta property=\"og:description\" content=\"Leto\u0161nja tema mednarodnega dneva mladih, ki ga bomo obele\u017eili v petek, je medgeneracijska solidarnost ter ozave\u0161\u010danje o medgeneracijskih razlikah in preprekah. V zadnjem desetletju se je \u0161tevilo mladih zmanj\u0161alo za 15 odstotkov, \u0161tevilo starej\u0161ih pa pove\u010dalo za 29 odstotkov. Veliko mladih \u017eivi skupaj s star\u0161i, \u010dedalje ve\u010d starej\u0161ih prebiva samih.\" \/>\n<meta property=\"og:url\" content=\"https:\/\/hudo.com\/si\/aktualno\/slovenija\/mladih-cedalje-manj-starejsih-vse-vec\/\" \/>\n<meta property=\"og:site_name\" content=\"Hudo Slovenija\" \/>\n<meta property=\"article:publisher\" content=\"https:\/\/www.facebook.com\/hudo.si\" \/>\n<meta property=\"article:published_time\" content=\"2022-08-09T05:47:06+00:00\" \/>\n<meta property=\"og:image\" content=\"https:\/\/hudo.com\/si\/wp-content\/uploads\/sites\/2\/2020\/06\/profimedia-0034210810.jpg\" \/>\n\t<meta property=\"og:image:width\" content=\"1250\" \/>\n\t<meta property=\"og:image:height\" content=\"836\" \/>\n\t<meta property=\"og:image:type\" content=\"image\/jpeg\" \/>\n<meta name=\"author\" content=\"A. P., STA\" \/>\n<meta name=\"twitter:card\" content=\"summary_large_image\" \/>\n<meta name=\"twitter:creator\" content=\"@hudo_si\" \/>\n<meta name=\"twitter:site\" content=\"@hudo_si\" \/>\n<meta name=\"twitter:label1\" content=\"Written by\" \/>\n\t<meta name=\"twitter:data1\" content=\"A. P., STA\" \/>\n\t<meta name=\"twitter:label2\" content=\"Est. reading time\" \/>\n\t<meta name=\"twitter:data2\" content=\"2 minuti\" \/>\n<script type=\"application\/ld+json\" class=\"yoast-schema-graph\">{\"@context\":\"https:\/\/schema.org\",\"@graph\":[{\"@type\":\"Article\",\"@id\":\"https:\/\/hudo.com\/si\/aktualno\/slovenija\/mladih-cedalje-manj-starejsih-vse-vec\/#article\",\"isPartOf\":{\"@id\":\"https:\/\/hudo.com\/si\/aktualno\/slovenija\/mladih-cedalje-manj-starejsih-vse-vec\/\"},\"author\":{\"name\":\"A. P., STA\",\"@id\":\"https:\/\/hudo.com\/si\/#\/schema\/person\/18f09c02475ba9e606e941a565b80cff\"},\"headline\":\"Mladih \u010dedalje manj, starej\u0161ih vse ve\u010d\",\"datePublished\":\"2022-08-09T05:47:06+00:00\",\"dateModified\":\"2022-08-09T05:47:06+00:00\",\"mainEntityOfPage\":{\"@id\":\"https:\/\/hudo.com\/si\/aktualno\/slovenija\/mladih-cedalje-manj-starejsih-vse-vec\/\"},\"wordCount\":499,\"publisher\":{\"@id\":\"https:\/\/hudo.com\/si\/#organization\"},\"keywords\":[\"demografija\"],\"articleSection\":[\"Slovenija\"],\"inLanguage\":\"sl-SI\"},{\"@type\":\"WebPage\",\"@id\":\"https:\/\/hudo.com\/si\/aktualno\/slovenija\/mladih-cedalje-manj-starejsih-vse-vec\/\",\"url\":\"https:\/\/hudo.com\/si\/aktualno\/slovenija\/mladih-cedalje-manj-starejsih-vse-vec\/\",\"name\":\"Mladih \u010dedalje manj, starej\u0161ih vse ve\u010d - Hudo Slovenija\",\"isPartOf\":{\"@id\":\"https:\/\/hudo.com\/si\/#website\"},\"datePublished\":\"2022-08-09T05:47:06+00:00\",\"dateModified\":\"2022-08-09T05:47:06+00:00\",\"breadcrumb\":{\"@id\":\"https:\/\/hudo.com\/si\/aktualno\/slovenija\/mladih-cedalje-manj-starejsih-vse-vec\/#breadcrumb\"},\"inLanguage\":\"sl-SI\",\"potentialAction\":[{\"@type\":\"ReadAction\",\"target\":[\"https:\/\/hudo.com\/si\/aktualno\/slovenija\/mladih-cedalje-manj-starejsih-vse-vec\/\"]}]},{\"@type\":\"BreadcrumbList\",\"@id\":\"https:\/\/hudo.com\/si\/aktualno\/slovenija\/mladih-cedalje-manj-starejsih-vse-vec\/#breadcrumb\",\"itemListElement\":[{\"@type\":\"ListItem\",\"position\":1,\"name\":\"Home\",\"item\":\"https:\/\/hudo.com\/si\/\"},{\"@type\":\"ListItem\",\"position\":2,\"name\":\"Mladih \u010dedalje manj, starej\u0161ih vse ve\u010d\"}]},{\"@type\":\"WebSite\",\"@id\":\"https:\/\/hudo.com\/si\/#website\",\"url\":\"https:\/\/hudo.com\/si\/\",\"name\":\"Hudo Slovenija\",\"description\":\"Vse novice iz Slovenije in sveta\",\"publisher\":{\"@id\":\"https:\/\/hudo.com\/si\/#organization\"},\"potentialAction\":[{\"@type\":\"SearchAction\",\"target\":{\"@type\":\"EntryPoint\",\"urlTemplate\":\"https:\/\/hudo.com\/si\/?s={search_term_string}\"},\"query-input\":\"required name=search_term_string\"}],\"inLanguage\":\"sl-SI\"},{\"@type\":\"Organization\",\"@id\":\"https:\/\/hudo.com\/si\/#organization\",\"name\":\"VSN Media\",\"url\":\"https:\/\/hudo.com\/si\/\",\"logo\":{\"@type\":\"ImageObject\",\"inLanguage\":\"sl-SI\",\"@id\":\"https:\/\/hudo.com\/si\/#\/schema\/logo\/image\/\",\"url\":\"https:\/\/hudo.com\/si\/wp-content\/uploads\/sites\/2\/2021\/03\/hudo-app-2.png\",\"contentUrl\":\"https:\/\/hudo.com\/si\/wp-content\/uploads\/sites\/2\/2021\/03\/hudo-app-2.png\",\"width\":2185,\"height\":2167,\"caption\":\"VSN Media\"},\"image\":{\"@id\":\"https:\/\/hudo.com\/si\/#\/schema\/logo\/image\/\"},\"sameAs\":[\"https:\/\/www.facebook.com\/hudo.si\",\"https:\/\/twitter.com\/hudo_si\"]},{\"@type\":\"Person\",\"@id\":\"https:\/\/hudo.com\/si\/#\/schema\/person\/18f09c02475ba9e606e941a565b80cff\",\"name\":\"A. P., STA\",\"image\":{\"@type\":\"ImageObject\",\"inLanguage\":\"sl-SI\",\"@id\":\"https:\/\/hudo.com\/si\/#\/schema\/person\/image\/\",\"url\":\"https:\/\/secure.gravatar.com\/avatar\/03eac8e609f5f04383125d80eaeaaf3e?s=96&d=mm&r=g\",\"contentUrl\":\"https:\/\/secure.gravatar.com\/avatar\/03eac8e609f5f04383125d80eaeaaf3e?s=96&d=mm&r=g\",\"caption\":\"A. P., STA\"},\"url\":\"https:\/\/hudo.com\/si\/author\/lubu\/\"}]}<\/script>\n<!-- \/ Yoast SEO plugin. -->","yoast_head_json":{"title":"Mladih \u010dedalje manj, starej\u0161ih vse ve\u010d - Hudo Slovenija","robots":{"index":"index","follow":"follow","max-snippet":"max-snippet:-1","max-image-preview":"max-image-preview:large","max-video-preview":"max-video-preview:-1"},"canonical":"https:\/\/hudo.com\/si\/aktualno\/slovenija\/mladih-cedalje-manj-starejsih-vse-vec\/","og_locale":"sl_SI","og_type":"article","og_title":"Mladih \u010dedalje manj, starej\u0161ih vse ve\u010d - Hudo Slovenija","og_description":"Leto\u0161nja tema mednarodnega dneva mladih, ki ga bomo obele\u017eili v petek, je medgeneracijska solidarnost ter ozave\u0161\u010danje o medgeneracijskih razlikah in preprekah. V zadnjem desetletju se je \u0161tevilo mladih zmanj\u0161alo za 15 odstotkov, \u0161tevilo starej\u0161ih pa pove\u010dalo za 29 odstotkov. Veliko mladih \u017eivi skupaj s star\u0161i, \u010dedalje ve\u010d starej\u0161ih prebiva samih.","og_url":"https:\/\/hudo.com\/si\/aktualno\/slovenija\/mladih-cedalje-manj-starejsih-vse-vec\/","og_site_name":"Hudo Slovenija","article_publisher":"https:\/\/www.facebook.com\/hudo.si","article_published_time":"2022-08-09T05:47:06+00:00","og_image":[{"width":1250,"height":836,"url":"https:\/\/hudo.com\/si\/wp-content\/uploads\/sites\/2\/2020\/06\/profimedia-0034210810.jpg","type":"image\/jpeg"}],"author":"A. P., STA","twitter_card":"summary_large_image","twitter_creator":"@hudo_si","twitter_site":"@hudo_si","twitter_misc":{"Written by":"A. P., STA","Est. reading time":"2 minuti"},"schema":{"@context":"https:\/\/schema.org","@graph":[{"@type":"Article","@id":"https:\/\/hudo.com\/si\/aktualno\/slovenija\/mladih-cedalje-manj-starejsih-vse-vec\/#article","isPartOf":{"@id":"https:\/\/hudo.com\/si\/aktualno\/slovenija\/mladih-cedalje-manj-starejsih-vse-vec\/"},"author":{"name":"A. P., STA","@id":"https:\/\/hudo.com\/si\/#\/schema\/person\/18f09c02475ba9e606e941a565b80cff"},"headline":"Mladih \u010dedalje manj, starej\u0161ih vse ve\u010d","datePublished":"2022-08-09T05:47:06+00:00","dateModified":"2022-08-09T05:47:06+00:00","mainEntityOfPage":{"@id":"https:\/\/hudo.com\/si\/aktualno\/slovenija\/mladih-cedalje-manj-starejsih-vse-vec\/"},"wordCount":499,"publisher":{"@id":"https:\/\/hudo.com\/si\/#organization"},"keywords":["demografija"],"articleSection":["Slovenija"],"inLanguage":"sl-SI"},{"@type":"WebPage","@id":"https:\/\/hudo.com\/si\/aktualno\/slovenija\/mladih-cedalje-manj-starejsih-vse-vec\/","url":"https:\/\/hudo.com\/si\/aktualno\/slovenija\/mladih-cedalje-manj-starejsih-vse-vec\/","name":"Mladih \u010dedalje manj, starej\u0161ih vse ve\u010d - Hudo Slovenija","isPartOf":{"@id":"https:\/\/hudo.com\/si\/#website"},"datePublished":"2022-08-09T05:47:06+00:00","dateModified":"2022-08-09T05:47:06+00:00","breadcrumb":{"@id":"https:\/\/hudo.com\/si\/aktualno\/slovenija\/mladih-cedalje-manj-starejsih-vse-vec\/#breadcrumb"},"inLanguage":"sl-SI","potentialAction":[{"@type":"ReadAction","target":["https:\/\/hudo.com\/si\/aktualno\/slovenija\/mladih-cedalje-manj-starejsih-vse-vec\/"]}]},{"@type":"BreadcrumbList","@id":"https:\/\/hudo.com\/si\/aktualno\/slovenija\/mladih-cedalje-manj-starejsih-vse-vec\/#breadcrumb","itemListElement":[{"@type":"ListItem","position":1,"name":"Home","item":"https:\/\/hudo.com\/si\/"},{"@type":"ListItem","position":2,"name":"Mladih \u010dedalje manj, starej\u0161ih vse ve\u010d"}]},{"@type":"WebSite","@id":"https:\/\/hudo.com\/si\/#website","url":"https:\/\/hudo.com\/si\/","name":"Hudo Slovenija","description":"Vse novice iz Slovenije in sveta","publisher":{"@id":"https:\/\/hudo.com\/si\/#organization"},"potentialAction":[{"@type":"SearchAction","target":{"@type":"EntryPoint","urlTemplate":"https:\/\/hudo.com\/si\/?s={search_term_string}"},"query-input":"required name=search_term_string"}],"inLanguage":"sl-SI"},{"@type":"Organization","@id":"https:\/\/hudo.com\/si\/#organization","name":"VSN Media","url":"https:\/\/hudo.com\/si\/","logo":{"@type":"ImageObject","inLanguage":"sl-SI","@id":"https:\/\/hudo.com\/si\/#\/schema\/logo\/image\/","url":"https:\/\/hudo.com\/si\/wp-content\/uploads\/sites\/2\/2021\/03\/hudo-app-2.png","contentUrl":"https:\/\/hudo.com\/si\/wp-content\/uploads\/sites\/2\/2021\/03\/hudo-app-2.png","width":2185,"height":2167,"caption":"VSN Media"},"image":{"@id":"https:\/\/hudo.com\/si\/#\/schema\/logo\/image\/"},"sameAs":["https:\/\/www.facebook.com\/hudo.si","https:\/\/twitter.com\/hudo_si"]},{"@type":"Person","@id":"https:\/\/hudo.com\/si\/#\/schema\/person\/18f09c02475ba9e606e941a565b80cff","name":"A. P., STA","image":{"@type":"ImageObject","inLanguage":"sl-SI","@id":"https:\/\/hudo.com\/si\/#\/schema\/person\/image\/","url":"https:\/\/secure.gravatar.com\/avatar\/03eac8e609f5f04383125d80eaeaaf3e?s=96&d=mm&r=g","contentUrl":"https:\/\/secure.gravatar.com\/avatar\/03eac8e609f5f04383125d80eaeaaf3e?s=96&d=mm&r=g","caption":"A. P., STA"},"url":"https:\/\/hudo.com\/si\/author\/lubu\/"}]}},"amp_enabled":true,"_links":{"self":[{"href":"https:\/\/hudo.com\/si\/wp-json\/wp\/v2\/posts\/471472"}],"collection":[{"href":"https:\/\/hudo.com\/si\/wp-json\/wp\/v2\/posts"}],"about":[{"href":"https:\/\/hudo.com\/si\/wp-json\/wp\/v2\/types\/post"}],"author":[{"embeddable":true,"href":"https:\/\/hudo.com\/si\/wp-json\/wp\/v2\/users\/7"}],"replies":[{"embeddable":true,"href":"https:\/\/hudo.com\/si\/wp-json\/wp\/v2\/comments?post=471472"}],"version-history":[{"count":1,"href":"https:\/\/hudo.com\/si\/wp-json\/wp\/v2\/posts\/471472\/revisions"}],"predecessor-version":[{"id":471473,"href":"https:\/\/hudo.com\/si\/wp-json\/wp\/v2\/posts\/471472\/revisions\/471473"}],"wp:featuredmedia":[{"embeddable":true,"href":"https:\/\/hudo.com\/si\/wp-json\/wp\/v2\/media\/424579"}],"wp:attachment":[{"href":"https:\/\/hudo.com\/si\/wp-json\/wp\/v2\/media?parent=471472"}],"wp:term":[{"taxonomy":"category","embeddable":true,"href":"https:\/\/hudo.com\/si\/wp-json\/wp\/v2\/categories?post=471472"},{"taxonomy":"post_tag","embeddable":true,"href":"https:\/\/hudo.com\/si\/wp-json\/wp\/v2\/tags?post=471472"},{"taxonomy":"source","embeddable":true,"href":"https:\/\/hudo.com\/si\/wp-json\/wp\/v2\/source?post=471472"},{"taxonomy":"supertag","embeddable":true,"href":"https:\/\/hudo.com\/si\/wp-json\/wp\/v2\/supertag?post=471472"}],"curies":[{"name":"wp","href":"https:\/\/api.w.org\/{rel}","templated":true}]}}