{"id":47154,"date":"2016-05-06T19:05:00","date_gmt":"2016-05-06T17:05:00","guid":{"rendered":"http:\/\/hudo.com\/si\/2016\/05\/06\/infantino-nacionalni-center-na-brdu-je-zgled-za-evropo-in-svet\/"},"modified":"2016-05-07T02:06:25","modified_gmt":"2016-05-07T00:06:25","slug":"infantino-nacionalni-center-na-brdu-je-zgled-za-evropo-in-svet","status":"publish","type":"post","link":"https:\/\/hudo.com\/si\/aktualno\/infantino-nacionalni-center-na-brdu-je-zgled-za-evropo-in-svet\/","title":{"rendered":"Infantino: nacionalni center na Brdu je zgled za Evropo in svet"},"content":{"rendered":"<p>Kategorija: Nogomet Fri, 06 May 2016 21:05:00 +0200  Brdo pri Kranju &#8211; Nogometna zveza Slovenije (NZS) je danes uradno odprla nov nacionalni nogometni center na Brdu pri Kranju, ki sicer deluje \u017ee od meseca novembra. Dana\u0161njega dogodka sta se udele\u017eila tudi predsednik Fife Gianni Infantino in vr\u0161ilec dol\u017enosti generalnega sekretarja Uefe Theodore Theodoridis. Predsednik Fife Gianni Infantino je zbranim povedal, da bo novi center zgled tako za Evropo kot tudi svet: \u00bbTa izjemno lep nogometni center je vzor za Slovenijo, Evropo in svet, kaj je mogo\u010de narediti v nogometu in za nogomet, od otrok do starej\u0161ih, ki radi brcamo to \u017eogo. To ka\u017ee, da lahko dr\u017eava, kot je Slovenija, ne le trikrat nastopi na velikem turnirju, ampak da je mogo\u010de z dobrim vodenjem in vizijo dose\u010di \u0161e ve\u010d v tej lepi dr\u017eavi.\u00ab Theodore Theodoridis, vr\u0161ilec dol\u017enosti generalnega sekretarja Uefe, je\u00a0&#8230;<\/p>\n","protected":false},"excerpt":{"rendered":"<p>Kategorija: Nogomet Fri, 06 May 2016 21:05:00 +0200  Brdo pri Kranju &#8211; Nogometna zveza Slovenije (NZS) je danes uradno odprla nov nacionalni nogometni center na Brdu pri Kranju, ki sicer deluje \u017ee od meseca novembra. Dana\u0161njega dogodka sta se udele\u017eila tudi predsednik Fife Gianni Infantino in vr\u0161ilec dol\u017enosti generalnega sekretarja Uefe Theodore Theodoridis. Predsednik Fife Gianni Infantino je zbranim povedal, da bo novi center zgled tako za Evropo kot tudi svet: \u00bbTa izjemno lep nogometni center je vzor za Slovenijo, Evropo in svet, kaj je mogo\u010de narediti v nogometu in za nogomet, od otrok do starej\u0161ih, ki radi brcamo to \u017eogo. To ka\u017ee, da lahko dr\u017eava, kot je Slovenija, ne le trikrat nastopi na velikem turnirju, ampak da je mogo\u010de z dobrim vodenjem in vizijo dose\u010di \u0161e ve\u010d v tej lepi dr\u017eavi.\u00ab Theodore Theodoridis, vr\u0161ilec dol\u017enosti generalnega sekretarja Uefe, je\u00a0&#8230;<\/p>\n","protected":false},"author":1,"featured_media":0,"comment_status":"closed","ping_status":"closed","sticky":false,"template":"","format":"standard","meta":{"footnotes":""},"categories":[1179],"tags":[],"source":[4511],"supertag":[],"acf":[],"yoast_head":"<!-- This site is optimized with the Yoast SEO plugin v21.3 - https:\/\/yoast.com\/wordpress\/plugins\/seo\/ -->\n<title>Infantino: nacionalni center na Brdu je zgled za Evropo in svet - Hudo Slovenija<\/title>\n<meta name=\"robots\" content=\"index, follow, max-snippet:-1, max-image-preview:large, max-video-preview:-1\" \/>\n<link rel=\"canonical\" href=\"https:\/\/hudo.com\/si\/aktualno\/infantino-nacionalni-center-na-brdu-je-zgled-za-evropo-in-svet\/\" \/>\n<meta property=\"og:locale\" content=\"sl_SI\" \/>\n<meta property=\"og:type\" content=\"article\" \/>\n<meta property=\"og:title\" content=\"Infantino: nacionalni center na Brdu je zgled za Evropo in svet - Hudo Slovenija\" \/>\n<meta property=\"og:description\" content=\"Kategorija: Nogomet Fri, 06 May 2016 21:05:00 +0200 Brdo pri Kranju - Nogometna zveza Slovenije (NZS) je danes uradno odprla nov nacionalni nogometni center na Brdu pri Kranju, ki sicer deluje \u017ee od meseca novembra. Dana\u0161njega dogodka sta se udele\u017eila tudi predsednik Fife Gianni Infantino in vr\u0161ilec dol\u017enosti generalnega sekretarja Uefe Theodore Theodoridis. Predsednik Fife Gianni Infantino je zbranim povedal, da bo novi center zgled tako za Evropo kot tudi svet: \u00bbTa izjemno lep nogometni center je vzor za Slovenijo, Evropo in svet, kaj je mogo\u010de narediti v nogometu in za nogomet, od otrok do starej\u0161ih, ki radi brcamo to \u017eogo. To ka\u017ee, da lahko dr\u017eava, kot je Slovenija, ne le trikrat nastopi na velikem turnirju, ampak da je mogo\u010de z dobrim vodenjem in vizijo dose\u010di \u0161e ve\u010d v tej lepi dr\u017eavi.\u00ab Theodore Theodoridis, vr\u0161ilec dol\u017enosti generalnega sekretarja Uefe, je\u00a0...\" \/>\n<meta property=\"og:url\" content=\"https:\/\/hudo.com\/si\/aktualno\/infantino-nacionalni-center-na-brdu-je-zgled-za-evropo-in-svet\/\" \/>\n<meta property=\"og:site_name\" content=\"Hudo Slovenija\" \/>\n<meta property=\"article:publisher\" content=\"https:\/\/www.facebook.com\/hudo.si\" \/>\n<meta property=\"article:published_time\" content=\"2016-05-06T17:05:00+00:00\" \/>\n<meta property=\"article:modified_time\" content=\"2016-05-07T00:06:25+00:00\" \/>\n<meta property=\"og:image\" content=\"https:\/\/hudo.com\/si\/wp-content\/uploads\/sites\/2\/2016\/05\/480x290_Delo_Foto-20160506203018-54226000.jpeg\" \/>\n\t<meta property=\"og:image:width\" content=\"480\" \/>\n\t<meta property=\"og:image:height\" content=\"290\" \/>\n\t<meta property=\"og:image:type\" content=\"image\/jpeg\" \/>\n<meta name=\"author\" content=\"hudo\" \/>\n<meta name=\"twitter:card\" content=\"summary_large_image\" \/>\n<meta name=\"twitter:creator\" content=\"@hudo_si\" \/>\n<meta name=\"twitter:site\" content=\"@hudo_si\" \/>\n<meta name=\"twitter:label1\" content=\"Written by\" \/>\n\t<meta name=\"twitter:data1\" content=\"hudo\" \/>\n\t<meta name=\"twitter:label2\" content=\"Est. reading time\" \/>\n\t<meta name=\"twitter:data2\" content=\"1 minuta\" \/>\n<script type=\"application\/ld+json\" class=\"yoast-schema-graph\">{\"@context\":\"https:\/\/schema.org\",\"@graph\":[{\"@type\":\"Article\",\"@id\":\"https:\/\/hudo.com\/si\/aktualno\/infantino-nacionalni-center-na-brdu-je-zgled-za-evropo-in-svet\/#article\",\"isPartOf\":{\"@id\":\"https:\/\/hudo.com\/si\/aktualno\/infantino-nacionalni-center-na-brdu-je-zgled-za-evropo-in-svet\/\"},\"author\":{\"name\":\"hudo\",\"@id\":\"https:\/\/hudo.com\/si\/#\/schema\/person\/601cf3379633985b20f7e50f2bb47707\"},\"headline\":\"Infantino: nacionalni center na Brdu je zgled za Evropo in svet\",\"datePublished\":\"2016-05-06T17:05:00+00:00\",\"dateModified\":\"2016-05-07T00:06:25+00:00\",\"mainEntityOfPage\":{\"@id\":\"https:\/\/hudo.com\/si\/aktualno\/infantino-nacionalni-center-na-brdu-je-zgled-za-evropo-in-svet\/\"},\"wordCount\":160,\"publisher\":{\"@id\":\"https:\/\/hudo.com\/si\/#organization\"},\"articleSection\":[\"Aktualno\"],\"inLanguage\":\"sl-SI\"},{\"@type\":\"WebPage\",\"@id\":\"https:\/\/hudo.com\/si\/aktualno\/infantino-nacionalni-center-na-brdu-je-zgled-za-evropo-in-svet\/\",\"url\":\"https:\/\/hudo.com\/si\/aktualno\/infantino-nacionalni-center-na-brdu-je-zgled-za-evropo-in-svet\/\",\"name\":\"Infantino: nacionalni center na Brdu je zgled za Evropo in svet - Hudo Slovenija\",\"isPartOf\":{\"@id\":\"https:\/\/hudo.com\/si\/#website\"},\"datePublished\":\"2016-05-06T17:05:00+00:00\",\"dateModified\":\"2016-05-07T00:06:25+00:00\",\"breadcrumb\":{\"@id\":\"https:\/\/hudo.com\/si\/aktualno\/infantino-nacionalni-center-na-brdu-je-zgled-za-evropo-in-svet\/#breadcrumb\"},\"inLanguage\":\"sl-SI\",\"potentialAction\":[{\"@type\":\"ReadAction\",\"target\":[\"https:\/\/hudo.com\/si\/aktualno\/infantino-nacionalni-center-na-brdu-je-zgled-za-evropo-in-svet\/\"]}]},{\"@type\":\"BreadcrumbList\",\"@id\":\"https:\/\/hudo.com\/si\/aktualno\/infantino-nacionalni-center-na-brdu-je-zgled-za-evropo-in-svet\/#breadcrumb\",\"itemListElement\":[{\"@type\":\"ListItem\",\"position\":1,\"name\":\"Home\",\"item\":\"https:\/\/hudo.com\/si\/\"},{\"@type\":\"ListItem\",\"position\":2,\"name\":\"Infantino: nacionalni center na Brdu je zgled za Evropo in svet\"}]},{\"@type\":\"WebSite\",\"@id\":\"https:\/\/hudo.com\/si\/#website\",\"url\":\"https:\/\/hudo.com\/si\/\",\"name\":\"Hudo Slovenija\",\"description\":\"Vse novice iz Slovenije in sveta\",\"publisher\":{\"@id\":\"https:\/\/hudo.com\/si\/#organization\"},\"potentialAction\":[{\"@type\":\"SearchAction\",\"target\":{\"@type\":\"EntryPoint\",\"urlTemplate\":\"https:\/\/hudo.com\/si\/?s={search_term_string}\"},\"query-input\":\"required name=search_term_string\"}],\"inLanguage\":\"sl-SI\"},{\"@type\":\"Organization\",\"@id\":\"https:\/\/hudo.com\/si\/#organization\",\"name\":\"VSN Media\",\"url\":\"https:\/\/hudo.com\/si\/\",\"logo\":{\"@type\":\"ImageObject\",\"inLanguage\":\"sl-SI\",\"@id\":\"https:\/\/hudo.com\/si\/#\/schema\/logo\/image\/\",\"url\":\"https:\/\/hudo.com\/si\/wp-content\/uploads\/sites\/2\/2021\/03\/hudo-app-2.png\",\"contentUrl\":\"https:\/\/hudo.com\/si\/wp-content\/uploads\/sites\/2\/2021\/03\/hudo-app-2.png\",\"width\":2185,\"height\":2167,\"caption\":\"VSN Media\"},\"image\":{\"@id\":\"https:\/\/hudo.com\/si\/#\/schema\/logo\/image\/\"},\"sameAs\":[\"https:\/\/www.facebook.com\/hudo.si\",\"https:\/\/twitter.com\/hudo_si\"]},{\"@type\":\"Person\",\"@id\":\"https:\/\/hudo.com\/si\/#\/schema\/person\/601cf3379633985b20f7e50f2bb47707\",\"name\":\"hudo\",\"image\":{\"@type\":\"ImageObject\",\"inLanguage\":\"sl-SI\",\"@id\":\"https:\/\/hudo.com\/si\/#\/schema\/person\/image\/\",\"url\":\"https:\/\/secure.gravatar.com\/avatar\/c4ca25fa72cace7a696b52ff5db9e095?s=96&d=mm&r=g\",\"contentUrl\":\"https:\/\/secure.gravatar.com\/avatar\/c4ca25fa72cace7a696b52ff5db9e095?s=96&d=mm&r=g\",\"caption\":\"hudo\"},\"url\":\"https:\/\/hudo.com\/si\/author\/hudo\/\"}]}<\/script>\n<!-- \/ Yoast SEO plugin. -->","yoast_head_json":{"title":"Infantino: nacionalni center na Brdu je zgled za Evropo in svet - Hudo Slovenija","robots":{"index":"index","follow":"follow","max-snippet":"max-snippet:-1","max-image-preview":"max-image-preview:large","max-video-preview":"max-video-preview:-1"},"canonical":"https:\/\/hudo.com\/si\/aktualno\/infantino-nacionalni-center-na-brdu-je-zgled-za-evropo-in-svet\/","og_locale":"sl_SI","og_type":"article","og_title":"Infantino: nacionalni center na Brdu je zgled za Evropo in svet - Hudo Slovenija","og_description":"Kategorija: Nogomet Fri, 06 May 2016 21:05:00 +0200 Brdo pri Kranju - Nogometna zveza Slovenije (NZS) je danes uradno odprla nov nacionalni nogometni center na Brdu pri Kranju, ki sicer deluje \u017ee od meseca novembra. Dana\u0161njega dogodka sta se udele\u017eila tudi predsednik Fife Gianni Infantino in vr\u0161ilec dol\u017enosti generalnega sekretarja Uefe Theodore Theodoridis. Predsednik Fife Gianni Infantino je zbranim povedal, da bo novi center zgled tako za Evropo kot tudi svet: \u00bbTa izjemno lep nogometni center je vzor za Slovenijo, Evropo in svet, kaj je mogo\u010de narediti v nogometu in za nogomet, od otrok do starej\u0161ih, ki radi brcamo to \u017eogo. To ka\u017ee, da lahko dr\u017eava, kot je Slovenija, ne le trikrat nastopi na velikem turnirju, ampak da je mogo\u010de z dobrim vodenjem in vizijo dose\u010di \u0161e ve\u010d v tej lepi dr\u017eavi.\u00ab Theodore Theodoridis, vr\u0161ilec dol\u017enosti generalnega sekretarja Uefe, je\u00a0...","og_url":"https:\/\/hudo.com\/si\/aktualno\/infantino-nacionalni-center-na-brdu-je-zgled-za-evropo-in-svet\/","og_site_name":"Hudo Slovenija","article_publisher":"https:\/\/www.facebook.com\/hudo.si","article_published_time":"2016-05-06T17:05:00+00:00","article_modified_time":"2016-05-07T00:06:25+00:00","og_image":[{"width":480,"height":290,"url":"https:\/\/hudo.com\/si\/wp-content\/uploads\/sites\/2\/2016\/05\/480x290_Delo_Foto-20160506203018-54226000.jpeg","type":"image\/jpeg"}],"author":"hudo","twitter_card":"summary_large_image","twitter_creator":"@hudo_si","twitter_site":"@hudo_si","twitter_misc":{"Written by":"hudo","Est. reading time":"1 minuta"},"schema":{"@context":"https:\/\/schema.org","@graph":[{"@type":"Article","@id":"https:\/\/hudo.com\/si\/aktualno\/infantino-nacionalni-center-na-brdu-je-zgled-za-evropo-in-svet\/#article","isPartOf":{"@id":"https:\/\/hudo.com\/si\/aktualno\/infantino-nacionalni-center-na-brdu-je-zgled-za-evropo-in-svet\/"},"author":{"name":"hudo","@id":"https:\/\/hudo.com\/si\/#\/schema\/person\/601cf3379633985b20f7e50f2bb47707"},"headline":"Infantino: nacionalni center na Brdu je zgled za Evropo in svet","datePublished":"2016-05-06T17:05:00+00:00","dateModified":"2016-05-07T00:06:25+00:00","mainEntityOfPage":{"@id":"https:\/\/hudo.com\/si\/aktualno\/infantino-nacionalni-center-na-brdu-je-zgled-za-evropo-in-svet\/"},"wordCount":160,"publisher":{"@id":"https:\/\/hudo.com\/si\/#organization"},"articleSection":["Aktualno"],"inLanguage":"sl-SI"},{"@type":"WebPage","@id":"https:\/\/hudo.com\/si\/aktualno\/infantino-nacionalni-center-na-brdu-je-zgled-za-evropo-in-svet\/","url":"https:\/\/hudo.com\/si\/aktualno\/infantino-nacionalni-center-na-brdu-je-zgled-za-evropo-in-svet\/","name":"Infantino: nacionalni center na Brdu je zgled za Evropo in svet - Hudo Slovenija","isPartOf":{"@id":"https:\/\/hudo.com\/si\/#website"},"datePublished":"2016-05-06T17:05:00+00:00","dateModified":"2016-05-07T00:06:25+00:00","breadcrumb":{"@id":"https:\/\/hudo.com\/si\/aktualno\/infantino-nacionalni-center-na-brdu-je-zgled-za-evropo-in-svet\/#breadcrumb"},"inLanguage":"sl-SI","potentialAction":[{"@type":"ReadAction","target":["https:\/\/hudo.com\/si\/aktualno\/infantino-nacionalni-center-na-brdu-je-zgled-za-evropo-in-svet\/"]}]},{"@type":"BreadcrumbList","@id":"https:\/\/hudo.com\/si\/aktualno\/infantino-nacionalni-center-na-brdu-je-zgled-za-evropo-in-svet\/#breadcrumb","itemListElement":[{"@type":"ListItem","position":1,"name":"Home","item":"https:\/\/hudo.com\/si\/"},{"@type":"ListItem","position":2,"name":"Infantino: nacionalni center na Brdu je zgled za Evropo in svet"}]},{"@type":"WebSite","@id":"https:\/\/hudo.com\/si\/#website","url":"https:\/\/hudo.com\/si\/","name":"Hudo Slovenija","description":"Vse novice iz Slovenije in sveta","publisher":{"@id":"https:\/\/hudo.com\/si\/#organization"},"potentialAction":[{"@type":"SearchAction","target":{"@type":"EntryPoint","urlTemplate":"https:\/\/hudo.com\/si\/?s={search_term_string}"},"query-input":"required name=search_term_string"}],"inLanguage":"sl-SI"},{"@type":"Organization","@id":"https:\/\/hudo.com\/si\/#organization","name":"VSN Media","url":"https:\/\/hudo.com\/si\/","logo":{"@type":"ImageObject","inLanguage":"sl-SI","@id":"https:\/\/hudo.com\/si\/#\/schema\/logo\/image\/","url":"https:\/\/hudo.com\/si\/wp-content\/uploads\/sites\/2\/2021\/03\/hudo-app-2.png","contentUrl":"https:\/\/hudo.com\/si\/wp-content\/uploads\/sites\/2\/2021\/03\/hudo-app-2.png","width":2185,"height":2167,"caption":"VSN Media"},"image":{"@id":"https:\/\/hudo.com\/si\/#\/schema\/logo\/image\/"},"sameAs":["https:\/\/www.facebook.com\/hudo.si","https:\/\/twitter.com\/hudo_si"]},{"@type":"Person","@id":"https:\/\/hudo.com\/si\/#\/schema\/person\/601cf3379633985b20f7e50f2bb47707","name":"hudo","image":{"@type":"ImageObject","inLanguage":"sl-SI","@id":"https:\/\/hudo.com\/si\/#\/schema\/person\/image\/","url":"https:\/\/secure.gravatar.com\/avatar\/c4ca25fa72cace7a696b52ff5db9e095?s=96&d=mm&r=g","contentUrl":"https:\/\/secure.gravatar.com\/avatar\/c4ca25fa72cace7a696b52ff5db9e095?s=96&d=mm&r=g","caption":"hudo"},"url":"https:\/\/hudo.com\/si\/author\/hudo\/"}]}},"amp_enabled":true,"_links":{"self":[{"href":"https:\/\/hudo.com\/si\/wp-json\/wp\/v2\/posts\/47154"}],"collection":[{"href":"https:\/\/hudo.com\/si\/wp-json\/wp\/v2\/posts"}],"about":[{"href":"https:\/\/hudo.com\/si\/wp-json\/wp\/v2\/types\/post"}],"author":[{"embeddable":true,"href":"https:\/\/hudo.com\/si\/wp-json\/wp\/v2\/users\/1"}],"replies":[{"embeddable":true,"href":"https:\/\/hudo.com\/si\/wp-json\/wp\/v2\/comments?post=47154"}],"version-history":[{"count":1,"href":"https:\/\/hudo.com\/si\/wp-json\/wp\/v2\/posts\/47154\/revisions"}],"predecessor-version":[{"id":47216,"href":"https:\/\/hudo.com\/si\/wp-json\/wp\/v2\/posts\/47154\/revisions\/47216"}],"wp:attachment":[{"href":"https:\/\/hudo.com\/si\/wp-json\/wp\/v2\/media?parent=47154"}],"wp:term":[{"taxonomy":"category","embeddable":true,"href":"https:\/\/hudo.com\/si\/wp-json\/wp\/v2\/categories?post=47154"},{"taxonomy":"post_tag","embeddable":true,"href":"https:\/\/hudo.com\/si\/wp-json\/wp\/v2\/tags?post=47154"},{"taxonomy":"source","embeddable":true,"href":"https:\/\/hudo.com\/si\/wp-json\/wp\/v2\/source?post=47154"},{"taxonomy":"supertag","embeddable":true,"href":"https:\/\/hudo.com\/si\/wp-json\/wp\/v2\/supertag?post=47154"}],"curies":[{"name":"wp","href":"https:\/\/api.w.org\/{rel}","templated":true}]}}