{"id":47156,"date":"2016-05-06T19:00:00","date_gmt":"2016-05-06T17:00:00","guid":{"rendered":"http:\/\/hudo.com\/si\/2016\/05\/06\/bivsi-premier-zoran-milanovic-in-njegov-osebni-obvescevalec\/"},"modified":"2016-05-06T19:00:00","modified_gmt":"2016-05-06T17:00:00","slug":"bivsi-premier-zoran-milanovic-in-njegov-osebni-obvescevalec","status":"publish","type":"post","link":"https:\/\/hudo.com\/si\/aktualno\/bivsi-premier-zoran-milanovic-in-njegov-osebni-obvescevalec\/","title":{"rendered":"Biv\u0161i premier Zoran Milanovi\u0107 in njegov osebni obve\u0161\u010devalec"},"content":{"rendered":"<p>Kategorija: Sose\u0161\u010dina Fri, 06 May 2016 21:00:00 +0200  Zagreb \u2013 \u00bbNe, Dragan Lozan\u010di\u0107\u00ad ne bo svetovalec v vladi,\u00ab\u00ad je zagotovil premier\u00ad Tihomir Ore\u0161kovi\u0107 ob ugibanjih o prej\u0161njem\u00ad vodji obve\u0161\u010devalne slu\u017ebe Draganu Lozan\u010di\u0107u, ki je zaradi izgubljenega zaupanja\u00ad predsednice Kolinde Grabar Kitarovi\u0107 moral oditi s polo\u017eaja\u00ad in prepustiti mesto Danielu Marki\u0107u. To je le kamen\u010dek v hrva\u0161kem obve\u0161\u010devalno-politi\u010dnem \u00adcirkusu. Zaplet precej\u0161njih (politi\u010dnih) razse\u017enosti je nastal \u017ee ob njenem podpisu odlo\u010ditve za odstavitev direktorja hrva\u0161ke varnostno-obve\u0161\u010devalne agencije (SOA) Dragana Lozan\u010di\u0107a. Ob tem je pred tremi meseci pojasnila, da je Lozan\u010di\u0107 kr\u0161il zakon o varnostno-obve\u0161\u010devalnem sistemu ter da mu ne zaupa ve\u010d. Hrva\u0161ki mediji so takrat ocenili, da ni bilo prepri\u010dljivih razlogov za njegovo odstavitev in da je predsednica nezadovoljna, ker je prvi mo\u017e hrva\u0161ke obve\u0161\u010devalne slu\u017ebe ni pravo\u010dasno opozoril, da Zdravka Mami\u0107a tajno spremljajo in mu prislu\u0161kujejo. Predsednica v vpra\u0161anjih, povezanih\u00a0&#8230;<\/p>\n","protected":false},"excerpt":{"rendered":"<p>Kategorija: Sose\u0161\u010dina Fri, 06 May 2016 21:00:00 +0200  Zagreb \u2013 \u00bbNe, Dragan Lozan\u010di\u0107\u00ad ne bo svetovalec v vladi,\u00ab\u00ad je zagotovil premier\u00ad Tihomir Ore\u0161kovi\u0107 ob ugibanjih o prej\u0161njem\u00ad vodji obve\u0161\u010devalne slu\u017ebe Draganu Lozan\u010di\u0107u, ki je zaradi izgubljenega zaupanja\u00ad predsednice Kolinde Grabar Kitarovi\u0107 moral oditi s polo\u017eaja\u00ad in prepustiti mesto Danielu Marki\u0107u. To je le kamen\u010dek v hrva\u0161kem obve\u0161\u010devalno-politi\u010dnem \u00adcirkusu. Zaplet precej\u0161njih (politi\u010dnih) razse\u017enosti je nastal \u017ee ob njenem podpisu odlo\u010ditve za odstavitev direktorja hrva\u0161ke varnostno-obve\u0161\u010devalne agencije (SOA) Dragana Lozan\u010di\u0107a. Ob tem je pred tremi meseci pojasnila, da je Lozan\u010di\u0107 kr\u0161il zakon o varnostno-obve\u0161\u010devalnem sistemu ter da mu ne zaupa ve\u010d. Hrva\u0161ki mediji so takrat ocenili, da ni bilo prepri\u010dljivih razlogov za njegovo odstavitev in da je predsednica nezadovoljna, ker je prvi mo\u017e hrva\u0161ke obve\u0161\u010devalne slu\u017ebe ni pravo\u010dasno opozoril, da Zdravka Mami\u0107a tajno spremljajo in mu prislu\u0161kujejo. Predsednica v vpra\u0161anjih, povezanih\u00a0&#8230;<\/p>\n","protected":false},"author":1,"featured_media":0,"comment_status":"closed","ping_status":"closed","sticky":false,"template":"","format":"standard","meta":{"footnotes":""},"categories":[1179],"tags":[],"source":[4511],"supertag":[],"acf":[],"yoast_head":"<!-- This site is optimized with the Yoast SEO plugin v21.3 - https:\/\/yoast.com\/wordpress\/plugins\/seo\/ -->\n<title>Biv\u0161i premier Zoran Milanovi\u0107 in njegov osebni obve\u0161\u010devalec - Hudo Slovenija<\/title>\n<meta name=\"robots\" content=\"index, follow, max-snippet:-1, max-image-preview:large, max-video-preview:-1\" \/>\n<link rel=\"canonical\" href=\"https:\/\/hudo.com\/si\/aktualno\/bivsi-premier-zoran-milanovic-in-njegov-osebni-obvescevalec\/\" \/>\n<meta property=\"og:locale\" content=\"sl_SI\" \/>\n<meta property=\"og:type\" content=\"article\" \/>\n<meta property=\"og:title\" content=\"Biv\u0161i premier Zoran Milanovi\u0107 in njegov osebni obve\u0161\u010devalec - Hudo Slovenija\" \/>\n<meta property=\"og:description\" content=\"Kategorija: Sose\u0161\u010dina Fri, 06 May 2016 21:00:00 +0200 Zagreb \u2013 \u00bbNe, Dragan Lozan\u010di\u0107\u00ad ne bo svetovalec v vladi,\u00ab\u00ad je zagotovil premier\u00ad Tihomir Ore\u0161kovi\u0107 ob ugibanjih o prej\u0161njem\u00ad vodji obve\u0161\u010devalne slu\u017ebe Draganu Lozan\u010di\u0107u, ki je zaradi izgubljenega zaupanja\u00ad predsednice Kolinde Grabar Kitarovi\u0107 moral oditi s polo\u017eaja\u00ad in prepustiti mesto Danielu Marki\u0107u. To je le kamen\u010dek v hrva\u0161kem obve\u0161\u010devalno-politi\u010dnem \u00adcirkusu. Zaplet precej\u0161njih (politi\u010dnih) razse\u017enosti je nastal \u017ee ob njenem podpisu odlo\u010ditve za odstavitev direktorja hrva\u0161ke varnostno-obve\u0161\u010devalne agencije (SOA) Dragana Lozan\u010di\u0107a. Ob tem je pred tremi meseci pojasnila, da je Lozan\u010di\u0107 kr\u0161il zakon o varnostno-obve\u0161\u010devalnem sistemu ter da mu ne zaupa ve\u010d. Hrva\u0161ki mediji so takrat ocenili, da ni bilo prepri\u010dljivih razlogov za njegovo odstavitev in da je predsednica nezadovoljna, ker je prvi mo\u017e hrva\u0161ke obve\u0161\u010devalne slu\u017ebe ni pravo\u010dasno opozoril, da Zdravka Mami\u0107a tajno spremljajo in mu prislu\u0161kujejo. Predsednica v vpra\u0161anjih, povezanih\u00a0...\" \/>\n<meta property=\"og:url\" content=\"https:\/\/hudo.com\/si\/aktualno\/bivsi-premier-zoran-milanovic-in-njegov-osebni-obvescevalec\/\" \/>\n<meta property=\"og:site_name\" content=\"Hudo Slovenija\" \/>\n<meta property=\"article:publisher\" content=\"https:\/\/www.facebook.com\/hudo.si\" \/>\n<meta property=\"article:published_time\" content=\"2016-05-06T17:00:00+00:00\" \/>\n<meta property=\"og:image\" content=\"https:\/\/hudo.com\/si\/wp-content\/uploads\/sites\/2\/2016\/05\/480x290_Zunanja__djvu_2261976_veso__hires0.jpeg\" \/>\n\t<meta property=\"og:image:width\" content=\"480\" \/>\n\t<meta property=\"og:image:height\" content=\"290\" \/>\n\t<meta property=\"og:image:type\" content=\"image\/jpeg\" \/>\n<meta name=\"author\" content=\"hudo\" \/>\n<meta name=\"twitter:card\" content=\"summary_large_image\" \/>\n<meta name=\"twitter:creator\" content=\"@hudo_si\" \/>\n<meta name=\"twitter:site\" content=\"@hudo_si\" \/>\n<meta name=\"twitter:label1\" content=\"Written by\" \/>\n\t<meta name=\"twitter:data1\" content=\"hudo\" \/>\n\t<meta name=\"twitter:label2\" content=\"Est. reading time\" \/>\n\t<meta name=\"twitter:data2\" content=\"1 minuta\" \/>\n<script type=\"application\/ld+json\" class=\"yoast-schema-graph\">{\"@context\":\"https:\/\/schema.org\",\"@graph\":[{\"@type\":\"Article\",\"@id\":\"https:\/\/hudo.com\/si\/aktualno\/bivsi-premier-zoran-milanovic-in-njegov-osebni-obvescevalec\/#article\",\"isPartOf\":{\"@id\":\"https:\/\/hudo.com\/si\/aktualno\/bivsi-premier-zoran-milanovic-in-njegov-osebni-obvescevalec\/\"},\"author\":{\"name\":\"hudo\",\"@id\":\"https:\/\/hudo.com\/si\/#\/schema\/person\/601cf3379633985b20f7e50f2bb47707\"},\"headline\":\"Biv\u0161i premier Zoran Milanovi\u0107 in njegov osebni obve\u0161\u010devalec\",\"datePublished\":\"2016-05-06T17:00:00+00:00\",\"dateModified\":\"2016-05-06T17:00:00+00:00\",\"mainEntityOfPage\":{\"@id\":\"https:\/\/hudo.com\/si\/aktualno\/bivsi-premier-zoran-milanovic-in-njegov-osebni-obvescevalec\/\"},\"wordCount\":178,\"publisher\":{\"@id\":\"https:\/\/hudo.com\/si\/#organization\"},\"articleSection\":[\"Aktualno\"],\"inLanguage\":\"sl-SI\"},{\"@type\":\"WebPage\",\"@id\":\"https:\/\/hudo.com\/si\/aktualno\/bivsi-premier-zoran-milanovic-in-njegov-osebni-obvescevalec\/\",\"url\":\"https:\/\/hudo.com\/si\/aktualno\/bivsi-premier-zoran-milanovic-in-njegov-osebni-obvescevalec\/\",\"name\":\"Biv\u0161i premier Zoran Milanovi\u0107 in njegov osebni obve\u0161\u010devalec - Hudo Slovenija\",\"isPartOf\":{\"@id\":\"https:\/\/hudo.com\/si\/#website\"},\"datePublished\":\"2016-05-06T17:00:00+00:00\",\"dateModified\":\"2016-05-06T17:00:00+00:00\",\"breadcrumb\":{\"@id\":\"https:\/\/hudo.com\/si\/aktualno\/bivsi-premier-zoran-milanovic-in-njegov-osebni-obvescevalec\/#breadcrumb\"},\"inLanguage\":\"sl-SI\",\"potentialAction\":[{\"@type\":\"ReadAction\",\"target\":[\"https:\/\/hudo.com\/si\/aktualno\/bivsi-premier-zoran-milanovic-in-njegov-osebni-obvescevalec\/\"]}]},{\"@type\":\"BreadcrumbList\",\"@id\":\"https:\/\/hudo.com\/si\/aktualno\/bivsi-premier-zoran-milanovic-in-njegov-osebni-obvescevalec\/#breadcrumb\",\"itemListElement\":[{\"@type\":\"ListItem\",\"position\":1,\"name\":\"Home\",\"item\":\"https:\/\/hudo.com\/si\/\"},{\"@type\":\"ListItem\",\"position\":2,\"name\":\"Biv\u0161i premier Zoran Milanovi\u0107 in njegov osebni obve\u0161\u010devalec\"}]},{\"@type\":\"WebSite\",\"@id\":\"https:\/\/hudo.com\/si\/#website\",\"url\":\"https:\/\/hudo.com\/si\/\",\"name\":\"Hudo Slovenija\",\"description\":\"Vse novice iz Slovenije in sveta\",\"publisher\":{\"@id\":\"https:\/\/hudo.com\/si\/#organization\"},\"potentialAction\":[{\"@type\":\"SearchAction\",\"target\":{\"@type\":\"EntryPoint\",\"urlTemplate\":\"https:\/\/hudo.com\/si\/?s={search_term_string}\"},\"query-input\":\"required name=search_term_string\"}],\"inLanguage\":\"sl-SI\"},{\"@type\":\"Organization\",\"@id\":\"https:\/\/hudo.com\/si\/#organization\",\"name\":\"VSN Media\",\"url\":\"https:\/\/hudo.com\/si\/\",\"logo\":{\"@type\":\"ImageObject\",\"inLanguage\":\"sl-SI\",\"@id\":\"https:\/\/hudo.com\/si\/#\/schema\/logo\/image\/\",\"url\":\"https:\/\/hudo.com\/si\/wp-content\/uploads\/sites\/2\/2021\/03\/hudo-app-2.png\",\"contentUrl\":\"https:\/\/hudo.com\/si\/wp-content\/uploads\/sites\/2\/2021\/03\/hudo-app-2.png\",\"width\":2185,\"height\":2167,\"caption\":\"VSN Media\"},\"image\":{\"@id\":\"https:\/\/hudo.com\/si\/#\/schema\/logo\/image\/\"},\"sameAs\":[\"https:\/\/www.facebook.com\/hudo.si\",\"https:\/\/twitter.com\/hudo_si\"]},{\"@type\":\"Person\",\"@id\":\"https:\/\/hudo.com\/si\/#\/schema\/person\/601cf3379633985b20f7e50f2bb47707\",\"name\":\"hudo\",\"image\":{\"@type\":\"ImageObject\",\"inLanguage\":\"sl-SI\",\"@id\":\"https:\/\/hudo.com\/si\/#\/schema\/person\/image\/\",\"url\":\"https:\/\/secure.gravatar.com\/avatar\/c4ca25fa72cace7a696b52ff5db9e095?s=96&d=mm&r=g\",\"contentUrl\":\"https:\/\/secure.gravatar.com\/avatar\/c4ca25fa72cace7a696b52ff5db9e095?s=96&d=mm&r=g\",\"caption\":\"hudo\"},\"url\":\"https:\/\/hudo.com\/si\/author\/hudo\/\"}]}<\/script>\n<!-- \/ Yoast SEO plugin. -->","yoast_head_json":{"title":"Biv\u0161i premier Zoran Milanovi\u0107 in njegov osebni obve\u0161\u010devalec - Hudo Slovenija","robots":{"index":"index","follow":"follow","max-snippet":"max-snippet:-1","max-image-preview":"max-image-preview:large","max-video-preview":"max-video-preview:-1"},"canonical":"https:\/\/hudo.com\/si\/aktualno\/bivsi-premier-zoran-milanovic-in-njegov-osebni-obvescevalec\/","og_locale":"sl_SI","og_type":"article","og_title":"Biv\u0161i premier Zoran Milanovi\u0107 in njegov osebni obve\u0161\u010devalec - Hudo Slovenija","og_description":"Kategorija: Sose\u0161\u010dina Fri, 06 May 2016 21:00:00 +0200 Zagreb \u2013 \u00bbNe, Dragan Lozan\u010di\u0107\u00ad ne bo svetovalec v vladi,\u00ab\u00ad je zagotovil premier\u00ad Tihomir Ore\u0161kovi\u0107 ob ugibanjih o prej\u0161njem\u00ad vodji obve\u0161\u010devalne slu\u017ebe Draganu Lozan\u010di\u0107u, ki je zaradi izgubljenega zaupanja\u00ad predsednice Kolinde Grabar Kitarovi\u0107 moral oditi s polo\u017eaja\u00ad in prepustiti mesto Danielu Marki\u0107u. To je le kamen\u010dek v hrva\u0161kem obve\u0161\u010devalno-politi\u010dnem \u00adcirkusu. Zaplet precej\u0161njih (politi\u010dnih) razse\u017enosti je nastal \u017ee ob njenem podpisu odlo\u010ditve za odstavitev direktorja hrva\u0161ke varnostno-obve\u0161\u010devalne agencije (SOA) Dragana Lozan\u010di\u0107a. Ob tem je pred tremi meseci pojasnila, da je Lozan\u010di\u0107 kr\u0161il zakon o varnostno-obve\u0161\u010devalnem sistemu ter da mu ne zaupa ve\u010d. Hrva\u0161ki mediji so takrat ocenili, da ni bilo prepri\u010dljivih razlogov za njegovo odstavitev in da je predsednica nezadovoljna, ker je prvi mo\u017e hrva\u0161ke obve\u0161\u010devalne slu\u017ebe ni pravo\u010dasno opozoril, da Zdravka Mami\u0107a tajno spremljajo in mu prislu\u0161kujejo. Predsednica v vpra\u0161anjih, povezanih\u00a0...","og_url":"https:\/\/hudo.com\/si\/aktualno\/bivsi-premier-zoran-milanovic-in-njegov-osebni-obvescevalec\/","og_site_name":"Hudo Slovenija","article_publisher":"https:\/\/www.facebook.com\/hudo.si","article_published_time":"2016-05-06T17:00:00+00:00","og_image":[{"width":480,"height":290,"url":"https:\/\/hudo.com\/si\/wp-content\/uploads\/sites\/2\/2016\/05\/480x290_Zunanja__djvu_2261976_veso__hires0.jpeg","type":"image\/jpeg"}],"author":"hudo","twitter_card":"summary_large_image","twitter_creator":"@hudo_si","twitter_site":"@hudo_si","twitter_misc":{"Written by":"hudo","Est. reading time":"1 minuta"},"schema":{"@context":"https:\/\/schema.org","@graph":[{"@type":"Article","@id":"https:\/\/hudo.com\/si\/aktualno\/bivsi-premier-zoran-milanovic-in-njegov-osebni-obvescevalec\/#article","isPartOf":{"@id":"https:\/\/hudo.com\/si\/aktualno\/bivsi-premier-zoran-milanovic-in-njegov-osebni-obvescevalec\/"},"author":{"name":"hudo","@id":"https:\/\/hudo.com\/si\/#\/schema\/person\/601cf3379633985b20f7e50f2bb47707"},"headline":"Biv\u0161i premier Zoran Milanovi\u0107 in njegov osebni obve\u0161\u010devalec","datePublished":"2016-05-06T17:00:00+00:00","dateModified":"2016-05-06T17:00:00+00:00","mainEntityOfPage":{"@id":"https:\/\/hudo.com\/si\/aktualno\/bivsi-premier-zoran-milanovic-in-njegov-osebni-obvescevalec\/"},"wordCount":178,"publisher":{"@id":"https:\/\/hudo.com\/si\/#organization"},"articleSection":["Aktualno"],"inLanguage":"sl-SI"},{"@type":"WebPage","@id":"https:\/\/hudo.com\/si\/aktualno\/bivsi-premier-zoran-milanovic-in-njegov-osebni-obvescevalec\/","url":"https:\/\/hudo.com\/si\/aktualno\/bivsi-premier-zoran-milanovic-in-njegov-osebni-obvescevalec\/","name":"Biv\u0161i premier Zoran Milanovi\u0107 in njegov osebni obve\u0161\u010devalec - Hudo Slovenija","isPartOf":{"@id":"https:\/\/hudo.com\/si\/#website"},"datePublished":"2016-05-06T17:00:00+00:00","dateModified":"2016-05-06T17:00:00+00:00","breadcrumb":{"@id":"https:\/\/hudo.com\/si\/aktualno\/bivsi-premier-zoran-milanovic-in-njegov-osebni-obvescevalec\/#breadcrumb"},"inLanguage":"sl-SI","potentialAction":[{"@type":"ReadAction","target":["https:\/\/hudo.com\/si\/aktualno\/bivsi-premier-zoran-milanovic-in-njegov-osebni-obvescevalec\/"]}]},{"@type":"BreadcrumbList","@id":"https:\/\/hudo.com\/si\/aktualno\/bivsi-premier-zoran-milanovic-in-njegov-osebni-obvescevalec\/#breadcrumb","itemListElement":[{"@type":"ListItem","position":1,"name":"Home","item":"https:\/\/hudo.com\/si\/"},{"@type":"ListItem","position":2,"name":"Biv\u0161i premier Zoran Milanovi\u0107 in njegov osebni obve\u0161\u010devalec"}]},{"@type":"WebSite","@id":"https:\/\/hudo.com\/si\/#website","url":"https:\/\/hudo.com\/si\/","name":"Hudo Slovenija","description":"Vse novice iz Slovenije in sveta","publisher":{"@id":"https:\/\/hudo.com\/si\/#organization"},"potentialAction":[{"@type":"SearchAction","target":{"@type":"EntryPoint","urlTemplate":"https:\/\/hudo.com\/si\/?s={search_term_string}"},"query-input":"required name=search_term_string"}],"inLanguage":"sl-SI"},{"@type":"Organization","@id":"https:\/\/hudo.com\/si\/#organization","name":"VSN Media","url":"https:\/\/hudo.com\/si\/","logo":{"@type":"ImageObject","inLanguage":"sl-SI","@id":"https:\/\/hudo.com\/si\/#\/schema\/logo\/image\/","url":"https:\/\/hudo.com\/si\/wp-content\/uploads\/sites\/2\/2021\/03\/hudo-app-2.png","contentUrl":"https:\/\/hudo.com\/si\/wp-content\/uploads\/sites\/2\/2021\/03\/hudo-app-2.png","width":2185,"height":2167,"caption":"VSN Media"},"image":{"@id":"https:\/\/hudo.com\/si\/#\/schema\/logo\/image\/"},"sameAs":["https:\/\/www.facebook.com\/hudo.si","https:\/\/twitter.com\/hudo_si"]},{"@type":"Person","@id":"https:\/\/hudo.com\/si\/#\/schema\/person\/601cf3379633985b20f7e50f2bb47707","name":"hudo","image":{"@type":"ImageObject","inLanguage":"sl-SI","@id":"https:\/\/hudo.com\/si\/#\/schema\/person\/image\/","url":"https:\/\/secure.gravatar.com\/avatar\/c4ca25fa72cace7a696b52ff5db9e095?s=96&d=mm&r=g","contentUrl":"https:\/\/secure.gravatar.com\/avatar\/c4ca25fa72cace7a696b52ff5db9e095?s=96&d=mm&r=g","caption":"hudo"},"url":"https:\/\/hudo.com\/si\/author\/hudo\/"}]}},"amp_enabled":true,"_links":{"self":[{"href":"https:\/\/hudo.com\/si\/wp-json\/wp\/v2\/posts\/47156"}],"collection":[{"href":"https:\/\/hudo.com\/si\/wp-json\/wp\/v2\/posts"}],"about":[{"href":"https:\/\/hudo.com\/si\/wp-json\/wp\/v2\/types\/post"}],"author":[{"embeddable":true,"href":"https:\/\/hudo.com\/si\/wp-json\/wp\/v2\/users\/1"}],"replies":[{"embeddable":true,"href":"https:\/\/hudo.com\/si\/wp-json\/wp\/v2\/comments?post=47156"}],"version-history":[{"count":0,"href":"https:\/\/hudo.com\/si\/wp-json\/wp\/v2\/posts\/47156\/revisions"}],"wp:attachment":[{"href":"https:\/\/hudo.com\/si\/wp-json\/wp\/v2\/media?parent=47156"}],"wp:term":[{"taxonomy":"category","embeddable":true,"href":"https:\/\/hudo.com\/si\/wp-json\/wp\/v2\/categories?post=47156"},{"taxonomy":"post_tag","embeddable":true,"href":"https:\/\/hudo.com\/si\/wp-json\/wp\/v2\/tags?post=47156"},{"taxonomy":"source","embeddable":true,"href":"https:\/\/hudo.com\/si\/wp-json\/wp\/v2\/source?post=47156"},{"taxonomy":"supertag","embeddable":true,"href":"https:\/\/hudo.com\/si\/wp-json\/wp\/v2\/supertag?post=47156"}],"curies":[{"name":"wp","href":"https:\/\/api.w.org\/{rel}","templated":true}]}}