{"id":471561,"date":"2022-08-11T11:23:49","date_gmt":"2022-08-11T09:23:49","guid":{"rendered":"https:\/\/hudo.com\/si\/?p=471561"},"modified":"2022-08-11T11:23:49","modified_gmt":"2022-08-11T09:23:49","slug":"razsirili-preiskavo-smrti-hrvaskega-novinarja-ki-so-mu-zdravniki-odrekli-pomoc","status":"publish","type":"post","link":"https:\/\/hudo.com\/si\/aktualno\/svet\/razsirili-preiskavo-smrti-hrvaskega-novinarja-ki-so-mu-zdravniki-odrekli-pomoc\/","title":{"rendered":"Raz\u0161irili preiskavo smrti hrva\u0161kega novinarja, ki so mu zdravniki odrekli pomo\u010d"},"content":{"rendered":"<p>Matijani\u0107 je umrl minuli petek, potem ko je zbolel za covidom-19. S partnerico Andreo Topi\u0107 je v \u010detrtek in na dan smrti najmanj desetkrat klical zdravni\u0161ko pomo\u010d, a so ga ve\u010dkrat zavrnili. Re\u0161evalci so v petek pri\u0161li dvakrat. Ob njihovem drugem prihodu se je novinarju \u017ee ustavilo srce in ga niso mogli ve\u010d o\u017eiveti.<\/p>\n<p>Topi\u0107eva je v javnem pismu opisala dogajanje pred Matijani\u0107evo smrtjo, hrva\u0161ki portal Index.hr pa je objavil prepise posnetkov njunih pogovorov z zdravstvenimi delavci iz KBC Split in zavoda za nujno medicinsko pomo\u010d splitsko-dalmatinske \u017eupanije. Ti so razkrili ve\u010d nepravilnosti v odzivu zdravstvenih delavcev nujne medicinske pomo\u010di in splitske bolni\u0161nice, zato je zdravstveni minister Vili Bero\u0161 \u017ee v soboto napovedal preiskavo v obeh ustanovah.<\/p>\n<p>Da bi razjasnili vse okoli\u0161\u010dine Matijani\u0107eve smrti, je ministrstvo za zdravstvo preiskavo raz\u0161irilo tudi na ordinacijo zdravnika dru\u017einske medicine, pi\u0161e hrva\u0161ki \u010dasnik Jutarnji list.<\/p>\n<p>Zdravstveni in\u0161pektorji po pisanju \u010dasnika, ki se sklicuje na neimenovane vire, posku\u0161ajo najti odgovor na vpra\u0161anje, zakaj se Matijani\u0107 ni cepil proti covidu-19, posebno zato, ker je imel Sj\u00f6grenov sindrom in intersticijsko bolezen plju\u010d ter sum na dve avtoimuni bolezni.<\/p>\n<p>V Matijanovi\u0107evem zdravstvenem kartonu bi morali biti podatki o omenjenih boleznih in tem, ali so bile diagnosticirane, ali je obstajal samo sum nanje ter ali je zdravnik zanje predpisal zdravljenje.<\/p>\n<p>In\u0161pekcija bo po pisanju Jutarnjega lista med drugim preverila tudi, ali je zdravnik dru\u017einske medicine pregledal Matijani\u0107a in kak\u0161ne napotke mu je dal.<\/p>\n<p>Rezultati preiskave bodo znani predvidoma do konca tedna, medtem ko bodo novinarja pokopali danes ob 15. uri na splitskem pokopali\u0161\u010du Lovrinac.<\/p>\n<p>Ob 17.30 bo v Hrva\u0161kem narodnem gledali\u0161\u010du v Splitu v organizaciji Hrva\u0161kega novinarskega dru\u0161tva sledila \u0161e spominska slovesnost. Na njej se bodo od novinarskega kolega z govori poslovili Hrvoje Zovko, Neven Barkovi\u0107, Viktor Ivan\u010di\u0107, Dragan Markovina, Drago Boji\u0107 in Boris De\u017eulovi\u0107.<\/p>\n","protected":false},"excerpt":{"rendered":"<p>In\u0161pekcija hrva\u0161kega ministrstva za zdravstvo je v splitskem zavodu za nujno medicinsko pomo\u010d kon\u010dala preiskavo zaradi smrti novinarja Vladimirja Matijani\u0107a, rezultate pa bo javnosti sporo\u010dila po kon\u010dani preiskavi v bolni\u0161nici KBC Split. Po novem naj bi sicer preiskovali tudi dru\u017einskega zdravnika novinarja, ki ga bodo v Splitu pokopali danes.<\/p>\n","protected":false},"author":3,"featured_media":471562,"comment_status":"closed","ping_status":"closed","sticky":false,"template":"","format":"standard","meta":{"footnotes":""},"categories":[18202],"tags":[1810,4402],"source":[4511],"supertag":[],"acf":[],"yoast_head":"<!-- This site is optimized with the Yoast SEO plugin v21.3 - https:\/\/yoast.com\/wordpress\/plugins\/seo\/ -->\n<title>Raz\u0161irili preiskavo smrti hrva\u0161kega novinarja, ki so mu zdravniki odrekli pomo\u010d - Hudo Slovenija<\/title>\n<meta name=\"robots\" content=\"index, follow, max-snippet:-1, max-image-preview:large, max-video-preview:-1\" \/>\n<link rel=\"canonical\" href=\"https:\/\/hudo.com\/si\/aktualno\/svet\/razsirili-preiskavo-smrti-hrvaskega-novinarja-ki-so-mu-zdravniki-odrekli-pomoc\/\" \/>\n<meta property=\"og:locale\" content=\"sl_SI\" \/>\n<meta property=\"og:type\" content=\"article\" \/>\n<meta property=\"og:title\" content=\"Raz\u0161irili preiskavo smrti hrva\u0161kega novinarja, ki so mu zdravniki odrekli pomo\u010d - Hudo Slovenija\" \/>\n<meta property=\"og:description\" content=\"In\u0161pekcija hrva\u0161kega ministrstva za zdravstvo je v splitskem zavodu za nujno medicinsko pomo\u010d kon\u010dala preiskavo zaradi smrti novinarja Vladimirja Matijani\u0107a, rezultate pa bo javnosti sporo\u010dila po kon\u010dani preiskavi v bolni\u0161nici KBC Split. Po novem naj bi sicer preiskovali tudi dru\u017einskega zdravnika novinarja, ki ga bodo v Splitu pokopali danes.\" \/>\n<meta property=\"og:url\" content=\"https:\/\/hudo.com\/si\/aktualno\/svet\/razsirili-preiskavo-smrti-hrvaskega-novinarja-ki-so-mu-zdravniki-odrekli-pomoc\/\" \/>\n<meta property=\"og:site_name\" content=\"Hudo Slovenija\" \/>\n<meta property=\"article:publisher\" content=\"https:\/\/www.facebook.com\/hudo.si\" \/>\n<meta property=\"article:published_time\" content=\"2022-08-11T09:23:49+00:00\" \/>\n<meta property=\"og:image\" content=\"https:\/\/hudo.com\/si\/wp-content\/uploads\/sites\/2\/2022\/08\/matijanic.jpeg\" \/>\n\t<meta property=\"og:image:width\" content=\"900\" \/>\n\t<meta property=\"og:image:height\" content=\"540\" \/>\n\t<meta property=\"og:image:type\" content=\"image\/jpeg\" \/>\n<meta name=\"author\" content=\"AP\" \/>\n<meta name=\"twitter:card\" content=\"summary_large_image\" \/>\n<meta name=\"twitter:creator\" content=\"@hudo_si\" \/>\n<meta name=\"twitter:site\" content=\"@hudo_si\" \/>\n<meta name=\"twitter:label1\" content=\"Written by\" \/>\n\t<meta name=\"twitter:data1\" content=\"AP\" \/>\n\t<meta name=\"twitter:label2\" content=\"Est. reading time\" \/>\n\t<meta name=\"twitter:data2\" content=\"2 minuti\" \/>\n<script type=\"application\/ld+json\" class=\"yoast-schema-graph\">{\"@context\":\"https:\/\/schema.org\",\"@graph\":[{\"@type\":\"Article\",\"@id\":\"https:\/\/hudo.com\/si\/aktualno\/svet\/razsirili-preiskavo-smrti-hrvaskega-novinarja-ki-so-mu-zdravniki-odrekli-pomoc\/#article\",\"isPartOf\":{\"@id\":\"https:\/\/hudo.com\/si\/aktualno\/svet\/razsirili-preiskavo-smrti-hrvaskega-novinarja-ki-so-mu-zdravniki-odrekli-pomoc\/\"},\"author\":{\"name\":\"AP\",\"@id\":\"https:\/\/hudo.com\/si\/#\/schema\/person\/1d2551e7d4d07b6e4fc507d8f1038c77\"},\"headline\":\"Raz\u0161irili preiskavo smrti hrva\u0161kega novinarja, ki so mu zdravniki odrekli pomo\u010d\",\"datePublished\":\"2022-08-11T09:23:49+00:00\",\"dateModified\":\"2022-08-11T09:23:49+00:00\",\"mainEntityOfPage\":{\"@id\":\"https:\/\/hudo.com\/si\/aktualno\/svet\/razsirili-preiskavo-smrti-hrvaskega-novinarja-ki-so-mu-zdravniki-odrekli-pomoc\/\"},\"wordCount\":340,\"publisher\":{\"@id\":\"https:\/\/hudo.com\/si\/#organization\"},\"keywords\":[\"hrva\u0161ka\",\"novinar\"],\"articleSection\":[\"Svet\"],\"inLanguage\":\"sl-SI\"},{\"@type\":\"WebPage\",\"@id\":\"https:\/\/hudo.com\/si\/aktualno\/svet\/razsirili-preiskavo-smrti-hrvaskega-novinarja-ki-so-mu-zdravniki-odrekli-pomoc\/\",\"url\":\"https:\/\/hudo.com\/si\/aktualno\/svet\/razsirili-preiskavo-smrti-hrvaskega-novinarja-ki-so-mu-zdravniki-odrekli-pomoc\/\",\"name\":\"Raz\u0161irili preiskavo smrti hrva\u0161kega novinarja, ki so mu zdravniki odrekli pomo\u010d - Hudo Slovenija\",\"isPartOf\":{\"@id\":\"https:\/\/hudo.com\/si\/#website\"},\"datePublished\":\"2022-08-11T09:23:49+00:00\",\"dateModified\":\"2022-08-11T09:23:49+00:00\",\"breadcrumb\":{\"@id\":\"https:\/\/hudo.com\/si\/aktualno\/svet\/razsirili-preiskavo-smrti-hrvaskega-novinarja-ki-so-mu-zdravniki-odrekli-pomoc\/#breadcrumb\"},\"inLanguage\":\"sl-SI\",\"potentialAction\":[{\"@type\":\"ReadAction\",\"target\":[\"https:\/\/hudo.com\/si\/aktualno\/svet\/razsirili-preiskavo-smrti-hrvaskega-novinarja-ki-so-mu-zdravniki-odrekli-pomoc\/\"]}]},{\"@type\":\"BreadcrumbList\",\"@id\":\"https:\/\/hudo.com\/si\/aktualno\/svet\/razsirili-preiskavo-smrti-hrvaskega-novinarja-ki-so-mu-zdravniki-odrekli-pomoc\/#breadcrumb\",\"itemListElement\":[{\"@type\":\"ListItem\",\"position\":1,\"name\":\"Home\",\"item\":\"https:\/\/hudo.com\/si\/\"},{\"@type\":\"ListItem\",\"position\":2,\"name\":\"Raz\u0161irili preiskavo smrti hrva\u0161kega novinarja, ki so mu zdravniki odrekli pomo\u010d\"}]},{\"@type\":\"WebSite\",\"@id\":\"https:\/\/hudo.com\/si\/#website\",\"url\":\"https:\/\/hudo.com\/si\/\",\"name\":\"Hudo Slovenija\",\"description\":\"Vse novice iz Slovenije in sveta\",\"publisher\":{\"@id\":\"https:\/\/hudo.com\/si\/#organization\"},\"potentialAction\":[{\"@type\":\"SearchAction\",\"target\":{\"@type\":\"EntryPoint\",\"urlTemplate\":\"https:\/\/hudo.com\/si\/?s={search_term_string}\"},\"query-input\":\"required name=search_term_string\"}],\"inLanguage\":\"sl-SI\"},{\"@type\":\"Organization\",\"@id\":\"https:\/\/hudo.com\/si\/#organization\",\"name\":\"VSN Media\",\"url\":\"https:\/\/hudo.com\/si\/\",\"logo\":{\"@type\":\"ImageObject\",\"inLanguage\":\"sl-SI\",\"@id\":\"https:\/\/hudo.com\/si\/#\/schema\/logo\/image\/\",\"url\":\"https:\/\/hudo.com\/si\/wp-content\/uploads\/sites\/2\/2021\/03\/hudo-app-2.png\",\"contentUrl\":\"https:\/\/hudo.com\/si\/wp-content\/uploads\/sites\/2\/2021\/03\/hudo-app-2.png\",\"width\":2185,\"height\":2167,\"caption\":\"VSN Media\"},\"image\":{\"@id\":\"https:\/\/hudo.com\/si\/#\/schema\/logo\/image\/\"},\"sameAs\":[\"https:\/\/www.facebook.com\/hudo.si\",\"https:\/\/twitter.com\/hudo_si\"]},{\"@type\":\"Person\",\"@id\":\"https:\/\/hudo.com\/si\/#\/schema\/person\/1d2551e7d4d07b6e4fc507d8f1038c77\",\"name\":\"AP\",\"image\":{\"@type\":\"ImageObject\",\"inLanguage\":\"sl-SI\",\"@id\":\"https:\/\/hudo.com\/si\/#\/schema\/person\/image\/\",\"url\":\"https:\/\/secure.gravatar.com\/avatar\/7b3f3d93af66e8912bbd99653b3496ee?s=96&d=mm&r=g\",\"contentUrl\":\"https:\/\/secure.gravatar.com\/avatar\/7b3f3d93af66e8912bbd99653b3496ee?s=96&d=mm&r=g\",\"caption\":\"AP\"},\"url\":\"https:\/\/hudo.com\/si\/author\/aljaz\/\"}]}<\/script>\n<!-- \/ Yoast SEO plugin. -->","yoast_head_json":{"title":"Raz\u0161irili preiskavo smrti hrva\u0161kega novinarja, ki so mu zdravniki odrekli pomo\u010d - Hudo Slovenija","robots":{"index":"index","follow":"follow","max-snippet":"max-snippet:-1","max-image-preview":"max-image-preview:large","max-video-preview":"max-video-preview:-1"},"canonical":"https:\/\/hudo.com\/si\/aktualno\/svet\/razsirili-preiskavo-smrti-hrvaskega-novinarja-ki-so-mu-zdravniki-odrekli-pomoc\/","og_locale":"sl_SI","og_type":"article","og_title":"Raz\u0161irili preiskavo smrti hrva\u0161kega novinarja, ki so mu zdravniki odrekli pomo\u010d - Hudo Slovenija","og_description":"In\u0161pekcija hrva\u0161kega ministrstva za zdravstvo je v splitskem zavodu za nujno medicinsko pomo\u010d kon\u010dala preiskavo zaradi smrti novinarja Vladimirja Matijani\u0107a, rezultate pa bo javnosti sporo\u010dila po kon\u010dani preiskavi v bolni\u0161nici KBC Split. Po novem naj bi sicer preiskovali tudi dru\u017einskega zdravnika novinarja, ki ga bodo v Splitu pokopali danes.","og_url":"https:\/\/hudo.com\/si\/aktualno\/svet\/razsirili-preiskavo-smrti-hrvaskega-novinarja-ki-so-mu-zdravniki-odrekli-pomoc\/","og_site_name":"Hudo Slovenija","article_publisher":"https:\/\/www.facebook.com\/hudo.si","article_published_time":"2022-08-11T09:23:49+00:00","og_image":[{"width":900,"height":540,"url":"https:\/\/hudo.com\/si\/wp-content\/uploads\/sites\/2\/2022\/08\/matijanic.jpeg","type":"image\/jpeg"}],"author":"AP","twitter_card":"summary_large_image","twitter_creator":"@hudo_si","twitter_site":"@hudo_si","twitter_misc":{"Written by":"AP","Est. reading time":"2 minuti"},"schema":{"@context":"https:\/\/schema.org","@graph":[{"@type":"Article","@id":"https:\/\/hudo.com\/si\/aktualno\/svet\/razsirili-preiskavo-smrti-hrvaskega-novinarja-ki-so-mu-zdravniki-odrekli-pomoc\/#article","isPartOf":{"@id":"https:\/\/hudo.com\/si\/aktualno\/svet\/razsirili-preiskavo-smrti-hrvaskega-novinarja-ki-so-mu-zdravniki-odrekli-pomoc\/"},"author":{"name":"AP","@id":"https:\/\/hudo.com\/si\/#\/schema\/person\/1d2551e7d4d07b6e4fc507d8f1038c77"},"headline":"Raz\u0161irili preiskavo smrti hrva\u0161kega novinarja, ki so mu zdravniki odrekli pomo\u010d","datePublished":"2022-08-11T09:23:49+00:00","dateModified":"2022-08-11T09:23:49+00:00","mainEntityOfPage":{"@id":"https:\/\/hudo.com\/si\/aktualno\/svet\/razsirili-preiskavo-smrti-hrvaskega-novinarja-ki-so-mu-zdravniki-odrekli-pomoc\/"},"wordCount":340,"publisher":{"@id":"https:\/\/hudo.com\/si\/#organization"},"keywords":["hrva\u0161ka","novinar"],"articleSection":["Svet"],"inLanguage":"sl-SI"},{"@type":"WebPage","@id":"https:\/\/hudo.com\/si\/aktualno\/svet\/razsirili-preiskavo-smrti-hrvaskega-novinarja-ki-so-mu-zdravniki-odrekli-pomoc\/","url":"https:\/\/hudo.com\/si\/aktualno\/svet\/razsirili-preiskavo-smrti-hrvaskega-novinarja-ki-so-mu-zdravniki-odrekli-pomoc\/","name":"Raz\u0161irili preiskavo smrti hrva\u0161kega novinarja, ki so mu zdravniki odrekli pomo\u010d - Hudo Slovenija","isPartOf":{"@id":"https:\/\/hudo.com\/si\/#website"},"datePublished":"2022-08-11T09:23:49+00:00","dateModified":"2022-08-11T09:23:49+00:00","breadcrumb":{"@id":"https:\/\/hudo.com\/si\/aktualno\/svet\/razsirili-preiskavo-smrti-hrvaskega-novinarja-ki-so-mu-zdravniki-odrekli-pomoc\/#breadcrumb"},"inLanguage":"sl-SI","potentialAction":[{"@type":"ReadAction","target":["https:\/\/hudo.com\/si\/aktualno\/svet\/razsirili-preiskavo-smrti-hrvaskega-novinarja-ki-so-mu-zdravniki-odrekli-pomoc\/"]}]},{"@type":"BreadcrumbList","@id":"https:\/\/hudo.com\/si\/aktualno\/svet\/razsirili-preiskavo-smrti-hrvaskega-novinarja-ki-so-mu-zdravniki-odrekli-pomoc\/#breadcrumb","itemListElement":[{"@type":"ListItem","position":1,"name":"Home","item":"https:\/\/hudo.com\/si\/"},{"@type":"ListItem","position":2,"name":"Raz\u0161irili preiskavo smrti hrva\u0161kega novinarja, ki so mu zdravniki odrekli pomo\u010d"}]},{"@type":"WebSite","@id":"https:\/\/hudo.com\/si\/#website","url":"https:\/\/hudo.com\/si\/","name":"Hudo Slovenija","description":"Vse novice iz Slovenije in sveta","publisher":{"@id":"https:\/\/hudo.com\/si\/#organization"},"potentialAction":[{"@type":"SearchAction","target":{"@type":"EntryPoint","urlTemplate":"https:\/\/hudo.com\/si\/?s={search_term_string}"},"query-input":"required name=search_term_string"}],"inLanguage":"sl-SI"},{"@type":"Organization","@id":"https:\/\/hudo.com\/si\/#organization","name":"VSN Media","url":"https:\/\/hudo.com\/si\/","logo":{"@type":"ImageObject","inLanguage":"sl-SI","@id":"https:\/\/hudo.com\/si\/#\/schema\/logo\/image\/","url":"https:\/\/hudo.com\/si\/wp-content\/uploads\/sites\/2\/2021\/03\/hudo-app-2.png","contentUrl":"https:\/\/hudo.com\/si\/wp-content\/uploads\/sites\/2\/2021\/03\/hudo-app-2.png","width":2185,"height":2167,"caption":"VSN Media"},"image":{"@id":"https:\/\/hudo.com\/si\/#\/schema\/logo\/image\/"},"sameAs":["https:\/\/www.facebook.com\/hudo.si","https:\/\/twitter.com\/hudo_si"]},{"@type":"Person","@id":"https:\/\/hudo.com\/si\/#\/schema\/person\/1d2551e7d4d07b6e4fc507d8f1038c77","name":"AP","image":{"@type":"ImageObject","inLanguage":"sl-SI","@id":"https:\/\/hudo.com\/si\/#\/schema\/person\/image\/","url":"https:\/\/secure.gravatar.com\/avatar\/7b3f3d93af66e8912bbd99653b3496ee?s=96&d=mm&r=g","contentUrl":"https:\/\/secure.gravatar.com\/avatar\/7b3f3d93af66e8912bbd99653b3496ee?s=96&d=mm&r=g","caption":"AP"},"url":"https:\/\/hudo.com\/si\/author\/aljaz\/"}]}},"amp_enabled":true,"_links":{"self":[{"href":"https:\/\/hudo.com\/si\/wp-json\/wp\/v2\/posts\/471561"}],"collection":[{"href":"https:\/\/hudo.com\/si\/wp-json\/wp\/v2\/posts"}],"about":[{"href":"https:\/\/hudo.com\/si\/wp-json\/wp\/v2\/types\/post"}],"author":[{"embeddable":true,"href":"https:\/\/hudo.com\/si\/wp-json\/wp\/v2\/users\/3"}],"replies":[{"embeddable":true,"href":"https:\/\/hudo.com\/si\/wp-json\/wp\/v2\/comments?post=471561"}],"version-history":[{"count":1,"href":"https:\/\/hudo.com\/si\/wp-json\/wp\/v2\/posts\/471561\/revisions"}],"predecessor-version":[{"id":471563,"href":"https:\/\/hudo.com\/si\/wp-json\/wp\/v2\/posts\/471561\/revisions\/471563"}],"wp:featuredmedia":[{"embeddable":true,"href":"https:\/\/hudo.com\/si\/wp-json\/wp\/v2\/media\/471562"}],"wp:attachment":[{"href":"https:\/\/hudo.com\/si\/wp-json\/wp\/v2\/media?parent=471561"}],"wp:term":[{"taxonomy":"category","embeddable":true,"href":"https:\/\/hudo.com\/si\/wp-json\/wp\/v2\/categories?post=471561"},{"taxonomy":"post_tag","embeddable":true,"href":"https:\/\/hudo.com\/si\/wp-json\/wp\/v2\/tags?post=471561"},{"taxonomy":"source","embeddable":true,"href":"https:\/\/hudo.com\/si\/wp-json\/wp\/v2\/source?post=471561"},{"taxonomy":"supertag","embeddable":true,"href":"https:\/\/hudo.com\/si\/wp-json\/wp\/v2\/supertag?post=471561"}],"curies":[{"name":"wp","href":"https:\/\/api.w.org\/{rel}","templated":true}]}}