{"id":47162,"date":"2016-05-06T18:01:00","date_gmt":"2016-05-06T16:01:00","guid":{"rendered":"http:\/\/hudo.com\/si\/2016\/05\/06\/nogometne-novice-gundogan-zaradi-poskodbe-kolena-ob-ep-allegri-podaljsal-z-juventusom\/"},"modified":"2016-05-07T01:07:32","modified_gmt":"2016-05-06T23:07:32","slug":"nogometne-novice-gundogan-zaradi-poskodbe-kolena-ob-ep-allegri-podaljsal-z-juventusom","status":"publish","type":"post","link":"https:\/\/hudo.com\/si\/aktualno\/nogometne-novice-gundogan-zaradi-poskodbe-kolena-ob-ep-allegri-podaljsal-z-juventusom\/","title":{"rendered":"Nogometne novice: Gundogan zaradi po\u0161kodbe kolena ob EP, Allegri podalj\u0161al z Juventusom"},"content":{"rendered":"<p>Kategorija: Nogomet Fri, 06 May 2016 20:01:00 +0200  Dortmund &#8211; Nem\u0161ki reprezentant in \u010dlan dortmundske Borussie Ilkay Gundogan si je na dana\u0161njem treningu svojega kluba resno po\u0161kodoval sezono, zaradi \u010desar bo izpustil tako preostanek sezone kot tudi evropsko prvenstvo, so sporo\u010dili iz Borussie. 25-letni nogometa\u0161 je v tej sezoni nastopil na \u0161tiridesetih tekmah v vseh tekmovanjih, v zadnjih dveh mesecih pa ni bil optimalno pripravljen in je igral le na \u0161tirih tekmah. Ilkay Gundogan, ki je za dr\u017eavno reprezentanco odigral \u0161estnajst tekem, bo moral izpustiti \u0161e drugo ve\u010dje mednarodno prvenstvo, potem ko je na zadnjem svetovnem prvenstvu v Braziliji, kjer so Nemci osvojili naslov prvakov, manjkal zaradi po\u0161kodbe hrbta. \u00bbZa vse nas je to seveda velik udarec, najbolj bole\u010d pa je dogodek zanj. Bil je v zelo dobri formi, s svojo dinamiko, zanesljivostjo in nadzorom igre bi imel veliko vlogo v\u00a0&#8230;<\/p>\n","protected":false},"excerpt":{"rendered":"<p>Kategorija: Nogomet Fri, 06 May 2016 20:01:00 +0200  Dortmund &#8211; Nem\u0161ki reprezentant in \u010dlan dortmundske Borussie Ilkay Gundogan si je na dana\u0161njem treningu svojega kluba resno po\u0161kodoval sezono, zaradi \u010desar bo izpustil tako preostanek sezone kot tudi evropsko prvenstvo, so sporo\u010dili iz Borussie. 25-letni nogometa\u0161 je v tej sezoni nastopil na \u0161tiridesetih tekmah v vseh tekmovanjih, v zadnjih dveh mesecih pa ni bil optimalno pripravljen in je igral le na \u0161tirih tekmah. Ilkay Gundogan, ki je za dr\u017eavno reprezentanco odigral \u0161estnajst tekem, bo moral izpustiti \u0161e drugo ve\u010dje mednarodno prvenstvo, potem ko je na zadnjem svetovnem prvenstvu v Braziliji, kjer so Nemci osvojili naslov prvakov, manjkal zaradi po\u0161kodbe hrbta. \u00bbZa vse nas je to seveda velik udarec, najbolj bole\u010d pa je dogodek zanj. Bil je v zelo dobri formi, s svojo dinamiko, zanesljivostjo in nadzorom igre bi imel veliko vlogo v\u00a0&#8230;<\/p>\n","protected":false},"author":1,"featured_media":0,"comment_status":"closed","ping_status":"closed","sticky":false,"template":"","format":"standard","meta":{"footnotes":""},"categories":[1179],"tags":[],"source":[4511],"supertag":[],"acf":[],"yoast_head":"<!-- This site is optimized with the Yoast SEO plugin v21.3 - https:\/\/yoast.com\/wordpress\/plugins\/seo\/ -->\n<title>Nogometne novice: Gundogan zaradi po\u0161kodbe kolena ob EP, Allegri podalj\u0161al z Juventusom - Hudo Slovenija<\/title>\n<meta name=\"robots\" content=\"index, follow, max-snippet:-1, max-image-preview:large, max-video-preview:-1\" \/>\n<link rel=\"canonical\" href=\"https:\/\/hudo.com\/si\/aktualno\/nogometne-novice-gundogan-zaradi-poskodbe-kolena-ob-ep-allegri-podaljsal-z-juventusom\/\" \/>\n<meta property=\"og:locale\" content=\"sl_SI\" \/>\n<meta property=\"og:type\" content=\"article\" \/>\n<meta property=\"og:title\" content=\"Nogometne novice: Gundogan zaradi po\u0161kodbe kolena ob EP, Allegri podalj\u0161al z Juventusom - Hudo Slovenija\" \/>\n<meta property=\"og:description\" content=\"Kategorija: Nogomet Fri, 06 May 2016 20:01:00 +0200 Dortmund - Nem\u0161ki reprezentant in \u010dlan dortmundske Borussie Ilkay Gundogan si je na dana\u0161njem treningu svojega kluba resno po\u0161kodoval sezono, zaradi \u010desar bo izpustil tako preostanek sezone kot tudi evropsko prvenstvo, so sporo\u010dili iz Borussie. 25-letni nogometa\u0161 je v tej sezoni nastopil na \u0161tiridesetih tekmah v vseh tekmovanjih, v zadnjih dveh mesecih pa ni bil optimalno pripravljen in je igral le na \u0161tirih tekmah. Ilkay Gundogan, ki je za dr\u017eavno reprezentanco odigral \u0161estnajst tekem, bo moral izpustiti \u0161e drugo ve\u010dje mednarodno prvenstvo, potem ko je na zadnjem svetovnem prvenstvu v Braziliji, kjer so Nemci osvojili naslov prvakov, manjkal zaradi po\u0161kodbe hrbta. \u00bbZa vse nas je to seveda velik udarec, najbolj bole\u010d pa je dogodek zanj. Bil je v zelo dobri formi, s svojo dinamiko, zanesljivostjo in nadzorom igre bi imel veliko vlogo v\u00a0...\" \/>\n<meta property=\"og:url\" content=\"https:\/\/hudo.com\/si\/aktualno\/nogometne-novice-gundogan-zaradi-poskodbe-kolena-ob-ep-allegri-podaljsal-z-juventusom\/\" \/>\n<meta property=\"og:site_name\" content=\"Hudo Slovenija\" \/>\n<meta property=\"article:publisher\" content=\"https:\/\/www.facebook.com\/hudo.si\" \/>\n<meta property=\"article:published_time\" content=\"2016-05-06T16:01:00+00:00\" \/>\n<meta property=\"article:modified_time\" content=\"2016-05-06T23:07:32+00:00\" \/>\n<meta property=\"og:image\" content=\"https:\/\/hudo.com\/si\/wp-content\/uploads\/sites\/2\/2016\/05\/480x290_Gundogan-1.jpeg\" \/>\n\t<meta property=\"og:image:width\" content=\"480\" \/>\n\t<meta property=\"og:image:height\" content=\"290\" \/>\n\t<meta property=\"og:image:type\" content=\"image\/jpeg\" \/>\n<meta name=\"author\" content=\"hudo\" \/>\n<meta name=\"twitter:card\" content=\"summary_large_image\" \/>\n<meta name=\"twitter:creator\" content=\"@hudo_si\" \/>\n<meta name=\"twitter:site\" content=\"@hudo_si\" \/>\n<meta name=\"twitter:label1\" content=\"Written by\" \/>\n\t<meta name=\"twitter:data1\" content=\"hudo\" \/>\n\t<meta name=\"twitter:label2\" content=\"Est. reading time\" \/>\n\t<meta name=\"twitter:data2\" content=\"1 minuta\" \/>\n<script type=\"application\/ld+json\" class=\"yoast-schema-graph\">{\"@context\":\"https:\/\/schema.org\",\"@graph\":[{\"@type\":\"Article\",\"@id\":\"https:\/\/hudo.com\/si\/aktualno\/nogometne-novice-gundogan-zaradi-poskodbe-kolena-ob-ep-allegri-podaljsal-z-juventusom\/#article\",\"isPartOf\":{\"@id\":\"https:\/\/hudo.com\/si\/aktualno\/nogometne-novice-gundogan-zaradi-poskodbe-kolena-ob-ep-allegri-podaljsal-z-juventusom\/\"},\"author\":{\"name\":\"hudo\",\"@id\":\"https:\/\/hudo.com\/si\/#\/schema\/person\/601cf3379633985b20f7e50f2bb47707\"},\"headline\":\"Nogometne novice: Gundogan zaradi po\u0161kodbe kolena ob EP, Allegri podalj\u0161al z Juventusom\",\"datePublished\":\"2016-05-06T16:01:00+00:00\",\"dateModified\":\"2016-05-06T23:07:32+00:00\",\"mainEntityOfPage\":{\"@id\":\"https:\/\/hudo.com\/si\/aktualno\/nogometne-novice-gundogan-zaradi-poskodbe-kolena-ob-ep-allegri-podaljsal-z-juventusom\/\"},\"wordCount\":158,\"publisher\":{\"@id\":\"https:\/\/hudo.com\/si\/#organization\"},\"articleSection\":[\"Aktualno\"],\"inLanguage\":\"sl-SI\"},{\"@type\":\"WebPage\",\"@id\":\"https:\/\/hudo.com\/si\/aktualno\/nogometne-novice-gundogan-zaradi-poskodbe-kolena-ob-ep-allegri-podaljsal-z-juventusom\/\",\"url\":\"https:\/\/hudo.com\/si\/aktualno\/nogometne-novice-gundogan-zaradi-poskodbe-kolena-ob-ep-allegri-podaljsal-z-juventusom\/\",\"name\":\"Nogometne novice: Gundogan zaradi po\u0161kodbe kolena ob EP, Allegri podalj\u0161al z Juventusom - Hudo Slovenija\",\"isPartOf\":{\"@id\":\"https:\/\/hudo.com\/si\/#website\"},\"datePublished\":\"2016-05-06T16:01:00+00:00\",\"dateModified\":\"2016-05-06T23:07:32+00:00\",\"breadcrumb\":{\"@id\":\"https:\/\/hudo.com\/si\/aktualno\/nogometne-novice-gundogan-zaradi-poskodbe-kolena-ob-ep-allegri-podaljsal-z-juventusom\/#breadcrumb\"},\"inLanguage\":\"sl-SI\",\"potentialAction\":[{\"@type\":\"ReadAction\",\"target\":[\"https:\/\/hudo.com\/si\/aktualno\/nogometne-novice-gundogan-zaradi-poskodbe-kolena-ob-ep-allegri-podaljsal-z-juventusom\/\"]}]},{\"@type\":\"BreadcrumbList\",\"@id\":\"https:\/\/hudo.com\/si\/aktualno\/nogometne-novice-gundogan-zaradi-poskodbe-kolena-ob-ep-allegri-podaljsal-z-juventusom\/#breadcrumb\",\"itemListElement\":[{\"@type\":\"ListItem\",\"position\":1,\"name\":\"Home\",\"item\":\"https:\/\/hudo.com\/si\/\"},{\"@type\":\"ListItem\",\"position\":2,\"name\":\"Nogometne novice: Gundogan zaradi po\u0161kodbe kolena ob EP, Allegri podalj\u0161al z Juventusom\"}]},{\"@type\":\"WebSite\",\"@id\":\"https:\/\/hudo.com\/si\/#website\",\"url\":\"https:\/\/hudo.com\/si\/\",\"name\":\"Hudo Slovenija\",\"description\":\"Vse novice iz Slovenije in sveta\",\"publisher\":{\"@id\":\"https:\/\/hudo.com\/si\/#organization\"},\"potentialAction\":[{\"@type\":\"SearchAction\",\"target\":{\"@type\":\"EntryPoint\",\"urlTemplate\":\"https:\/\/hudo.com\/si\/?s={search_term_string}\"},\"query-input\":\"required name=search_term_string\"}],\"inLanguage\":\"sl-SI\"},{\"@type\":\"Organization\",\"@id\":\"https:\/\/hudo.com\/si\/#organization\",\"name\":\"VSN Media\",\"url\":\"https:\/\/hudo.com\/si\/\",\"logo\":{\"@type\":\"ImageObject\",\"inLanguage\":\"sl-SI\",\"@id\":\"https:\/\/hudo.com\/si\/#\/schema\/logo\/image\/\",\"url\":\"https:\/\/hudo.com\/si\/wp-content\/uploads\/sites\/2\/2021\/03\/hudo-app-2.png\",\"contentUrl\":\"https:\/\/hudo.com\/si\/wp-content\/uploads\/sites\/2\/2021\/03\/hudo-app-2.png\",\"width\":2185,\"height\":2167,\"caption\":\"VSN Media\"},\"image\":{\"@id\":\"https:\/\/hudo.com\/si\/#\/schema\/logo\/image\/\"},\"sameAs\":[\"https:\/\/www.facebook.com\/hudo.si\",\"https:\/\/twitter.com\/hudo_si\"]},{\"@type\":\"Person\",\"@id\":\"https:\/\/hudo.com\/si\/#\/schema\/person\/601cf3379633985b20f7e50f2bb47707\",\"name\":\"hudo\",\"image\":{\"@type\":\"ImageObject\",\"inLanguage\":\"sl-SI\",\"@id\":\"https:\/\/hudo.com\/si\/#\/schema\/person\/image\/\",\"url\":\"https:\/\/secure.gravatar.com\/avatar\/c4ca25fa72cace7a696b52ff5db9e095?s=96&d=mm&r=g\",\"contentUrl\":\"https:\/\/secure.gravatar.com\/avatar\/c4ca25fa72cace7a696b52ff5db9e095?s=96&d=mm&r=g\",\"caption\":\"hudo\"},\"url\":\"https:\/\/hudo.com\/si\/author\/hudo\/\"}]}<\/script>\n<!-- \/ Yoast SEO plugin. -->","yoast_head_json":{"title":"Nogometne novice: Gundogan zaradi po\u0161kodbe kolena ob EP, Allegri podalj\u0161al z Juventusom - Hudo Slovenija","robots":{"index":"index","follow":"follow","max-snippet":"max-snippet:-1","max-image-preview":"max-image-preview:large","max-video-preview":"max-video-preview:-1"},"canonical":"https:\/\/hudo.com\/si\/aktualno\/nogometne-novice-gundogan-zaradi-poskodbe-kolena-ob-ep-allegri-podaljsal-z-juventusom\/","og_locale":"sl_SI","og_type":"article","og_title":"Nogometne novice: Gundogan zaradi po\u0161kodbe kolena ob EP, Allegri podalj\u0161al z Juventusom - Hudo Slovenija","og_description":"Kategorija: Nogomet Fri, 06 May 2016 20:01:00 +0200 Dortmund - Nem\u0161ki reprezentant in \u010dlan dortmundske Borussie Ilkay Gundogan si je na dana\u0161njem treningu svojega kluba resno po\u0161kodoval sezono, zaradi \u010desar bo izpustil tako preostanek sezone kot tudi evropsko prvenstvo, so sporo\u010dili iz Borussie. 25-letni nogometa\u0161 je v tej sezoni nastopil na \u0161tiridesetih tekmah v vseh tekmovanjih, v zadnjih dveh mesecih pa ni bil optimalno pripravljen in je igral le na \u0161tirih tekmah. Ilkay Gundogan, ki je za dr\u017eavno reprezentanco odigral \u0161estnajst tekem, bo moral izpustiti \u0161e drugo ve\u010dje mednarodno prvenstvo, potem ko je na zadnjem svetovnem prvenstvu v Braziliji, kjer so Nemci osvojili naslov prvakov, manjkal zaradi po\u0161kodbe hrbta. \u00bbZa vse nas je to seveda velik udarec, najbolj bole\u010d pa je dogodek zanj. Bil je v zelo dobri formi, s svojo dinamiko, zanesljivostjo in nadzorom igre bi imel veliko vlogo v\u00a0...","og_url":"https:\/\/hudo.com\/si\/aktualno\/nogometne-novice-gundogan-zaradi-poskodbe-kolena-ob-ep-allegri-podaljsal-z-juventusom\/","og_site_name":"Hudo Slovenija","article_publisher":"https:\/\/www.facebook.com\/hudo.si","article_published_time":"2016-05-06T16:01:00+00:00","article_modified_time":"2016-05-06T23:07:32+00:00","og_image":[{"width":480,"height":290,"url":"https:\/\/hudo.com\/si\/wp-content\/uploads\/sites\/2\/2016\/05\/480x290_Gundogan-1.jpeg","type":"image\/jpeg"}],"author":"hudo","twitter_card":"summary_large_image","twitter_creator":"@hudo_si","twitter_site":"@hudo_si","twitter_misc":{"Written by":"hudo","Est. reading time":"1 minuta"},"schema":{"@context":"https:\/\/schema.org","@graph":[{"@type":"Article","@id":"https:\/\/hudo.com\/si\/aktualno\/nogometne-novice-gundogan-zaradi-poskodbe-kolena-ob-ep-allegri-podaljsal-z-juventusom\/#article","isPartOf":{"@id":"https:\/\/hudo.com\/si\/aktualno\/nogometne-novice-gundogan-zaradi-poskodbe-kolena-ob-ep-allegri-podaljsal-z-juventusom\/"},"author":{"name":"hudo","@id":"https:\/\/hudo.com\/si\/#\/schema\/person\/601cf3379633985b20f7e50f2bb47707"},"headline":"Nogometne novice: Gundogan zaradi po\u0161kodbe kolena ob EP, Allegri podalj\u0161al z Juventusom","datePublished":"2016-05-06T16:01:00+00:00","dateModified":"2016-05-06T23:07:32+00:00","mainEntityOfPage":{"@id":"https:\/\/hudo.com\/si\/aktualno\/nogometne-novice-gundogan-zaradi-poskodbe-kolena-ob-ep-allegri-podaljsal-z-juventusom\/"},"wordCount":158,"publisher":{"@id":"https:\/\/hudo.com\/si\/#organization"},"articleSection":["Aktualno"],"inLanguage":"sl-SI"},{"@type":"WebPage","@id":"https:\/\/hudo.com\/si\/aktualno\/nogometne-novice-gundogan-zaradi-poskodbe-kolena-ob-ep-allegri-podaljsal-z-juventusom\/","url":"https:\/\/hudo.com\/si\/aktualno\/nogometne-novice-gundogan-zaradi-poskodbe-kolena-ob-ep-allegri-podaljsal-z-juventusom\/","name":"Nogometne novice: Gundogan zaradi po\u0161kodbe kolena ob EP, Allegri podalj\u0161al z Juventusom - Hudo Slovenija","isPartOf":{"@id":"https:\/\/hudo.com\/si\/#website"},"datePublished":"2016-05-06T16:01:00+00:00","dateModified":"2016-05-06T23:07:32+00:00","breadcrumb":{"@id":"https:\/\/hudo.com\/si\/aktualno\/nogometne-novice-gundogan-zaradi-poskodbe-kolena-ob-ep-allegri-podaljsal-z-juventusom\/#breadcrumb"},"inLanguage":"sl-SI","potentialAction":[{"@type":"ReadAction","target":["https:\/\/hudo.com\/si\/aktualno\/nogometne-novice-gundogan-zaradi-poskodbe-kolena-ob-ep-allegri-podaljsal-z-juventusom\/"]}]},{"@type":"BreadcrumbList","@id":"https:\/\/hudo.com\/si\/aktualno\/nogometne-novice-gundogan-zaradi-poskodbe-kolena-ob-ep-allegri-podaljsal-z-juventusom\/#breadcrumb","itemListElement":[{"@type":"ListItem","position":1,"name":"Home","item":"https:\/\/hudo.com\/si\/"},{"@type":"ListItem","position":2,"name":"Nogometne novice: Gundogan zaradi po\u0161kodbe kolena ob EP, Allegri podalj\u0161al z Juventusom"}]},{"@type":"WebSite","@id":"https:\/\/hudo.com\/si\/#website","url":"https:\/\/hudo.com\/si\/","name":"Hudo Slovenija","description":"Vse novice iz Slovenije in sveta","publisher":{"@id":"https:\/\/hudo.com\/si\/#organization"},"potentialAction":[{"@type":"SearchAction","target":{"@type":"EntryPoint","urlTemplate":"https:\/\/hudo.com\/si\/?s={search_term_string}"},"query-input":"required name=search_term_string"}],"inLanguage":"sl-SI"},{"@type":"Organization","@id":"https:\/\/hudo.com\/si\/#organization","name":"VSN Media","url":"https:\/\/hudo.com\/si\/","logo":{"@type":"ImageObject","inLanguage":"sl-SI","@id":"https:\/\/hudo.com\/si\/#\/schema\/logo\/image\/","url":"https:\/\/hudo.com\/si\/wp-content\/uploads\/sites\/2\/2021\/03\/hudo-app-2.png","contentUrl":"https:\/\/hudo.com\/si\/wp-content\/uploads\/sites\/2\/2021\/03\/hudo-app-2.png","width":2185,"height":2167,"caption":"VSN Media"},"image":{"@id":"https:\/\/hudo.com\/si\/#\/schema\/logo\/image\/"},"sameAs":["https:\/\/www.facebook.com\/hudo.si","https:\/\/twitter.com\/hudo_si"]},{"@type":"Person","@id":"https:\/\/hudo.com\/si\/#\/schema\/person\/601cf3379633985b20f7e50f2bb47707","name":"hudo","image":{"@type":"ImageObject","inLanguage":"sl-SI","@id":"https:\/\/hudo.com\/si\/#\/schema\/person\/image\/","url":"https:\/\/secure.gravatar.com\/avatar\/c4ca25fa72cace7a696b52ff5db9e095?s=96&d=mm&r=g","contentUrl":"https:\/\/secure.gravatar.com\/avatar\/c4ca25fa72cace7a696b52ff5db9e095?s=96&d=mm&r=g","caption":"hudo"},"url":"https:\/\/hudo.com\/si\/author\/hudo\/"}]}},"amp_enabled":true,"_links":{"self":[{"href":"https:\/\/hudo.com\/si\/wp-json\/wp\/v2\/posts\/47162"}],"collection":[{"href":"https:\/\/hudo.com\/si\/wp-json\/wp\/v2\/posts"}],"about":[{"href":"https:\/\/hudo.com\/si\/wp-json\/wp\/v2\/types\/post"}],"author":[{"embeddable":true,"href":"https:\/\/hudo.com\/si\/wp-json\/wp\/v2\/users\/1"}],"replies":[{"embeddable":true,"href":"https:\/\/hudo.com\/si\/wp-json\/wp\/v2\/comments?post=47162"}],"version-history":[{"count":1,"href":"https:\/\/hudo.com\/si\/wp-json\/wp\/v2\/posts\/47162\/revisions"}],"predecessor-version":[{"id":47223,"href":"https:\/\/hudo.com\/si\/wp-json\/wp\/v2\/posts\/47162\/revisions\/47223"}],"wp:attachment":[{"href":"https:\/\/hudo.com\/si\/wp-json\/wp\/v2\/media?parent=47162"}],"wp:term":[{"taxonomy":"category","embeddable":true,"href":"https:\/\/hudo.com\/si\/wp-json\/wp\/v2\/categories?post=47162"},{"taxonomy":"post_tag","embeddable":true,"href":"https:\/\/hudo.com\/si\/wp-json\/wp\/v2\/tags?post=47162"},{"taxonomy":"source","embeddable":true,"href":"https:\/\/hudo.com\/si\/wp-json\/wp\/v2\/source?post=47162"},{"taxonomy":"supertag","embeddable":true,"href":"https:\/\/hudo.com\/si\/wp-json\/wp\/v2\/supertag?post=47162"}],"curies":[{"name":"wp","href":"https:\/\/api.w.org\/{rel}","templated":true}]}}