{"id":47172,"date":"2016-05-06T17:42:00","date_gmt":"2016-05-06T15:42:00","guid":{"rendered":"http:\/\/hudo.com\/si\/2016\/05\/06\/radan-ponovno-v-priporu\/"},"modified":"2016-05-06T17:42:00","modified_gmt":"2016-05-06T15:42:00","slug":"radan-ponovno-v-priporu","status":"publish","type":"post","link":"https:\/\/hudo.com\/si\/aktualno\/radan-ponovno-v-priporu\/","title":{"rendered":"Radan ponovno v priporu"},"content":{"rendered":"<p>Kategorija: Kronika Fri, 06 May 2016 19:42:00 +0200  Ljubljana &#8211; Zdravnik Ivan Radan, ki mu sodijo zaradi obto\u017eb o umoru svojih \u0161estih bolnikov, je ponovno v priporu, je za STA potrdil njegov odvetnik Milan Krsti\u0107. To\u017eilka Katarina Bregant se je namre\u010d uspe\u0161no prito\u017eila na nedaven sklep sodi\u0161\u010da, ki je Radanu omogo\u010dil hi\u0161ni pripor. A Krsti\u0107 napoveduje, da bo v ponedeljek ponovno predlagal hi\u0161ni pripor. Radan je bil v hi\u0161nem priporu od 28. aprila. A na ta sklep sodi\u0161\u010da se je to\u017eilka prito\u017eila. \u00bbGlede na to, da sodi\u0161\u010de upo\u0161teva samo to, kar predlaga to\u017eilka, so ji ugodili,\u00ab je dejal Krsti\u0107. Kot razlog, ki ga je tokrat navedlo sodi\u0161\u010de za vrnitev Radana v pripor, je psiholo\u0161ko mnenje o Radanu, ki pravi, da je nevaren za okolico, je pojasnil Krsti\u0107. Tako se je Radan danes sam vrnil v pripor na Pov\u0161etovo. Radan je v\u00a0&#8230;<\/p>\n","protected":false},"excerpt":{"rendered":"<p>Kategorija: Kronika Fri, 06 May 2016 19:42:00 +0200  Ljubljana &#8211; Zdravnik Ivan Radan, ki mu sodijo zaradi obto\u017eb o umoru svojih \u0161estih bolnikov, je ponovno v priporu, je za STA potrdil njegov odvetnik Milan Krsti\u0107. To\u017eilka Katarina Bregant se je namre\u010d uspe\u0161no prito\u017eila na nedaven sklep sodi\u0161\u010da, ki je Radanu omogo\u010dil hi\u0161ni pripor. A Krsti\u0107 napoveduje, da bo v ponedeljek ponovno predlagal hi\u0161ni pripor. Radan je bil v hi\u0161nem priporu od 28. aprila. A na ta sklep sodi\u0161\u010da se je to\u017eilka prito\u017eila. \u00bbGlede na to, da sodi\u0161\u010de upo\u0161teva samo to, kar predlaga to\u017eilka, so ji ugodili,\u00ab je dejal Krsti\u0107. Kot razlog, ki ga je tokrat navedlo sodi\u0161\u010de za vrnitev Radana v pripor, je psiholo\u0161ko mnenje o Radanu, ki pravi, da je nevaren za okolico, je pojasnil Krsti\u0107. Tako se je Radan danes sam vrnil v pripor na Pov\u0161etovo. Radan je v\u00a0&#8230;<\/p>\n","protected":false},"author":1,"featured_media":0,"comment_status":"closed","ping_status":"closed","sticky":false,"template":"","format":"standard","meta":{"footnotes":""},"categories":[1179],"tags":[],"source":[4511],"supertag":[],"acf":[],"yoast_head":"<!-- This site is optimized with the Yoast SEO plugin v21.3 - https:\/\/yoast.com\/wordpress\/plugins\/seo\/ -->\n<title>Radan ponovno v priporu - Hudo Slovenija<\/title>\n<meta name=\"robots\" content=\"index, follow, max-snippet:-1, max-image-preview:large, max-video-preview:-1\" \/>\n<link rel=\"canonical\" href=\"https:\/\/hudo.com\/si\/aktualno\/radan-ponovno-v-priporu\/\" \/>\n<meta property=\"og:locale\" content=\"sl_SI\" \/>\n<meta property=\"og:type\" content=\"article\" \/>\n<meta property=\"og:title\" content=\"Radan ponovno v priporu - Hudo Slovenija\" \/>\n<meta property=\"og:description\" content=\"Kategorija: Kronika Fri, 06 May 2016 19:42:00 +0200 Ljubljana - Zdravnik Ivan Radan, ki mu sodijo zaradi obto\u017eb o umoru svojih \u0161estih bolnikov, je ponovno v priporu, je za STA potrdil njegov odvetnik Milan Krsti\u0107. To\u017eilka Katarina Bregant se je namre\u010d uspe\u0161no prito\u017eila na nedaven sklep sodi\u0161\u010da, ki je Radanu omogo\u010dil hi\u0161ni pripor. A Krsti\u0107 napoveduje, da bo v ponedeljek ponovno predlagal hi\u0161ni pripor. Radan je bil v hi\u0161nem priporu od 28. aprila. A na ta sklep sodi\u0161\u010da se je to\u017eilka prito\u017eila. \u00bbGlede na to, da sodi\u0161\u010de upo\u0161teva samo to, kar predlaga to\u017eilka, so ji ugodili,\u00ab je dejal Krsti\u0107. Kot razlog, ki ga je tokrat navedlo sodi\u0161\u010de za vrnitev Radana v pripor, je psiholo\u0161ko mnenje o Radanu, ki pravi, da je nevaren za okolico, je pojasnil Krsti\u0107. Tako se je Radan danes sam vrnil v pripor na Pov\u0161etovo. Radan je v\u00a0...\" \/>\n<meta property=\"og:url\" content=\"https:\/\/hudo.com\/si\/aktualno\/radan-ponovno-v-priporu\/\" \/>\n<meta property=\"og:site_name\" content=\"Hudo Slovenija\" \/>\n<meta property=\"article:publisher\" content=\"https:\/\/www.facebook.com\/hudo.si\" \/>\n<meta property=\"article:published_time\" content=\"2016-05-06T15:42:00+00:00\" \/>\n<meta property=\"og:image\" content=\"https:\/\/hudo.com\/si\/wp-content\/uploads\/sites\/2\/2016\/05\/480x290_djvu_2220995_vivka_mfe-ivan-radana.jpeg\" \/>\n\t<meta property=\"og:image:width\" content=\"480\" \/>\n\t<meta property=\"og:image:height\" content=\"290\" \/>\n\t<meta property=\"og:image:type\" content=\"image\/jpeg\" \/>\n<meta name=\"author\" content=\"hudo\" \/>\n<meta name=\"twitter:card\" content=\"summary_large_image\" \/>\n<meta name=\"twitter:creator\" content=\"@hudo_si\" \/>\n<meta name=\"twitter:site\" content=\"@hudo_si\" \/>\n<meta name=\"twitter:label1\" content=\"Written by\" \/>\n\t<meta name=\"twitter:data1\" content=\"hudo\" \/>\n\t<meta name=\"twitter:label2\" content=\"Est. reading time\" \/>\n\t<meta name=\"twitter:data2\" content=\"1 minuta\" \/>\n<script type=\"application\/ld+json\" class=\"yoast-schema-graph\">{\"@context\":\"https:\/\/schema.org\",\"@graph\":[{\"@type\":\"Article\",\"@id\":\"https:\/\/hudo.com\/si\/aktualno\/radan-ponovno-v-priporu\/#article\",\"isPartOf\":{\"@id\":\"https:\/\/hudo.com\/si\/aktualno\/radan-ponovno-v-priporu\/\"},\"author\":{\"name\":\"hudo\",\"@id\":\"https:\/\/hudo.com\/si\/#\/schema\/person\/601cf3379633985b20f7e50f2bb47707\"},\"headline\":\"Radan ponovno v priporu\",\"datePublished\":\"2016-05-06T15:42:00+00:00\",\"dateModified\":\"2016-05-06T15:42:00+00:00\",\"mainEntityOfPage\":{\"@id\":\"https:\/\/hudo.com\/si\/aktualno\/radan-ponovno-v-priporu\/\"},\"wordCount\":158,\"publisher\":{\"@id\":\"https:\/\/hudo.com\/si\/#organization\"},\"articleSection\":[\"Aktualno\"],\"inLanguage\":\"sl-SI\"},{\"@type\":\"WebPage\",\"@id\":\"https:\/\/hudo.com\/si\/aktualno\/radan-ponovno-v-priporu\/\",\"url\":\"https:\/\/hudo.com\/si\/aktualno\/radan-ponovno-v-priporu\/\",\"name\":\"Radan ponovno v priporu - Hudo Slovenija\",\"isPartOf\":{\"@id\":\"https:\/\/hudo.com\/si\/#website\"},\"datePublished\":\"2016-05-06T15:42:00+00:00\",\"dateModified\":\"2016-05-06T15:42:00+00:00\",\"breadcrumb\":{\"@id\":\"https:\/\/hudo.com\/si\/aktualno\/radan-ponovno-v-priporu\/#breadcrumb\"},\"inLanguage\":\"sl-SI\",\"potentialAction\":[{\"@type\":\"ReadAction\",\"target\":[\"https:\/\/hudo.com\/si\/aktualno\/radan-ponovno-v-priporu\/\"]}]},{\"@type\":\"BreadcrumbList\",\"@id\":\"https:\/\/hudo.com\/si\/aktualno\/radan-ponovno-v-priporu\/#breadcrumb\",\"itemListElement\":[{\"@type\":\"ListItem\",\"position\":1,\"name\":\"Home\",\"item\":\"https:\/\/hudo.com\/si\/\"},{\"@type\":\"ListItem\",\"position\":2,\"name\":\"Radan ponovno v priporu\"}]},{\"@type\":\"WebSite\",\"@id\":\"https:\/\/hudo.com\/si\/#website\",\"url\":\"https:\/\/hudo.com\/si\/\",\"name\":\"Hudo Slovenija\",\"description\":\"Vse novice iz Slovenije in sveta\",\"publisher\":{\"@id\":\"https:\/\/hudo.com\/si\/#organization\"},\"potentialAction\":[{\"@type\":\"SearchAction\",\"target\":{\"@type\":\"EntryPoint\",\"urlTemplate\":\"https:\/\/hudo.com\/si\/?s={search_term_string}\"},\"query-input\":\"required name=search_term_string\"}],\"inLanguage\":\"sl-SI\"},{\"@type\":\"Organization\",\"@id\":\"https:\/\/hudo.com\/si\/#organization\",\"name\":\"VSN Media\",\"url\":\"https:\/\/hudo.com\/si\/\",\"logo\":{\"@type\":\"ImageObject\",\"inLanguage\":\"sl-SI\",\"@id\":\"https:\/\/hudo.com\/si\/#\/schema\/logo\/image\/\",\"url\":\"https:\/\/hudo.com\/si\/wp-content\/uploads\/sites\/2\/2021\/03\/hudo-app-2.png\",\"contentUrl\":\"https:\/\/hudo.com\/si\/wp-content\/uploads\/sites\/2\/2021\/03\/hudo-app-2.png\",\"width\":2185,\"height\":2167,\"caption\":\"VSN Media\"},\"image\":{\"@id\":\"https:\/\/hudo.com\/si\/#\/schema\/logo\/image\/\"},\"sameAs\":[\"https:\/\/www.facebook.com\/hudo.si\",\"https:\/\/twitter.com\/hudo_si\"]},{\"@type\":\"Person\",\"@id\":\"https:\/\/hudo.com\/si\/#\/schema\/person\/601cf3379633985b20f7e50f2bb47707\",\"name\":\"hudo\",\"image\":{\"@type\":\"ImageObject\",\"inLanguage\":\"sl-SI\",\"@id\":\"https:\/\/hudo.com\/si\/#\/schema\/person\/image\/\",\"url\":\"https:\/\/secure.gravatar.com\/avatar\/c4ca25fa72cace7a696b52ff5db9e095?s=96&d=mm&r=g\",\"contentUrl\":\"https:\/\/secure.gravatar.com\/avatar\/c4ca25fa72cace7a696b52ff5db9e095?s=96&d=mm&r=g\",\"caption\":\"hudo\"},\"url\":\"https:\/\/hudo.com\/si\/author\/hudo\/\"}]}<\/script>\n<!-- \/ Yoast SEO plugin. -->","yoast_head_json":{"title":"Radan ponovno v priporu - Hudo Slovenija","robots":{"index":"index","follow":"follow","max-snippet":"max-snippet:-1","max-image-preview":"max-image-preview:large","max-video-preview":"max-video-preview:-1"},"canonical":"https:\/\/hudo.com\/si\/aktualno\/radan-ponovno-v-priporu\/","og_locale":"sl_SI","og_type":"article","og_title":"Radan ponovno v priporu - Hudo Slovenija","og_description":"Kategorija: Kronika Fri, 06 May 2016 19:42:00 +0200 Ljubljana - Zdravnik Ivan Radan, ki mu sodijo zaradi obto\u017eb o umoru svojih \u0161estih bolnikov, je ponovno v priporu, je za STA potrdil njegov odvetnik Milan Krsti\u0107. To\u017eilka Katarina Bregant se je namre\u010d uspe\u0161no prito\u017eila na nedaven sklep sodi\u0161\u010da, ki je Radanu omogo\u010dil hi\u0161ni pripor. A Krsti\u0107 napoveduje, da bo v ponedeljek ponovno predlagal hi\u0161ni pripor. Radan je bil v hi\u0161nem priporu od 28. aprila. A na ta sklep sodi\u0161\u010da se je to\u017eilka prito\u017eila. \u00bbGlede na to, da sodi\u0161\u010de upo\u0161teva samo to, kar predlaga to\u017eilka, so ji ugodili,\u00ab je dejal Krsti\u0107. Kot razlog, ki ga je tokrat navedlo sodi\u0161\u010de za vrnitev Radana v pripor, je psiholo\u0161ko mnenje o Radanu, ki pravi, da je nevaren za okolico, je pojasnil Krsti\u0107. Tako se je Radan danes sam vrnil v pripor na Pov\u0161etovo. Radan je v\u00a0...","og_url":"https:\/\/hudo.com\/si\/aktualno\/radan-ponovno-v-priporu\/","og_site_name":"Hudo Slovenija","article_publisher":"https:\/\/www.facebook.com\/hudo.si","article_published_time":"2016-05-06T15:42:00+00:00","og_image":[{"width":480,"height":290,"url":"https:\/\/hudo.com\/si\/wp-content\/uploads\/sites\/2\/2016\/05\/480x290_djvu_2220995_vivka_mfe-ivan-radana.jpeg","type":"image\/jpeg"}],"author":"hudo","twitter_card":"summary_large_image","twitter_creator":"@hudo_si","twitter_site":"@hudo_si","twitter_misc":{"Written by":"hudo","Est. reading time":"1 minuta"},"schema":{"@context":"https:\/\/schema.org","@graph":[{"@type":"Article","@id":"https:\/\/hudo.com\/si\/aktualno\/radan-ponovno-v-priporu\/#article","isPartOf":{"@id":"https:\/\/hudo.com\/si\/aktualno\/radan-ponovno-v-priporu\/"},"author":{"name":"hudo","@id":"https:\/\/hudo.com\/si\/#\/schema\/person\/601cf3379633985b20f7e50f2bb47707"},"headline":"Radan ponovno v priporu","datePublished":"2016-05-06T15:42:00+00:00","dateModified":"2016-05-06T15:42:00+00:00","mainEntityOfPage":{"@id":"https:\/\/hudo.com\/si\/aktualno\/radan-ponovno-v-priporu\/"},"wordCount":158,"publisher":{"@id":"https:\/\/hudo.com\/si\/#organization"},"articleSection":["Aktualno"],"inLanguage":"sl-SI"},{"@type":"WebPage","@id":"https:\/\/hudo.com\/si\/aktualno\/radan-ponovno-v-priporu\/","url":"https:\/\/hudo.com\/si\/aktualno\/radan-ponovno-v-priporu\/","name":"Radan ponovno v priporu - Hudo Slovenija","isPartOf":{"@id":"https:\/\/hudo.com\/si\/#website"},"datePublished":"2016-05-06T15:42:00+00:00","dateModified":"2016-05-06T15:42:00+00:00","breadcrumb":{"@id":"https:\/\/hudo.com\/si\/aktualno\/radan-ponovno-v-priporu\/#breadcrumb"},"inLanguage":"sl-SI","potentialAction":[{"@type":"ReadAction","target":["https:\/\/hudo.com\/si\/aktualno\/radan-ponovno-v-priporu\/"]}]},{"@type":"BreadcrumbList","@id":"https:\/\/hudo.com\/si\/aktualno\/radan-ponovno-v-priporu\/#breadcrumb","itemListElement":[{"@type":"ListItem","position":1,"name":"Home","item":"https:\/\/hudo.com\/si\/"},{"@type":"ListItem","position":2,"name":"Radan ponovno v priporu"}]},{"@type":"WebSite","@id":"https:\/\/hudo.com\/si\/#website","url":"https:\/\/hudo.com\/si\/","name":"Hudo Slovenija","description":"Vse novice iz Slovenije in sveta","publisher":{"@id":"https:\/\/hudo.com\/si\/#organization"},"potentialAction":[{"@type":"SearchAction","target":{"@type":"EntryPoint","urlTemplate":"https:\/\/hudo.com\/si\/?s={search_term_string}"},"query-input":"required name=search_term_string"}],"inLanguage":"sl-SI"},{"@type":"Organization","@id":"https:\/\/hudo.com\/si\/#organization","name":"VSN Media","url":"https:\/\/hudo.com\/si\/","logo":{"@type":"ImageObject","inLanguage":"sl-SI","@id":"https:\/\/hudo.com\/si\/#\/schema\/logo\/image\/","url":"https:\/\/hudo.com\/si\/wp-content\/uploads\/sites\/2\/2021\/03\/hudo-app-2.png","contentUrl":"https:\/\/hudo.com\/si\/wp-content\/uploads\/sites\/2\/2021\/03\/hudo-app-2.png","width":2185,"height":2167,"caption":"VSN Media"},"image":{"@id":"https:\/\/hudo.com\/si\/#\/schema\/logo\/image\/"},"sameAs":["https:\/\/www.facebook.com\/hudo.si","https:\/\/twitter.com\/hudo_si"]},{"@type":"Person","@id":"https:\/\/hudo.com\/si\/#\/schema\/person\/601cf3379633985b20f7e50f2bb47707","name":"hudo","image":{"@type":"ImageObject","inLanguage":"sl-SI","@id":"https:\/\/hudo.com\/si\/#\/schema\/person\/image\/","url":"https:\/\/secure.gravatar.com\/avatar\/c4ca25fa72cace7a696b52ff5db9e095?s=96&d=mm&r=g","contentUrl":"https:\/\/secure.gravatar.com\/avatar\/c4ca25fa72cace7a696b52ff5db9e095?s=96&d=mm&r=g","caption":"hudo"},"url":"https:\/\/hudo.com\/si\/author\/hudo\/"}]}},"amp_enabled":true,"_links":{"self":[{"href":"https:\/\/hudo.com\/si\/wp-json\/wp\/v2\/posts\/47172"}],"collection":[{"href":"https:\/\/hudo.com\/si\/wp-json\/wp\/v2\/posts"}],"about":[{"href":"https:\/\/hudo.com\/si\/wp-json\/wp\/v2\/types\/post"}],"author":[{"embeddable":true,"href":"https:\/\/hudo.com\/si\/wp-json\/wp\/v2\/users\/1"}],"replies":[{"embeddable":true,"href":"https:\/\/hudo.com\/si\/wp-json\/wp\/v2\/comments?post=47172"}],"version-history":[{"count":0,"href":"https:\/\/hudo.com\/si\/wp-json\/wp\/v2\/posts\/47172\/revisions"}],"wp:attachment":[{"href":"https:\/\/hudo.com\/si\/wp-json\/wp\/v2\/media?parent=47172"}],"wp:term":[{"taxonomy":"category","embeddable":true,"href":"https:\/\/hudo.com\/si\/wp-json\/wp\/v2\/categories?post=47172"},{"taxonomy":"post_tag","embeddable":true,"href":"https:\/\/hudo.com\/si\/wp-json\/wp\/v2\/tags?post=47172"},{"taxonomy":"source","embeddable":true,"href":"https:\/\/hudo.com\/si\/wp-json\/wp\/v2\/source?post=47172"},{"taxonomy":"supertag","embeddable":true,"href":"https:\/\/hudo.com\/si\/wp-json\/wp\/v2\/supertag?post=47172"}],"curies":[{"name":"wp","href":"https:\/\/api.w.org\/{rel}","templated":true}]}}