{"id":471731,"date":"2022-08-17T07:45:22","date_gmt":"2022-08-17T05:45:22","guid":{"rendered":"https:\/\/hudo.com\/si\/?p=471731"},"modified":"2022-08-17T07:51:53","modified_gmt":"2022-08-17T05:51:53","slug":"evropska-komisija-objavila-poucni-zemljevid-evrope-in-razburila-prebivalce-balkana","status":"publish","type":"post","link":"https:\/\/hudo.com\/si\/zabava\/evropska-komisija-objavila-poucni-zemljevid-evrope-in-razburila-prebivalce-balkana\/","title":{"rendered":"Evropska komisija objavila &#8216;pou\u010dni&#8217; zemljevid Evrope in razburila prebivalce Balkana"},"content":{"rendered":"<p>Evropska komisija je na svoji uradni Facebook strani ob Mednarodnem dnevu mladih <a href=\"https:\/\/www.facebook.com\/EuropeanCommission\/posts\/432896185542183\"><span style=\"text-decoration: underline\">objavila ilustriran zemljevid Stare celine<\/span><\/a>, ki naj bi odra\u017eal posebnosti in najve\u010dje znamenitosti posameznih dr\u017eav.<\/p>\n<p>Zemljevid\u00a0naj bi otrokom in mladostnikom na slikovit in zanimiv na\u010din predstavil dr\u017eave Evrope. A uporabniki Facebooka so kaj kmalu opazili nekaj nenavadnega: za razliko od ostalih dr\u017eav, ve\u010dina nekdanjih jugoslovanskih republik o\u010ditno ne premore ni\u010desar omembe vrednega, razen gozdov in rjavega medveda.<\/p>\n<p>To so seveda opazili uporabniki in svoje nezadovoljstvo izrazili v komentarjih.<\/p>\n<p>V Sloveniji je Evropska komisija izpostavila lipicance, medtem ko so najve\u010dje hrva\u0161ke znamenitosti o\u010ditno zagreb\u0161ka katedrala, Dioklecijanova pala\u010da, koze in dalmatinci. Hrva\u0161ka zastava je ume\u0161\u010dena na ozemlje BiH, ki si skupaj s Srbijo, \u010crno goro,Albanijo in Makedonijo deli obilico praznega zelenega prostora in rjavega medveda, kot da gre za neke vrste divjino, kjer ni kulture.<\/p>\n<p>&nbsp;<\/p>\n","protected":false},"excerpt":{"rendered":"<p>\u010ce vpra\u0161ate Evropsko komisijo, sta glavni zna\u010dilnosti Balkana gozdovi in medvedi, omembe vrednih kulturnih znamenitosti pa ni.<\/p>\n","protected":false},"author":3,"featured_media":471734,"comment_status":"closed","ping_status":"closed","sticky":false,"template":"","format":"standard","meta":{"footnotes":""},"categories":[18202,1095],"tags":[6283,4545],"source":[4511],"supertag":[6103],"acf":[],"yoast_head":"<!-- This site is optimized with the Yoast SEO plugin v21.3 - https:\/\/yoast.com\/wordpress\/plugins\/seo\/ -->\n<title>Evropska komisija objavila &#039;pou\u010dni&#039; zemljevid Evrope in razburila prebivalce Balkana - Hudo Slovenija<\/title>\n<meta name=\"robots\" content=\"index, follow, max-snippet:-1, max-image-preview:large, max-video-preview:-1\" \/>\n<link rel=\"canonical\" href=\"https:\/\/hudo.com\/si\/zabava\/evropska-komisija-objavila-poucni-zemljevid-evrope-in-razburila-prebivalce-balkana\/\" \/>\n<meta property=\"og:locale\" content=\"sl_SI\" \/>\n<meta property=\"og:type\" content=\"article\" \/>\n<meta property=\"og:title\" content=\"Evropska komisija objavila &#039;pou\u010dni&#039; zemljevid Evrope in razburila prebivalce Balkana - Hudo Slovenija\" \/>\n<meta property=\"og:description\" content=\"\u010ce vpra\u0161ate Evropsko komisijo, sta glavni zna\u010dilnosti Balkana gozdovi in medvedi, omembe vrednih kulturnih znamenitosti pa ni.\" \/>\n<meta property=\"og:url\" content=\"https:\/\/hudo.com\/si\/zabava\/evropska-komisija-objavila-poucni-zemljevid-evrope-in-razburila-prebivalce-balkana\/\" \/>\n<meta property=\"og:site_name\" content=\"Hudo Slovenija\" \/>\n<meta property=\"article:publisher\" content=\"https:\/\/www.facebook.com\/hudo.si\" \/>\n<meta property=\"article:published_time\" content=\"2022-08-17T05:45:22+00:00\" \/>\n<meta property=\"article:modified_time\" content=\"2022-08-17T05:51:53+00:00\" \/>\n<meta property=\"og:image\" content=\"https:\/\/hudo.com\/si\/wp-content\/uploads\/sites\/2\/2022\/08\/poucni-zemljevid-evrope.jpg\" \/>\n\t<meta property=\"og:image:width\" content=\"1024\" \/>\n\t<meta property=\"og:image:height\" content=\"1024\" \/>\n\t<meta property=\"og:image:type\" content=\"image\/jpeg\" \/>\n<meta name=\"author\" content=\"AP\" \/>\n<meta name=\"twitter:card\" content=\"summary_large_image\" \/>\n<meta name=\"twitter:creator\" content=\"@hudo_si\" \/>\n<meta name=\"twitter:site\" content=\"@hudo_si\" \/>\n<meta name=\"twitter:label1\" content=\"Written by\" \/>\n\t<meta name=\"twitter:data1\" content=\"AP\" \/>\n\t<meta name=\"twitter:label2\" content=\"Est. reading time\" \/>\n\t<meta name=\"twitter:data2\" content=\"1 minuta\" \/>\n<script type=\"application\/ld+json\" class=\"yoast-schema-graph\">{\"@context\":\"https:\/\/schema.org\",\"@graph\":[{\"@type\":\"Article\",\"@id\":\"https:\/\/hudo.com\/si\/zabava\/evropska-komisija-objavila-poucni-zemljevid-evrope-in-razburila-prebivalce-balkana\/#article\",\"isPartOf\":{\"@id\":\"https:\/\/hudo.com\/si\/zabava\/evropska-komisija-objavila-poucni-zemljevid-evrope-in-razburila-prebivalce-balkana\/\"},\"author\":{\"name\":\"AP\",\"@id\":\"https:\/\/hudo.com\/si\/#\/schema\/person\/1d2551e7d4d07b6e4fc507d8f1038c77\"},\"headline\":\"Evropska komisija objavila &#8216;pou\u010dni&#8217; zemljevid Evrope in razburila prebivalce Balkana\",\"datePublished\":\"2022-08-17T05:45:22+00:00\",\"dateModified\":\"2022-08-17T05:51:53+00:00\",\"mainEntityOfPage\":{\"@id\":\"https:\/\/hudo.com\/si\/zabava\/evropska-komisija-objavila-poucni-zemljevid-evrope-in-razburila-prebivalce-balkana\/\"},\"wordCount\":165,\"publisher\":{\"@id\":\"https:\/\/hudo.com\/si\/#organization\"},\"keywords\":[\"balkan\",\"Evropska komisija\"],\"articleSection\":[\"Svet\",\"Zabava\"],\"inLanguage\":\"sl-SI\"},{\"@type\":\"WebPage\",\"@id\":\"https:\/\/hudo.com\/si\/zabava\/evropska-komisija-objavila-poucni-zemljevid-evrope-in-razburila-prebivalce-balkana\/\",\"url\":\"https:\/\/hudo.com\/si\/zabava\/evropska-komisija-objavila-poucni-zemljevid-evrope-in-razburila-prebivalce-balkana\/\",\"name\":\"Evropska komisija objavila 'pou\u010dni' zemljevid Evrope in razburila prebivalce Balkana - Hudo Slovenija\",\"isPartOf\":{\"@id\":\"https:\/\/hudo.com\/si\/#website\"},\"datePublished\":\"2022-08-17T05:45:22+00:00\",\"dateModified\":\"2022-08-17T05:51:53+00:00\",\"breadcrumb\":{\"@id\":\"https:\/\/hudo.com\/si\/zabava\/evropska-komisija-objavila-poucni-zemljevid-evrope-in-razburila-prebivalce-balkana\/#breadcrumb\"},\"inLanguage\":\"sl-SI\",\"potentialAction\":[{\"@type\":\"ReadAction\",\"target\":[\"https:\/\/hudo.com\/si\/zabava\/evropska-komisija-objavila-poucni-zemljevid-evrope-in-razburila-prebivalce-balkana\/\"]}]},{\"@type\":\"BreadcrumbList\",\"@id\":\"https:\/\/hudo.com\/si\/zabava\/evropska-komisija-objavila-poucni-zemljevid-evrope-in-razburila-prebivalce-balkana\/#breadcrumb\",\"itemListElement\":[{\"@type\":\"ListItem\",\"position\":1,\"name\":\"Home\",\"item\":\"https:\/\/hudo.com\/si\/\"},{\"@type\":\"ListItem\",\"position\":2,\"name\":\"Evropska komisija objavila &#8216;pou\u010dni&#8217; zemljevid Evrope in razburila prebivalce Balkana\"}]},{\"@type\":\"WebSite\",\"@id\":\"https:\/\/hudo.com\/si\/#website\",\"url\":\"https:\/\/hudo.com\/si\/\",\"name\":\"Hudo Slovenija\",\"description\":\"Vse novice iz Slovenije in sveta\",\"publisher\":{\"@id\":\"https:\/\/hudo.com\/si\/#organization\"},\"potentialAction\":[{\"@type\":\"SearchAction\",\"target\":{\"@type\":\"EntryPoint\",\"urlTemplate\":\"https:\/\/hudo.com\/si\/?s={search_term_string}\"},\"query-input\":\"required name=search_term_string\"}],\"inLanguage\":\"sl-SI\"},{\"@type\":\"Organization\",\"@id\":\"https:\/\/hudo.com\/si\/#organization\",\"name\":\"VSN Media\",\"url\":\"https:\/\/hudo.com\/si\/\",\"logo\":{\"@type\":\"ImageObject\",\"inLanguage\":\"sl-SI\",\"@id\":\"https:\/\/hudo.com\/si\/#\/schema\/logo\/image\/\",\"url\":\"https:\/\/hudo.com\/si\/wp-content\/uploads\/sites\/2\/2021\/03\/hudo-app-2.png\",\"contentUrl\":\"https:\/\/hudo.com\/si\/wp-content\/uploads\/sites\/2\/2021\/03\/hudo-app-2.png\",\"width\":2185,\"height\":2167,\"caption\":\"VSN Media\"},\"image\":{\"@id\":\"https:\/\/hudo.com\/si\/#\/schema\/logo\/image\/\"},\"sameAs\":[\"https:\/\/www.facebook.com\/hudo.si\",\"https:\/\/twitter.com\/hudo_si\"]},{\"@type\":\"Person\",\"@id\":\"https:\/\/hudo.com\/si\/#\/schema\/person\/1d2551e7d4d07b6e4fc507d8f1038c77\",\"name\":\"AP\",\"image\":{\"@type\":\"ImageObject\",\"inLanguage\":\"sl-SI\",\"@id\":\"https:\/\/hudo.com\/si\/#\/schema\/person\/image\/\",\"url\":\"https:\/\/secure.gravatar.com\/avatar\/7b3f3d93af66e8912bbd99653b3496ee?s=96&d=mm&r=g\",\"contentUrl\":\"https:\/\/secure.gravatar.com\/avatar\/7b3f3d93af66e8912bbd99653b3496ee?s=96&d=mm&r=g\",\"caption\":\"AP\"},\"url\":\"https:\/\/hudo.com\/si\/author\/aljaz\/\"}]}<\/script>\n<!-- \/ Yoast SEO plugin. -->","yoast_head_json":{"title":"Evropska komisija objavila 'pou\u010dni' zemljevid Evrope in razburila prebivalce Balkana - Hudo Slovenija","robots":{"index":"index","follow":"follow","max-snippet":"max-snippet:-1","max-image-preview":"max-image-preview:large","max-video-preview":"max-video-preview:-1"},"canonical":"https:\/\/hudo.com\/si\/zabava\/evropska-komisija-objavila-poucni-zemljevid-evrope-in-razburila-prebivalce-balkana\/","og_locale":"sl_SI","og_type":"article","og_title":"Evropska komisija objavila 'pou\u010dni' zemljevid Evrope in razburila prebivalce Balkana - Hudo Slovenija","og_description":"\u010ce vpra\u0161ate Evropsko komisijo, sta glavni zna\u010dilnosti Balkana gozdovi in medvedi, omembe vrednih kulturnih znamenitosti pa ni.","og_url":"https:\/\/hudo.com\/si\/zabava\/evropska-komisija-objavila-poucni-zemljevid-evrope-in-razburila-prebivalce-balkana\/","og_site_name":"Hudo Slovenija","article_publisher":"https:\/\/www.facebook.com\/hudo.si","article_published_time":"2022-08-17T05:45:22+00:00","article_modified_time":"2022-08-17T05:51:53+00:00","og_image":[{"width":1024,"height":1024,"url":"https:\/\/hudo.com\/si\/wp-content\/uploads\/sites\/2\/2022\/08\/poucni-zemljevid-evrope.jpg","type":"image\/jpeg"}],"author":"AP","twitter_card":"summary_large_image","twitter_creator":"@hudo_si","twitter_site":"@hudo_si","twitter_misc":{"Written by":"AP","Est. reading time":"1 minuta"},"schema":{"@context":"https:\/\/schema.org","@graph":[{"@type":"Article","@id":"https:\/\/hudo.com\/si\/zabava\/evropska-komisija-objavila-poucni-zemljevid-evrope-in-razburila-prebivalce-balkana\/#article","isPartOf":{"@id":"https:\/\/hudo.com\/si\/zabava\/evropska-komisija-objavila-poucni-zemljevid-evrope-in-razburila-prebivalce-balkana\/"},"author":{"name":"AP","@id":"https:\/\/hudo.com\/si\/#\/schema\/person\/1d2551e7d4d07b6e4fc507d8f1038c77"},"headline":"Evropska komisija objavila &#8216;pou\u010dni&#8217; zemljevid Evrope in razburila prebivalce Balkana","datePublished":"2022-08-17T05:45:22+00:00","dateModified":"2022-08-17T05:51:53+00:00","mainEntityOfPage":{"@id":"https:\/\/hudo.com\/si\/zabava\/evropska-komisija-objavila-poucni-zemljevid-evrope-in-razburila-prebivalce-balkana\/"},"wordCount":165,"publisher":{"@id":"https:\/\/hudo.com\/si\/#organization"},"keywords":["balkan","Evropska komisija"],"articleSection":["Svet","Zabava"],"inLanguage":"sl-SI"},{"@type":"WebPage","@id":"https:\/\/hudo.com\/si\/zabava\/evropska-komisija-objavila-poucni-zemljevid-evrope-in-razburila-prebivalce-balkana\/","url":"https:\/\/hudo.com\/si\/zabava\/evropska-komisija-objavila-poucni-zemljevid-evrope-in-razburila-prebivalce-balkana\/","name":"Evropska komisija objavila 'pou\u010dni' zemljevid Evrope in razburila prebivalce Balkana - Hudo Slovenija","isPartOf":{"@id":"https:\/\/hudo.com\/si\/#website"},"datePublished":"2022-08-17T05:45:22+00:00","dateModified":"2022-08-17T05:51:53+00:00","breadcrumb":{"@id":"https:\/\/hudo.com\/si\/zabava\/evropska-komisija-objavila-poucni-zemljevid-evrope-in-razburila-prebivalce-balkana\/#breadcrumb"},"inLanguage":"sl-SI","potentialAction":[{"@type":"ReadAction","target":["https:\/\/hudo.com\/si\/zabava\/evropska-komisija-objavila-poucni-zemljevid-evrope-in-razburila-prebivalce-balkana\/"]}]},{"@type":"BreadcrumbList","@id":"https:\/\/hudo.com\/si\/zabava\/evropska-komisija-objavila-poucni-zemljevid-evrope-in-razburila-prebivalce-balkana\/#breadcrumb","itemListElement":[{"@type":"ListItem","position":1,"name":"Home","item":"https:\/\/hudo.com\/si\/"},{"@type":"ListItem","position":2,"name":"Evropska komisija objavila &#8216;pou\u010dni&#8217; zemljevid Evrope in razburila prebivalce Balkana"}]},{"@type":"WebSite","@id":"https:\/\/hudo.com\/si\/#website","url":"https:\/\/hudo.com\/si\/","name":"Hudo Slovenija","description":"Vse novice iz Slovenije in sveta","publisher":{"@id":"https:\/\/hudo.com\/si\/#organization"},"potentialAction":[{"@type":"SearchAction","target":{"@type":"EntryPoint","urlTemplate":"https:\/\/hudo.com\/si\/?s={search_term_string}"},"query-input":"required name=search_term_string"}],"inLanguage":"sl-SI"},{"@type":"Organization","@id":"https:\/\/hudo.com\/si\/#organization","name":"VSN Media","url":"https:\/\/hudo.com\/si\/","logo":{"@type":"ImageObject","inLanguage":"sl-SI","@id":"https:\/\/hudo.com\/si\/#\/schema\/logo\/image\/","url":"https:\/\/hudo.com\/si\/wp-content\/uploads\/sites\/2\/2021\/03\/hudo-app-2.png","contentUrl":"https:\/\/hudo.com\/si\/wp-content\/uploads\/sites\/2\/2021\/03\/hudo-app-2.png","width":2185,"height":2167,"caption":"VSN Media"},"image":{"@id":"https:\/\/hudo.com\/si\/#\/schema\/logo\/image\/"},"sameAs":["https:\/\/www.facebook.com\/hudo.si","https:\/\/twitter.com\/hudo_si"]},{"@type":"Person","@id":"https:\/\/hudo.com\/si\/#\/schema\/person\/1d2551e7d4d07b6e4fc507d8f1038c77","name":"AP","image":{"@type":"ImageObject","inLanguage":"sl-SI","@id":"https:\/\/hudo.com\/si\/#\/schema\/person\/image\/","url":"https:\/\/secure.gravatar.com\/avatar\/7b3f3d93af66e8912bbd99653b3496ee?s=96&d=mm&r=g","contentUrl":"https:\/\/secure.gravatar.com\/avatar\/7b3f3d93af66e8912bbd99653b3496ee?s=96&d=mm&r=g","caption":"AP"},"url":"https:\/\/hudo.com\/si\/author\/aljaz\/"}]}},"amp_enabled":true,"_links":{"self":[{"href":"https:\/\/hudo.com\/si\/wp-json\/wp\/v2\/posts\/471731"}],"collection":[{"href":"https:\/\/hudo.com\/si\/wp-json\/wp\/v2\/posts"}],"about":[{"href":"https:\/\/hudo.com\/si\/wp-json\/wp\/v2\/types\/post"}],"author":[{"embeddable":true,"href":"https:\/\/hudo.com\/si\/wp-json\/wp\/v2\/users\/3"}],"replies":[{"embeddable":true,"href":"https:\/\/hudo.com\/si\/wp-json\/wp\/v2\/comments?post=471731"}],"version-history":[{"count":3,"href":"https:\/\/hudo.com\/si\/wp-json\/wp\/v2\/posts\/471731\/revisions"}],"predecessor-version":[{"id":471736,"href":"https:\/\/hudo.com\/si\/wp-json\/wp\/v2\/posts\/471731\/revisions\/471736"}],"wp:featuredmedia":[{"embeddable":true,"href":"https:\/\/hudo.com\/si\/wp-json\/wp\/v2\/media\/471734"}],"wp:attachment":[{"href":"https:\/\/hudo.com\/si\/wp-json\/wp\/v2\/media?parent=471731"}],"wp:term":[{"taxonomy":"category","embeddable":true,"href":"https:\/\/hudo.com\/si\/wp-json\/wp\/v2\/categories?post=471731"},{"taxonomy":"post_tag","embeddable":true,"href":"https:\/\/hudo.com\/si\/wp-json\/wp\/v2\/tags?post=471731"},{"taxonomy":"source","embeddable":true,"href":"https:\/\/hudo.com\/si\/wp-json\/wp\/v2\/source?post=471731"},{"taxonomy":"supertag","embeddable":true,"href":"https:\/\/hudo.com\/si\/wp-json\/wp\/v2\/supertag?post=471731"}],"curies":[{"name":"wp","href":"https:\/\/api.w.org\/{rel}","templated":true}]}}