{"id":471875,"date":"2022-08-22T12:14:21","date_gmt":"2022-08-22T10:14:21","guid":{"rendered":"https:\/\/hudo.com\/si\/?p=471875"},"modified":"2022-08-22T12:14:21","modified_gmt":"2022-08-22T10:14:21","slug":"za-otroke-gre-zacenja-se-kampanja-instituta-8-marec-za-brezplacna-kosila-v-osnovnih-solah","status":"publish","type":"post","link":"https:\/\/hudo.com\/si\/aktualno\/slovenija\/za-otroke-gre-zacenja-se-kampanja-instituta-8-marec-za-brezplacna-kosila-v-osnovnih-solah\/","title":{"rendered":"&#8221;Za otroke gre&#8221;: Za\u010denja se kampanja In\u0161tituta 8. marec za brezpla\u010dna kosila v osnovnih \u0161olah"},"content":{"rendered":"<p>&#8220;Eden od razlogov za tak\u0161no odlo\u010ditev je, da more biti osnovno\u0161olsko izobra\u017eevanje skladno z zakonodajo brezpla\u010dno,&#8221; je pred vlo\u017eitvijo predlogov zakonov v DZ poudarila Mojca Lukan z in\u0161tituta. Ob tem je opozorila, da je osnovno\u0161olsko izobra\u017eevanje v dolo\u010denih delih kljub temu pla\u010dljivo, med drugim so pla\u010dljiva ravno kosila za otroke.<\/p>\n<p>V in\u0161titutu so po besedah direktorice Nike Kova\u010d razmi\u0161ljali, \u010de bi uvedbo brezpla\u010dnih kosil predlagali zgolj za otroke iz socialno ogro\u017eenih dru\u017ein, ali jih vzpostavili kot pravico za vse. Odlo\u010dili so se za drugo mo\u017enost. &#8220;Ker se nam zdi pomembno, da zasledujemo cilj brezpla\u010dne osnovne \u0161ole in modelu nadomestka za prehrano pri redno zaposlenih &#8211; ta pripadajo vsem, ne glede na vi\u0161ino pla\u010de,&#8221; je dejala. Brezpla\u010dna kosila za vse otroke so obljubljena tudi v koalicijski pogodbi, je spomnila.<\/p>\n<p>Za vlo\u017eitev predlogov zakonov so se odlo\u010dili zaradi rezultatov ankete, ki so jo izvedli pred kratkim, je pojasnila Maja Kora\u017eija z in\u0161tituta. V njej so ljudi spra\u0161evali, kako se soo\u010dajo z vedno vi\u0161jimi cenami goriva, hrane, najemnin, elektrike in drugih dobrin. &#8220;Veliko ljudi je pisalo, kako so \u0161e bolj potisnjeni v rev\u0161\u010dino,&#8221; je izpostavila.<\/p>\n<p>Izku\u0161njo otrok iz materialno \u0161ibkej\u0161ih dru\u017ein v osnovnih \u0161olah je predstavila Tanja Matija\u0161evi\u0107, ki ima tudi sama izku\u0161njo \u017eivljenja v dru\u017eini, ki se je zaradi finan\u010dne stiske te\u017eko prebijala iz meseca v mesec. &#8220;Kot otrok ne razume\u0161, zakaj si druga\u010den, ne razume\u0161, zakaj imajo nekateri otroci stvari, ki jih tebi star\u0161i ne morejo nuditi,&#8221; je dejala in spomnila, da je brezpla\u010dna osnovna \u0161ola pravica vseh otrok. Meni, da v to pravico spada tudi brezpla\u010dna \u0161olska prehrana.<\/p>\n<p>Da bo predlog zakona obravnavan v DZ, morajo zbrati vsaj 5000 overjenih podpisov ljudi.<\/p>\n<p>Podpise bodo zbirali v okviru kampanje Za otroke gre. Po besedah koordinatorke terenskih kampanj v in\u0161titutu Alenke Kre\u010d Bricelj bo kampanja potekala po ulicah mest in vasi. &#8220;Upamo, da bomo podpise za\u010deli zbirati \u017ee septembra,&#8221; je dodala.<\/p>\n<p>Predlog spremenjenega zakona o \u0161olski prehrani, ki predvideva uvedbo brezpla\u010dnih kosil in subvencioniranih malic za osnovno\u0161olce in dijake, je junija v DZ sicer vlo\u017eila tudi poslanska skupina SDS, a je DZ 1. julija predlog na izredni seji zavrnil.<\/p>\n<p>V in\u0161titutu so predlog zakona poslancev SDS sicer ocenili kot tehni\u010dno slabega, je pojasnila Kova\u010deva.<\/p>\n","protected":false},"excerpt":{"rendered":"<p>V In\u0161titutu 8. marec so v DZ vlo\u017eili predloga zakonov o osnovni \u0161oli in o \u0161olski prehrani, s katerima \u017eelijo vsem osnovno\u0161olcem zagotoviti brezpla\u010dna kosila. Del brezpla\u010dne osnovne \u0161ole bi morala biti tudi brezpla\u010dna kosila, so poudarili. Podpise bodo zbirali v okviru kampanje Za otroke gre, ki so jo ozna\u010dili za najlep\u0161o kampanjo na svetu.<\/p>\n","protected":false},"author":7,"featured_media":471876,"comment_status":"closed","ping_status":"closed","sticky":false,"template":"","format":"standard","meta":{"footnotes":""},"categories":[18201],"tags":[19817,8806,1652],"source":[4511],"supertag":[],"acf":[],"yoast_head":"<!-- This site is optimized with the Yoast SEO plugin v21.3 - https:\/\/yoast.com\/wordpress\/plugins\/seo\/ -->\n<title>&#039;&#039;Za otroke gre&#039;&#039;: Za\u010denja se kampanja In\u0161tituta 8. marec za brezpla\u010dna kosila v osnovnih \u0161olah - Hudo Slovenija<\/title>\n<meta name=\"robots\" content=\"index, follow, max-snippet:-1, max-image-preview:large, max-video-preview:-1\" \/>\n<link rel=\"canonical\" href=\"https:\/\/hudo.com\/si\/aktualno\/slovenija\/za-otroke-gre-zacenja-se-kampanja-instituta-8-marec-za-brezplacna-kosila-v-osnovnih-solah\/\" \/>\n<meta property=\"og:locale\" content=\"sl_SI\" \/>\n<meta property=\"og:type\" content=\"article\" \/>\n<meta property=\"og:title\" content=\"&#039;&#039;Za otroke gre&#039;&#039;: Za\u010denja se kampanja In\u0161tituta 8. marec za brezpla\u010dna kosila v osnovnih \u0161olah - Hudo Slovenija\" \/>\n<meta property=\"og:description\" content=\"V In\u0161titutu 8. marec so v DZ vlo\u017eili predloga zakonov o osnovni \u0161oli in o \u0161olski prehrani, s katerima \u017eelijo vsem osnovno\u0161olcem zagotoviti brezpla\u010dna kosila. Del brezpla\u010dne osnovne \u0161ole bi morala biti tudi brezpla\u010dna kosila, so poudarili. Podpise bodo zbirali v okviru kampanje Za otroke gre, ki so jo ozna\u010dili za najlep\u0161o kampanjo na svetu.\" \/>\n<meta property=\"og:url\" content=\"https:\/\/hudo.com\/si\/aktualno\/slovenija\/za-otroke-gre-zacenja-se-kampanja-instituta-8-marec-za-brezplacna-kosila-v-osnovnih-solah\/\" \/>\n<meta property=\"og:site_name\" content=\"Hudo Slovenija\" \/>\n<meta property=\"article:publisher\" content=\"https:\/\/www.facebook.com\/hudo.si\" \/>\n<meta property=\"article:published_time\" content=\"2022-08-22T10:14:21+00:00\" \/>\n<meta property=\"og:image\" content=\"https:\/\/hudo.com\/si\/wp-content\/uploads\/sites\/2\/2022\/08\/20220822-01159482.jpg\" \/>\n\t<meta property=\"og:image:width\" content=\"640\" \/>\n\t<meta property=\"og:image:height\" content=\"426\" \/>\n\t<meta property=\"og:image:type\" content=\"image\/jpeg\" \/>\n<meta name=\"author\" content=\"A. P., STA\" \/>\n<meta name=\"twitter:card\" content=\"summary_large_image\" \/>\n<meta name=\"twitter:creator\" content=\"@hudo_si\" \/>\n<meta name=\"twitter:site\" content=\"@hudo_si\" \/>\n<meta name=\"twitter:label1\" content=\"Written by\" \/>\n\t<meta name=\"twitter:data1\" content=\"A. P., STA\" \/>\n\t<meta name=\"twitter:label2\" content=\"Est. reading time\" \/>\n\t<meta name=\"twitter:data2\" content=\"2 minuti\" \/>\n<script type=\"application\/ld+json\" class=\"yoast-schema-graph\">{\"@context\":\"https:\/\/schema.org\",\"@graph\":[{\"@type\":\"Article\",\"@id\":\"https:\/\/hudo.com\/si\/aktualno\/slovenija\/za-otroke-gre-zacenja-se-kampanja-instituta-8-marec-za-brezplacna-kosila-v-osnovnih-solah\/#article\",\"isPartOf\":{\"@id\":\"https:\/\/hudo.com\/si\/aktualno\/slovenija\/za-otroke-gre-zacenja-se-kampanja-instituta-8-marec-za-brezplacna-kosila-v-osnovnih-solah\/\"},\"author\":{\"name\":\"A. P., STA\",\"@id\":\"https:\/\/hudo.com\/si\/#\/schema\/person\/18f09c02475ba9e606e941a565b80cff\"},\"headline\":\"&#8221;Za otroke gre&#8221;: Za\u010denja se kampanja In\u0161tituta 8. marec za brezpla\u010dna kosila v osnovnih \u0161olah\",\"datePublished\":\"2022-08-22T10:14:21+00:00\",\"dateModified\":\"2022-08-22T10:14:21+00:00\",\"mainEntityOfPage\":{\"@id\":\"https:\/\/hudo.com\/si\/aktualno\/slovenija\/za-otroke-gre-zacenja-se-kampanja-instituta-8-marec-za-brezplacna-kosila-v-osnovnih-solah\/\"},\"wordCount\":428,\"publisher\":{\"@id\":\"https:\/\/hudo.com\/si\/#organization\"},\"keywords\":[\"in\u0161titut 8. marec\",\"osnovna \u0161ola\",\"otroci\"],\"articleSection\":[\"Slovenija\"],\"inLanguage\":\"sl-SI\"},{\"@type\":\"WebPage\",\"@id\":\"https:\/\/hudo.com\/si\/aktualno\/slovenija\/za-otroke-gre-zacenja-se-kampanja-instituta-8-marec-za-brezplacna-kosila-v-osnovnih-solah\/\",\"url\":\"https:\/\/hudo.com\/si\/aktualno\/slovenija\/za-otroke-gre-zacenja-se-kampanja-instituta-8-marec-za-brezplacna-kosila-v-osnovnih-solah\/\",\"name\":\"''Za otroke gre'': Za\u010denja se kampanja In\u0161tituta 8. marec za brezpla\u010dna kosila v osnovnih \u0161olah - Hudo Slovenija\",\"isPartOf\":{\"@id\":\"https:\/\/hudo.com\/si\/#website\"},\"datePublished\":\"2022-08-22T10:14:21+00:00\",\"dateModified\":\"2022-08-22T10:14:21+00:00\",\"breadcrumb\":{\"@id\":\"https:\/\/hudo.com\/si\/aktualno\/slovenija\/za-otroke-gre-zacenja-se-kampanja-instituta-8-marec-za-brezplacna-kosila-v-osnovnih-solah\/#breadcrumb\"},\"inLanguage\":\"sl-SI\",\"potentialAction\":[{\"@type\":\"ReadAction\",\"target\":[\"https:\/\/hudo.com\/si\/aktualno\/slovenija\/za-otroke-gre-zacenja-se-kampanja-instituta-8-marec-za-brezplacna-kosila-v-osnovnih-solah\/\"]}]},{\"@type\":\"BreadcrumbList\",\"@id\":\"https:\/\/hudo.com\/si\/aktualno\/slovenija\/za-otroke-gre-zacenja-se-kampanja-instituta-8-marec-za-brezplacna-kosila-v-osnovnih-solah\/#breadcrumb\",\"itemListElement\":[{\"@type\":\"ListItem\",\"position\":1,\"name\":\"Home\",\"item\":\"https:\/\/hudo.com\/si\/\"},{\"@type\":\"ListItem\",\"position\":2,\"name\":\"&#8221;Za otroke gre&#8221;: Za\u010denja se kampanja In\u0161tituta 8. marec za brezpla\u010dna kosila v osnovnih \u0161olah\"}]},{\"@type\":\"WebSite\",\"@id\":\"https:\/\/hudo.com\/si\/#website\",\"url\":\"https:\/\/hudo.com\/si\/\",\"name\":\"Hudo Slovenija\",\"description\":\"Vse novice iz Slovenije in sveta\",\"publisher\":{\"@id\":\"https:\/\/hudo.com\/si\/#organization\"},\"potentialAction\":[{\"@type\":\"SearchAction\",\"target\":{\"@type\":\"EntryPoint\",\"urlTemplate\":\"https:\/\/hudo.com\/si\/?s={search_term_string}\"},\"query-input\":\"required name=search_term_string\"}],\"inLanguage\":\"sl-SI\"},{\"@type\":\"Organization\",\"@id\":\"https:\/\/hudo.com\/si\/#organization\",\"name\":\"VSN Media\",\"url\":\"https:\/\/hudo.com\/si\/\",\"logo\":{\"@type\":\"ImageObject\",\"inLanguage\":\"sl-SI\",\"@id\":\"https:\/\/hudo.com\/si\/#\/schema\/logo\/image\/\",\"url\":\"https:\/\/hudo.com\/si\/wp-content\/uploads\/sites\/2\/2021\/03\/hudo-app-2.png\",\"contentUrl\":\"https:\/\/hudo.com\/si\/wp-content\/uploads\/sites\/2\/2021\/03\/hudo-app-2.png\",\"width\":2185,\"height\":2167,\"caption\":\"VSN Media\"},\"image\":{\"@id\":\"https:\/\/hudo.com\/si\/#\/schema\/logo\/image\/\"},\"sameAs\":[\"https:\/\/www.facebook.com\/hudo.si\",\"https:\/\/twitter.com\/hudo_si\"]},{\"@type\":\"Person\",\"@id\":\"https:\/\/hudo.com\/si\/#\/schema\/person\/18f09c02475ba9e606e941a565b80cff\",\"name\":\"A. P., STA\",\"image\":{\"@type\":\"ImageObject\",\"inLanguage\":\"sl-SI\",\"@id\":\"https:\/\/hudo.com\/si\/#\/schema\/person\/image\/\",\"url\":\"https:\/\/secure.gravatar.com\/avatar\/03eac8e609f5f04383125d80eaeaaf3e?s=96&d=mm&r=g\",\"contentUrl\":\"https:\/\/secure.gravatar.com\/avatar\/03eac8e609f5f04383125d80eaeaaf3e?s=96&d=mm&r=g\",\"caption\":\"A. P., STA\"},\"url\":\"https:\/\/hudo.com\/si\/author\/lubu\/\"}]}<\/script>\n<!-- \/ Yoast SEO plugin. -->","yoast_head_json":{"title":"''Za otroke gre'': Za\u010denja se kampanja In\u0161tituta 8. marec za brezpla\u010dna kosila v osnovnih \u0161olah - Hudo Slovenija","robots":{"index":"index","follow":"follow","max-snippet":"max-snippet:-1","max-image-preview":"max-image-preview:large","max-video-preview":"max-video-preview:-1"},"canonical":"https:\/\/hudo.com\/si\/aktualno\/slovenija\/za-otroke-gre-zacenja-se-kampanja-instituta-8-marec-za-brezplacna-kosila-v-osnovnih-solah\/","og_locale":"sl_SI","og_type":"article","og_title":"''Za otroke gre'': Za\u010denja se kampanja In\u0161tituta 8. marec za brezpla\u010dna kosila v osnovnih \u0161olah - Hudo Slovenija","og_description":"V In\u0161titutu 8. marec so v DZ vlo\u017eili predloga zakonov o osnovni \u0161oli in o \u0161olski prehrani, s katerima \u017eelijo vsem osnovno\u0161olcem zagotoviti brezpla\u010dna kosila. Del brezpla\u010dne osnovne \u0161ole bi morala biti tudi brezpla\u010dna kosila, so poudarili. Podpise bodo zbirali v okviru kampanje Za otroke gre, ki so jo ozna\u010dili za najlep\u0161o kampanjo na svetu.","og_url":"https:\/\/hudo.com\/si\/aktualno\/slovenija\/za-otroke-gre-zacenja-se-kampanja-instituta-8-marec-za-brezplacna-kosila-v-osnovnih-solah\/","og_site_name":"Hudo Slovenija","article_publisher":"https:\/\/www.facebook.com\/hudo.si","article_published_time":"2022-08-22T10:14:21+00:00","og_image":[{"width":640,"height":426,"url":"https:\/\/hudo.com\/si\/wp-content\/uploads\/sites\/2\/2022\/08\/20220822-01159482.jpg","type":"image\/jpeg"}],"author":"A. P., STA","twitter_card":"summary_large_image","twitter_creator":"@hudo_si","twitter_site":"@hudo_si","twitter_misc":{"Written by":"A. P., STA","Est. reading time":"2 minuti"},"schema":{"@context":"https:\/\/schema.org","@graph":[{"@type":"Article","@id":"https:\/\/hudo.com\/si\/aktualno\/slovenija\/za-otroke-gre-zacenja-se-kampanja-instituta-8-marec-za-brezplacna-kosila-v-osnovnih-solah\/#article","isPartOf":{"@id":"https:\/\/hudo.com\/si\/aktualno\/slovenija\/za-otroke-gre-zacenja-se-kampanja-instituta-8-marec-za-brezplacna-kosila-v-osnovnih-solah\/"},"author":{"name":"A. P., STA","@id":"https:\/\/hudo.com\/si\/#\/schema\/person\/18f09c02475ba9e606e941a565b80cff"},"headline":"&#8221;Za otroke gre&#8221;: Za\u010denja se kampanja In\u0161tituta 8. marec za brezpla\u010dna kosila v osnovnih \u0161olah","datePublished":"2022-08-22T10:14:21+00:00","dateModified":"2022-08-22T10:14:21+00:00","mainEntityOfPage":{"@id":"https:\/\/hudo.com\/si\/aktualno\/slovenija\/za-otroke-gre-zacenja-se-kampanja-instituta-8-marec-za-brezplacna-kosila-v-osnovnih-solah\/"},"wordCount":428,"publisher":{"@id":"https:\/\/hudo.com\/si\/#organization"},"keywords":["in\u0161titut 8. marec","osnovna \u0161ola","otroci"],"articleSection":["Slovenija"],"inLanguage":"sl-SI"},{"@type":"WebPage","@id":"https:\/\/hudo.com\/si\/aktualno\/slovenija\/za-otroke-gre-zacenja-se-kampanja-instituta-8-marec-za-brezplacna-kosila-v-osnovnih-solah\/","url":"https:\/\/hudo.com\/si\/aktualno\/slovenija\/za-otroke-gre-zacenja-se-kampanja-instituta-8-marec-za-brezplacna-kosila-v-osnovnih-solah\/","name":"''Za otroke gre'': Za\u010denja se kampanja In\u0161tituta 8. marec za brezpla\u010dna kosila v osnovnih \u0161olah - Hudo Slovenija","isPartOf":{"@id":"https:\/\/hudo.com\/si\/#website"},"datePublished":"2022-08-22T10:14:21+00:00","dateModified":"2022-08-22T10:14:21+00:00","breadcrumb":{"@id":"https:\/\/hudo.com\/si\/aktualno\/slovenija\/za-otroke-gre-zacenja-se-kampanja-instituta-8-marec-za-brezplacna-kosila-v-osnovnih-solah\/#breadcrumb"},"inLanguage":"sl-SI","potentialAction":[{"@type":"ReadAction","target":["https:\/\/hudo.com\/si\/aktualno\/slovenija\/za-otroke-gre-zacenja-se-kampanja-instituta-8-marec-za-brezplacna-kosila-v-osnovnih-solah\/"]}]},{"@type":"BreadcrumbList","@id":"https:\/\/hudo.com\/si\/aktualno\/slovenija\/za-otroke-gre-zacenja-se-kampanja-instituta-8-marec-za-brezplacna-kosila-v-osnovnih-solah\/#breadcrumb","itemListElement":[{"@type":"ListItem","position":1,"name":"Home","item":"https:\/\/hudo.com\/si\/"},{"@type":"ListItem","position":2,"name":"&#8221;Za otroke gre&#8221;: Za\u010denja se kampanja In\u0161tituta 8. marec za brezpla\u010dna kosila v osnovnih \u0161olah"}]},{"@type":"WebSite","@id":"https:\/\/hudo.com\/si\/#website","url":"https:\/\/hudo.com\/si\/","name":"Hudo Slovenija","description":"Vse novice iz Slovenije in sveta","publisher":{"@id":"https:\/\/hudo.com\/si\/#organization"},"potentialAction":[{"@type":"SearchAction","target":{"@type":"EntryPoint","urlTemplate":"https:\/\/hudo.com\/si\/?s={search_term_string}"},"query-input":"required name=search_term_string"}],"inLanguage":"sl-SI"},{"@type":"Organization","@id":"https:\/\/hudo.com\/si\/#organization","name":"VSN Media","url":"https:\/\/hudo.com\/si\/","logo":{"@type":"ImageObject","inLanguage":"sl-SI","@id":"https:\/\/hudo.com\/si\/#\/schema\/logo\/image\/","url":"https:\/\/hudo.com\/si\/wp-content\/uploads\/sites\/2\/2021\/03\/hudo-app-2.png","contentUrl":"https:\/\/hudo.com\/si\/wp-content\/uploads\/sites\/2\/2021\/03\/hudo-app-2.png","width":2185,"height":2167,"caption":"VSN Media"},"image":{"@id":"https:\/\/hudo.com\/si\/#\/schema\/logo\/image\/"},"sameAs":["https:\/\/www.facebook.com\/hudo.si","https:\/\/twitter.com\/hudo_si"]},{"@type":"Person","@id":"https:\/\/hudo.com\/si\/#\/schema\/person\/18f09c02475ba9e606e941a565b80cff","name":"A. P., STA","image":{"@type":"ImageObject","inLanguage":"sl-SI","@id":"https:\/\/hudo.com\/si\/#\/schema\/person\/image\/","url":"https:\/\/secure.gravatar.com\/avatar\/03eac8e609f5f04383125d80eaeaaf3e?s=96&d=mm&r=g","contentUrl":"https:\/\/secure.gravatar.com\/avatar\/03eac8e609f5f04383125d80eaeaaf3e?s=96&d=mm&r=g","caption":"A. P., STA"},"url":"https:\/\/hudo.com\/si\/author\/lubu\/"}]}},"amp_enabled":true,"_links":{"self":[{"href":"https:\/\/hudo.com\/si\/wp-json\/wp\/v2\/posts\/471875"}],"collection":[{"href":"https:\/\/hudo.com\/si\/wp-json\/wp\/v2\/posts"}],"about":[{"href":"https:\/\/hudo.com\/si\/wp-json\/wp\/v2\/types\/post"}],"author":[{"embeddable":true,"href":"https:\/\/hudo.com\/si\/wp-json\/wp\/v2\/users\/7"}],"replies":[{"embeddable":true,"href":"https:\/\/hudo.com\/si\/wp-json\/wp\/v2\/comments?post=471875"}],"version-history":[{"count":1,"href":"https:\/\/hudo.com\/si\/wp-json\/wp\/v2\/posts\/471875\/revisions"}],"predecessor-version":[{"id":471877,"href":"https:\/\/hudo.com\/si\/wp-json\/wp\/v2\/posts\/471875\/revisions\/471877"}],"wp:featuredmedia":[{"embeddable":true,"href":"https:\/\/hudo.com\/si\/wp-json\/wp\/v2\/media\/471876"}],"wp:attachment":[{"href":"https:\/\/hudo.com\/si\/wp-json\/wp\/v2\/media?parent=471875"}],"wp:term":[{"taxonomy":"category","embeddable":true,"href":"https:\/\/hudo.com\/si\/wp-json\/wp\/v2\/categories?post=471875"},{"taxonomy":"post_tag","embeddable":true,"href":"https:\/\/hudo.com\/si\/wp-json\/wp\/v2\/tags?post=471875"},{"taxonomy":"source","embeddable":true,"href":"https:\/\/hudo.com\/si\/wp-json\/wp\/v2\/source?post=471875"},{"taxonomy":"supertag","embeddable":true,"href":"https:\/\/hudo.com\/si\/wp-json\/wp\/v2\/supertag?post=471875"}],"curies":[{"name":"wp","href":"https:\/\/api.w.org\/{rel}","templated":true}]}}