{"id":47198,"date":"2016-05-06T21:00:00","date_gmt":"2016-05-06T19:00:00","guid":{"rendered":"http:\/\/hudo.com\/si\/2016\/05\/06\/radan-se-je-sam-vrnil-v-pripor\/"},"modified":"2016-05-07T18:31:10","modified_gmt":"2016-05-07T16:31:10","slug":"radan-se-je-sam-vrnil-v-pripor","status":"publish","type":"post","link":"https:\/\/hudo.com\/si\/aktualno\/radan-se-je-sam-vrnil-v-pripor\/","title":{"rendered":"Radan se je sam vrnil v pripor"},"content":{"rendered":"<p>Suspendirani zdravnik ljubljanske nevrolo\u0161ke klinike Ivan Radan, ki mu na ljubljanskem okro\u017enem sodi\u0161\u010du sodijo zaradi umora \u0161estih njegovih bolnikov, ki naj bi jih bil umoril iz morilske sle, je znova v priporu. Vi\u0161je sodi\u0161\u010de je razveljavilo sklep okro\u017enega sodi\u0161\u010da o Radanovem hi\u0161nem priporu, saj se je na vi\u0161je sodi\u0161\u010de prito\u017eila okro\u017ena dr\u017eavna to\u017eilka Katarina Bergant in s prito\u017ebo uspela. Radan je \u0161e obto\u017een osmih kaznivih dejanj neupravi\u010denega slikovnega snemanja ter ponarejanja listin. Na svoje ime in \u0161e na imena 11 drugih ljudi naj bi bil neupravi\u010deno izdal recepte za 20.000 evrov razli\u010dnih zdravil, v glavnem za pomirjevala in uspavala, ki pa naj bi jih tudi sam u\u017eival. Radana, ki ga je sodni senat ljubljanskega okro\u017enega sodi\u0161\u010da 28. aprila spustil v hi\u0161ni pripor, ker naj ne bi bilo ve\u010d razloga za pripor, in sicer ponovitvene varnosti, je danes, ob ponovni odreditvi pripora, sam od\u0161el nazaj v ljubljanski pripor. Zanj je bilo, kot smo izvedeli neuradno, za ponovno odreditev pripora usodno mnenje sodnega izvedenca klini\u010dnega psihologa Ale\u0161a Friedla, ki je sodi\u0161\u010du znano \u017ee od za\u010detka sojenja in zelo neugodno za Radana. Do zdaj so vsi sodni senati, ki so odlo\u010dali o podalj\u0161anju Radanovega pripora, upo\u0161tevali Friedlovo mnenje, ki je bilo pomembno, da so mu podalj\u0161ali pripor, o\u010ditno pa ni bilo pomembno za zadnji senat, ki je Radana poslal v hi\u0161ni pripor. Izvedenec je v svojem mnenju med drugim zapisal, da so Radanove osebnostne lastnosti tak\u0161ne, da je nevaren za okolico. Ima zelo visok inteligen\u010dni kvocient, svoje znanje in poklic pa je zlorabljal za neke svoje vi\u0161je interese. Do svojih bolnikov se je obna\u0161al, kot da je bog, ki odlo\u010da o tem, kdo bo \u017eivel in kdo bo umrl. Zdravnik Radan naj bi bil po mnenju to\u017eilstva svoje bolnike umoril tako, da jim je vbrizgal razli\u010dne koli\u010dine morfija, v nekaterih primerih propofola, v zadnjem primeru pa hkrati z morfijem \u0161e kalijev klorid. Koliko zdravila mora prejeti kateri pacient, je pisno ali ustno naro\u010dal medicinskim sestram, p<\/p>\n","protected":false},"excerpt":{"rendered":"<p>Suspendirani zdravnik ljubljanske nevrolo\u0161ke klinike Ivan Radan, ki mu na ljubljanskem okro\u017enem sodi\u0161\u010du sodijo zaradi umora \u0161estih njegovih bolnikov, ki naj bi jih bil umoril iz morilske sle, je znova v priporu. Vi\u0161je sodi\u0161\u010de je razveljavilo sklep okro\u017enega sodi\u0161\u010da o Radanovem hi\u0161nem priporu, saj se je na vi\u0161je sodi\u0161\u010de prito\u017eila okro\u017ena dr\u017eavna to\u017eilka Katarina Bergant in s prito\u017ebo uspela. Radan je \u0161e obto\u017een osmih kaznivih dejanj neupravi\u010denega slikovnega snemanja ter ponarejanja listin. Na svoje ime in \u0161e na imena 11 drugih ljudi naj bi bil neupravi\u010deno izdal recepte za 20.000 evrov razli\u010dnih zdravil, v glavnem za pomirjevala in uspavala, ki pa naj bi jih tudi sam u\u017eival. Radana, ki ga je sodni senat ljubljanskega okro\u017enega sodi\u0161\u010da 28. aprila spustil v hi\u0161ni pripor, ker naj ne bi bilo ve\u010d razloga za pripor, in sicer ponovitvene varnosti, je danes, ob ponovni odreditvi pripora, sam od\u0161el nazaj v ljubljanski pripor. Zanj je bilo, kot smo izvedeli neuradno, za ponovno odreditev pripora usodno mnenje sodnega izvedenca klini\u010dnega psihologa Ale\u0161a Friedla, ki je sodi\u0161\u010du znano \u017ee od za\u010detka sojenja in zelo neugodno za Radana. Do zdaj so vsi sodni senati, ki so odlo\u010dali o podalj\u0161anju Radanovega pripora, upo\u0161tevali Friedlovo mnenje, ki je bilo pomembno, da so mu podalj\u0161ali pripor, o\u010ditno pa ni bilo pomembno za zadnji senat, ki je Radana poslal v hi\u0161ni pripor. Izvedenec je v svojem mnenju med drugim zapisal, da so Radanove osebnostne lastnosti tak\u0161ne, da je nevaren za okolico. Ima zelo visok inteligen\u010dni kvocient, svoje znanje in poklic pa je zlorabljal za neke svoje vi\u0161je interese. Do svojih bolnikov se je obna\u0161al, kot da je bog, ki odlo\u010da o tem, kdo bo \u017eivel in kdo bo umrl. Zdravnik Radan naj bi bil po mnenju to\u017eilstva svoje bolnike umoril tako, da jim je vbrizgal razli\u010dne koli\u010dine morfija, v nekaterih primerih propofola, v zadnjem primeru pa hkrati z morfijem \u0161e kalijev klorid. Koliko zdravila mora prejeti kateri pacient, je pisno ali ustno naro\u010dal medicinskim sestram, p<\/p>\n","protected":false},"author":1,"featured_media":0,"comment_status":"closed","ping_status":"closed","sticky":false,"template":"","format":"standard","meta":{"footnotes":""},"categories":[1179],"tags":[],"source":[1711],"supertag":[],"acf":[],"yoast_head":"<!-- This site is optimized with the Yoast SEO plugin v21.3 - https:\/\/yoast.com\/wordpress\/plugins\/seo\/ -->\n<title>Radan se je sam vrnil v pripor - Hudo Slovenija<\/title>\n<meta name=\"robots\" content=\"index, follow, max-snippet:-1, max-image-preview:large, max-video-preview:-1\" \/>\n<link rel=\"canonical\" href=\"https:\/\/hudo.com\/si\/aktualno\/radan-se-je-sam-vrnil-v-pripor\/\" \/>\n<meta property=\"og:locale\" content=\"sl_SI\" \/>\n<meta property=\"og:type\" content=\"article\" \/>\n<meta property=\"og:title\" content=\"Radan se je sam vrnil v pripor - Hudo Slovenija\" \/>\n<meta property=\"og:description\" content=\"Suspendirani zdravnik ljubljanske nevrolo\u0161ke klinike Ivan Radan, ki mu na ljubljanskem okro\u017enem sodi\u0161\u010du sodijo zaradi umora \u0161estih njegovih bolnikov, ki naj bi jih bil umoril iz morilske sle, je znova v priporu. Vi\u0161je sodi\u0161\u010de je razveljavilo sklep okro\u017enega sodi\u0161\u010da o Radanovem hi\u0161nem priporu, saj se je na vi\u0161je sodi\u0161\u010de prito\u017eila okro\u017ena dr\u017eavna to\u017eilka Katarina Bergant in s prito\u017ebo uspela. Radan je \u0161e obto\u017een osmih kaznivih dejanj neupravi\u010denega slikovnega snemanja ter ponarejanja listin. Na svoje ime in \u0161e na imena 11 drugih ljudi naj bi bil neupravi\u010deno izdal recepte za 20.000 evrov razli\u010dnih zdravil, v glavnem za pomirjevala in uspavala, ki pa naj bi jih tudi sam u\u017eival. Radana, ki ga je sodni senat ljubljanskega okro\u017enega sodi\u0161\u010da 28. aprila spustil v hi\u0161ni pripor, ker naj ne bi bilo ve\u010d razloga za pripor, in sicer ponovitvene varnosti, je danes, ob ponovni odreditvi pripora, sam od\u0161el nazaj v ljubljanski pripor. Zanj je bilo, kot smo izvedeli neuradno, za ponovno odreditev pripora usodno mnenje sodnega izvedenca klini\u010dnega psihologa Ale\u0161a Friedla, ki je sodi\u0161\u010du znano \u017ee od za\u010detka sojenja in zelo neugodno za Radana. Do zdaj so vsi sodni senati, ki so odlo\u010dali o podalj\u0161anju Radanovega pripora, upo\u0161tevali Friedlovo mnenje, ki je bilo pomembno, da so mu podalj\u0161ali pripor, o\u010ditno pa ni bilo pomembno za zadnji senat, ki je Radana poslal v hi\u0161ni pripor. Izvedenec je v svojem mnenju med drugim zapisal, da so Radanove osebnostne lastnosti tak\u0161ne, da je nevaren za okolico. Ima zelo visok inteligen\u010dni kvocient, svoje znanje in poklic pa je zlorabljal za neke svoje vi\u0161je interese. Do svojih bolnikov se je obna\u0161al, kot da je bog, ki odlo\u010da o tem, kdo bo \u017eivel in kdo bo umrl. Zdravnik Radan naj bi bil po mnenju to\u017eilstva svoje bolnike umoril tako, da jim je vbrizgal razli\u010dne koli\u010dine morfija, v nekaterih primerih propofola, v zadnjem primeru pa hkrati z morfijem \u0161e kalijev klorid. Koliko zdravila mora prejeti kateri pacient, je pisno ali ustno naro\u010dal medicinskim sestram, p\" \/>\n<meta property=\"og:url\" content=\"https:\/\/hudo.com\/si\/aktualno\/radan-se-je-sam-vrnil-v-pripor\/\" \/>\n<meta property=\"og:site_name\" content=\"Hudo Slovenija\" \/>\n<meta property=\"article:publisher\" content=\"https:\/\/www.facebook.com\/hudo.si\" \/>\n<meta property=\"article:published_time\" content=\"2016-05-06T19:00:00+00:00\" \/>\n<meta property=\"article:modified_time\" content=\"2016-05-07T16:31:10+00:00\" \/>\n<meta property=\"og:image\" content=\"https:\/\/hudo.com\/si\/wp-content\/uploads\/sites\/2\/2016\/05\/01446914F-300.jpg\" \/>\n\t<meta property=\"og:image:width\" content=\"450\" \/>\n\t<meta property=\"og:image:height\" content=\"300\" \/>\n\t<meta property=\"og:image:type\" content=\"image\/jpeg\" \/>\n<meta name=\"author\" content=\"hudo\" \/>\n<meta name=\"twitter:card\" content=\"summary_large_image\" \/>\n<meta name=\"twitter:creator\" content=\"@hudo_si\" \/>\n<meta name=\"twitter:site\" content=\"@hudo_si\" \/>\n<meta name=\"twitter:label1\" content=\"Written by\" \/>\n\t<meta name=\"twitter:data1\" content=\"hudo\" \/>\n\t<meta name=\"twitter:label2\" content=\"Est. reading time\" \/>\n\t<meta name=\"twitter:data2\" content=\"2 minuti\" \/>\n<script type=\"application\/ld+json\" class=\"yoast-schema-graph\">{\"@context\":\"https:\/\/schema.org\",\"@graph\":[{\"@type\":\"Article\",\"@id\":\"https:\/\/hudo.com\/si\/aktualno\/radan-se-je-sam-vrnil-v-pripor\/#article\",\"isPartOf\":{\"@id\":\"https:\/\/hudo.com\/si\/aktualno\/radan-se-je-sam-vrnil-v-pripor\/\"},\"author\":{\"name\":\"hudo\",\"@id\":\"https:\/\/hudo.com\/si\/#\/schema\/person\/601cf3379633985b20f7e50f2bb47707\"},\"headline\":\"Radan se je sam vrnil v pripor\",\"datePublished\":\"2016-05-06T19:00:00+00:00\",\"dateModified\":\"2016-05-07T16:31:10+00:00\",\"mainEntityOfPage\":{\"@id\":\"https:\/\/hudo.com\/si\/aktualno\/radan-se-je-sam-vrnil-v-pripor\/\"},\"wordCount\":370,\"publisher\":{\"@id\":\"https:\/\/hudo.com\/si\/#organization\"},\"articleSection\":[\"Aktualno\"],\"inLanguage\":\"sl-SI\"},{\"@type\":\"WebPage\",\"@id\":\"https:\/\/hudo.com\/si\/aktualno\/radan-se-je-sam-vrnil-v-pripor\/\",\"url\":\"https:\/\/hudo.com\/si\/aktualno\/radan-se-je-sam-vrnil-v-pripor\/\",\"name\":\"Radan se je sam vrnil v pripor - Hudo Slovenija\",\"isPartOf\":{\"@id\":\"https:\/\/hudo.com\/si\/#website\"},\"datePublished\":\"2016-05-06T19:00:00+00:00\",\"dateModified\":\"2016-05-07T16:31:10+00:00\",\"breadcrumb\":{\"@id\":\"https:\/\/hudo.com\/si\/aktualno\/radan-se-je-sam-vrnil-v-pripor\/#breadcrumb\"},\"inLanguage\":\"sl-SI\",\"potentialAction\":[{\"@type\":\"ReadAction\",\"target\":[\"https:\/\/hudo.com\/si\/aktualno\/radan-se-je-sam-vrnil-v-pripor\/\"]}]},{\"@type\":\"BreadcrumbList\",\"@id\":\"https:\/\/hudo.com\/si\/aktualno\/radan-se-je-sam-vrnil-v-pripor\/#breadcrumb\",\"itemListElement\":[{\"@type\":\"ListItem\",\"position\":1,\"name\":\"Home\",\"item\":\"https:\/\/hudo.com\/si\/\"},{\"@type\":\"ListItem\",\"position\":2,\"name\":\"Radan se je sam vrnil v pripor\"}]},{\"@type\":\"WebSite\",\"@id\":\"https:\/\/hudo.com\/si\/#website\",\"url\":\"https:\/\/hudo.com\/si\/\",\"name\":\"Hudo Slovenija\",\"description\":\"Vse novice iz Slovenije in sveta\",\"publisher\":{\"@id\":\"https:\/\/hudo.com\/si\/#organization\"},\"potentialAction\":[{\"@type\":\"SearchAction\",\"target\":{\"@type\":\"EntryPoint\",\"urlTemplate\":\"https:\/\/hudo.com\/si\/?s={search_term_string}\"},\"query-input\":\"required name=search_term_string\"}],\"inLanguage\":\"sl-SI\"},{\"@type\":\"Organization\",\"@id\":\"https:\/\/hudo.com\/si\/#organization\",\"name\":\"VSN Media\",\"url\":\"https:\/\/hudo.com\/si\/\",\"logo\":{\"@type\":\"ImageObject\",\"inLanguage\":\"sl-SI\",\"@id\":\"https:\/\/hudo.com\/si\/#\/schema\/logo\/image\/\",\"url\":\"https:\/\/hudo.com\/si\/wp-content\/uploads\/sites\/2\/2021\/03\/hudo-app-2.png\",\"contentUrl\":\"https:\/\/hudo.com\/si\/wp-content\/uploads\/sites\/2\/2021\/03\/hudo-app-2.png\",\"width\":2185,\"height\":2167,\"caption\":\"VSN Media\"},\"image\":{\"@id\":\"https:\/\/hudo.com\/si\/#\/schema\/logo\/image\/\"},\"sameAs\":[\"https:\/\/www.facebook.com\/hudo.si\",\"https:\/\/twitter.com\/hudo_si\"]},{\"@type\":\"Person\",\"@id\":\"https:\/\/hudo.com\/si\/#\/schema\/person\/601cf3379633985b20f7e50f2bb47707\",\"name\":\"hudo\",\"image\":{\"@type\":\"ImageObject\",\"inLanguage\":\"sl-SI\",\"@id\":\"https:\/\/hudo.com\/si\/#\/schema\/person\/image\/\",\"url\":\"https:\/\/secure.gravatar.com\/avatar\/c4ca25fa72cace7a696b52ff5db9e095?s=96&d=mm&r=g\",\"contentUrl\":\"https:\/\/secure.gravatar.com\/avatar\/c4ca25fa72cace7a696b52ff5db9e095?s=96&d=mm&r=g\",\"caption\":\"hudo\"},\"url\":\"https:\/\/hudo.com\/si\/author\/hudo\/\"}]}<\/script>\n<!-- \/ Yoast SEO plugin. -->","yoast_head_json":{"title":"Radan se je sam vrnil v pripor - Hudo Slovenija","robots":{"index":"index","follow":"follow","max-snippet":"max-snippet:-1","max-image-preview":"max-image-preview:large","max-video-preview":"max-video-preview:-1"},"canonical":"https:\/\/hudo.com\/si\/aktualno\/radan-se-je-sam-vrnil-v-pripor\/","og_locale":"sl_SI","og_type":"article","og_title":"Radan se je sam vrnil v pripor - Hudo Slovenija","og_description":"Suspendirani zdravnik ljubljanske nevrolo\u0161ke klinike Ivan Radan, ki mu na ljubljanskem okro\u017enem sodi\u0161\u010du sodijo zaradi umora \u0161estih njegovih bolnikov, ki naj bi jih bil umoril iz morilske sle, je znova v priporu. Vi\u0161je sodi\u0161\u010de je razveljavilo sklep okro\u017enega sodi\u0161\u010da o Radanovem hi\u0161nem priporu, saj se je na vi\u0161je sodi\u0161\u010de prito\u017eila okro\u017ena dr\u017eavna to\u017eilka Katarina Bergant in s prito\u017ebo uspela. Radan je \u0161e obto\u017een osmih kaznivih dejanj neupravi\u010denega slikovnega snemanja ter ponarejanja listin. Na svoje ime in \u0161e na imena 11 drugih ljudi naj bi bil neupravi\u010deno izdal recepte za 20.000 evrov razli\u010dnih zdravil, v glavnem za pomirjevala in uspavala, ki pa naj bi jih tudi sam u\u017eival. Radana, ki ga je sodni senat ljubljanskega okro\u017enega sodi\u0161\u010da 28. aprila spustil v hi\u0161ni pripor, ker naj ne bi bilo ve\u010d razloga za pripor, in sicer ponovitvene varnosti, je danes, ob ponovni odreditvi pripora, sam od\u0161el nazaj v ljubljanski pripor. Zanj je bilo, kot smo izvedeli neuradno, za ponovno odreditev pripora usodno mnenje sodnega izvedenca klini\u010dnega psihologa Ale\u0161a Friedla, ki je sodi\u0161\u010du znano \u017ee od za\u010detka sojenja in zelo neugodno za Radana. Do zdaj so vsi sodni senati, ki so odlo\u010dali o podalj\u0161anju Radanovega pripora, upo\u0161tevali Friedlovo mnenje, ki je bilo pomembno, da so mu podalj\u0161ali pripor, o\u010ditno pa ni bilo pomembno za zadnji senat, ki je Radana poslal v hi\u0161ni pripor. Izvedenec je v svojem mnenju med drugim zapisal, da so Radanove osebnostne lastnosti tak\u0161ne, da je nevaren za okolico. Ima zelo visok inteligen\u010dni kvocient, svoje znanje in poklic pa je zlorabljal za neke svoje vi\u0161je interese. Do svojih bolnikov se je obna\u0161al, kot da je bog, ki odlo\u010da o tem, kdo bo \u017eivel in kdo bo umrl. Zdravnik Radan naj bi bil po mnenju to\u017eilstva svoje bolnike umoril tako, da jim je vbrizgal razli\u010dne koli\u010dine morfija, v nekaterih primerih propofola, v zadnjem primeru pa hkrati z morfijem \u0161e kalijev klorid. Koliko zdravila mora prejeti kateri pacient, je pisno ali ustno naro\u010dal medicinskim sestram, p","og_url":"https:\/\/hudo.com\/si\/aktualno\/radan-se-je-sam-vrnil-v-pripor\/","og_site_name":"Hudo Slovenija","article_publisher":"https:\/\/www.facebook.com\/hudo.si","article_published_time":"2016-05-06T19:00:00+00:00","article_modified_time":"2016-05-07T16:31:10+00:00","og_image":[{"width":450,"height":300,"url":"https:\/\/hudo.com\/si\/wp-content\/uploads\/sites\/2\/2016\/05\/01446914F-300.jpg","type":"image\/jpeg"}],"author":"hudo","twitter_card":"summary_large_image","twitter_creator":"@hudo_si","twitter_site":"@hudo_si","twitter_misc":{"Written by":"hudo","Est. reading time":"2 minuti"},"schema":{"@context":"https:\/\/schema.org","@graph":[{"@type":"Article","@id":"https:\/\/hudo.com\/si\/aktualno\/radan-se-je-sam-vrnil-v-pripor\/#article","isPartOf":{"@id":"https:\/\/hudo.com\/si\/aktualno\/radan-se-je-sam-vrnil-v-pripor\/"},"author":{"name":"hudo","@id":"https:\/\/hudo.com\/si\/#\/schema\/person\/601cf3379633985b20f7e50f2bb47707"},"headline":"Radan se je sam vrnil v pripor","datePublished":"2016-05-06T19:00:00+00:00","dateModified":"2016-05-07T16:31:10+00:00","mainEntityOfPage":{"@id":"https:\/\/hudo.com\/si\/aktualno\/radan-se-je-sam-vrnil-v-pripor\/"},"wordCount":370,"publisher":{"@id":"https:\/\/hudo.com\/si\/#organization"},"articleSection":["Aktualno"],"inLanguage":"sl-SI"},{"@type":"WebPage","@id":"https:\/\/hudo.com\/si\/aktualno\/radan-se-je-sam-vrnil-v-pripor\/","url":"https:\/\/hudo.com\/si\/aktualno\/radan-se-je-sam-vrnil-v-pripor\/","name":"Radan se je sam vrnil v pripor - Hudo Slovenija","isPartOf":{"@id":"https:\/\/hudo.com\/si\/#website"},"datePublished":"2016-05-06T19:00:00+00:00","dateModified":"2016-05-07T16:31:10+00:00","breadcrumb":{"@id":"https:\/\/hudo.com\/si\/aktualno\/radan-se-je-sam-vrnil-v-pripor\/#breadcrumb"},"inLanguage":"sl-SI","potentialAction":[{"@type":"ReadAction","target":["https:\/\/hudo.com\/si\/aktualno\/radan-se-je-sam-vrnil-v-pripor\/"]}]},{"@type":"BreadcrumbList","@id":"https:\/\/hudo.com\/si\/aktualno\/radan-se-je-sam-vrnil-v-pripor\/#breadcrumb","itemListElement":[{"@type":"ListItem","position":1,"name":"Home","item":"https:\/\/hudo.com\/si\/"},{"@type":"ListItem","position":2,"name":"Radan se je sam vrnil v pripor"}]},{"@type":"WebSite","@id":"https:\/\/hudo.com\/si\/#website","url":"https:\/\/hudo.com\/si\/","name":"Hudo Slovenija","description":"Vse novice iz Slovenije in sveta","publisher":{"@id":"https:\/\/hudo.com\/si\/#organization"},"potentialAction":[{"@type":"SearchAction","target":{"@type":"EntryPoint","urlTemplate":"https:\/\/hudo.com\/si\/?s={search_term_string}"},"query-input":"required name=search_term_string"}],"inLanguage":"sl-SI"},{"@type":"Organization","@id":"https:\/\/hudo.com\/si\/#organization","name":"VSN Media","url":"https:\/\/hudo.com\/si\/","logo":{"@type":"ImageObject","inLanguage":"sl-SI","@id":"https:\/\/hudo.com\/si\/#\/schema\/logo\/image\/","url":"https:\/\/hudo.com\/si\/wp-content\/uploads\/sites\/2\/2021\/03\/hudo-app-2.png","contentUrl":"https:\/\/hudo.com\/si\/wp-content\/uploads\/sites\/2\/2021\/03\/hudo-app-2.png","width":2185,"height":2167,"caption":"VSN Media"},"image":{"@id":"https:\/\/hudo.com\/si\/#\/schema\/logo\/image\/"},"sameAs":["https:\/\/www.facebook.com\/hudo.si","https:\/\/twitter.com\/hudo_si"]},{"@type":"Person","@id":"https:\/\/hudo.com\/si\/#\/schema\/person\/601cf3379633985b20f7e50f2bb47707","name":"hudo","image":{"@type":"ImageObject","inLanguage":"sl-SI","@id":"https:\/\/hudo.com\/si\/#\/schema\/person\/image\/","url":"https:\/\/secure.gravatar.com\/avatar\/c4ca25fa72cace7a696b52ff5db9e095?s=96&d=mm&r=g","contentUrl":"https:\/\/secure.gravatar.com\/avatar\/c4ca25fa72cace7a696b52ff5db9e095?s=96&d=mm&r=g","caption":"hudo"},"url":"https:\/\/hudo.com\/si\/author\/hudo\/"}]}},"amp_enabled":true,"_links":{"self":[{"href":"https:\/\/hudo.com\/si\/wp-json\/wp\/v2\/posts\/47198"}],"collection":[{"href":"https:\/\/hudo.com\/si\/wp-json\/wp\/v2\/posts"}],"about":[{"href":"https:\/\/hudo.com\/si\/wp-json\/wp\/v2\/types\/post"}],"author":[{"embeddable":true,"href":"https:\/\/hudo.com\/si\/wp-json\/wp\/v2\/users\/1"}],"replies":[{"embeddable":true,"href":"https:\/\/hudo.com\/si\/wp-json\/wp\/v2\/comments?post=47198"}],"version-history":[{"count":1,"href":"https:\/\/hudo.com\/si\/wp-json\/wp\/v2\/posts\/47198\/revisions"}],"predecessor-version":[{"id":47271,"href":"https:\/\/hudo.com\/si\/wp-json\/wp\/v2\/posts\/47198\/revisions\/47271"}],"wp:attachment":[{"href":"https:\/\/hudo.com\/si\/wp-json\/wp\/v2\/media?parent=47198"}],"wp:term":[{"taxonomy":"category","embeddable":true,"href":"https:\/\/hudo.com\/si\/wp-json\/wp\/v2\/categories?post=47198"},{"taxonomy":"post_tag","embeddable":true,"href":"https:\/\/hudo.com\/si\/wp-json\/wp\/v2\/tags?post=47198"},{"taxonomy":"source","embeddable":true,"href":"https:\/\/hudo.com\/si\/wp-json\/wp\/v2\/source?post=47198"},{"taxonomy":"supertag","embeddable":true,"href":"https:\/\/hudo.com\/si\/wp-json\/wp\/v2\/supertag?post=47198"}],"curies":[{"name":"wp","href":"https:\/\/api.w.org\/{rel}","templated":true}]}}