{"id":47204,"date":"2016-05-06T20:15:00","date_gmt":"2016-05-06T18:15:00","guid":{"rendered":"http:\/\/hudo.com\/si\/2016\/05\/06\/infantino-na-brdu-izzval-premiera\/"},"modified":"2016-05-07T05:26:20","modified_gmt":"2016-05-07T03:26:20","slug":"infantino-na-brdu-izzval-premiera","status":"publish","type":"post","link":"https:\/\/hudo.com\/si\/aktualno\/infantino-na-brdu-izzval-premiera\/","title":{"rendered":"Infantino na Brdu izzval premiera"},"content":{"rendered":"<p>Kategorija: Nogomet Fri, 06 May 2016 22:15:00 +0200  Brdo pri Kranju \u2013 Vodstvo Nogometne zveze Slovenije (NZS) bi si te\u017eko \u017eelelo ve\u010d, kot je dobilo v\u010deraj: predsednik krovne svetovne nogometne hi\u0161e (FIFA) in generalni sekretar evropske zveze (UEFA) sta namre\u010d ob odprtju nacionalnega sredi\u0161\u010da v osr\u010dju kompleksa Brdo nizala le pohvalne besede gostiteljem. Gianni Infantino je bil posredno najbolj vpet v nastajanje nogometnega sredi\u0161\u010da Brdo \u2013 vrsto let kot generalni sekretar UEFA, v\u010deraj kot prvi mo\u017e najmo\u010dnej\u0161e pano\u017ene zveze na svetu. \u00bbV nogometu so pomembne prav besede, ki krasijo stene te \u010dudovite upravne zgradbe \u2013 solidarnost, spo\u0161tovanje in odgovornost. Jaz bi jim dodal \u0161e \u010detrto, ki je nujna za uspeh slehernega projekta: dobro vodenje. Brez predsednika Aleksandra \u010ceferina in tako profesionalne organizacije ne bi bilo tega, kar zdaj gledamo na Brdu. Na to ste lahko ponosni, kot ste lahko ponosni\u00a0&#8230;<\/p>\n","protected":false},"excerpt":{"rendered":"<p>Kategorija: Nogomet Fri, 06 May 2016 22:15:00 +0200  Brdo pri Kranju \u2013 Vodstvo Nogometne zveze Slovenije (NZS) bi si te\u017eko \u017eelelo ve\u010d, kot je dobilo v\u010deraj: predsednik krovne svetovne nogometne hi\u0161e (FIFA) in generalni sekretar evropske zveze (UEFA) sta namre\u010d ob odprtju nacionalnega sredi\u0161\u010da v osr\u010dju kompleksa Brdo nizala le pohvalne besede gostiteljem. Gianni Infantino je bil posredno najbolj vpet v nastajanje nogometnega sredi\u0161\u010da Brdo \u2013 vrsto let kot generalni sekretar UEFA, v\u010deraj kot prvi mo\u017e najmo\u010dnej\u0161e pano\u017ene zveze na svetu. \u00bbV nogometu so pomembne prav besede, ki krasijo stene te \u010dudovite upravne zgradbe \u2013 solidarnost, spo\u0161tovanje in odgovornost. Jaz bi jim dodal \u0161e \u010detrto, ki je nujna za uspeh slehernega projekta: dobro vodenje. Brez predsednika Aleksandra \u010ceferina in tako profesionalne organizacije ne bi bilo tega, kar zdaj gledamo na Brdu. Na to ste lahko ponosni, kot ste lahko ponosni\u00a0&#8230;<\/p>\n","protected":false},"author":1,"featured_media":0,"comment_status":"closed","ping_status":"closed","sticky":false,"template":"","format":"standard","meta":{"footnotes":""},"categories":[1179],"tags":[],"source":[4511],"supertag":[],"acf":[],"yoast_head":"<!-- This site is optimized with the Yoast SEO plugin v21.3 - https:\/\/yoast.com\/wordpress\/plugins\/seo\/ -->\n<title>Infantino na Brdu izzval premiera - Hudo Slovenija<\/title>\n<meta name=\"robots\" content=\"index, follow, max-snippet:-1, max-image-preview:large, max-video-preview:-1\" \/>\n<link rel=\"canonical\" href=\"https:\/\/hudo.com\/si\/aktualno\/infantino-na-brdu-izzval-premiera\/\" \/>\n<meta property=\"og:locale\" content=\"sl_SI\" \/>\n<meta property=\"og:type\" content=\"article\" \/>\n<meta property=\"og:title\" content=\"Infantino na Brdu izzval premiera - Hudo Slovenija\" \/>\n<meta property=\"og:description\" content=\"Kategorija: Nogomet Fri, 06 May 2016 22:15:00 +0200 Brdo pri Kranju \u2013 Vodstvo Nogometne zveze Slovenije (NZS) bi si te\u017eko \u017eelelo ve\u010d, kot je dobilo v\u010deraj: predsednik krovne svetovne nogometne hi\u0161e (FIFA) in generalni sekretar evropske zveze (UEFA) sta namre\u010d ob odprtju nacionalnega sredi\u0161\u010da v osr\u010dju kompleksa Brdo nizala le pohvalne besede gostiteljem. Gianni Infantino je bil posredno najbolj vpet v nastajanje nogometnega sredi\u0161\u010da Brdo \u2013 vrsto let kot generalni sekretar UEFA, v\u010deraj kot prvi mo\u017e najmo\u010dnej\u0161e pano\u017ene zveze na svetu. \u00bbV nogometu so pomembne prav besede, ki krasijo stene te \u010dudovite upravne zgradbe \u2013 solidarnost, spo\u0161tovanje in odgovornost. Jaz bi jim dodal \u0161e \u010detrto, ki je nujna za uspeh slehernega projekta: dobro vodenje. Brez predsednika Aleksandra \u010ceferina in tako profesionalne organizacije ne bi bilo tega, kar zdaj gledamo na Brdu. Na to ste lahko ponosni, kot ste lahko ponosni\u00a0...\" \/>\n<meta property=\"og:url\" content=\"https:\/\/hudo.com\/si\/aktualno\/infantino-na-brdu-izzval-premiera\/\" \/>\n<meta property=\"og:site_name\" content=\"Hudo Slovenija\" \/>\n<meta property=\"article:publisher\" content=\"https:\/\/www.facebook.com\/hudo.si\" \/>\n<meta property=\"article:published_time\" content=\"2016-05-06T18:15:00+00:00\" \/>\n<meta property=\"article:modified_time\" content=\"2016-05-07T03:26:20+00:00\" \/>\n<meta property=\"og:image\" content=\"https:\/\/hudo.com\/si\/wp-content\/uploads\/sites\/2\/2016\/05\/480x290_Zadnja_stran__Delo_Foto_201.17_hires0.jpeg\" \/>\n\t<meta property=\"og:image:width\" content=\"480\" \/>\n\t<meta property=\"og:image:height\" content=\"290\" \/>\n\t<meta property=\"og:image:type\" content=\"image\/jpeg\" \/>\n<meta name=\"author\" content=\"hudo\" \/>\n<meta name=\"twitter:card\" content=\"summary_large_image\" \/>\n<meta name=\"twitter:creator\" content=\"@hudo_si\" \/>\n<meta name=\"twitter:site\" content=\"@hudo_si\" \/>\n<meta name=\"twitter:label1\" content=\"Written by\" \/>\n\t<meta name=\"twitter:data1\" content=\"hudo\" \/>\n\t<meta name=\"twitter:label2\" content=\"Est. reading time\" \/>\n\t<meta name=\"twitter:data2\" content=\"1 minuta\" \/>\n<script type=\"application\/ld+json\" class=\"yoast-schema-graph\">{\"@context\":\"https:\/\/schema.org\",\"@graph\":[{\"@type\":\"Article\",\"@id\":\"https:\/\/hudo.com\/si\/aktualno\/infantino-na-brdu-izzval-premiera\/#article\",\"isPartOf\":{\"@id\":\"https:\/\/hudo.com\/si\/aktualno\/infantino-na-brdu-izzval-premiera\/\"},\"author\":{\"name\":\"hudo\",\"@id\":\"https:\/\/hudo.com\/si\/#\/schema\/person\/601cf3379633985b20f7e50f2bb47707\"},\"headline\":\"Infantino na Brdu izzval premiera\",\"datePublished\":\"2016-05-06T18:15:00+00:00\",\"dateModified\":\"2016-05-07T03:26:20+00:00\",\"mainEntityOfPage\":{\"@id\":\"https:\/\/hudo.com\/si\/aktualno\/infantino-na-brdu-izzval-premiera\/\"},\"wordCount\":149,\"publisher\":{\"@id\":\"https:\/\/hudo.com\/si\/#organization\"},\"articleSection\":[\"Aktualno\"],\"inLanguage\":\"sl-SI\"},{\"@type\":\"WebPage\",\"@id\":\"https:\/\/hudo.com\/si\/aktualno\/infantino-na-brdu-izzval-premiera\/\",\"url\":\"https:\/\/hudo.com\/si\/aktualno\/infantino-na-brdu-izzval-premiera\/\",\"name\":\"Infantino na Brdu izzval premiera - Hudo Slovenija\",\"isPartOf\":{\"@id\":\"https:\/\/hudo.com\/si\/#website\"},\"datePublished\":\"2016-05-06T18:15:00+00:00\",\"dateModified\":\"2016-05-07T03:26:20+00:00\",\"breadcrumb\":{\"@id\":\"https:\/\/hudo.com\/si\/aktualno\/infantino-na-brdu-izzval-premiera\/#breadcrumb\"},\"inLanguage\":\"sl-SI\",\"potentialAction\":[{\"@type\":\"ReadAction\",\"target\":[\"https:\/\/hudo.com\/si\/aktualno\/infantino-na-brdu-izzval-premiera\/\"]}]},{\"@type\":\"BreadcrumbList\",\"@id\":\"https:\/\/hudo.com\/si\/aktualno\/infantino-na-brdu-izzval-premiera\/#breadcrumb\",\"itemListElement\":[{\"@type\":\"ListItem\",\"position\":1,\"name\":\"Home\",\"item\":\"https:\/\/hudo.com\/si\/\"},{\"@type\":\"ListItem\",\"position\":2,\"name\":\"Infantino na Brdu izzval premiera\"}]},{\"@type\":\"WebSite\",\"@id\":\"https:\/\/hudo.com\/si\/#website\",\"url\":\"https:\/\/hudo.com\/si\/\",\"name\":\"Hudo Slovenija\",\"description\":\"Vse novice iz Slovenije in sveta\",\"publisher\":{\"@id\":\"https:\/\/hudo.com\/si\/#organization\"},\"potentialAction\":[{\"@type\":\"SearchAction\",\"target\":{\"@type\":\"EntryPoint\",\"urlTemplate\":\"https:\/\/hudo.com\/si\/?s={search_term_string}\"},\"query-input\":\"required name=search_term_string\"}],\"inLanguage\":\"sl-SI\"},{\"@type\":\"Organization\",\"@id\":\"https:\/\/hudo.com\/si\/#organization\",\"name\":\"VSN Media\",\"url\":\"https:\/\/hudo.com\/si\/\",\"logo\":{\"@type\":\"ImageObject\",\"inLanguage\":\"sl-SI\",\"@id\":\"https:\/\/hudo.com\/si\/#\/schema\/logo\/image\/\",\"url\":\"https:\/\/hudo.com\/si\/wp-content\/uploads\/sites\/2\/2021\/03\/hudo-app-2.png\",\"contentUrl\":\"https:\/\/hudo.com\/si\/wp-content\/uploads\/sites\/2\/2021\/03\/hudo-app-2.png\",\"width\":2185,\"height\":2167,\"caption\":\"VSN Media\"},\"image\":{\"@id\":\"https:\/\/hudo.com\/si\/#\/schema\/logo\/image\/\"},\"sameAs\":[\"https:\/\/www.facebook.com\/hudo.si\",\"https:\/\/twitter.com\/hudo_si\"]},{\"@type\":\"Person\",\"@id\":\"https:\/\/hudo.com\/si\/#\/schema\/person\/601cf3379633985b20f7e50f2bb47707\",\"name\":\"hudo\",\"image\":{\"@type\":\"ImageObject\",\"inLanguage\":\"sl-SI\",\"@id\":\"https:\/\/hudo.com\/si\/#\/schema\/person\/image\/\",\"url\":\"https:\/\/secure.gravatar.com\/avatar\/c4ca25fa72cace7a696b52ff5db9e095?s=96&d=mm&r=g\",\"contentUrl\":\"https:\/\/secure.gravatar.com\/avatar\/c4ca25fa72cace7a696b52ff5db9e095?s=96&d=mm&r=g\",\"caption\":\"hudo\"},\"url\":\"https:\/\/hudo.com\/si\/author\/hudo\/\"}]}<\/script>\n<!-- \/ Yoast SEO plugin. -->","yoast_head_json":{"title":"Infantino na Brdu izzval premiera - Hudo Slovenija","robots":{"index":"index","follow":"follow","max-snippet":"max-snippet:-1","max-image-preview":"max-image-preview:large","max-video-preview":"max-video-preview:-1"},"canonical":"https:\/\/hudo.com\/si\/aktualno\/infantino-na-brdu-izzval-premiera\/","og_locale":"sl_SI","og_type":"article","og_title":"Infantino na Brdu izzval premiera - Hudo Slovenija","og_description":"Kategorija: Nogomet Fri, 06 May 2016 22:15:00 +0200 Brdo pri Kranju \u2013 Vodstvo Nogometne zveze Slovenije (NZS) bi si te\u017eko \u017eelelo ve\u010d, kot je dobilo v\u010deraj: predsednik krovne svetovne nogometne hi\u0161e (FIFA) in generalni sekretar evropske zveze (UEFA) sta namre\u010d ob odprtju nacionalnega sredi\u0161\u010da v osr\u010dju kompleksa Brdo nizala le pohvalne besede gostiteljem. Gianni Infantino je bil posredno najbolj vpet v nastajanje nogometnega sredi\u0161\u010da Brdo \u2013 vrsto let kot generalni sekretar UEFA, v\u010deraj kot prvi mo\u017e najmo\u010dnej\u0161e pano\u017ene zveze na svetu. \u00bbV nogometu so pomembne prav besede, ki krasijo stene te \u010dudovite upravne zgradbe \u2013 solidarnost, spo\u0161tovanje in odgovornost. Jaz bi jim dodal \u0161e \u010detrto, ki je nujna za uspeh slehernega projekta: dobro vodenje. Brez predsednika Aleksandra \u010ceferina in tako profesionalne organizacije ne bi bilo tega, kar zdaj gledamo na Brdu. Na to ste lahko ponosni, kot ste lahko ponosni\u00a0...","og_url":"https:\/\/hudo.com\/si\/aktualno\/infantino-na-brdu-izzval-premiera\/","og_site_name":"Hudo Slovenija","article_publisher":"https:\/\/www.facebook.com\/hudo.si","article_published_time":"2016-05-06T18:15:00+00:00","article_modified_time":"2016-05-07T03:26:20+00:00","og_image":[{"width":480,"height":290,"url":"https:\/\/hudo.com\/si\/wp-content\/uploads\/sites\/2\/2016\/05\/480x290_Zadnja_stran__Delo_Foto_201.17_hires0.jpeg","type":"image\/jpeg"}],"author":"hudo","twitter_card":"summary_large_image","twitter_creator":"@hudo_si","twitter_site":"@hudo_si","twitter_misc":{"Written by":"hudo","Est. reading time":"1 minuta"},"schema":{"@context":"https:\/\/schema.org","@graph":[{"@type":"Article","@id":"https:\/\/hudo.com\/si\/aktualno\/infantino-na-brdu-izzval-premiera\/#article","isPartOf":{"@id":"https:\/\/hudo.com\/si\/aktualno\/infantino-na-brdu-izzval-premiera\/"},"author":{"name":"hudo","@id":"https:\/\/hudo.com\/si\/#\/schema\/person\/601cf3379633985b20f7e50f2bb47707"},"headline":"Infantino na Brdu izzval premiera","datePublished":"2016-05-06T18:15:00+00:00","dateModified":"2016-05-07T03:26:20+00:00","mainEntityOfPage":{"@id":"https:\/\/hudo.com\/si\/aktualno\/infantino-na-brdu-izzval-premiera\/"},"wordCount":149,"publisher":{"@id":"https:\/\/hudo.com\/si\/#organization"},"articleSection":["Aktualno"],"inLanguage":"sl-SI"},{"@type":"WebPage","@id":"https:\/\/hudo.com\/si\/aktualno\/infantino-na-brdu-izzval-premiera\/","url":"https:\/\/hudo.com\/si\/aktualno\/infantino-na-brdu-izzval-premiera\/","name":"Infantino na Brdu izzval premiera - Hudo Slovenija","isPartOf":{"@id":"https:\/\/hudo.com\/si\/#website"},"datePublished":"2016-05-06T18:15:00+00:00","dateModified":"2016-05-07T03:26:20+00:00","breadcrumb":{"@id":"https:\/\/hudo.com\/si\/aktualno\/infantino-na-brdu-izzval-premiera\/#breadcrumb"},"inLanguage":"sl-SI","potentialAction":[{"@type":"ReadAction","target":["https:\/\/hudo.com\/si\/aktualno\/infantino-na-brdu-izzval-premiera\/"]}]},{"@type":"BreadcrumbList","@id":"https:\/\/hudo.com\/si\/aktualno\/infantino-na-brdu-izzval-premiera\/#breadcrumb","itemListElement":[{"@type":"ListItem","position":1,"name":"Home","item":"https:\/\/hudo.com\/si\/"},{"@type":"ListItem","position":2,"name":"Infantino na Brdu izzval premiera"}]},{"@type":"WebSite","@id":"https:\/\/hudo.com\/si\/#website","url":"https:\/\/hudo.com\/si\/","name":"Hudo Slovenija","description":"Vse novice iz Slovenije in sveta","publisher":{"@id":"https:\/\/hudo.com\/si\/#organization"},"potentialAction":[{"@type":"SearchAction","target":{"@type":"EntryPoint","urlTemplate":"https:\/\/hudo.com\/si\/?s={search_term_string}"},"query-input":"required name=search_term_string"}],"inLanguage":"sl-SI"},{"@type":"Organization","@id":"https:\/\/hudo.com\/si\/#organization","name":"VSN Media","url":"https:\/\/hudo.com\/si\/","logo":{"@type":"ImageObject","inLanguage":"sl-SI","@id":"https:\/\/hudo.com\/si\/#\/schema\/logo\/image\/","url":"https:\/\/hudo.com\/si\/wp-content\/uploads\/sites\/2\/2021\/03\/hudo-app-2.png","contentUrl":"https:\/\/hudo.com\/si\/wp-content\/uploads\/sites\/2\/2021\/03\/hudo-app-2.png","width":2185,"height":2167,"caption":"VSN Media"},"image":{"@id":"https:\/\/hudo.com\/si\/#\/schema\/logo\/image\/"},"sameAs":["https:\/\/www.facebook.com\/hudo.si","https:\/\/twitter.com\/hudo_si"]},{"@type":"Person","@id":"https:\/\/hudo.com\/si\/#\/schema\/person\/601cf3379633985b20f7e50f2bb47707","name":"hudo","image":{"@type":"ImageObject","inLanguage":"sl-SI","@id":"https:\/\/hudo.com\/si\/#\/schema\/person\/image\/","url":"https:\/\/secure.gravatar.com\/avatar\/c4ca25fa72cace7a696b52ff5db9e095?s=96&d=mm&r=g","contentUrl":"https:\/\/secure.gravatar.com\/avatar\/c4ca25fa72cace7a696b52ff5db9e095?s=96&d=mm&r=g","caption":"hudo"},"url":"https:\/\/hudo.com\/si\/author\/hudo\/"}]}},"amp_enabled":true,"_links":{"self":[{"href":"https:\/\/hudo.com\/si\/wp-json\/wp\/v2\/posts\/47204"}],"collection":[{"href":"https:\/\/hudo.com\/si\/wp-json\/wp\/v2\/posts"}],"about":[{"href":"https:\/\/hudo.com\/si\/wp-json\/wp\/v2\/types\/post"}],"author":[{"embeddable":true,"href":"https:\/\/hudo.com\/si\/wp-json\/wp\/v2\/users\/1"}],"replies":[{"embeddable":true,"href":"https:\/\/hudo.com\/si\/wp-json\/wp\/v2\/comments?post=47204"}],"version-history":[{"count":1,"href":"https:\/\/hudo.com\/si\/wp-json\/wp\/v2\/posts\/47204\/revisions"}],"predecessor-version":[{"id":47274,"href":"https:\/\/hudo.com\/si\/wp-json\/wp\/v2\/posts\/47204\/revisions\/47274"}],"wp:attachment":[{"href":"https:\/\/hudo.com\/si\/wp-json\/wp\/v2\/media?parent=47204"}],"wp:term":[{"taxonomy":"category","embeddable":true,"href":"https:\/\/hudo.com\/si\/wp-json\/wp\/v2\/categories?post=47204"},{"taxonomy":"post_tag","embeddable":true,"href":"https:\/\/hudo.com\/si\/wp-json\/wp\/v2\/tags?post=47204"},{"taxonomy":"source","embeddable":true,"href":"https:\/\/hudo.com\/si\/wp-json\/wp\/v2\/source?post=47204"},{"taxonomy":"supertag","embeddable":true,"href":"https:\/\/hudo.com\/si\/wp-json\/wp\/v2\/supertag?post=47204"}],"curies":[{"name":"wp","href":"https:\/\/api.w.org\/{rel}","templated":true}]}}