{"id":47219,"date":"2016-05-06T18:21:00","date_gmt":"2016-05-06T16:21:00","guid":{"rendered":"http:\/\/hudo.com\/si\/2016\/05\/06\/video-gal-jakic-letos-na-teku-wings-for-life-z-zeno-nino-naslednjic-ze-s-sinom\/"},"modified":"2016-05-09T11:56:24","modified_gmt":"2016-05-09T09:56:24","slug":"video-gal-jakic-letos-na-teku-wings-for-life-z-zeno-nino-naslednjic-ze-s-sinom","status":"publish","type":"post","link":"https:\/\/hudo.com\/si\/aktualno\/video-gal-jakic-letos-na-teku-wings-for-life-z-zeno-nino-naslednjic-ze-s-sinom\/","title":{"rendered":"[VIDEO] Gal Jaki\u010d letos na teku Wings for life z \u017eeno Nino, naslednji\u010d \u017ee s sinom"},"content":{"rendered":"<p>V nedeljo se bodo teka\u010di udele\u017eili edinstvenega dobrodelnega teka\u0161kega dogodka Wings for Life World Run. Na 34-ih lokacijah po vsem svetu bodo teka\u010di zbirali denar za raziskave po\u0161kodb hrbtenja\u010de. Tekli bodo vsi, od za\u010detnikov do predanih \u0161portnikov in tekmovalcev na invalidskih vozi\u010dkih. Tudi Gal Jaki\u010d in njegova \u017eena Nina. Za seboj imata te\u017eko \u017eivljenjsko zgodbo, a sta vse izzive premagala skupaj. V nedeljo bosta skupaj premagala tudi ta izziv. Gal drugi\u010d, Nina prvi\u010d.<\/p>\n","protected":false},"excerpt":{"rendered":"<p>V nedeljo se bodo teka\u010di udele\u017eili edinstvenega dobrodelnega teka\u0161kega dogodka Wings for Life World Run. Na 34-ih lokacijah po vsem svetu bodo teka\u010di zbirali denar za raziskave po\u0161kodb hrbtenja\u010de. Tekli bodo vsi, od za\u010detnikov do predanih \u0161portnikov in tekmovalcev na invalidskih vozi\u010dkih. Tudi Gal Jaki\u010d in njegova \u017eena Nina. Za seboj imata te\u017eko \u017eivljenjsko zgodbo, a sta vse izzive premagala skupaj. V nedeljo bosta skupaj premagala tudi ta izziv. Gal drugi\u010d, Nina prvi\u010d.<\/p>\n","protected":false},"author":1,"featured_media":0,"comment_status":"closed","ping_status":"closed","sticky":false,"template":"","format":"standard","meta":{"footnotes":""},"categories":[1179],"tags":[],"source":[1706],"supertag":[],"acf":[],"yoast_head":"<!-- This site is optimized with the Yoast SEO plugin v21.3 - https:\/\/yoast.com\/wordpress\/plugins\/seo\/ -->\n<title>[VIDEO] Gal Jaki\u010d letos na teku Wings for life z \u017eeno Nino, naslednji\u010d \u017ee s sinom - Hudo Slovenija<\/title>\n<meta name=\"robots\" content=\"index, follow, max-snippet:-1, max-image-preview:large, max-video-preview:-1\" \/>\n<link rel=\"canonical\" href=\"https:\/\/hudo.com\/si\/aktualno\/video-gal-jakic-letos-na-teku-wings-for-life-z-zeno-nino-naslednjic-ze-s-sinom\/\" \/>\n<meta property=\"og:locale\" content=\"sl_SI\" \/>\n<meta property=\"og:type\" content=\"article\" \/>\n<meta property=\"og:title\" content=\"[VIDEO] Gal Jaki\u010d letos na teku Wings for life z \u017eeno Nino, naslednji\u010d \u017ee s sinom - Hudo Slovenija\" \/>\n<meta property=\"og:description\" content=\"V nedeljo se bodo teka\u010di udele\u017eili edinstvenega dobrodelnega teka\u0161kega dogodka Wings for Life World Run. Na 34-ih lokacijah po vsem svetu bodo teka\u010di zbirali denar za raziskave po\u0161kodb hrbtenja\u010de. Tekli bodo vsi, od za\u010detnikov do predanih \u0161portnikov in tekmovalcev na invalidskih vozi\u010dkih. Tudi Gal Jaki\u010d in njegova \u017eena Nina. Za seboj imata te\u017eko \u017eivljenjsko zgodbo, a sta vse izzive premagala skupaj. V nedeljo bosta skupaj premagala tudi ta izziv. Gal drugi\u010d, Nina prvi\u010d.\" \/>\n<meta property=\"og:url\" content=\"https:\/\/hudo.com\/si\/aktualno\/video-gal-jakic-letos-na-teku-wings-for-life-z-zeno-nino-naslednjic-ze-s-sinom\/\" \/>\n<meta property=\"og:site_name\" content=\"Hudo Slovenija\" \/>\n<meta property=\"article:publisher\" content=\"https:\/\/www.facebook.com\/hudo.si\" \/>\n<meta property=\"article:published_time\" content=\"2016-05-06T16:21:00+00:00\" \/>\n<meta property=\"article:modified_time\" content=\"2016-05-09T09:56:24+00:00\" \/>\n<meta property=\"og:image\" content=\"https:\/\/hudo.com\/si\/wp-content\/uploads\/sites\/2\/2016\/05\/058571SBcOO.jpg\" \/>\n\t<meta property=\"og:image:width\" content=\"504\" \/>\n\t<meta property=\"og:image:height\" content=\"284\" \/>\n\t<meta property=\"og:image:type\" content=\"image\/jpeg\" \/>\n<meta name=\"author\" content=\"hudo\" \/>\n<meta name=\"twitter:card\" content=\"summary_large_image\" \/>\n<meta name=\"twitter:creator\" content=\"@hudo_si\" \/>\n<meta name=\"twitter:site\" content=\"@hudo_si\" \/>\n<meta name=\"twitter:label1\" content=\"Written by\" \/>\n\t<meta name=\"twitter:data1\" content=\"hudo\" \/>\n<script type=\"application\/ld+json\" class=\"yoast-schema-graph\">{\"@context\":\"https:\/\/schema.org\",\"@graph\":[{\"@type\":\"Article\",\"@id\":\"https:\/\/hudo.com\/si\/aktualno\/video-gal-jakic-letos-na-teku-wings-for-life-z-zeno-nino-naslednjic-ze-s-sinom\/#article\",\"isPartOf\":{\"@id\":\"https:\/\/hudo.com\/si\/aktualno\/video-gal-jakic-letos-na-teku-wings-for-life-z-zeno-nino-naslednjic-ze-s-sinom\/\"},\"author\":{\"name\":\"hudo\",\"@id\":\"https:\/\/hudo.com\/si\/#\/schema\/person\/601cf3379633985b20f7e50f2bb47707\"},\"headline\":\"[VIDEO] Gal Jaki\u010d letos na teku Wings for life z \u017eeno Nino, naslednji\u010d \u017ee s sinom\",\"datePublished\":\"2016-05-06T16:21:00+00:00\",\"dateModified\":\"2016-05-09T09:56:24+00:00\",\"mainEntityOfPage\":{\"@id\":\"https:\/\/hudo.com\/si\/aktualno\/video-gal-jakic-letos-na-teku-wings-for-life-z-zeno-nino-naslednjic-ze-s-sinom\/\"},\"wordCount\":98,\"publisher\":{\"@id\":\"https:\/\/hudo.com\/si\/#organization\"},\"articleSection\":[\"Aktualno\"],\"inLanguage\":\"sl-SI\"},{\"@type\":\"WebPage\",\"@id\":\"https:\/\/hudo.com\/si\/aktualno\/video-gal-jakic-letos-na-teku-wings-for-life-z-zeno-nino-naslednjic-ze-s-sinom\/\",\"url\":\"https:\/\/hudo.com\/si\/aktualno\/video-gal-jakic-letos-na-teku-wings-for-life-z-zeno-nino-naslednjic-ze-s-sinom\/\",\"name\":\"[VIDEO] Gal Jaki\u010d letos na teku Wings for life z \u017eeno Nino, naslednji\u010d \u017ee s sinom - Hudo Slovenija\",\"isPartOf\":{\"@id\":\"https:\/\/hudo.com\/si\/#website\"},\"datePublished\":\"2016-05-06T16:21:00+00:00\",\"dateModified\":\"2016-05-09T09:56:24+00:00\",\"breadcrumb\":{\"@id\":\"https:\/\/hudo.com\/si\/aktualno\/video-gal-jakic-letos-na-teku-wings-for-life-z-zeno-nino-naslednjic-ze-s-sinom\/#breadcrumb\"},\"inLanguage\":\"sl-SI\",\"potentialAction\":[{\"@type\":\"ReadAction\",\"target\":[\"https:\/\/hudo.com\/si\/aktualno\/video-gal-jakic-letos-na-teku-wings-for-life-z-zeno-nino-naslednjic-ze-s-sinom\/\"]}]},{\"@type\":\"BreadcrumbList\",\"@id\":\"https:\/\/hudo.com\/si\/aktualno\/video-gal-jakic-letos-na-teku-wings-for-life-z-zeno-nino-naslednjic-ze-s-sinom\/#breadcrumb\",\"itemListElement\":[{\"@type\":\"ListItem\",\"position\":1,\"name\":\"Home\",\"item\":\"https:\/\/hudo.com\/si\/\"},{\"@type\":\"ListItem\",\"position\":2,\"name\":\"[VIDEO] Gal Jaki\u010d letos na teku Wings for life z \u017eeno Nino, naslednji\u010d \u017ee s sinom\"}]},{\"@type\":\"WebSite\",\"@id\":\"https:\/\/hudo.com\/si\/#website\",\"url\":\"https:\/\/hudo.com\/si\/\",\"name\":\"Hudo Slovenija\",\"description\":\"Vse novice iz Slovenije in sveta\",\"publisher\":{\"@id\":\"https:\/\/hudo.com\/si\/#organization\"},\"potentialAction\":[{\"@type\":\"SearchAction\",\"target\":{\"@type\":\"EntryPoint\",\"urlTemplate\":\"https:\/\/hudo.com\/si\/?s={search_term_string}\"},\"query-input\":\"required name=search_term_string\"}],\"inLanguage\":\"sl-SI\"},{\"@type\":\"Organization\",\"@id\":\"https:\/\/hudo.com\/si\/#organization\",\"name\":\"VSN Media\",\"url\":\"https:\/\/hudo.com\/si\/\",\"logo\":{\"@type\":\"ImageObject\",\"inLanguage\":\"sl-SI\",\"@id\":\"https:\/\/hudo.com\/si\/#\/schema\/logo\/image\/\",\"url\":\"https:\/\/hudo.com\/si\/wp-content\/uploads\/sites\/2\/2021\/03\/hudo-app-2.png\",\"contentUrl\":\"https:\/\/hudo.com\/si\/wp-content\/uploads\/sites\/2\/2021\/03\/hudo-app-2.png\",\"width\":2185,\"height\":2167,\"caption\":\"VSN Media\"},\"image\":{\"@id\":\"https:\/\/hudo.com\/si\/#\/schema\/logo\/image\/\"},\"sameAs\":[\"https:\/\/www.facebook.com\/hudo.si\",\"https:\/\/twitter.com\/hudo_si\"]},{\"@type\":\"Person\",\"@id\":\"https:\/\/hudo.com\/si\/#\/schema\/person\/601cf3379633985b20f7e50f2bb47707\",\"name\":\"hudo\",\"image\":{\"@type\":\"ImageObject\",\"inLanguage\":\"sl-SI\",\"@id\":\"https:\/\/hudo.com\/si\/#\/schema\/person\/image\/\",\"url\":\"https:\/\/secure.gravatar.com\/avatar\/c4ca25fa72cace7a696b52ff5db9e095?s=96&d=mm&r=g\",\"contentUrl\":\"https:\/\/secure.gravatar.com\/avatar\/c4ca25fa72cace7a696b52ff5db9e095?s=96&d=mm&r=g\",\"caption\":\"hudo\"},\"url\":\"https:\/\/hudo.com\/si\/author\/hudo\/\"}]}<\/script>\n<!-- \/ Yoast SEO plugin. -->","yoast_head_json":{"title":"[VIDEO] Gal Jaki\u010d letos na teku Wings for life z \u017eeno Nino, naslednji\u010d \u017ee s sinom - Hudo Slovenija","robots":{"index":"index","follow":"follow","max-snippet":"max-snippet:-1","max-image-preview":"max-image-preview:large","max-video-preview":"max-video-preview:-1"},"canonical":"https:\/\/hudo.com\/si\/aktualno\/video-gal-jakic-letos-na-teku-wings-for-life-z-zeno-nino-naslednjic-ze-s-sinom\/","og_locale":"sl_SI","og_type":"article","og_title":"[VIDEO] Gal Jaki\u010d letos na teku Wings for life z \u017eeno Nino, naslednji\u010d \u017ee s sinom - Hudo Slovenija","og_description":"V nedeljo se bodo teka\u010di udele\u017eili edinstvenega dobrodelnega teka\u0161kega dogodka Wings for Life World Run. Na 34-ih lokacijah po vsem svetu bodo teka\u010di zbirali denar za raziskave po\u0161kodb hrbtenja\u010de. Tekli bodo vsi, od za\u010detnikov do predanih \u0161portnikov in tekmovalcev na invalidskih vozi\u010dkih. Tudi Gal Jaki\u010d in njegova \u017eena Nina. Za seboj imata te\u017eko \u017eivljenjsko zgodbo, a sta vse izzive premagala skupaj. V nedeljo bosta skupaj premagala tudi ta izziv. Gal drugi\u010d, Nina prvi\u010d.","og_url":"https:\/\/hudo.com\/si\/aktualno\/video-gal-jakic-letos-na-teku-wings-for-life-z-zeno-nino-naslednjic-ze-s-sinom\/","og_site_name":"Hudo Slovenija","article_publisher":"https:\/\/www.facebook.com\/hudo.si","article_published_time":"2016-05-06T16:21:00+00:00","article_modified_time":"2016-05-09T09:56:24+00:00","og_image":[{"width":504,"height":284,"url":"https:\/\/hudo.com\/si\/wp-content\/uploads\/sites\/2\/2016\/05\/058571SBcOO.jpg","type":"image\/jpeg"}],"author":"hudo","twitter_card":"summary_large_image","twitter_creator":"@hudo_si","twitter_site":"@hudo_si","twitter_misc":{"Written by":"hudo"},"schema":{"@context":"https:\/\/schema.org","@graph":[{"@type":"Article","@id":"https:\/\/hudo.com\/si\/aktualno\/video-gal-jakic-letos-na-teku-wings-for-life-z-zeno-nino-naslednjic-ze-s-sinom\/#article","isPartOf":{"@id":"https:\/\/hudo.com\/si\/aktualno\/video-gal-jakic-letos-na-teku-wings-for-life-z-zeno-nino-naslednjic-ze-s-sinom\/"},"author":{"name":"hudo","@id":"https:\/\/hudo.com\/si\/#\/schema\/person\/601cf3379633985b20f7e50f2bb47707"},"headline":"[VIDEO] Gal Jaki\u010d letos na teku Wings for life z \u017eeno Nino, naslednji\u010d \u017ee s sinom","datePublished":"2016-05-06T16:21:00+00:00","dateModified":"2016-05-09T09:56:24+00:00","mainEntityOfPage":{"@id":"https:\/\/hudo.com\/si\/aktualno\/video-gal-jakic-letos-na-teku-wings-for-life-z-zeno-nino-naslednjic-ze-s-sinom\/"},"wordCount":98,"publisher":{"@id":"https:\/\/hudo.com\/si\/#organization"},"articleSection":["Aktualno"],"inLanguage":"sl-SI"},{"@type":"WebPage","@id":"https:\/\/hudo.com\/si\/aktualno\/video-gal-jakic-letos-na-teku-wings-for-life-z-zeno-nino-naslednjic-ze-s-sinom\/","url":"https:\/\/hudo.com\/si\/aktualno\/video-gal-jakic-letos-na-teku-wings-for-life-z-zeno-nino-naslednjic-ze-s-sinom\/","name":"[VIDEO] Gal Jaki\u010d letos na teku Wings for life z \u017eeno Nino, naslednji\u010d \u017ee s sinom - Hudo Slovenija","isPartOf":{"@id":"https:\/\/hudo.com\/si\/#website"},"datePublished":"2016-05-06T16:21:00+00:00","dateModified":"2016-05-09T09:56:24+00:00","breadcrumb":{"@id":"https:\/\/hudo.com\/si\/aktualno\/video-gal-jakic-letos-na-teku-wings-for-life-z-zeno-nino-naslednjic-ze-s-sinom\/#breadcrumb"},"inLanguage":"sl-SI","potentialAction":[{"@type":"ReadAction","target":["https:\/\/hudo.com\/si\/aktualno\/video-gal-jakic-letos-na-teku-wings-for-life-z-zeno-nino-naslednjic-ze-s-sinom\/"]}]},{"@type":"BreadcrumbList","@id":"https:\/\/hudo.com\/si\/aktualno\/video-gal-jakic-letos-na-teku-wings-for-life-z-zeno-nino-naslednjic-ze-s-sinom\/#breadcrumb","itemListElement":[{"@type":"ListItem","position":1,"name":"Home","item":"https:\/\/hudo.com\/si\/"},{"@type":"ListItem","position":2,"name":"[VIDEO] Gal Jaki\u010d letos na teku Wings for life z \u017eeno Nino, naslednji\u010d \u017ee s sinom"}]},{"@type":"WebSite","@id":"https:\/\/hudo.com\/si\/#website","url":"https:\/\/hudo.com\/si\/","name":"Hudo Slovenija","description":"Vse novice iz Slovenije in sveta","publisher":{"@id":"https:\/\/hudo.com\/si\/#organization"},"potentialAction":[{"@type":"SearchAction","target":{"@type":"EntryPoint","urlTemplate":"https:\/\/hudo.com\/si\/?s={search_term_string}"},"query-input":"required name=search_term_string"}],"inLanguage":"sl-SI"},{"@type":"Organization","@id":"https:\/\/hudo.com\/si\/#organization","name":"VSN Media","url":"https:\/\/hudo.com\/si\/","logo":{"@type":"ImageObject","inLanguage":"sl-SI","@id":"https:\/\/hudo.com\/si\/#\/schema\/logo\/image\/","url":"https:\/\/hudo.com\/si\/wp-content\/uploads\/sites\/2\/2021\/03\/hudo-app-2.png","contentUrl":"https:\/\/hudo.com\/si\/wp-content\/uploads\/sites\/2\/2021\/03\/hudo-app-2.png","width":2185,"height":2167,"caption":"VSN Media"},"image":{"@id":"https:\/\/hudo.com\/si\/#\/schema\/logo\/image\/"},"sameAs":["https:\/\/www.facebook.com\/hudo.si","https:\/\/twitter.com\/hudo_si"]},{"@type":"Person","@id":"https:\/\/hudo.com\/si\/#\/schema\/person\/601cf3379633985b20f7e50f2bb47707","name":"hudo","image":{"@type":"ImageObject","inLanguage":"sl-SI","@id":"https:\/\/hudo.com\/si\/#\/schema\/person\/image\/","url":"https:\/\/secure.gravatar.com\/avatar\/c4ca25fa72cace7a696b52ff5db9e095?s=96&d=mm&r=g","contentUrl":"https:\/\/secure.gravatar.com\/avatar\/c4ca25fa72cace7a696b52ff5db9e095?s=96&d=mm&r=g","caption":"hudo"},"url":"https:\/\/hudo.com\/si\/author\/hudo\/"}]}},"amp_enabled":true,"_links":{"self":[{"href":"https:\/\/hudo.com\/si\/wp-json\/wp\/v2\/posts\/47219"}],"collection":[{"href":"https:\/\/hudo.com\/si\/wp-json\/wp\/v2\/posts"}],"about":[{"href":"https:\/\/hudo.com\/si\/wp-json\/wp\/v2\/types\/post"}],"author":[{"embeddable":true,"href":"https:\/\/hudo.com\/si\/wp-json\/wp\/v2\/users\/1"}],"replies":[{"embeddable":true,"href":"https:\/\/hudo.com\/si\/wp-json\/wp\/v2\/comments?post=47219"}],"version-history":[{"count":1,"href":"https:\/\/hudo.com\/si\/wp-json\/wp\/v2\/posts\/47219\/revisions"}],"predecessor-version":[{"id":47280,"href":"https:\/\/hudo.com\/si\/wp-json\/wp\/v2\/posts\/47219\/revisions\/47280"}],"wp:attachment":[{"href":"https:\/\/hudo.com\/si\/wp-json\/wp\/v2\/media?parent=47219"}],"wp:term":[{"taxonomy":"category","embeddable":true,"href":"https:\/\/hudo.com\/si\/wp-json\/wp\/v2\/categories?post=47219"},{"taxonomy":"post_tag","embeddable":true,"href":"https:\/\/hudo.com\/si\/wp-json\/wp\/v2\/tags?post=47219"},{"taxonomy":"source","embeddable":true,"href":"https:\/\/hudo.com\/si\/wp-json\/wp\/v2\/source?post=47219"},{"taxonomy":"supertag","embeddable":true,"href":"https:\/\/hudo.com\/si\/wp-json\/wp\/v2\/supertag?post=47219"}],"curies":[{"name":"wp","href":"https:\/\/api.w.org\/{rel}","templated":true}]}}