{"id":472748,"date":"2022-09-17T08:30:54","date_gmt":"2022-09-17T06:30:54","guid":{"rendered":"https:\/\/hudo.com\/si\/?p=472748"},"modified":"2022-09-17T08:30:54","modified_gmt":"2022-09-17T06:30:54","slug":"v-beogradu-danes-parada-ponosa-kljub-nasprotovanju-pravoslavne-cerkve-in-vlade","status":"publish","type":"post","link":"https:\/\/hudo.com\/si\/aktualno\/svet\/v-beogradu-danes-parada-ponosa-kljub-nasprotovanju-pravoslavne-cerkve-in-vlade\/","title":{"rendered":"V Beogradu danes Parada ponosa kljub nasprotovanju pravoslavne cerkve in vlade"},"content":{"rendered":"<p>&#8220;Vztrajamo pri tem, da Europride poteka v formatu, ki smo ga predvideli,&#8221; so v petek po poro\u010danju portala srbske televizije N1 napovedali organizatorji. Poudarili so, da od za\u010detka Europrida v ponedeljek ni bilo nobenega incidenta.<\/p>\n<p>Vu\u010di\u0107 je v petek menil, da parade ne bo, in dodal, da se s to temo no\u010de ukvarjati. &#8220;Prosili smo jih, da tokrat nimajo sprevoda, oni pa so \u017ealili (srbsko premierko) Ano Brnabi\u0107, da je bednica,&#8221; je izjavil za srbsko televizijo Pink.<\/p>\n<p>Organizatorji so se po torkovi odlo\u010ditvi ministrstva za notranje zadeve, da prepove parado, prito\u017eili na upravno sodi\u0161\u010de in dr\u017eavno to\u017eilstvo, a so po njihovih besedah &#8220;dobili dve klofuti pravosodnih institucij&#8221;.<\/p>\n<p>Dodali so, da so na ministrstvo za notranje zadeve \u0161e enkrat prijavili sprevod, ki bo &#8220;malo druga\u010den od tega, kar smo \u017eeleli prej&#8221;. Parado je javno podprlo ve\u010d kot 20 veleposlani\u0161tev, vklju\u010dno z ameri\u0161kim in slovenskim.<\/p>\n<p>Organizatorji na paradi pri\u010dakujejo okoli 15.000 udele\u017eencev, med katerimi naj bi bilo tudi 60 politikov in predstavnikov tujih organizacij. Udele\u017ebo so med drugim potrdili evropska komisarka za enakost Helena Dalli in 15 evropskih poslancev, &#8220;svoj prihod v neki obliki&#8221; pa je napovedal tudi ameri\u0161ki veleposlanik v Beogradu Christopher Hill, pi\u0161e srbski \u010dasnik Blic.<\/p>\n","protected":false},"excerpt":{"rendered":"<p>V srbski prestolnici bo danes ob 16. uri potekala Parada ponosa v sklopu Europrida 2022. Parada bo potekala kljub prepovedi srbskega ministrstva za notranje zadeve, a po drugi poti od prvotno na\u010drtovane, so sporo\u010dili organizatorji. Srbski predsednik Aleksandar Vu\u010di\u0107 je izrazil pri\u010dakovanje, da bodo organizatorji spo\u0161tovali odlo\u010ditev ministrstva.<\/p>\n","protected":false},"author":7,"featured_media":472539,"comment_status":"closed","ping_status":"closed","sticky":false,"template":"","format":"standard","meta":{"footnotes":""},"categories":[18202],"tags":[3818,6520],"source":[4511],"supertag":[],"acf":[],"yoast_head":"<!-- This site is optimized with the Yoast SEO plugin v21.3 - https:\/\/yoast.com\/wordpress\/plugins\/seo\/ -->\n<title>V Beogradu danes Parada ponosa kljub nasprotovanju pravoslavne cerkve in vlade - Hudo Slovenija<\/title>\n<meta name=\"robots\" content=\"index, follow, max-snippet:-1, max-image-preview:large, max-video-preview:-1\" \/>\n<link rel=\"canonical\" href=\"https:\/\/hudo.com\/si\/aktualno\/svet\/v-beogradu-danes-parada-ponosa-kljub-nasprotovanju-pravoslavne-cerkve-in-vlade\/\" \/>\n<meta property=\"og:locale\" content=\"sl_SI\" \/>\n<meta property=\"og:type\" content=\"article\" \/>\n<meta property=\"og:title\" content=\"V Beogradu danes Parada ponosa kljub nasprotovanju pravoslavne cerkve in vlade - Hudo Slovenija\" \/>\n<meta property=\"og:description\" content=\"V srbski prestolnici bo danes ob 16. uri potekala Parada ponosa v sklopu Europrida 2022. Parada bo potekala kljub prepovedi srbskega ministrstva za notranje zadeve, a po drugi poti od prvotno na\u010drtovane, so sporo\u010dili organizatorji. Srbski predsednik Aleksandar Vu\u010di\u0107 je izrazil pri\u010dakovanje, da bodo organizatorji spo\u0161tovali odlo\u010ditev ministrstva.\" \/>\n<meta property=\"og:url\" content=\"https:\/\/hudo.com\/si\/aktualno\/svet\/v-beogradu-danes-parada-ponosa-kljub-nasprotovanju-pravoslavne-cerkve-in-vlade\/\" \/>\n<meta property=\"og:site_name\" content=\"Hudo Slovenija\" \/>\n<meta property=\"article:publisher\" content=\"https:\/\/www.facebook.com\/hudo.si\" \/>\n<meta property=\"article:published_time\" content=\"2022-09-17T06:30:54+00:00\" \/>\n<meta property=\"og:image\" content=\"https:\/\/hudo.com\/si\/wp-content\/uploads\/sites\/2\/2022\/09\/profimedia-0717326789.jpg\" \/>\n\t<meta property=\"og:image:width\" content=\"1250\" \/>\n\t<meta property=\"og:image:height\" content=\"672\" \/>\n\t<meta property=\"og:image:type\" content=\"image\/jpeg\" \/>\n<meta name=\"author\" content=\"A. P., STA\" \/>\n<meta name=\"twitter:card\" content=\"summary_large_image\" \/>\n<meta name=\"twitter:creator\" content=\"@hudo_si\" \/>\n<meta name=\"twitter:site\" content=\"@hudo_si\" \/>\n<meta name=\"twitter:label1\" content=\"Written by\" \/>\n\t<meta name=\"twitter:data1\" content=\"A. P., STA\" \/>\n\t<meta name=\"twitter:label2\" content=\"Est. reading time\" \/>\n\t<meta name=\"twitter:data2\" content=\"1 minuta\" \/>\n<script type=\"application\/ld+json\" class=\"yoast-schema-graph\">{\"@context\":\"https:\/\/schema.org\",\"@graph\":[{\"@type\":\"Article\",\"@id\":\"https:\/\/hudo.com\/si\/aktualno\/svet\/v-beogradu-danes-parada-ponosa-kljub-nasprotovanju-pravoslavne-cerkve-in-vlade\/#article\",\"isPartOf\":{\"@id\":\"https:\/\/hudo.com\/si\/aktualno\/svet\/v-beogradu-danes-parada-ponosa-kljub-nasprotovanju-pravoslavne-cerkve-in-vlade\/\"},\"author\":{\"name\":\"A. P., STA\",\"@id\":\"https:\/\/hudo.com\/si\/#\/schema\/person\/18f09c02475ba9e606e941a565b80cff\"},\"headline\":\"V Beogradu danes Parada ponosa kljub nasprotovanju pravoslavne cerkve in vlade\",\"datePublished\":\"2022-09-17T06:30:54+00:00\",\"dateModified\":\"2022-09-17T06:30:54+00:00\",\"mainEntityOfPage\":{\"@id\":\"https:\/\/hudo.com\/si\/aktualno\/svet\/v-beogradu-danes-parada-ponosa-kljub-nasprotovanju-pravoslavne-cerkve-in-vlade\/\"},\"wordCount\":221,\"publisher\":{\"@id\":\"https:\/\/hudo.com\/si\/#organization\"},\"keywords\":[\"beograd\",\"desni\u010darski skrajne\u017ei\"],\"articleSection\":[\"Svet\"],\"inLanguage\":\"sl-SI\"},{\"@type\":\"WebPage\",\"@id\":\"https:\/\/hudo.com\/si\/aktualno\/svet\/v-beogradu-danes-parada-ponosa-kljub-nasprotovanju-pravoslavne-cerkve-in-vlade\/\",\"url\":\"https:\/\/hudo.com\/si\/aktualno\/svet\/v-beogradu-danes-parada-ponosa-kljub-nasprotovanju-pravoslavne-cerkve-in-vlade\/\",\"name\":\"V Beogradu danes Parada ponosa kljub nasprotovanju pravoslavne cerkve in vlade - Hudo Slovenija\",\"isPartOf\":{\"@id\":\"https:\/\/hudo.com\/si\/#website\"},\"datePublished\":\"2022-09-17T06:30:54+00:00\",\"dateModified\":\"2022-09-17T06:30:54+00:00\",\"breadcrumb\":{\"@id\":\"https:\/\/hudo.com\/si\/aktualno\/svet\/v-beogradu-danes-parada-ponosa-kljub-nasprotovanju-pravoslavne-cerkve-in-vlade\/#breadcrumb\"},\"inLanguage\":\"sl-SI\",\"potentialAction\":[{\"@type\":\"ReadAction\",\"target\":[\"https:\/\/hudo.com\/si\/aktualno\/svet\/v-beogradu-danes-parada-ponosa-kljub-nasprotovanju-pravoslavne-cerkve-in-vlade\/\"]}]},{\"@type\":\"BreadcrumbList\",\"@id\":\"https:\/\/hudo.com\/si\/aktualno\/svet\/v-beogradu-danes-parada-ponosa-kljub-nasprotovanju-pravoslavne-cerkve-in-vlade\/#breadcrumb\",\"itemListElement\":[{\"@type\":\"ListItem\",\"position\":1,\"name\":\"Home\",\"item\":\"https:\/\/hudo.com\/si\/\"},{\"@type\":\"ListItem\",\"position\":2,\"name\":\"V Beogradu danes Parada ponosa kljub nasprotovanju pravoslavne cerkve in vlade\"}]},{\"@type\":\"WebSite\",\"@id\":\"https:\/\/hudo.com\/si\/#website\",\"url\":\"https:\/\/hudo.com\/si\/\",\"name\":\"Hudo Slovenija\",\"description\":\"Vse novice iz Slovenije in sveta\",\"publisher\":{\"@id\":\"https:\/\/hudo.com\/si\/#organization\"},\"potentialAction\":[{\"@type\":\"SearchAction\",\"target\":{\"@type\":\"EntryPoint\",\"urlTemplate\":\"https:\/\/hudo.com\/si\/?s={search_term_string}\"},\"query-input\":\"required name=search_term_string\"}],\"inLanguage\":\"sl-SI\"},{\"@type\":\"Organization\",\"@id\":\"https:\/\/hudo.com\/si\/#organization\",\"name\":\"VSN Media\",\"url\":\"https:\/\/hudo.com\/si\/\",\"logo\":{\"@type\":\"ImageObject\",\"inLanguage\":\"sl-SI\",\"@id\":\"https:\/\/hudo.com\/si\/#\/schema\/logo\/image\/\",\"url\":\"https:\/\/hudo.com\/si\/wp-content\/uploads\/sites\/2\/2021\/03\/hudo-app-2.png\",\"contentUrl\":\"https:\/\/hudo.com\/si\/wp-content\/uploads\/sites\/2\/2021\/03\/hudo-app-2.png\",\"width\":2185,\"height\":2167,\"caption\":\"VSN Media\"},\"image\":{\"@id\":\"https:\/\/hudo.com\/si\/#\/schema\/logo\/image\/\"},\"sameAs\":[\"https:\/\/www.facebook.com\/hudo.si\",\"https:\/\/twitter.com\/hudo_si\"]},{\"@type\":\"Person\",\"@id\":\"https:\/\/hudo.com\/si\/#\/schema\/person\/18f09c02475ba9e606e941a565b80cff\",\"name\":\"A. P., STA\",\"image\":{\"@type\":\"ImageObject\",\"inLanguage\":\"sl-SI\",\"@id\":\"https:\/\/hudo.com\/si\/#\/schema\/person\/image\/\",\"url\":\"https:\/\/secure.gravatar.com\/avatar\/03eac8e609f5f04383125d80eaeaaf3e?s=96&d=mm&r=g\",\"contentUrl\":\"https:\/\/secure.gravatar.com\/avatar\/03eac8e609f5f04383125d80eaeaaf3e?s=96&d=mm&r=g\",\"caption\":\"A. P., STA\"},\"url\":\"https:\/\/hudo.com\/si\/author\/lubu\/\"}]}<\/script>\n<!-- \/ Yoast SEO plugin. -->","yoast_head_json":{"title":"V Beogradu danes Parada ponosa kljub nasprotovanju pravoslavne cerkve in vlade - Hudo Slovenija","robots":{"index":"index","follow":"follow","max-snippet":"max-snippet:-1","max-image-preview":"max-image-preview:large","max-video-preview":"max-video-preview:-1"},"canonical":"https:\/\/hudo.com\/si\/aktualno\/svet\/v-beogradu-danes-parada-ponosa-kljub-nasprotovanju-pravoslavne-cerkve-in-vlade\/","og_locale":"sl_SI","og_type":"article","og_title":"V Beogradu danes Parada ponosa kljub nasprotovanju pravoslavne cerkve in vlade - Hudo Slovenija","og_description":"V srbski prestolnici bo danes ob 16. uri potekala Parada ponosa v sklopu Europrida 2022. Parada bo potekala kljub prepovedi srbskega ministrstva za notranje zadeve, a po drugi poti od prvotno na\u010drtovane, so sporo\u010dili organizatorji. Srbski predsednik Aleksandar Vu\u010di\u0107 je izrazil pri\u010dakovanje, da bodo organizatorji spo\u0161tovali odlo\u010ditev ministrstva.","og_url":"https:\/\/hudo.com\/si\/aktualno\/svet\/v-beogradu-danes-parada-ponosa-kljub-nasprotovanju-pravoslavne-cerkve-in-vlade\/","og_site_name":"Hudo Slovenija","article_publisher":"https:\/\/www.facebook.com\/hudo.si","article_published_time":"2022-09-17T06:30:54+00:00","og_image":[{"width":1250,"height":672,"url":"https:\/\/hudo.com\/si\/wp-content\/uploads\/sites\/2\/2022\/09\/profimedia-0717326789.jpg","type":"image\/jpeg"}],"author":"A. P., STA","twitter_card":"summary_large_image","twitter_creator":"@hudo_si","twitter_site":"@hudo_si","twitter_misc":{"Written by":"A. P., STA","Est. reading time":"1 minuta"},"schema":{"@context":"https:\/\/schema.org","@graph":[{"@type":"Article","@id":"https:\/\/hudo.com\/si\/aktualno\/svet\/v-beogradu-danes-parada-ponosa-kljub-nasprotovanju-pravoslavne-cerkve-in-vlade\/#article","isPartOf":{"@id":"https:\/\/hudo.com\/si\/aktualno\/svet\/v-beogradu-danes-parada-ponosa-kljub-nasprotovanju-pravoslavne-cerkve-in-vlade\/"},"author":{"name":"A. P., STA","@id":"https:\/\/hudo.com\/si\/#\/schema\/person\/18f09c02475ba9e606e941a565b80cff"},"headline":"V Beogradu danes Parada ponosa kljub nasprotovanju pravoslavne cerkve in vlade","datePublished":"2022-09-17T06:30:54+00:00","dateModified":"2022-09-17T06:30:54+00:00","mainEntityOfPage":{"@id":"https:\/\/hudo.com\/si\/aktualno\/svet\/v-beogradu-danes-parada-ponosa-kljub-nasprotovanju-pravoslavne-cerkve-in-vlade\/"},"wordCount":221,"publisher":{"@id":"https:\/\/hudo.com\/si\/#organization"},"keywords":["beograd","desni\u010darski skrajne\u017ei"],"articleSection":["Svet"],"inLanguage":"sl-SI"},{"@type":"WebPage","@id":"https:\/\/hudo.com\/si\/aktualno\/svet\/v-beogradu-danes-parada-ponosa-kljub-nasprotovanju-pravoslavne-cerkve-in-vlade\/","url":"https:\/\/hudo.com\/si\/aktualno\/svet\/v-beogradu-danes-parada-ponosa-kljub-nasprotovanju-pravoslavne-cerkve-in-vlade\/","name":"V Beogradu danes Parada ponosa kljub nasprotovanju pravoslavne cerkve in vlade - Hudo Slovenija","isPartOf":{"@id":"https:\/\/hudo.com\/si\/#website"},"datePublished":"2022-09-17T06:30:54+00:00","dateModified":"2022-09-17T06:30:54+00:00","breadcrumb":{"@id":"https:\/\/hudo.com\/si\/aktualno\/svet\/v-beogradu-danes-parada-ponosa-kljub-nasprotovanju-pravoslavne-cerkve-in-vlade\/#breadcrumb"},"inLanguage":"sl-SI","potentialAction":[{"@type":"ReadAction","target":["https:\/\/hudo.com\/si\/aktualno\/svet\/v-beogradu-danes-parada-ponosa-kljub-nasprotovanju-pravoslavne-cerkve-in-vlade\/"]}]},{"@type":"BreadcrumbList","@id":"https:\/\/hudo.com\/si\/aktualno\/svet\/v-beogradu-danes-parada-ponosa-kljub-nasprotovanju-pravoslavne-cerkve-in-vlade\/#breadcrumb","itemListElement":[{"@type":"ListItem","position":1,"name":"Home","item":"https:\/\/hudo.com\/si\/"},{"@type":"ListItem","position":2,"name":"V Beogradu danes Parada ponosa kljub nasprotovanju pravoslavne cerkve in vlade"}]},{"@type":"WebSite","@id":"https:\/\/hudo.com\/si\/#website","url":"https:\/\/hudo.com\/si\/","name":"Hudo Slovenija","description":"Vse novice iz Slovenije in sveta","publisher":{"@id":"https:\/\/hudo.com\/si\/#organization"},"potentialAction":[{"@type":"SearchAction","target":{"@type":"EntryPoint","urlTemplate":"https:\/\/hudo.com\/si\/?s={search_term_string}"},"query-input":"required name=search_term_string"}],"inLanguage":"sl-SI"},{"@type":"Organization","@id":"https:\/\/hudo.com\/si\/#organization","name":"VSN Media","url":"https:\/\/hudo.com\/si\/","logo":{"@type":"ImageObject","inLanguage":"sl-SI","@id":"https:\/\/hudo.com\/si\/#\/schema\/logo\/image\/","url":"https:\/\/hudo.com\/si\/wp-content\/uploads\/sites\/2\/2021\/03\/hudo-app-2.png","contentUrl":"https:\/\/hudo.com\/si\/wp-content\/uploads\/sites\/2\/2021\/03\/hudo-app-2.png","width":2185,"height":2167,"caption":"VSN Media"},"image":{"@id":"https:\/\/hudo.com\/si\/#\/schema\/logo\/image\/"},"sameAs":["https:\/\/www.facebook.com\/hudo.si","https:\/\/twitter.com\/hudo_si"]},{"@type":"Person","@id":"https:\/\/hudo.com\/si\/#\/schema\/person\/18f09c02475ba9e606e941a565b80cff","name":"A. P., STA","image":{"@type":"ImageObject","inLanguage":"sl-SI","@id":"https:\/\/hudo.com\/si\/#\/schema\/person\/image\/","url":"https:\/\/secure.gravatar.com\/avatar\/03eac8e609f5f04383125d80eaeaaf3e?s=96&d=mm&r=g","contentUrl":"https:\/\/secure.gravatar.com\/avatar\/03eac8e609f5f04383125d80eaeaaf3e?s=96&d=mm&r=g","caption":"A. P., STA"},"url":"https:\/\/hudo.com\/si\/author\/lubu\/"}]}},"amp_enabled":true,"_links":{"self":[{"href":"https:\/\/hudo.com\/si\/wp-json\/wp\/v2\/posts\/472748"}],"collection":[{"href":"https:\/\/hudo.com\/si\/wp-json\/wp\/v2\/posts"}],"about":[{"href":"https:\/\/hudo.com\/si\/wp-json\/wp\/v2\/types\/post"}],"author":[{"embeddable":true,"href":"https:\/\/hudo.com\/si\/wp-json\/wp\/v2\/users\/7"}],"replies":[{"embeddable":true,"href":"https:\/\/hudo.com\/si\/wp-json\/wp\/v2\/comments?post=472748"}],"version-history":[{"count":1,"href":"https:\/\/hudo.com\/si\/wp-json\/wp\/v2\/posts\/472748\/revisions"}],"predecessor-version":[{"id":472749,"href":"https:\/\/hudo.com\/si\/wp-json\/wp\/v2\/posts\/472748\/revisions\/472749"}],"wp:featuredmedia":[{"embeddable":true,"href":"https:\/\/hudo.com\/si\/wp-json\/wp\/v2\/media\/472539"}],"wp:attachment":[{"href":"https:\/\/hudo.com\/si\/wp-json\/wp\/v2\/media?parent=472748"}],"wp:term":[{"taxonomy":"category","embeddable":true,"href":"https:\/\/hudo.com\/si\/wp-json\/wp\/v2\/categories?post=472748"},{"taxonomy":"post_tag","embeddable":true,"href":"https:\/\/hudo.com\/si\/wp-json\/wp\/v2\/tags?post=472748"},{"taxonomy":"source","embeddable":true,"href":"https:\/\/hudo.com\/si\/wp-json\/wp\/v2\/source?post=472748"},{"taxonomy":"supertag","embeddable":true,"href":"https:\/\/hudo.com\/si\/wp-json\/wp\/v2\/supertag?post=472748"}],"curies":[{"name":"wp","href":"https:\/\/api.w.org\/{rel}","templated":true}]}}