{"id":473194,"date":"2022-10-03T09:40:14","date_gmt":"2022-10-03T07:40:14","guid":{"rendered":"https:\/\/hudo.com\/si\/?p=473194"},"modified":"2022-10-03T11:08:51","modified_gmt":"2022-10-03T09:08:51","slug":"glasbenik-gregor-bezensek-odstopa-od-predsedniske-kandidature","status":"publish","type":"post","link":"https:\/\/hudo.com\/si\/aktualno\/slovenija\/glasbenik-gregor-bezensek-odstopa-od-predsedniske-kandidature\/","title":{"rendered":"Gregor Bezen\u0161ek odstopa od predsedni\u0161ke kandidature: &#8220;Dele\u017een sem bil zelo agresivnih gro\u017eenj&#8221;"},"content":{"rendered":"<p>&#8220;Mo\u010dno obsojam in odlo\u010dno nasprotujem kakr\u0161nemu koli sovra\u017enemu govoru in kakr\u0161ni koli agresiji,&#8221; je v izjavi za medije po umiku soglasja h kandidaturi dejal Bezen\u0161ek. Predvsem v zadnjem tednu je bil, kot je \u0161e pojasnil, dele\u017een agresivnih in neposrednih gro\u017eenj, na tem mestu pa je zanj &#8220;meja jasno in glasno prekora\u010dena&#8221;.<\/p>\n<p>&#8220;Doma imam \u017eeno, h\u010derko in trimese\u010dnega sina in nikakor ne morem dovoliti, da se sovra\u0161tvo na kakr\u0161enkoli na\u010din vme\u0161a v pore na\u0161ega dru\u017einskega \u017eivljenja, zato sem sprejel odlo\u010ditev, da odstopam od kandidature za predsednika,&#8221; je \u0161e dodal Bezen\u0161ek, ki je sicer danes na Dr\u017eavno volilno komisijo (DVK) pri\u0161el v spremstvu varnostnikov.<\/p>\n<p>Za kak\u0161ne gro\u017enje to\u010dno je \u0161lo, v Bezen\u0161kovem volilnem \u0161tabu \u0161e ne \u017eelijo pojasnjevati, vodja Nejc Jelen je danes zgolj potrdil, da so te \u0161le tudi &#8220;v smeri fizi\u010dnega nasilja, eliminacije&#8221;. Kot je \u0161e dodal, gro\u017enje jemljejo zelo resno, po potrebi pa bodo tudi ustrezno ukrepali pri za to pristojnih uradnih institucijah.<\/p>\n<p>Bezen\u0161ek je bil sicer prvi kandidat, ki je uradno vlo\u017eil kandidaturo za predsednika republike, to je storil \u017ee 13. septembra. Kot neodvisnega kandidata ga je podprlo 5673 volivcev. DVK je njegovo kandidaturo \u017ee potrdila, sedaj pa se je odlo\u010dil, da soglasje h kandidaturi umakne.<\/p>\n<p>Po pojasnilih DVK gre doslej za prvi primer, ko je kandidat umaknil soglasje k \u017ee potrjeni kandidaturi.<\/p>\n<p>Rok za umik soglasja h kandidatur za predsednika republike se sicer izte\u010de danes, DVK pa bo v torek \u0161e opravila \u017ereb vrstnega reda kandidatur, kot bo zapisan na glasovnici.<\/p>\n<p>Kot ka\u017ee, bodo tako volivci 23. oktobra v prvem krogu predsedni\u0161kih volitev izbirali med sedmimi kandidati: poslancem NSi Janezom Ciglerjem Kraljem, ko\u010devskim \u017eupanom in kandidatom Vesne Vladimirjem Prebili\u010dem, poslancem SDS, ki sicer kandidira s podpisi volivcev An\u017eetom Logarjem, pravnico Nata\u0161o Pirc Musar, poslancem Levice Miho Kordi\u0161em, evropskim poslancem, sicer skupnim kandidatom SD in Gibanja Svoboda, Milanom Brglezom in ginekologinjo, kandidatko Resni.ce Sabino Sen\u010dar.<\/p>\n<p>Ali bo izrazil podporo kateremu izmed sedmerice preostalih kandidatov, Bezen\u0161ek danes ni \u017eelel komentirati.<\/p>\n","protected":false},"excerpt":{"rendered":"<p>Glasbenik Gregor Bezen\u0161ek je odstopil od kandidature za predsednika republike. Kot je danes dejal, se zadnje \u010dase nanj zaradi kandidature zgrinjajo &#8220;izjemni pritiski, sovra\u017ena sporo\u010dila in gro\u017enje&#8221;. Kak\u0161ne, ni \u017eelel pojasnjevati, v volilnem \u0161tabu pa napovedujejo, da bodo po potrebi ukrepali tudi preko uradnih institucij.<\/p>\n","protected":false},"author":5,"featured_media":473195,"comment_status":"closed","ping_status":"closed","sticky":false,"template":"","format":"standard","meta":{"footnotes":""},"categories":[18201],"tags":[19997,4692,4804],"source":[4511],"supertag":[],"acf":[],"yoast_head":"<!-- This site is optimized with the Yoast SEO plugin v21.3 - https:\/\/yoast.com\/wordpress\/plugins\/seo\/ -->\n<title>Gregor Bezen\u0161ek odstopa od predsedni\u0161ke kandidature: &quot;Dele\u017een sem bil zelo agresivnih gro\u017eenj&quot; - Hudo Slovenija<\/title>\n<meta name=\"robots\" content=\"index, follow, max-snippet:-1, max-image-preview:large, max-video-preview:-1\" \/>\n<link rel=\"canonical\" href=\"https:\/\/hudo.com\/si\/aktualno\/slovenija\/glasbenik-gregor-bezensek-odstopa-od-predsedniske-kandidature\/\" \/>\n<meta property=\"og:locale\" content=\"sl_SI\" \/>\n<meta property=\"og:type\" content=\"article\" \/>\n<meta property=\"og:title\" content=\"Gregor Bezen\u0161ek odstopa od predsedni\u0161ke kandidature: &quot;Dele\u017een sem bil zelo agresivnih gro\u017eenj&quot; - Hudo Slovenija\" \/>\n<meta property=\"og:description\" content=\"Glasbenik Gregor Bezen\u0161ek je odstopil od kandidature za predsednika republike. Kot je danes dejal, se zadnje \u010dase nanj zaradi kandidature zgrinjajo &quot;izjemni pritiski, sovra\u017ena sporo\u010dila in gro\u017enje&quot;. Kak\u0161ne, ni \u017eelel pojasnjevati, v volilnem \u0161tabu pa napovedujejo, da bodo po potrebi ukrepali tudi preko uradnih institucij.\" \/>\n<meta property=\"og:url\" content=\"https:\/\/hudo.com\/si\/aktualno\/slovenija\/glasbenik-gregor-bezensek-odstopa-od-predsedniske-kandidature\/\" \/>\n<meta property=\"og:site_name\" content=\"Hudo Slovenija\" \/>\n<meta property=\"article:publisher\" content=\"https:\/\/www.facebook.com\/hudo.si\" \/>\n<meta property=\"article:published_time\" content=\"2022-10-03T07:40:14+00:00\" \/>\n<meta property=\"article:modified_time\" content=\"2022-10-03T09:08:51+00:00\" \/>\n<meta property=\"og:image\" content=\"https:\/\/hudo.com\/si\/wp-content\/uploads\/sites\/2\/2022\/10\/Screenshot-from-2022-10-03-09-39-16.jpg\" \/>\n\t<meta property=\"og:image:width\" content=\"633\" \/>\n\t<meta property=\"og:image:height\" content=\"422\" \/>\n\t<meta property=\"og:image:type\" content=\"image\/jpeg\" \/>\n<meta name=\"author\" content=\"A. G., STA\" \/>\n<meta name=\"twitter:card\" content=\"summary_large_image\" \/>\n<meta name=\"twitter:creator\" content=\"@hudo_si\" \/>\n<meta name=\"twitter:site\" content=\"@hudo_si\" \/>\n<meta name=\"twitter:label1\" content=\"Written by\" \/>\n\t<meta name=\"twitter:data1\" content=\"A. G., STA\" \/>\n\t<meta name=\"twitter:label2\" content=\"Est. reading time\" \/>\n\t<meta name=\"twitter:data2\" content=\"2 minuti\" \/>\n<script type=\"application\/ld+json\" class=\"yoast-schema-graph\">{\"@context\":\"https:\/\/schema.org\",\"@graph\":[{\"@type\":\"Article\",\"@id\":\"https:\/\/hudo.com\/si\/aktualno\/slovenija\/glasbenik-gregor-bezensek-odstopa-od-predsedniske-kandidature\/#article\",\"isPartOf\":{\"@id\":\"https:\/\/hudo.com\/si\/aktualno\/slovenija\/glasbenik-gregor-bezensek-odstopa-od-predsedniske-kandidature\/\"},\"author\":{\"name\":\"A. G., STA\",\"@id\":\"https:\/\/hudo.com\/si\/#\/schema\/person\/2391667a63ea075ba94f2f2dc6b77537\"},\"headline\":\"Gregor Bezen\u0161ek odstopa od predsedni\u0161ke kandidature: &#8220;Dele\u017een sem bil zelo agresivnih gro\u017eenj&#8221;\",\"datePublished\":\"2022-10-03T07:40:14+00:00\",\"dateModified\":\"2022-10-03T09:08:51+00:00\",\"mainEntityOfPage\":{\"@id\":\"https:\/\/hudo.com\/si\/aktualno\/slovenija\/glasbenik-gregor-bezensek-odstopa-od-predsedniske-kandidature\/\"},\"wordCount\":375,\"publisher\":{\"@id\":\"https:\/\/hudo.com\/si\/#organization\"},\"keywords\":[\"Gregor Bezen\u0161ek\",\"kandidatura\",\"predsedni\u0161ke volitve\"],\"articleSection\":[\"Slovenija\"],\"inLanguage\":\"sl-SI\"},{\"@type\":\"WebPage\",\"@id\":\"https:\/\/hudo.com\/si\/aktualno\/slovenija\/glasbenik-gregor-bezensek-odstopa-od-predsedniske-kandidature\/\",\"url\":\"https:\/\/hudo.com\/si\/aktualno\/slovenija\/glasbenik-gregor-bezensek-odstopa-od-predsedniske-kandidature\/\",\"name\":\"Gregor Bezen\u0161ek odstopa od predsedni\u0161ke kandidature: \\\"Dele\u017een sem bil zelo agresivnih gro\u017eenj\\\" - Hudo Slovenija\",\"isPartOf\":{\"@id\":\"https:\/\/hudo.com\/si\/#website\"},\"datePublished\":\"2022-10-03T07:40:14+00:00\",\"dateModified\":\"2022-10-03T09:08:51+00:00\",\"breadcrumb\":{\"@id\":\"https:\/\/hudo.com\/si\/aktualno\/slovenija\/glasbenik-gregor-bezensek-odstopa-od-predsedniske-kandidature\/#breadcrumb\"},\"inLanguage\":\"sl-SI\",\"potentialAction\":[{\"@type\":\"ReadAction\",\"target\":[\"https:\/\/hudo.com\/si\/aktualno\/slovenija\/glasbenik-gregor-bezensek-odstopa-od-predsedniske-kandidature\/\"]}]},{\"@type\":\"BreadcrumbList\",\"@id\":\"https:\/\/hudo.com\/si\/aktualno\/slovenija\/glasbenik-gregor-bezensek-odstopa-od-predsedniske-kandidature\/#breadcrumb\",\"itemListElement\":[{\"@type\":\"ListItem\",\"position\":1,\"name\":\"Home\",\"item\":\"https:\/\/hudo.com\/si\/\"},{\"@type\":\"ListItem\",\"position\":2,\"name\":\"Gregor Bezen\u0161ek odstopa od predsedni\u0161ke kandidature: &#8220;Dele\u017een sem bil zelo agresivnih gro\u017eenj&#8221;\"}]},{\"@type\":\"WebSite\",\"@id\":\"https:\/\/hudo.com\/si\/#website\",\"url\":\"https:\/\/hudo.com\/si\/\",\"name\":\"Hudo Slovenija\",\"description\":\"Vse novice iz Slovenije in sveta\",\"publisher\":{\"@id\":\"https:\/\/hudo.com\/si\/#organization\"},\"potentialAction\":[{\"@type\":\"SearchAction\",\"target\":{\"@type\":\"EntryPoint\",\"urlTemplate\":\"https:\/\/hudo.com\/si\/?s={search_term_string}\"},\"query-input\":\"required name=search_term_string\"}],\"inLanguage\":\"sl-SI\"},{\"@type\":\"Organization\",\"@id\":\"https:\/\/hudo.com\/si\/#organization\",\"name\":\"VSN Media\",\"url\":\"https:\/\/hudo.com\/si\/\",\"logo\":{\"@type\":\"ImageObject\",\"inLanguage\":\"sl-SI\",\"@id\":\"https:\/\/hudo.com\/si\/#\/schema\/logo\/image\/\",\"url\":\"https:\/\/hudo.com\/si\/wp-content\/uploads\/sites\/2\/2021\/03\/hudo-app-2.png\",\"contentUrl\":\"https:\/\/hudo.com\/si\/wp-content\/uploads\/sites\/2\/2021\/03\/hudo-app-2.png\",\"width\":2185,\"height\":2167,\"caption\":\"VSN Media\"},\"image\":{\"@id\":\"https:\/\/hudo.com\/si\/#\/schema\/logo\/image\/\"},\"sameAs\":[\"https:\/\/www.facebook.com\/hudo.si\",\"https:\/\/twitter.com\/hudo_si\"]},{\"@type\":\"Person\",\"@id\":\"https:\/\/hudo.com\/si\/#\/schema\/person\/2391667a63ea075ba94f2f2dc6b77537\",\"name\":\"A. G., STA\",\"image\":{\"@type\":\"ImageObject\",\"inLanguage\":\"sl-SI\",\"@id\":\"https:\/\/hudo.com\/si\/#\/schema\/person\/image\/\",\"url\":\"https:\/\/secure.gravatar.com\/avatar\/e13d22ac3e442658d5025fbbe6238a79?s=96&d=mm&r=g\",\"contentUrl\":\"https:\/\/secure.gravatar.com\/avatar\/e13d22ac3e442658d5025fbbe6238a79?s=96&d=mm&r=g\",\"caption\":\"A. G., STA\"},\"url\":\"https:\/\/hudo.com\/si\/author\/alenka\/\"}]}<\/script>\n<!-- \/ Yoast SEO plugin. -->","yoast_head_json":{"title":"Gregor Bezen\u0161ek odstopa od predsedni\u0161ke kandidature: \"Dele\u017een sem bil zelo agresivnih gro\u017eenj\" - Hudo Slovenija","robots":{"index":"index","follow":"follow","max-snippet":"max-snippet:-1","max-image-preview":"max-image-preview:large","max-video-preview":"max-video-preview:-1"},"canonical":"https:\/\/hudo.com\/si\/aktualno\/slovenija\/glasbenik-gregor-bezensek-odstopa-od-predsedniske-kandidature\/","og_locale":"sl_SI","og_type":"article","og_title":"Gregor Bezen\u0161ek odstopa od predsedni\u0161ke kandidature: \"Dele\u017een sem bil zelo agresivnih gro\u017eenj\" - Hudo Slovenija","og_description":"Glasbenik Gregor Bezen\u0161ek je odstopil od kandidature za predsednika republike. Kot je danes dejal, se zadnje \u010dase nanj zaradi kandidature zgrinjajo \"izjemni pritiski, sovra\u017ena sporo\u010dila in gro\u017enje\". Kak\u0161ne, ni \u017eelel pojasnjevati, v volilnem \u0161tabu pa napovedujejo, da bodo po potrebi ukrepali tudi preko uradnih institucij.","og_url":"https:\/\/hudo.com\/si\/aktualno\/slovenija\/glasbenik-gregor-bezensek-odstopa-od-predsedniske-kandidature\/","og_site_name":"Hudo Slovenija","article_publisher":"https:\/\/www.facebook.com\/hudo.si","article_published_time":"2022-10-03T07:40:14+00:00","article_modified_time":"2022-10-03T09:08:51+00:00","og_image":[{"width":633,"height":422,"url":"https:\/\/hudo.com\/si\/wp-content\/uploads\/sites\/2\/2022\/10\/Screenshot-from-2022-10-03-09-39-16.jpg","type":"image\/jpeg"}],"author":"A. G., STA","twitter_card":"summary_large_image","twitter_creator":"@hudo_si","twitter_site":"@hudo_si","twitter_misc":{"Written by":"A. G., STA","Est. reading time":"2 minuti"},"schema":{"@context":"https:\/\/schema.org","@graph":[{"@type":"Article","@id":"https:\/\/hudo.com\/si\/aktualno\/slovenija\/glasbenik-gregor-bezensek-odstopa-od-predsedniske-kandidature\/#article","isPartOf":{"@id":"https:\/\/hudo.com\/si\/aktualno\/slovenija\/glasbenik-gregor-bezensek-odstopa-od-predsedniske-kandidature\/"},"author":{"name":"A. G., STA","@id":"https:\/\/hudo.com\/si\/#\/schema\/person\/2391667a63ea075ba94f2f2dc6b77537"},"headline":"Gregor Bezen\u0161ek odstopa od predsedni\u0161ke kandidature: &#8220;Dele\u017een sem bil zelo agresivnih gro\u017eenj&#8221;","datePublished":"2022-10-03T07:40:14+00:00","dateModified":"2022-10-03T09:08:51+00:00","mainEntityOfPage":{"@id":"https:\/\/hudo.com\/si\/aktualno\/slovenija\/glasbenik-gregor-bezensek-odstopa-od-predsedniske-kandidature\/"},"wordCount":375,"publisher":{"@id":"https:\/\/hudo.com\/si\/#organization"},"keywords":["Gregor Bezen\u0161ek","kandidatura","predsedni\u0161ke volitve"],"articleSection":["Slovenija"],"inLanguage":"sl-SI"},{"@type":"WebPage","@id":"https:\/\/hudo.com\/si\/aktualno\/slovenija\/glasbenik-gregor-bezensek-odstopa-od-predsedniske-kandidature\/","url":"https:\/\/hudo.com\/si\/aktualno\/slovenija\/glasbenik-gregor-bezensek-odstopa-od-predsedniske-kandidature\/","name":"Gregor Bezen\u0161ek odstopa od predsedni\u0161ke kandidature: \"Dele\u017een sem bil zelo agresivnih gro\u017eenj\" - Hudo Slovenija","isPartOf":{"@id":"https:\/\/hudo.com\/si\/#website"},"datePublished":"2022-10-03T07:40:14+00:00","dateModified":"2022-10-03T09:08:51+00:00","breadcrumb":{"@id":"https:\/\/hudo.com\/si\/aktualno\/slovenija\/glasbenik-gregor-bezensek-odstopa-od-predsedniske-kandidature\/#breadcrumb"},"inLanguage":"sl-SI","potentialAction":[{"@type":"ReadAction","target":["https:\/\/hudo.com\/si\/aktualno\/slovenija\/glasbenik-gregor-bezensek-odstopa-od-predsedniske-kandidature\/"]}]},{"@type":"BreadcrumbList","@id":"https:\/\/hudo.com\/si\/aktualno\/slovenija\/glasbenik-gregor-bezensek-odstopa-od-predsedniske-kandidature\/#breadcrumb","itemListElement":[{"@type":"ListItem","position":1,"name":"Home","item":"https:\/\/hudo.com\/si\/"},{"@type":"ListItem","position":2,"name":"Gregor Bezen\u0161ek odstopa od predsedni\u0161ke kandidature: &#8220;Dele\u017een sem bil zelo agresivnih gro\u017eenj&#8221;"}]},{"@type":"WebSite","@id":"https:\/\/hudo.com\/si\/#website","url":"https:\/\/hudo.com\/si\/","name":"Hudo Slovenija","description":"Vse novice iz Slovenije in sveta","publisher":{"@id":"https:\/\/hudo.com\/si\/#organization"},"potentialAction":[{"@type":"SearchAction","target":{"@type":"EntryPoint","urlTemplate":"https:\/\/hudo.com\/si\/?s={search_term_string}"},"query-input":"required name=search_term_string"}],"inLanguage":"sl-SI"},{"@type":"Organization","@id":"https:\/\/hudo.com\/si\/#organization","name":"VSN Media","url":"https:\/\/hudo.com\/si\/","logo":{"@type":"ImageObject","inLanguage":"sl-SI","@id":"https:\/\/hudo.com\/si\/#\/schema\/logo\/image\/","url":"https:\/\/hudo.com\/si\/wp-content\/uploads\/sites\/2\/2021\/03\/hudo-app-2.png","contentUrl":"https:\/\/hudo.com\/si\/wp-content\/uploads\/sites\/2\/2021\/03\/hudo-app-2.png","width":2185,"height":2167,"caption":"VSN Media"},"image":{"@id":"https:\/\/hudo.com\/si\/#\/schema\/logo\/image\/"},"sameAs":["https:\/\/www.facebook.com\/hudo.si","https:\/\/twitter.com\/hudo_si"]},{"@type":"Person","@id":"https:\/\/hudo.com\/si\/#\/schema\/person\/2391667a63ea075ba94f2f2dc6b77537","name":"A. G., STA","image":{"@type":"ImageObject","inLanguage":"sl-SI","@id":"https:\/\/hudo.com\/si\/#\/schema\/person\/image\/","url":"https:\/\/secure.gravatar.com\/avatar\/e13d22ac3e442658d5025fbbe6238a79?s=96&d=mm&r=g","contentUrl":"https:\/\/secure.gravatar.com\/avatar\/e13d22ac3e442658d5025fbbe6238a79?s=96&d=mm&r=g","caption":"A. G., STA"},"url":"https:\/\/hudo.com\/si\/author\/alenka\/"}]}},"amp_enabled":true,"_links":{"self":[{"href":"https:\/\/hudo.com\/si\/wp-json\/wp\/v2\/posts\/473194"}],"collection":[{"href":"https:\/\/hudo.com\/si\/wp-json\/wp\/v2\/posts"}],"about":[{"href":"https:\/\/hudo.com\/si\/wp-json\/wp\/v2\/types\/post"}],"author":[{"embeddable":true,"href":"https:\/\/hudo.com\/si\/wp-json\/wp\/v2\/users\/5"}],"replies":[{"embeddable":true,"href":"https:\/\/hudo.com\/si\/wp-json\/wp\/v2\/comments?post=473194"}],"version-history":[{"count":4,"href":"https:\/\/hudo.com\/si\/wp-json\/wp\/v2\/posts\/473194\/revisions"}],"predecessor-version":[{"id":473202,"href":"https:\/\/hudo.com\/si\/wp-json\/wp\/v2\/posts\/473194\/revisions\/473202"}],"wp:featuredmedia":[{"embeddable":true,"href":"https:\/\/hudo.com\/si\/wp-json\/wp\/v2\/media\/473195"}],"wp:attachment":[{"href":"https:\/\/hudo.com\/si\/wp-json\/wp\/v2\/media?parent=473194"}],"wp:term":[{"taxonomy":"category","embeddable":true,"href":"https:\/\/hudo.com\/si\/wp-json\/wp\/v2\/categories?post=473194"},{"taxonomy":"post_tag","embeddable":true,"href":"https:\/\/hudo.com\/si\/wp-json\/wp\/v2\/tags?post=473194"},{"taxonomy":"source","embeddable":true,"href":"https:\/\/hudo.com\/si\/wp-json\/wp\/v2\/source?post=473194"},{"taxonomy":"supertag","embeddable":true,"href":"https:\/\/hudo.com\/si\/wp-json\/wp\/v2\/supertag?post=473194"}],"curies":[{"name":"wp","href":"https:\/\/api.w.org\/{rel}","templated":true}]}}