{"id":473469,"date":"2022-10-12T17:36:58","date_gmt":"2022-10-12T15:36:58","guid":{"rendered":"https:\/\/hudo.com\/si\/?p=473469"},"modified":"2022-10-12T17:36:58","modified_gmt":"2022-10-12T15:36:58","slug":"v-sds-se-ne-morejo-sprijazniti-s-porazom-na-volitvah-zato-nagajajo-vladi","status":"publish","type":"post","link":"https:\/\/hudo.com\/si\/aktualno\/slovenija\/v-sds-se-ne-morejo-sprijazniti-s-porazom-na-volitvah-zato-nagajajo-vladi\/","title":{"rendered":"&#8221;V SDS se ne morejo sprijazniti s porazom na volitvah, zato nagajajo vladi&#8221;"},"content":{"rendered":"<p>V koaliciji so prepri\u010dani tudi, da stranka SDS z referendumskimi zahtevami deluje proti vladi Roberta Goloba, ta dejanja pa so v \u0161kodo dr\u017eavljanov in dr\u017eavljank, so predstavniki koalicije poudarili v dana\u0161nji skupni izjavi za medije.<\/p>\n<p>&#8220;Za napad na vlado gre, za nerazumevanje in za nespo\u0161tovanje rezultata dr\u017eavnozborskih volitev 24. aprila,&#8221; je poudaril vodja poslanske skupine Svoboda Borut Sajovic.<\/p>\n<p>Po njegovih besedah so volivci na aprilskih dr\u017eavnozborskih volitvah podelili strankam koalicije mandat za spopad z inflacijo, draginjo in energetsko krizo, ne pa za &#8220;stalne prepire, ovire, nagajanja in politizacijo&#8221;.<\/p>\n<p>Po besedah poslanca SD Soniboja Kne\u017eaka opozicija od za\u010detka sestave nove vlade blokira njeno delo, za kar vidi vzrok predvsem v veliki bole\u010dini opozicije zaradi poraza na aprilskih dr\u017eavnozborskih volitvah.<\/p>\n<p>Po Kne\u017eakovem mnenju je povsem jasno, da \u017eeli SDS na javnem zavodu RTVS narediti izpostavo Nove24TV, glede sprememb zakona o dolgotrajni oskrbi pa je spomnil, da je bil omenjeni zakon v mandatu nekdanje vlade sprejet brez zagotovljenega financiranja, v \u010demer vidi zavajanje dr\u017eavljanov.<\/p>\n<p>&#8220;Glede zakona o demografskem skladu bodo ljudje po\u010dasi spoznali, da so bili predvolilni bonbon\u010dki brez zakonskih pokritij in da bi zato po volitvah pre\u0161li v breme dr\u017eavljanov,&#8221; je poudaril Kne\u017eak.<\/p>\n<p>V poslanski skupini Levica pa menijo, da v stranki SDS zlorabljajo referendumske pobude v \u0161kodo dr\u017eavljanov. To velja tako za vse tri zakone, o katerih se bo odlo\u010dalo na referendumih.<\/p>\n<p>&#8220;Javni zavod RTV je trenutno zlorabljen zgolj za posebne interese in politi\u010dno propagando ene stranke v tej dr\u017eavi. To gre na \u0161kodo ljudi, na \u0161kodo javnega zavoda RTV in vseh zaposlenih,&#8221; je poudaril vodja poslanske skupine Matej Ta\u0161ner Vatovec.<\/p>\n<p>V \u0161kodo dr\u017eavljanov pa je po mnenju Levice tudi blokada zakona o dolgotrajni oskrbi. \u010ce zakon ne bo sprejet v tak\u0161ni obliki, kot ga je predlagala aktualna vlada, pa uporabnikom storitev dolgotrajne oskrbe grozi, da se bodo omenjene storitve podra\u017eile in da ljudje zaradi tega ne bodo imeli dostopa do njih, je poudaril Vatovec. Prepri\u010dan je sicer, da bo koalicija s polnimi jadri \u0161la na referendume in da bodo na njih zelo suvereno glasovali za solidarno prihodnost, za javno in neodvisno RTV in za dolgotrajno oskrbo.<\/p>\n<p>Mo\u017enega datuma za prihajajo\u010de referendume v poslanskih skupinah \u0161e ne napovedujejo. Po mnenju Boruta Sajovica referendumi nimajo veliko skupnega z lokalnimi in predsedni\u0161kimi volitvami, je pa po njegovih besedah v igri ve\u010d datumov za izvedbo referendumov.<\/p>\n<p>Od dneva razpisa referenduma do dneva glasovanja skladno z referendumsko zakonodajo sicer ne sme prete\u010di manj kot trideset dni in ne ve\u010d kot leto dni. Dolo\u010ditev dneva glasovanja, do katerega prete\u010de ve\u010d kot petin\u0161tirideset dni od dneva razpisa referenduma, sprejme dr\u017eavni zbor z dvotretjinsko ve\u010dino navzo\u010dih poslancev.<\/p>\n<p>Na vpra\u0161anje, ali bi se v koaliciji odlo\u010dili za tak\u0161no potezo, je Sajovic odgovoril, da je treba zadevo &#8220;prespati in se odlo\u010diti&#8221;.<\/p>\n","protected":false},"excerpt":{"rendered":"<p>V poslanskih skupinah Svoboda, SD in Levica menijo, da se v stranki SDS \u0161e niso sprijaznili s porazom na aprilskih dr\u017eavnozborskih volitvah. Prepri\u010dani so, da bodo dr\u017eavljani zavrnili referendumske pobude SDS in glasovali za uveljavitev sprememb zakona o vladi, novelo zakona o RTVS in spremembe zakona o dolgotrajni oskrbi, kot jih je sprejel DZ.<\/p>\n","protected":false},"author":7,"featured_media":473470,"comment_status":"closed","ping_status":"closed","sticky":false,"template":"","format":"standard","meta":{"footnotes":""},"categories":[18201],"tags":[2272,4632],"source":[4511],"supertag":[],"acf":[],"yoast_head":"<!-- This site is optimized with the Yoast SEO plugin v21.3 - https:\/\/yoast.com\/wordpress\/plugins\/seo\/ -->\n<title>&#039;&#039;V SDS se ne morejo sprijazniti s porazom na volitvah, zato nagajajo vladi&#039;&#039; - Hudo Slovenija<\/title>\n<meta name=\"robots\" content=\"index, follow, max-snippet:-1, max-image-preview:large, max-video-preview:-1\" \/>\n<link rel=\"canonical\" href=\"https:\/\/hudo.com\/si\/aktualno\/slovenija\/v-sds-se-ne-morejo-sprijazniti-s-porazom-na-volitvah-zato-nagajajo-vladi\/\" \/>\n<meta property=\"og:locale\" content=\"sl_SI\" \/>\n<meta property=\"og:type\" content=\"article\" \/>\n<meta property=\"og:title\" content=\"&#039;&#039;V SDS se ne morejo sprijazniti s porazom na volitvah, zato nagajajo vladi&#039;&#039; - Hudo Slovenija\" \/>\n<meta property=\"og:description\" content=\"V poslanskih skupinah Svoboda, SD in Levica menijo, da se v stranki SDS \u0161e niso sprijaznili s porazom na aprilskih dr\u017eavnozborskih volitvah. Prepri\u010dani so, da bodo dr\u017eavljani zavrnili referendumske pobude SDS in glasovali za uveljavitev sprememb zakona o vladi, novelo zakona o RTVS in spremembe zakona o dolgotrajni oskrbi, kot jih je sprejel DZ.\" \/>\n<meta property=\"og:url\" content=\"https:\/\/hudo.com\/si\/aktualno\/slovenija\/v-sds-se-ne-morejo-sprijazniti-s-porazom-na-volitvah-zato-nagajajo-vladi\/\" \/>\n<meta property=\"og:site_name\" content=\"Hudo Slovenija\" \/>\n<meta property=\"article:publisher\" content=\"https:\/\/www.facebook.com\/hudo.si\" \/>\n<meta property=\"article:published_time\" content=\"2022-10-12T15:36:58+00:00\" \/>\n<meta property=\"og:image\" content=\"https:\/\/hudo.com\/si\/wp-content\/uploads\/sites\/2\/2022\/10\/20220923-01169146.jpg\" \/>\n\t<meta property=\"og:image:width\" content=\"640\" \/>\n\t<meta property=\"og:image:height\" content=\"426\" \/>\n\t<meta property=\"og:image:type\" content=\"image\/jpeg\" \/>\n<meta name=\"author\" content=\"A. P., STA\" \/>\n<meta name=\"twitter:card\" content=\"summary_large_image\" \/>\n<meta name=\"twitter:creator\" content=\"@hudo_si\" \/>\n<meta name=\"twitter:site\" content=\"@hudo_si\" \/>\n<meta name=\"twitter:label1\" content=\"Written by\" \/>\n\t<meta name=\"twitter:data1\" content=\"A. P., STA\" \/>\n\t<meta name=\"twitter:label2\" content=\"Est. reading time\" \/>\n\t<meta name=\"twitter:data2\" content=\"2 minuti\" \/>\n<script type=\"application\/ld+json\" class=\"yoast-schema-graph\">{\"@context\":\"https:\/\/schema.org\",\"@graph\":[{\"@type\":\"Article\",\"@id\":\"https:\/\/hudo.com\/si\/aktualno\/slovenija\/v-sds-se-ne-morejo-sprijazniti-s-porazom-na-volitvah-zato-nagajajo-vladi\/#article\",\"isPartOf\":{\"@id\":\"https:\/\/hudo.com\/si\/aktualno\/slovenija\/v-sds-se-ne-morejo-sprijazniti-s-porazom-na-volitvah-zato-nagajajo-vladi\/\"},\"author\":{\"name\":\"A. P., STA\",\"@id\":\"https:\/\/hudo.com\/si\/#\/schema\/person\/18f09c02475ba9e606e941a565b80cff\"},\"headline\":\"&#8221;V SDS se ne morejo sprijazniti s porazom na volitvah, zato nagajajo vladi&#8221;\",\"datePublished\":\"2022-10-12T15:36:58+00:00\",\"dateModified\":\"2022-10-12T15:36:58+00:00\",\"mainEntityOfPage\":{\"@id\":\"https:\/\/hudo.com\/si\/aktualno\/slovenija\/v-sds-se-ne-morejo-sprijazniti-s-porazom-na-volitvah-zato-nagajajo-vladi\/\"},\"wordCount\":505,\"publisher\":{\"@id\":\"https:\/\/hudo.com\/si\/#organization\"},\"keywords\":[\"referendum\",\"SDS\"],\"articleSection\":[\"Slovenija\"],\"inLanguage\":\"sl-SI\"},{\"@type\":\"WebPage\",\"@id\":\"https:\/\/hudo.com\/si\/aktualno\/slovenija\/v-sds-se-ne-morejo-sprijazniti-s-porazom-na-volitvah-zato-nagajajo-vladi\/\",\"url\":\"https:\/\/hudo.com\/si\/aktualno\/slovenija\/v-sds-se-ne-morejo-sprijazniti-s-porazom-na-volitvah-zato-nagajajo-vladi\/\",\"name\":\"''V SDS se ne morejo sprijazniti s porazom na volitvah, zato nagajajo vladi'' - Hudo Slovenija\",\"isPartOf\":{\"@id\":\"https:\/\/hudo.com\/si\/#website\"},\"datePublished\":\"2022-10-12T15:36:58+00:00\",\"dateModified\":\"2022-10-12T15:36:58+00:00\",\"breadcrumb\":{\"@id\":\"https:\/\/hudo.com\/si\/aktualno\/slovenija\/v-sds-se-ne-morejo-sprijazniti-s-porazom-na-volitvah-zato-nagajajo-vladi\/#breadcrumb\"},\"inLanguage\":\"sl-SI\",\"potentialAction\":[{\"@type\":\"ReadAction\",\"target\":[\"https:\/\/hudo.com\/si\/aktualno\/slovenija\/v-sds-se-ne-morejo-sprijazniti-s-porazom-na-volitvah-zato-nagajajo-vladi\/\"]}]},{\"@type\":\"BreadcrumbList\",\"@id\":\"https:\/\/hudo.com\/si\/aktualno\/slovenija\/v-sds-se-ne-morejo-sprijazniti-s-porazom-na-volitvah-zato-nagajajo-vladi\/#breadcrumb\",\"itemListElement\":[{\"@type\":\"ListItem\",\"position\":1,\"name\":\"Home\",\"item\":\"https:\/\/hudo.com\/si\/\"},{\"@type\":\"ListItem\",\"position\":2,\"name\":\"&#8221;V SDS se ne morejo sprijazniti s porazom na volitvah, zato nagajajo vladi&#8221;\"}]},{\"@type\":\"WebSite\",\"@id\":\"https:\/\/hudo.com\/si\/#website\",\"url\":\"https:\/\/hudo.com\/si\/\",\"name\":\"Hudo Slovenija\",\"description\":\"Vse novice iz Slovenije in sveta\",\"publisher\":{\"@id\":\"https:\/\/hudo.com\/si\/#organization\"},\"potentialAction\":[{\"@type\":\"SearchAction\",\"target\":{\"@type\":\"EntryPoint\",\"urlTemplate\":\"https:\/\/hudo.com\/si\/?s={search_term_string}\"},\"query-input\":\"required name=search_term_string\"}],\"inLanguage\":\"sl-SI\"},{\"@type\":\"Organization\",\"@id\":\"https:\/\/hudo.com\/si\/#organization\",\"name\":\"VSN Media\",\"url\":\"https:\/\/hudo.com\/si\/\",\"logo\":{\"@type\":\"ImageObject\",\"inLanguage\":\"sl-SI\",\"@id\":\"https:\/\/hudo.com\/si\/#\/schema\/logo\/image\/\",\"url\":\"https:\/\/hudo.com\/si\/wp-content\/uploads\/sites\/2\/2021\/03\/hudo-app-2.png\",\"contentUrl\":\"https:\/\/hudo.com\/si\/wp-content\/uploads\/sites\/2\/2021\/03\/hudo-app-2.png\",\"width\":2185,\"height\":2167,\"caption\":\"VSN Media\"},\"image\":{\"@id\":\"https:\/\/hudo.com\/si\/#\/schema\/logo\/image\/\"},\"sameAs\":[\"https:\/\/www.facebook.com\/hudo.si\",\"https:\/\/twitter.com\/hudo_si\"]},{\"@type\":\"Person\",\"@id\":\"https:\/\/hudo.com\/si\/#\/schema\/person\/18f09c02475ba9e606e941a565b80cff\",\"name\":\"A. P., STA\",\"image\":{\"@type\":\"ImageObject\",\"inLanguage\":\"sl-SI\",\"@id\":\"https:\/\/hudo.com\/si\/#\/schema\/person\/image\/\",\"url\":\"https:\/\/secure.gravatar.com\/avatar\/03eac8e609f5f04383125d80eaeaaf3e?s=96&d=mm&r=g\",\"contentUrl\":\"https:\/\/secure.gravatar.com\/avatar\/03eac8e609f5f04383125d80eaeaaf3e?s=96&d=mm&r=g\",\"caption\":\"A. P., STA\"},\"url\":\"https:\/\/hudo.com\/si\/author\/lubu\/\"}]}<\/script>\n<!-- \/ Yoast SEO plugin. -->","yoast_head_json":{"title":"''V SDS se ne morejo sprijazniti s porazom na volitvah, zato nagajajo vladi'' - Hudo Slovenija","robots":{"index":"index","follow":"follow","max-snippet":"max-snippet:-1","max-image-preview":"max-image-preview:large","max-video-preview":"max-video-preview:-1"},"canonical":"https:\/\/hudo.com\/si\/aktualno\/slovenija\/v-sds-se-ne-morejo-sprijazniti-s-porazom-na-volitvah-zato-nagajajo-vladi\/","og_locale":"sl_SI","og_type":"article","og_title":"''V SDS se ne morejo sprijazniti s porazom na volitvah, zato nagajajo vladi'' - Hudo Slovenija","og_description":"V poslanskih skupinah Svoboda, SD in Levica menijo, da se v stranki SDS \u0161e niso sprijaznili s porazom na aprilskih dr\u017eavnozborskih volitvah. Prepri\u010dani so, da bodo dr\u017eavljani zavrnili referendumske pobude SDS in glasovali za uveljavitev sprememb zakona o vladi, novelo zakona o RTVS in spremembe zakona o dolgotrajni oskrbi, kot jih je sprejel DZ.","og_url":"https:\/\/hudo.com\/si\/aktualno\/slovenija\/v-sds-se-ne-morejo-sprijazniti-s-porazom-na-volitvah-zato-nagajajo-vladi\/","og_site_name":"Hudo Slovenija","article_publisher":"https:\/\/www.facebook.com\/hudo.si","article_published_time":"2022-10-12T15:36:58+00:00","og_image":[{"width":640,"height":426,"url":"https:\/\/hudo.com\/si\/wp-content\/uploads\/sites\/2\/2022\/10\/20220923-01169146.jpg","type":"image\/jpeg"}],"author":"A. P., STA","twitter_card":"summary_large_image","twitter_creator":"@hudo_si","twitter_site":"@hudo_si","twitter_misc":{"Written by":"A. P., STA","Est. reading time":"2 minuti"},"schema":{"@context":"https:\/\/schema.org","@graph":[{"@type":"Article","@id":"https:\/\/hudo.com\/si\/aktualno\/slovenija\/v-sds-se-ne-morejo-sprijazniti-s-porazom-na-volitvah-zato-nagajajo-vladi\/#article","isPartOf":{"@id":"https:\/\/hudo.com\/si\/aktualno\/slovenija\/v-sds-se-ne-morejo-sprijazniti-s-porazom-na-volitvah-zato-nagajajo-vladi\/"},"author":{"name":"A. P., STA","@id":"https:\/\/hudo.com\/si\/#\/schema\/person\/18f09c02475ba9e606e941a565b80cff"},"headline":"&#8221;V SDS se ne morejo sprijazniti s porazom na volitvah, zato nagajajo vladi&#8221;","datePublished":"2022-10-12T15:36:58+00:00","dateModified":"2022-10-12T15:36:58+00:00","mainEntityOfPage":{"@id":"https:\/\/hudo.com\/si\/aktualno\/slovenija\/v-sds-se-ne-morejo-sprijazniti-s-porazom-na-volitvah-zato-nagajajo-vladi\/"},"wordCount":505,"publisher":{"@id":"https:\/\/hudo.com\/si\/#organization"},"keywords":["referendum","SDS"],"articleSection":["Slovenija"],"inLanguage":"sl-SI"},{"@type":"WebPage","@id":"https:\/\/hudo.com\/si\/aktualno\/slovenija\/v-sds-se-ne-morejo-sprijazniti-s-porazom-na-volitvah-zato-nagajajo-vladi\/","url":"https:\/\/hudo.com\/si\/aktualno\/slovenija\/v-sds-se-ne-morejo-sprijazniti-s-porazom-na-volitvah-zato-nagajajo-vladi\/","name":"''V SDS se ne morejo sprijazniti s porazom na volitvah, zato nagajajo vladi'' - Hudo Slovenija","isPartOf":{"@id":"https:\/\/hudo.com\/si\/#website"},"datePublished":"2022-10-12T15:36:58+00:00","dateModified":"2022-10-12T15:36:58+00:00","breadcrumb":{"@id":"https:\/\/hudo.com\/si\/aktualno\/slovenija\/v-sds-se-ne-morejo-sprijazniti-s-porazom-na-volitvah-zato-nagajajo-vladi\/#breadcrumb"},"inLanguage":"sl-SI","potentialAction":[{"@type":"ReadAction","target":["https:\/\/hudo.com\/si\/aktualno\/slovenija\/v-sds-se-ne-morejo-sprijazniti-s-porazom-na-volitvah-zato-nagajajo-vladi\/"]}]},{"@type":"BreadcrumbList","@id":"https:\/\/hudo.com\/si\/aktualno\/slovenija\/v-sds-se-ne-morejo-sprijazniti-s-porazom-na-volitvah-zato-nagajajo-vladi\/#breadcrumb","itemListElement":[{"@type":"ListItem","position":1,"name":"Home","item":"https:\/\/hudo.com\/si\/"},{"@type":"ListItem","position":2,"name":"&#8221;V SDS se ne morejo sprijazniti s porazom na volitvah, zato nagajajo vladi&#8221;"}]},{"@type":"WebSite","@id":"https:\/\/hudo.com\/si\/#website","url":"https:\/\/hudo.com\/si\/","name":"Hudo Slovenija","description":"Vse novice iz Slovenije in sveta","publisher":{"@id":"https:\/\/hudo.com\/si\/#organization"},"potentialAction":[{"@type":"SearchAction","target":{"@type":"EntryPoint","urlTemplate":"https:\/\/hudo.com\/si\/?s={search_term_string}"},"query-input":"required name=search_term_string"}],"inLanguage":"sl-SI"},{"@type":"Organization","@id":"https:\/\/hudo.com\/si\/#organization","name":"VSN Media","url":"https:\/\/hudo.com\/si\/","logo":{"@type":"ImageObject","inLanguage":"sl-SI","@id":"https:\/\/hudo.com\/si\/#\/schema\/logo\/image\/","url":"https:\/\/hudo.com\/si\/wp-content\/uploads\/sites\/2\/2021\/03\/hudo-app-2.png","contentUrl":"https:\/\/hudo.com\/si\/wp-content\/uploads\/sites\/2\/2021\/03\/hudo-app-2.png","width":2185,"height":2167,"caption":"VSN Media"},"image":{"@id":"https:\/\/hudo.com\/si\/#\/schema\/logo\/image\/"},"sameAs":["https:\/\/www.facebook.com\/hudo.si","https:\/\/twitter.com\/hudo_si"]},{"@type":"Person","@id":"https:\/\/hudo.com\/si\/#\/schema\/person\/18f09c02475ba9e606e941a565b80cff","name":"A. P., STA","image":{"@type":"ImageObject","inLanguage":"sl-SI","@id":"https:\/\/hudo.com\/si\/#\/schema\/person\/image\/","url":"https:\/\/secure.gravatar.com\/avatar\/03eac8e609f5f04383125d80eaeaaf3e?s=96&d=mm&r=g","contentUrl":"https:\/\/secure.gravatar.com\/avatar\/03eac8e609f5f04383125d80eaeaaf3e?s=96&d=mm&r=g","caption":"A. P., STA"},"url":"https:\/\/hudo.com\/si\/author\/lubu\/"}]}},"amp_enabled":true,"_links":{"self":[{"href":"https:\/\/hudo.com\/si\/wp-json\/wp\/v2\/posts\/473469"}],"collection":[{"href":"https:\/\/hudo.com\/si\/wp-json\/wp\/v2\/posts"}],"about":[{"href":"https:\/\/hudo.com\/si\/wp-json\/wp\/v2\/types\/post"}],"author":[{"embeddable":true,"href":"https:\/\/hudo.com\/si\/wp-json\/wp\/v2\/users\/7"}],"replies":[{"embeddable":true,"href":"https:\/\/hudo.com\/si\/wp-json\/wp\/v2\/comments?post=473469"}],"version-history":[{"count":1,"href":"https:\/\/hudo.com\/si\/wp-json\/wp\/v2\/posts\/473469\/revisions"}],"predecessor-version":[{"id":473471,"href":"https:\/\/hudo.com\/si\/wp-json\/wp\/v2\/posts\/473469\/revisions\/473471"}],"wp:featuredmedia":[{"embeddable":true,"href":"https:\/\/hudo.com\/si\/wp-json\/wp\/v2\/media\/473470"}],"wp:attachment":[{"href":"https:\/\/hudo.com\/si\/wp-json\/wp\/v2\/media?parent=473469"}],"wp:term":[{"taxonomy":"category","embeddable":true,"href":"https:\/\/hudo.com\/si\/wp-json\/wp\/v2\/categories?post=473469"},{"taxonomy":"post_tag","embeddable":true,"href":"https:\/\/hudo.com\/si\/wp-json\/wp\/v2\/tags?post=473469"},{"taxonomy":"source","embeddable":true,"href":"https:\/\/hudo.com\/si\/wp-json\/wp\/v2\/source?post=473469"},{"taxonomy":"supertag","embeddable":true,"href":"https:\/\/hudo.com\/si\/wp-json\/wp\/v2\/supertag?post=473469"}],"curies":[{"name":"wp","href":"https:\/\/api.w.org\/{rel}","templated":true}]}}