{"id":47351,"date":"2016-05-07T03:00:06","date_gmt":"2016-05-07T01:00:06","guid":{"rendered":"http:\/\/hudo.com\/si\/2016\/05\/07\/oceta-so-odpeljali-v-koncentracijsko-taborisce-z-mamo-pa-smo-se-skrivali-po-gorah-in-jamah\/"},"modified":"2016-05-08T18:36:18","modified_gmt":"2016-05-08T16:36:18","slug":"oceta-so-odpeljali-v-koncentracijsko-taborisce-z-mamo-pa-smo-se-skrivali-po-gorah-in-jamah","status":"publish","type":"post","link":"https:\/\/hudo.com\/si\/aktualno\/oceta-so-odpeljali-v-koncentracijsko-taborisce-z-mamo-pa-smo-se-skrivali-po-gorah-in-jamah\/","title":{"rendered":"\u201cO\u010deta so odpeljali v koncentracijsko tabori\u0161\u010de, z mamo pa smo se skrivali po gorah in jamah\u201d"},"content":{"rendered":"<p>&#8220;To je bil tak\u0161en \u010das. Nisem bil edini, to smo do\u017eiveli vsi, ki smo bili takrat otroci. To so bili te\u017eki dnevi za na\u0161e star\u0161e \u2013 otroci nismo vedeli, kako zelo te\u017eko je, toda za na\u0161e star\u0161e je bilo te\u017eko. Mojega o\u010deta so odpeljali v koncentracijsko tabori\u0161\u010de, mama pa je ostala v gorah in jamah,<\/p>\n","protected":false},"excerpt":{"rendered":"<p>&#8220;To je bil tak\u0161en \u010das. Nisem bil edini, to smo do\u017eiveli vsi, ki smo bili takrat otroci. To so bili te\u017eki dnevi za na\u0161e star\u0161e \u2013 otroci nismo vedeli, kako zelo te\u017eko je, toda za na\u0161e star\u0161e je bilo te\u017eko. Mojega o\u010deta so odpeljali v koncentracijsko tabori\u0161\u010de, mama pa je ostala v gorah in jamah,<\/p>\n","protected":false},"author":1,"featured_media":0,"comment_status":"closed","ping_status":"closed","sticky":false,"template":"","format":"standard","meta":{"footnotes":""},"categories":[1179],"tags":[],"source":[1710],"supertag":[],"acf":[],"yoast_head":"<!-- This site is optimized with the Yoast SEO plugin v21.3 - https:\/\/yoast.com\/wordpress\/plugins\/seo\/ -->\n<title>\u201cO\u010deta so odpeljali v koncentracijsko tabori\u0161\u010de, z mamo pa smo se skrivali po gorah in jamah\u201d - Hudo Slovenija<\/title>\n<meta name=\"robots\" content=\"index, follow, max-snippet:-1, max-image-preview:large, max-video-preview:-1\" \/>\n<link rel=\"canonical\" href=\"https:\/\/hudo.com\/si\/aktualno\/oceta-so-odpeljali-v-koncentracijsko-taborisce-z-mamo-pa-smo-se-skrivali-po-gorah-in-jamah\/\" \/>\n<meta property=\"og:locale\" content=\"sl_SI\" \/>\n<meta property=\"og:type\" content=\"article\" \/>\n<meta property=\"og:title\" content=\"\u201cO\u010deta so odpeljali v koncentracijsko tabori\u0161\u010de, z mamo pa smo se skrivali po gorah in jamah\u201d - Hudo Slovenija\" \/>\n<meta property=\"og:description\" content=\"&#8220;To je bil tak\u0161en \u010das. Nisem bil edini, to smo do\u017eiveli vsi, ki smo bili takrat otroci. To so bili te\u017eki dnevi za na\u0161e star\u0161e \u2013 otroci nismo vedeli, kako zelo te\u017eko je, toda za na\u0161e star\u0161e je bilo te\u017eko. Mojega o\u010deta so odpeljali v koncentracijsko tabori\u0161\u010de, mama pa je ostala v gorah in jamah,\" \/>\n<meta property=\"og:url\" content=\"https:\/\/hudo.com\/si\/aktualno\/oceta-so-odpeljali-v-koncentracijsko-taborisce-z-mamo-pa-smo-se-skrivali-po-gorah-in-jamah\/\" \/>\n<meta property=\"og:site_name\" content=\"Hudo Slovenija\" \/>\n<meta property=\"article:publisher\" content=\"https:\/\/www.facebook.com\/hudo.si\" \/>\n<meta property=\"article:published_time\" content=\"2016-05-07T01:00:06+00:00\" \/>\n<meta property=\"article:modified_time\" content=\"2016-05-08T16:36:18+00:00\" \/>\n<meta property=\"og:image\" content=\"https:\/\/hudo.com\/si\/wp-content\/uploads\/sites\/2\/2016\/05\/oceta-so-odpeljali-v-koncentracijsko-taborisce-z-mamo-pa-smo-se-skrivali-po-gorah-in-jamah-01.jpg\" \/>\n\t<meta property=\"og:image:width\" content=\"734\" \/>\n\t<meta property=\"og:image:height\" content=\"495\" \/>\n\t<meta property=\"og:image:type\" content=\"image\/jpeg\" \/>\n<meta name=\"author\" content=\"hudo\" \/>\n<meta name=\"twitter:card\" content=\"summary_large_image\" \/>\n<meta name=\"twitter:creator\" content=\"@hudo_si\" \/>\n<meta name=\"twitter:site\" content=\"@hudo_si\" \/>\n<meta name=\"twitter:label1\" content=\"Written by\" \/>\n\t<meta name=\"twitter:data1\" content=\"hudo\" \/>\n<script type=\"application\/ld+json\" class=\"yoast-schema-graph\">{\"@context\":\"https:\/\/schema.org\",\"@graph\":[{\"@type\":\"Article\",\"@id\":\"https:\/\/hudo.com\/si\/aktualno\/oceta-so-odpeljali-v-koncentracijsko-taborisce-z-mamo-pa-smo-se-skrivali-po-gorah-in-jamah\/#article\",\"isPartOf\":{\"@id\":\"https:\/\/hudo.com\/si\/aktualno\/oceta-so-odpeljali-v-koncentracijsko-taborisce-z-mamo-pa-smo-se-skrivali-po-gorah-in-jamah\/\"},\"author\":{\"name\":\"hudo\",\"@id\":\"https:\/\/hudo.com\/si\/#\/schema\/person\/601cf3379633985b20f7e50f2bb47707\"},\"headline\":\"\u201cO\u010deta so odpeljali v koncentracijsko tabori\u0161\u010de, z mamo pa smo se skrivali po gorah in jamah\u201d\",\"datePublished\":\"2016-05-07T01:00:06+00:00\",\"dateModified\":\"2016-05-08T16:36:18+00:00\",\"mainEntityOfPage\":{\"@id\":\"https:\/\/hudo.com\/si\/aktualno\/oceta-so-odpeljali-v-koncentracijsko-taborisce-z-mamo-pa-smo-se-skrivali-po-gorah-in-jamah\/\"},\"wordCount\":83,\"publisher\":{\"@id\":\"https:\/\/hudo.com\/si\/#organization\"},\"articleSection\":[\"Aktualno\"],\"inLanguage\":\"sl-SI\"},{\"@type\":\"WebPage\",\"@id\":\"https:\/\/hudo.com\/si\/aktualno\/oceta-so-odpeljali-v-koncentracijsko-taborisce-z-mamo-pa-smo-se-skrivali-po-gorah-in-jamah\/\",\"url\":\"https:\/\/hudo.com\/si\/aktualno\/oceta-so-odpeljali-v-koncentracijsko-taborisce-z-mamo-pa-smo-se-skrivali-po-gorah-in-jamah\/\",\"name\":\"\u201cO\u010deta so odpeljali v koncentracijsko tabori\u0161\u010de, z mamo pa smo se skrivali po gorah in jamah\u201d - Hudo Slovenija\",\"isPartOf\":{\"@id\":\"https:\/\/hudo.com\/si\/#website\"},\"datePublished\":\"2016-05-07T01:00:06+00:00\",\"dateModified\":\"2016-05-08T16:36:18+00:00\",\"breadcrumb\":{\"@id\":\"https:\/\/hudo.com\/si\/aktualno\/oceta-so-odpeljali-v-koncentracijsko-taborisce-z-mamo-pa-smo-se-skrivali-po-gorah-in-jamah\/#breadcrumb\"},\"inLanguage\":\"sl-SI\",\"potentialAction\":[{\"@type\":\"ReadAction\",\"target\":[\"https:\/\/hudo.com\/si\/aktualno\/oceta-so-odpeljali-v-koncentracijsko-taborisce-z-mamo-pa-smo-se-skrivali-po-gorah-in-jamah\/\"]}]},{\"@type\":\"BreadcrumbList\",\"@id\":\"https:\/\/hudo.com\/si\/aktualno\/oceta-so-odpeljali-v-koncentracijsko-taborisce-z-mamo-pa-smo-se-skrivali-po-gorah-in-jamah\/#breadcrumb\",\"itemListElement\":[{\"@type\":\"ListItem\",\"position\":1,\"name\":\"Home\",\"item\":\"https:\/\/hudo.com\/si\/\"},{\"@type\":\"ListItem\",\"position\":2,\"name\":\"\u201cO\u010deta so odpeljali v koncentracijsko tabori\u0161\u010de, z mamo pa smo se skrivali po gorah in jamah\u201d\"}]},{\"@type\":\"WebSite\",\"@id\":\"https:\/\/hudo.com\/si\/#website\",\"url\":\"https:\/\/hudo.com\/si\/\",\"name\":\"Hudo Slovenija\",\"description\":\"Vse novice iz Slovenije in sveta\",\"publisher\":{\"@id\":\"https:\/\/hudo.com\/si\/#organization\"},\"potentialAction\":[{\"@type\":\"SearchAction\",\"target\":{\"@type\":\"EntryPoint\",\"urlTemplate\":\"https:\/\/hudo.com\/si\/?s={search_term_string}\"},\"query-input\":\"required name=search_term_string\"}],\"inLanguage\":\"sl-SI\"},{\"@type\":\"Organization\",\"@id\":\"https:\/\/hudo.com\/si\/#organization\",\"name\":\"VSN Media\",\"url\":\"https:\/\/hudo.com\/si\/\",\"logo\":{\"@type\":\"ImageObject\",\"inLanguage\":\"sl-SI\",\"@id\":\"https:\/\/hudo.com\/si\/#\/schema\/logo\/image\/\",\"url\":\"https:\/\/hudo.com\/si\/wp-content\/uploads\/sites\/2\/2021\/03\/hudo-app-2.png\",\"contentUrl\":\"https:\/\/hudo.com\/si\/wp-content\/uploads\/sites\/2\/2021\/03\/hudo-app-2.png\",\"width\":2185,\"height\":2167,\"caption\":\"VSN Media\"},\"image\":{\"@id\":\"https:\/\/hudo.com\/si\/#\/schema\/logo\/image\/\"},\"sameAs\":[\"https:\/\/www.facebook.com\/hudo.si\",\"https:\/\/twitter.com\/hudo_si\"]},{\"@type\":\"Person\",\"@id\":\"https:\/\/hudo.com\/si\/#\/schema\/person\/601cf3379633985b20f7e50f2bb47707\",\"name\":\"hudo\",\"image\":{\"@type\":\"ImageObject\",\"inLanguage\":\"sl-SI\",\"@id\":\"https:\/\/hudo.com\/si\/#\/schema\/person\/image\/\",\"url\":\"https:\/\/secure.gravatar.com\/avatar\/c4ca25fa72cace7a696b52ff5db9e095?s=96&d=mm&r=g\",\"contentUrl\":\"https:\/\/secure.gravatar.com\/avatar\/c4ca25fa72cace7a696b52ff5db9e095?s=96&d=mm&r=g\",\"caption\":\"hudo\"},\"url\":\"https:\/\/hudo.com\/si\/author\/hudo\/\"}]}<\/script>\n<!-- \/ Yoast SEO plugin. -->","yoast_head_json":{"title":"\u201cO\u010deta so odpeljali v koncentracijsko tabori\u0161\u010de, z mamo pa smo se skrivali po gorah in jamah\u201d - Hudo Slovenija","robots":{"index":"index","follow":"follow","max-snippet":"max-snippet:-1","max-image-preview":"max-image-preview:large","max-video-preview":"max-video-preview:-1"},"canonical":"https:\/\/hudo.com\/si\/aktualno\/oceta-so-odpeljali-v-koncentracijsko-taborisce-z-mamo-pa-smo-se-skrivali-po-gorah-in-jamah\/","og_locale":"sl_SI","og_type":"article","og_title":"\u201cO\u010deta so odpeljali v koncentracijsko tabori\u0161\u010de, z mamo pa smo se skrivali po gorah in jamah\u201d - Hudo Slovenija","og_description":"&#8220;To je bil tak\u0161en \u010das. Nisem bil edini, to smo do\u017eiveli vsi, ki smo bili takrat otroci. To so bili te\u017eki dnevi za na\u0161e star\u0161e \u2013 otroci nismo vedeli, kako zelo te\u017eko je, toda za na\u0161e star\u0161e je bilo te\u017eko. Mojega o\u010deta so odpeljali v koncentracijsko tabori\u0161\u010de, mama pa je ostala v gorah in jamah,","og_url":"https:\/\/hudo.com\/si\/aktualno\/oceta-so-odpeljali-v-koncentracijsko-taborisce-z-mamo-pa-smo-se-skrivali-po-gorah-in-jamah\/","og_site_name":"Hudo Slovenija","article_publisher":"https:\/\/www.facebook.com\/hudo.si","article_published_time":"2016-05-07T01:00:06+00:00","article_modified_time":"2016-05-08T16:36:18+00:00","og_image":[{"width":734,"height":495,"url":"https:\/\/hudo.com\/si\/wp-content\/uploads\/sites\/2\/2016\/05\/oceta-so-odpeljali-v-koncentracijsko-taborisce-z-mamo-pa-smo-se-skrivali-po-gorah-in-jamah-01.jpg","type":"image\/jpeg"}],"author":"hudo","twitter_card":"summary_large_image","twitter_creator":"@hudo_si","twitter_site":"@hudo_si","twitter_misc":{"Written by":"hudo"},"schema":{"@context":"https:\/\/schema.org","@graph":[{"@type":"Article","@id":"https:\/\/hudo.com\/si\/aktualno\/oceta-so-odpeljali-v-koncentracijsko-taborisce-z-mamo-pa-smo-se-skrivali-po-gorah-in-jamah\/#article","isPartOf":{"@id":"https:\/\/hudo.com\/si\/aktualno\/oceta-so-odpeljali-v-koncentracijsko-taborisce-z-mamo-pa-smo-se-skrivali-po-gorah-in-jamah\/"},"author":{"name":"hudo","@id":"https:\/\/hudo.com\/si\/#\/schema\/person\/601cf3379633985b20f7e50f2bb47707"},"headline":"\u201cO\u010deta so odpeljali v koncentracijsko tabori\u0161\u010de, z mamo pa smo se skrivali po gorah in jamah\u201d","datePublished":"2016-05-07T01:00:06+00:00","dateModified":"2016-05-08T16:36:18+00:00","mainEntityOfPage":{"@id":"https:\/\/hudo.com\/si\/aktualno\/oceta-so-odpeljali-v-koncentracijsko-taborisce-z-mamo-pa-smo-se-skrivali-po-gorah-in-jamah\/"},"wordCount":83,"publisher":{"@id":"https:\/\/hudo.com\/si\/#organization"},"articleSection":["Aktualno"],"inLanguage":"sl-SI"},{"@type":"WebPage","@id":"https:\/\/hudo.com\/si\/aktualno\/oceta-so-odpeljali-v-koncentracijsko-taborisce-z-mamo-pa-smo-se-skrivali-po-gorah-in-jamah\/","url":"https:\/\/hudo.com\/si\/aktualno\/oceta-so-odpeljali-v-koncentracijsko-taborisce-z-mamo-pa-smo-se-skrivali-po-gorah-in-jamah\/","name":"\u201cO\u010deta so odpeljali v koncentracijsko tabori\u0161\u010de, z mamo pa smo se skrivali po gorah in jamah\u201d - Hudo Slovenija","isPartOf":{"@id":"https:\/\/hudo.com\/si\/#website"},"datePublished":"2016-05-07T01:00:06+00:00","dateModified":"2016-05-08T16:36:18+00:00","breadcrumb":{"@id":"https:\/\/hudo.com\/si\/aktualno\/oceta-so-odpeljali-v-koncentracijsko-taborisce-z-mamo-pa-smo-se-skrivali-po-gorah-in-jamah\/#breadcrumb"},"inLanguage":"sl-SI","potentialAction":[{"@type":"ReadAction","target":["https:\/\/hudo.com\/si\/aktualno\/oceta-so-odpeljali-v-koncentracijsko-taborisce-z-mamo-pa-smo-se-skrivali-po-gorah-in-jamah\/"]}]},{"@type":"BreadcrumbList","@id":"https:\/\/hudo.com\/si\/aktualno\/oceta-so-odpeljali-v-koncentracijsko-taborisce-z-mamo-pa-smo-se-skrivali-po-gorah-in-jamah\/#breadcrumb","itemListElement":[{"@type":"ListItem","position":1,"name":"Home","item":"https:\/\/hudo.com\/si\/"},{"@type":"ListItem","position":2,"name":"\u201cO\u010deta so odpeljali v koncentracijsko tabori\u0161\u010de, z mamo pa smo se skrivali po gorah in jamah\u201d"}]},{"@type":"WebSite","@id":"https:\/\/hudo.com\/si\/#website","url":"https:\/\/hudo.com\/si\/","name":"Hudo Slovenija","description":"Vse novice iz Slovenije in sveta","publisher":{"@id":"https:\/\/hudo.com\/si\/#organization"},"potentialAction":[{"@type":"SearchAction","target":{"@type":"EntryPoint","urlTemplate":"https:\/\/hudo.com\/si\/?s={search_term_string}"},"query-input":"required name=search_term_string"}],"inLanguage":"sl-SI"},{"@type":"Organization","@id":"https:\/\/hudo.com\/si\/#organization","name":"VSN Media","url":"https:\/\/hudo.com\/si\/","logo":{"@type":"ImageObject","inLanguage":"sl-SI","@id":"https:\/\/hudo.com\/si\/#\/schema\/logo\/image\/","url":"https:\/\/hudo.com\/si\/wp-content\/uploads\/sites\/2\/2021\/03\/hudo-app-2.png","contentUrl":"https:\/\/hudo.com\/si\/wp-content\/uploads\/sites\/2\/2021\/03\/hudo-app-2.png","width":2185,"height":2167,"caption":"VSN Media"},"image":{"@id":"https:\/\/hudo.com\/si\/#\/schema\/logo\/image\/"},"sameAs":["https:\/\/www.facebook.com\/hudo.si","https:\/\/twitter.com\/hudo_si"]},{"@type":"Person","@id":"https:\/\/hudo.com\/si\/#\/schema\/person\/601cf3379633985b20f7e50f2bb47707","name":"hudo","image":{"@type":"ImageObject","inLanguage":"sl-SI","@id":"https:\/\/hudo.com\/si\/#\/schema\/person\/image\/","url":"https:\/\/secure.gravatar.com\/avatar\/c4ca25fa72cace7a696b52ff5db9e095?s=96&d=mm&r=g","contentUrl":"https:\/\/secure.gravatar.com\/avatar\/c4ca25fa72cace7a696b52ff5db9e095?s=96&d=mm&r=g","caption":"hudo"},"url":"https:\/\/hudo.com\/si\/author\/hudo\/"}]}},"amp_enabled":true,"_links":{"self":[{"href":"https:\/\/hudo.com\/si\/wp-json\/wp\/v2\/posts\/47351"}],"collection":[{"href":"https:\/\/hudo.com\/si\/wp-json\/wp\/v2\/posts"}],"about":[{"href":"https:\/\/hudo.com\/si\/wp-json\/wp\/v2\/types\/post"}],"author":[{"embeddable":true,"href":"https:\/\/hudo.com\/si\/wp-json\/wp\/v2\/users\/1"}],"replies":[{"embeddable":true,"href":"https:\/\/hudo.com\/si\/wp-json\/wp\/v2\/comments?post=47351"}],"version-history":[{"count":1,"href":"https:\/\/hudo.com\/si\/wp-json\/wp\/v2\/posts\/47351\/revisions"}],"predecessor-version":[{"id":47377,"href":"https:\/\/hudo.com\/si\/wp-json\/wp\/v2\/posts\/47351\/revisions\/47377"}],"wp:attachment":[{"href":"https:\/\/hudo.com\/si\/wp-json\/wp\/v2\/media?parent=47351"}],"wp:term":[{"taxonomy":"category","embeddable":true,"href":"https:\/\/hudo.com\/si\/wp-json\/wp\/v2\/categories?post=47351"},{"taxonomy":"post_tag","embeddable":true,"href":"https:\/\/hudo.com\/si\/wp-json\/wp\/v2\/tags?post=47351"},{"taxonomy":"source","embeddable":true,"href":"https:\/\/hudo.com\/si\/wp-json\/wp\/v2\/source?post=47351"},{"taxonomy":"supertag","embeddable":true,"href":"https:\/\/hudo.com\/si\/wp-json\/wp\/v2\/supertag?post=47351"}],"curies":[{"name":"wp","href":"https:\/\/api.w.org\/{rel}","templated":true}]}}