{"id":47385,"date":"2016-05-07T05:00:00","date_gmt":"2016-05-07T03:00:00","guid":{"rendered":"http:\/\/hudo.com\/si\/2016\/05\/07\/znova-bolj-tekoc-promet-skozi-center-ljubljane\/"},"modified":"2016-05-07T10:17:16","modified_gmt":"2016-05-07T08:17:16","slug":"znova-bolj-tekoc-promet-skozi-center-ljubljane","status":"publish","type":"post","link":"https:\/\/hudo.com\/si\/aktualno\/znova-bolj-tekoc-promet-skozi-center-ljubljane\/","title":{"rendered":"Znova bolj teko\u010d promet skozi center Ljubljane"},"content":{"rendered":"<p>Kategorija: Ljubljana Sat, 07 May 2016 07:00:00 +0200  Ljubljana &#8211; Po ve\u010d kot devetih mesecih, odkar so na za\u010detku avgusta zaradi prenove zaprli ju\u017eni del Slovenske ceste, bo ta od danes naprej spet prevozna v obe smeri. Delavci KPL, ki so jim na ob\u010dini kar trikrat podalj\u0161ali rok za dokon\u010danje, so v\u010deraj \u0161e hiteli z zadnjimi deli. Aneks na aneks Promet bo po odseku med \u0160ubi\u010devo in A\u0161ker\u010devo stekel danes ob 14.30, so sporo\u010dili z ob\u010dine. Betoniranje plo\u010dnikov, urejanje avtobusnih postajali\u0161\u010d in druga zaklju\u010dna dela so intenzivno potekala \u0161e ves teden, \u010deprav se je KPL konec aprila iztekel \u017ee drugi podalj\u0161ani rok za dokon\u010danje del. Tudi tokrat so jim na ob\u010dini zamude spregledali oziroma jih opravi\u010dujejo z vremenskimi razmerami. Tako se je na ju\u017enem delu Slovenske ponovila zgodba z osrednjega, ki so ga namesto treh mesecev in pol prenavljali\u00a0&#8230;<\/p>\n","protected":false},"excerpt":{"rendered":"<p>Kategorija: Ljubljana Sat, 07 May 2016 07:00:00 +0200  Ljubljana &#8211; Po ve\u010d kot devetih mesecih, odkar so na za\u010detku avgusta zaradi prenove zaprli ju\u017eni del Slovenske ceste, bo ta od danes naprej spet prevozna v obe smeri. Delavci KPL, ki so jim na ob\u010dini kar trikrat podalj\u0161ali rok za dokon\u010danje, so v\u010deraj \u0161e hiteli z zadnjimi deli. Aneks na aneks Promet bo po odseku med \u0160ubi\u010devo in A\u0161ker\u010devo stekel danes ob 14.30, so sporo\u010dili z ob\u010dine. Betoniranje plo\u010dnikov, urejanje avtobusnih postajali\u0161\u010d in druga zaklju\u010dna dela so intenzivno potekala \u0161e ves teden, \u010deprav se je KPL konec aprila iztekel \u017ee drugi podalj\u0161ani rok za dokon\u010danje del. Tudi tokrat so jim na ob\u010dini zamude spregledali oziroma jih opravi\u010dujejo z vremenskimi razmerami. Tako se je na ju\u017enem delu Slovenske ponovila zgodba z osrednjega, ki so ga namesto treh mesecev in pol prenavljali\u00a0&#8230;<\/p>\n","protected":false},"author":1,"featured_media":0,"comment_status":"closed","ping_status":"closed","sticky":false,"template":"","format":"standard","meta":{"footnotes":""},"categories":[1179],"tags":[],"source":[4511],"supertag":[],"acf":[],"yoast_head":"<!-- This site is optimized with the Yoast SEO plugin v21.3 - https:\/\/yoast.com\/wordpress\/plugins\/seo\/ -->\n<title>Znova bolj teko\u010d promet skozi center Ljubljane - Hudo Slovenija<\/title>\n<meta name=\"robots\" content=\"index, follow, max-snippet:-1, max-image-preview:large, max-video-preview:-1\" \/>\n<link rel=\"canonical\" href=\"https:\/\/hudo.com\/si\/aktualno\/znova-bolj-tekoc-promet-skozi-center-ljubljane\/\" \/>\n<meta property=\"og:locale\" content=\"sl_SI\" \/>\n<meta property=\"og:type\" content=\"article\" \/>\n<meta property=\"og:title\" content=\"Znova bolj teko\u010d promet skozi center Ljubljane - Hudo Slovenija\" \/>\n<meta property=\"og:description\" content=\"Kategorija: Ljubljana Sat, 07 May 2016 07:00:00 +0200 Ljubljana - Po ve\u010d kot devetih mesecih, odkar so na za\u010detku avgusta zaradi prenove zaprli ju\u017eni del Slovenske ceste, bo ta od danes naprej spet prevozna v obe smeri. Delavci KPL, ki so jim na ob\u010dini kar trikrat podalj\u0161ali rok za dokon\u010danje, so v\u010deraj \u0161e hiteli z zadnjimi deli. Aneks na aneks Promet bo po odseku med \u0160ubi\u010devo in A\u0161ker\u010devo stekel danes ob 14.30, so sporo\u010dili z ob\u010dine. Betoniranje plo\u010dnikov, urejanje avtobusnih postajali\u0161\u010d in druga zaklju\u010dna dela so intenzivno potekala \u0161e ves teden, \u010deprav se je KPL konec aprila iztekel \u017ee drugi podalj\u0161ani rok za dokon\u010danje del. Tudi tokrat so jim na ob\u010dini zamude spregledali oziroma jih opravi\u010dujejo z vremenskimi razmerami. Tako se je na ju\u017enem delu Slovenske ponovila zgodba z osrednjega, ki so ga namesto treh mesecev in pol prenavljali\u00a0...\" \/>\n<meta property=\"og:url\" content=\"https:\/\/hudo.com\/si\/aktualno\/znova-bolj-tekoc-promet-skozi-center-ljubljane\/\" \/>\n<meta property=\"og:site_name\" content=\"Hudo Slovenija\" \/>\n<meta property=\"article:publisher\" content=\"https:\/\/www.facebook.com\/hudo.si\" \/>\n<meta property=\"article:published_time\" content=\"2016-05-07T03:00:00+00:00\" \/>\n<meta property=\"article:modified_time\" content=\"2016-05-07T08:17:16+00:00\" \/>\n<meta property=\"og:image\" content=\"https:\/\/hudo.com\/si\/wp-content\/uploads\/sites\/2\/2016\/05\/480x290_Ljubljanska__Delo_Foto_2016.39_hires0.jpeg\" \/>\n\t<meta property=\"og:image:width\" content=\"480\" \/>\n\t<meta property=\"og:image:height\" content=\"290\" \/>\n\t<meta property=\"og:image:type\" content=\"image\/jpeg\" \/>\n<meta name=\"author\" content=\"hudo\" \/>\n<meta name=\"twitter:card\" content=\"summary_large_image\" \/>\n<meta name=\"twitter:creator\" content=\"@hudo_si\" \/>\n<meta name=\"twitter:site\" content=\"@hudo_si\" \/>\n<meta name=\"twitter:label1\" content=\"Written by\" \/>\n\t<meta name=\"twitter:data1\" content=\"hudo\" \/>\n\t<meta name=\"twitter:label2\" content=\"Est. reading time\" \/>\n\t<meta name=\"twitter:data2\" content=\"1 minuta\" \/>\n<script type=\"application\/ld+json\" class=\"yoast-schema-graph\">{\"@context\":\"https:\/\/schema.org\",\"@graph\":[{\"@type\":\"Article\",\"@id\":\"https:\/\/hudo.com\/si\/aktualno\/znova-bolj-tekoc-promet-skozi-center-ljubljane\/#article\",\"isPartOf\":{\"@id\":\"https:\/\/hudo.com\/si\/aktualno\/znova-bolj-tekoc-promet-skozi-center-ljubljane\/\"},\"author\":{\"name\":\"hudo\",\"@id\":\"https:\/\/hudo.com\/si\/#\/schema\/person\/601cf3379633985b20f7e50f2bb47707\"},\"headline\":\"Znova bolj teko\u010d promet skozi center Ljubljane\",\"datePublished\":\"2016-05-07T03:00:00+00:00\",\"dateModified\":\"2016-05-07T08:17:16+00:00\",\"mainEntityOfPage\":{\"@id\":\"https:\/\/hudo.com\/si\/aktualno\/znova-bolj-tekoc-promet-skozi-center-ljubljane\/\"},\"wordCount\":159,\"publisher\":{\"@id\":\"https:\/\/hudo.com\/si\/#organization\"},\"articleSection\":[\"Aktualno\"],\"inLanguage\":\"sl-SI\"},{\"@type\":\"WebPage\",\"@id\":\"https:\/\/hudo.com\/si\/aktualno\/znova-bolj-tekoc-promet-skozi-center-ljubljane\/\",\"url\":\"https:\/\/hudo.com\/si\/aktualno\/znova-bolj-tekoc-promet-skozi-center-ljubljane\/\",\"name\":\"Znova bolj teko\u010d promet skozi center Ljubljane - Hudo Slovenija\",\"isPartOf\":{\"@id\":\"https:\/\/hudo.com\/si\/#website\"},\"datePublished\":\"2016-05-07T03:00:00+00:00\",\"dateModified\":\"2016-05-07T08:17:16+00:00\",\"breadcrumb\":{\"@id\":\"https:\/\/hudo.com\/si\/aktualno\/znova-bolj-tekoc-promet-skozi-center-ljubljane\/#breadcrumb\"},\"inLanguage\":\"sl-SI\",\"potentialAction\":[{\"@type\":\"ReadAction\",\"target\":[\"https:\/\/hudo.com\/si\/aktualno\/znova-bolj-tekoc-promet-skozi-center-ljubljane\/\"]}]},{\"@type\":\"BreadcrumbList\",\"@id\":\"https:\/\/hudo.com\/si\/aktualno\/znova-bolj-tekoc-promet-skozi-center-ljubljane\/#breadcrumb\",\"itemListElement\":[{\"@type\":\"ListItem\",\"position\":1,\"name\":\"Home\",\"item\":\"https:\/\/hudo.com\/si\/\"},{\"@type\":\"ListItem\",\"position\":2,\"name\":\"Znova bolj teko\u010d promet skozi center Ljubljane\"}]},{\"@type\":\"WebSite\",\"@id\":\"https:\/\/hudo.com\/si\/#website\",\"url\":\"https:\/\/hudo.com\/si\/\",\"name\":\"Hudo Slovenija\",\"description\":\"Vse novice iz Slovenije in sveta\",\"publisher\":{\"@id\":\"https:\/\/hudo.com\/si\/#organization\"},\"potentialAction\":[{\"@type\":\"SearchAction\",\"target\":{\"@type\":\"EntryPoint\",\"urlTemplate\":\"https:\/\/hudo.com\/si\/?s={search_term_string}\"},\"query-input\":\"required name=search_term_string\"}],\"inLanguage\":\"sl-SI\"},{\"@type\":\"Organization\",\"@id\":\"https:\/\/hudo.com\/si\/#organization\",\"name\":\"VSN Media\",\"url\":\"https:\/\/hudo.com\/si\/\",\"logo\":{\"@type\":\"ImageObject\",\"inLanguage\":\"sl-SI\",\"@id\":\"https:\/\/hudo.com\/si\/#\/schema\/logo\/image\/\",\"url\":\"https:\/\/hudo.com\/si\/wp-content\/uploads\/sites\/2\/2021\/03\/hudo-app-2.png\",\"contentUrl\":\"https:\/\/hudo.com\/si\/wp-content\/uploads\/sites\/2\/2021\/03\/hudo-app-2.png\",\"width\":2185,\"height\":2167,\"caption\":\"VSN Media\"},\"image\":{\"@id\":\"https:\/\/hudo.com\/si\/#\/schema\/logo\/image\/\"},\"sameAs\":[\"https:\/\/www.facebook.com\/hudo.si\",\"https:\/\/twitter.com\/hudo_si\"]},{\"@type\":\"Person\",\"@id\":\"https:\/\/hudo.com\/si\/#\/schema\/person\/601cf3379633985b20f7e50f2bb47707\",\"name\":\"hudo\",\"image\":{\"@type\":\"ImageObject\",\"inLanguage\":\"sl-SI\",\"@id\":\"https:\/\/hudo.com\/si\/#\/schema\/person\/image\/\",\"url\":\"https:\/\/secure.gravatar.com\/avatar\/c4ca25fa72cace7a696b52ff5db9e095?s=96&d=mm&r=g\",\"contentUrl\":\"https:\/\/secure.gravatar.com\/avatar\/c4ca25fa72cace7a696b52ff5db9e095?s=96&d=mm&r=g\",\"caption\":\"hudo\"},\"url\":\"https:\/\/hudo.com\/si\/author\/hudo\/\"}]}<\/script>\n<!-- \/ Yoast SEO plugin. -->","yoast_head_json":{"title":"Znova bolj teko\u010d promet skozi center Ljubljane - Hudo Slovenija","robots":{"index":"index","follow":"follow","max-snippet":"max-snippet:-1","max-image-preview":"max-image-preview:large","max-video-preview":"max-video-preview:-1"},"canonical":"https:\/\/hudo.com\/si\/aktualno\/znova-bolj-tekoc-promet-skozi-center-ljubljane\/","og_locale":"sl_SI","og_type":"article","og_title":"Znova bolj teko\u010d promet skozi center Ljubljane - Hudo Slovenija","og_description":"Kategorija: Ljubljana Sat, 07 May 2016 07:00:00 +0200 Ljubljana - Po ve\u010d kot devetih mesecih, odkar so na za\u010detku avgusta zaradi prenove zaprli ju\u017eni del Slovenske ceste, bo ta od danes naprej spet prevozna v obe smeri. Delavci KPL, ki so jim na ob\u010dini kar trikrat podalj\u0161ali rok za dokon\u010danje, so v\u010deraj \u0161e hiteli z zadnjimi deli. Aneks na aneks Promet bo po odseku med \u0160ubi\u010devo in A\u0161ker\u010devo stekel danes ob 14.30, so sporo\u010dili z ob\u010dine. Betoniranje plo\u010dnikov, urejanje avtobusnih postajali\u0161\u010d in druga zaklju\u010dna dela so intenzivno potekala \u0161e ves teden, \u010deprav se je KPL konec aprila iztekel \u017ee drugi podalj\u0161ani rok za dokon\u010danje del. Tudi tokrat so jim na ob\u010dini zamude spregledali oziroma jih opravi\u010dujejo z vremenskimi razmerami. Tako se je na ju\u017enem delu Slovenske ponovila zgodba z osrednjega, ki so ga namesto treh mesecev in pol prenavljali\u00a0...","og_url":"https:\/\/hudo.com\/si\/aktualno\/znova-bolj-tekoc-promet-skozi-center-ljubljane\/","og_site_name":"Hudo Slovenija","article_publisher":"https:\/\/www.facebook.com\/hudo.si","article_published_time":"2016-05-07T03:00:00+00:00","article_modified_time":"2016-05-07T08:17:16+00:00","og_image":[{"width":480,"height":290,"url":"https:\/\/hudo.com\/si\/wp-content\/uploads\/sites\/2\/2016\/05\/480x290_Ljubljanska__Delo_Foto_2016.39_hires0.jpeg","type":"image\/jpeg"}],"author":"hudo","twitter_card":"summary_large_image","twitter_creator":"@hudo_si","twitter_site":"@hudo_si","twitter_misc":{"Written by":"hudo","Est. reading time":"1 minuta"},"schema":{"@context":"https:\/\/schema.org","@graph":[{"@type":"Article","@id":"https:\/\/hudo.com\/si\/aktualno\/znova-bolj-tekoc-promet-skozi-center-ljubljane\/#article","isPartOf":{"@id":"https:\/\/hudo.com\/si\/aktualno\/znova-bolj-tekoc-promet-skozi-center-ljubljane\/"},"author":{"name":"hudo","@id":"https:\/\/hudo.com\/si\/#\/schema\/person\/601cf3379633985b20f7e50f2bb47707"},"headline":"Znova bolj teko\u010d promet skozi center Ljubljane","datePublished":"2016-05-07T03:00:00+00:00","dateModified":"2016-05-07T08:17:16+00:00","mainEntityOfPage":{"@id":"https:\/\/hudo.com\/si\/aktualno\/znova-bolj-tekoc-promet-skozi-center-ljubljane\/"},"wordCount":159,"publisher":{"@id":"https:\/\/hudo.com\/si\/#organization"},"articleSection":["Aktualno"],"inLanguage":"sl-SI"},{"@type":"WebPage","@id":"https:\/\/hudo.com\/si\/aktualno\/znova-bolj-tekoc-promet-skozi-center-ljubljane\/","url":"https:\/\/hudo.com\/si\/aktualno\/znova-bolj-tekoc-promet-skozi-center-ljubljane\/","name":"Znova bolj teko\u010d promet skozi center Ljubljane - Hudo Slovenija","isPartOf":{"@id":"https:\/\/hudo.com\/si\/#website"},"datePublished":"2016-05-07T03:00:00+00:00","dateModified":"2016-05-07T08:17:16+00:00","breadcrumb":{"@id":"https:\/\/hudo.com\/si\/aktualno\/znova-bolj-tekoc-promet-skozi-center-ljubljane\/#breadcrumb"},"inLanguage":"sl-SI","potentialAction":[{"@type":"ReadAction","target":["https:\/\/hudo.com\/si\/aktualno\/znova-bolj-tekoc-promet-skozi-center-ljubljane\/"]}]},{"@type":"BreadcrumbList","@id":"https:\/\/hudo.com\/si\/aktualno\/znova-bolj-tekoc-promet-skozi-center-ljubljane\/#breadcrumb","itemListElement":[{"@type":"ListItem","position":1,"name":"Home","item":"https:\/\/hudo.com\/si\/"},{"@type":"ListItem","position":2,"name":"Znova bolj teko\u010d promet skozi center Ljubljane"}]},{"@type":"WebSite","@id":"https:\/\/hudo.com\/si\/#website","url":"https:\/\/hudo.com\/si\/","name":"Hudo Slovenija","description":"Vse novice iz Slovenije in sveta","publisher":{"@id":"https:\/\/hudo.com\/si\/#organization"},"potentialAction":[{"@type":"SearchAction","target":{"@type":"EntryPoint","urlTemplate":"https:\/\/hudo.com\/si\/?s={search_term_string}"},"query-input":"required name=search_term_string"}],"inLanguage":"sl-SI"},{"@type":"Organization","@id":"https:\/\/hudo.com\/si\/#organization","name":"VSN Media","url":"https:\/\/hudo.com\/si\/","logo":{"@type":"ImageObject","inLanguage":"sl-SI","@id":"https:\/\/hudo.com\/si\/#\/schema\/logo\/image\/","url":"https:\/\/hudo.com\/si\/wp-content\/uploads\/sites\/2\/2021\/03\/hudo-app-2.png","contentUrl":"https:\/\/hudo.com\/si\/wp-content\/uploads\/sites\/2\/2021\/03\/hudo-app-2.png","width":2185,"height":2167,"caption":"VSN Media"},"image":{"@id":"https:\/\/hudo.com\/si\/#\/schema\/logo\/image\/"},"sameAs":["https:\/\/www.facebook.com\/hudo.si","https:\/\/twitter.com\/hudo_si"]},{"@type":"Person","@id":"https:\/\/hudo.com\/si\/#\/schema\/person\/601cf3379633985b20f7e50f2bb47707","name":"hudo","image":{"@type":"ImageObject","inLanguage":"sl-SI","@id":"https:\/\/hudo.com\/si\/#\/schema\/person\/image\/","url":"https:\/\/secure.gravatar.com\/avatar\/c4ca25fa72cace7a696b52ff5db9e095?s=96&d=mm&r=g","contentUrl":"https:\/\/secure.gravatar.com\/avatar\/c4ca25fa72cace7a696b52ff5db9e095?s=96&d=mm&r=g","caption":"hudo"},"url":"https:\/\/hudo.com\/si\/author\/hudo\/"}]}},"amp_enabled":true,"_links":{"self":[{"href":"https:\/\/hudo.com\/si\/wp-json\/wp\/v2\/posts\/47385"}],"collection":[{"href":"https:\/\/hudo.com\/si\/wp-json\/wp\/v2\/posts"}],"about":[{"href":"https:\/\/hudo.com\/si\/wp-json\/wp\/v2\/types\/post"}],"author":[{"embeddable":true,"href":"https:\/\/hudo.com\/si\/wp-json\/wp\/v2\/users\/1"}],"replies":[{"embeddable":true,"href":"https:\/\/hudo.com\/si\/wp-json\/wp\/v2\/comments?post=47385"}],"version-history":[{"count":1,"href":"https:\/\/hudo.com\/si\/wp-json\/wp\/v2\/posts\/47385\/revisions"}],"predecessor-version":[{"id":47438,"href":"https:\/\/hudo.com\/si\/wp-json\/wp\/v2\/posts\/47385\/revisions\/47438"}],"wp:attachment":[{"href":"https:\/\/hudo.com\/si\/wp-json\/wp\/v2\/media?parent=47385"}],"wp:term":[{"taxonomy":"category","embeddable":true,"href":"https:\/\/hudo.com\/si\/wp-json\/wp\/v2\/categories?post=47385"},{"taxonomy":"post_tag","embeddable":true,"href":"https:\/\/hudo.com\/si\/wp-json\/wp\/v2\/tags?post=47385"},{"taxonomy":"source","embeddable":true,"href":"https:\/\/hudo.com\/si\/wp-json\/wp\/v2\/source?post=47385"},{"taxonomy":"supertag","embeddable":true,"href":"https:\/\/hudo.com\/si\/wp-json\/wp\/v2\/supertag?post=47385"}],"curies":[{"name":"wp","href":"https:\/\/api.w.org\/{rel}","templated":true}]}}