{"id":473868,"date":"2022-10-27T10:01:07","date_gmt":"2022-10-27T08:01:07","guid":{"rendered":"https:\/\/hudo.com\/si\/?p=473868"},"modified":"2022-10-27T10:01:07","modified_gmt":"2022-10-27T08:01:07","slug":"jan-oblak-to-je-zelo-krut-nacin-za-slovo","status":"publish","type":"post","link":"https:\/\/hudo.com\/si\/sport\/jan-oblak-to-je-zelo-krut-nacin-za-slovo\/","title":{"rendered":"Jan Oblak: &#8220;To je zelo krut na\u010din za slovo&#8221;"},"content":{"rendered":"<p>Po zmagi Porta, ki je s 4:0 v gosteh premagal doslej nepora\u017eeni Brugge, je ekipa slovenskega reprezentanta za ohranitev mo\u017enosti potrebovala zmago proti Bayerju iz Leverkusna. A je ni dosegla, igrala je le 2:2, potem ko je dvakrat zaostajala.<\/p>\n<p>Atleti so imeli po sodnikovem ogledu posnetka globoko v dodatku, v 98. minuti, celo prilo\u017enost za zmago z bele to\u010dke. Toda vratar Lukas Hradecky je strel Yannicka Carrasca ubranil, odbito \u017eogo je Saul Niguez z glavo poslal v pre\u010dko, po \u0161e enem strelu doma\u010dih pa je \u017eoga zadela Carrasca in se odbila za gol.<\/p>\n<p>&#8220;To je zelo krut na\u010din za slovo. A to je nogomet. Naredili smo vse, da bi zmagali, a zaradi prej\u0161njih tekem nam ni uspelo napredovati. Manjkal je kan\u010dek sre\u010de,&#8221; je v pogovoru za Movistar+ dejal slovenski vratar. &#8220;Lahko se le zahvalimo na\u0161im navija\u010dem. Zaslu\u017eili bi si ve\u010d in kot mo\u0161tvo se jim opravi\u010dujemo. To je krivda celotne ekipe, \u017eal nam je, da ne bo nadaljevanja v ligi prvakov,&#8221; je \u0161e dodal Atleticov vratar.<\/p>\n<p>A svojim navija\u010dem je obenem obljubil, da slovo od elitne konkurence vendarle \u0161e ne pomeni konca sanj. V pogovoru za \u010dasnik Marca je poudaril, da je izpad v skupini, ki bi morala biti ugodna, vsekakor razo\u010daranje. A zdaj bo naslednji cilj osvojiti naslov v evropski ligi, v ligi prvakov pa Atleticu ostaja \u0161e ena tekma v predtekmovanju: &#8220;\u017delimo zmagati na vsaki tekmi in tako bo tudi na zadnji v ligi prvakov. Sezona je \u0161e dolga, imamo \u0161e dovolj prostora za napredek.&#8221;<\/p>\n<p>Po petih krogih je v skupini B prvi Brugge z desetimi to\u010dkami, drugi Porto z devetimi, oba sta si zagotovila izlo\u010dilne boje, Atletico s petimi in Bayer s \u0161tirimi pa se bosta v zadnjem krogu borila za tretje mesto in nadaljevanje v evropski ligi.<\/p>\n","protected":false},"excerpt":{"rendered":"<p>Razplet sino\u010dnje tekme 5. kroga nogometne lige prvakov v Madridu, ko je Atletico igral le 2:2 z Bayerjem, je zasedbi slovenskega vratarja Jana Oblaka odnesel mo\u017enosti nadaljevanja sezone v elitni konkurenci. Oblak se je po dvoboju opravi\u010dil navija\u010dem za zgodnje slovo.<\/p>\n","protected":false},"author":5,"featured_media":473869,"comment_status":"closed","ping_status":"closed","sticky":false,"template":"","format":"standard","meta":{"footnotes":""},"categories":[18176],"tags":[5053,5052,3600],"source":[4511],"supertag":[6098],"acf":[],"yoast_head":"<!-- This site is optimized with the Yoast SEO plugin v21.3 - https:\/\/yoast.com\/wordpress\/plugins\/seo\/ -->\n<title>Jan Oblak: &quot;To je zelo krut na\u010din za slovo&quot; - Hudo Slovenija<\/title>\n<meta name=\"robots\" content=\"index, follow, max-snippet:-1, max-image-preview:large, max-video-preview:-1\" \/>\n<link rel=\"canonical\" href=\"https:\/\/hudo.com\/si\/sport\/jan-oblak-to-je-zelo-krut-nacin-za-slovo\/\" \/>\n<meta property=\"og:locale\" content=\"sl_SI\" \/>\n<meta property=\"og:type\" content=\"article\" \/>\n<meta property=\"og:title\" content=\"Jan Oblak: &quot;To je zelo krut na\u010din za slovo&quot; - Hudo Slovenija\" \/>\n<meta property=\"og:description\" content=\"Razplet sino\u010dnje tekme 5. kroga nogometne lige prvakov v Madridu, ko je Atletico igral le 2:2 z Bayerjem, je zasedbi slovenskega vratarja Jana Oblaka odnesel mo\u017enosti nadaljevanja sezone v elitni konkurenci. Oblak se je po dvoboju opravi\u010dil navija\u010dem za zgodnje slovo.\" \/>\n<meta property=\"og:url\" content=\"https:\/\/hudo.com\/si\/sport\/jan-oblak-to-je-zelo-krut-nacin-za-slovo\/\" \/>\n<meta property=\"og:site_name\" content=\"Hudo Slovenija\" \/>\n<meta property=\"article:publisher\" content=\"https:\/\/www.facebook.com\/hudo.si\" \/>\n<meta property=\"article:published_time\" content=\"2022-10-27T08:01:07+00:00\" \/>\n<meta property=\"og:image\" content=\"https:\/\/hudo.com\/si\/wp-content\/uploads\/sites\/2\/2022\/10\/profimedia-0733485793.jpg\" \/>\n\t<meta property=\"og:image:width\" content=\"1250\" \/>\n\t<meta property=\"og:image:height\" content=\"833\" \/>\n\t<meta property=\"og:image:type\" content=\"image\/jpeg\" \/>\n<meta name=\"author\" content=\"A. G., STA\" \/>\n<meta name=\"twitter:card\" content=\"summary_large_image\" \/>\n<meta name=\"twitter:creator\" content=\"@hudo_si\" \/>\n<meta name=\"twitter:site\" content=\"@hudo_si\" \/>\n<meta name=\"twitter:label1\" content=\"Written by\" \/>\n\t<meta name=\"twitter:data1\" content=\"A. G., STA\" \/>\n\t<meta name=\"twitter:label2\" content=\"Est. reading time\" \/>\n\t<meta name=\"twitter:data2\" content=\"2 minuti\" \/>\n<script type=\"application\/ld+json\" class=\"yoast-schema-graph\">{\"@context\":\"https:\/\/schema.org\",\"@graph\":[{\"@type\":\"Article\",\"@id\":\"https:\/\/hudo.com\/si\/sport\/jan-oblak-to-je-zelo-krut-nacin-za-slovo\/#article\",\"isPartOf\":{\"@id\":\"https:\/\/hudo.com\/si\/sport\/jan-oblak-to-je-zelo-krut-nacin-za-slovo\/\"},\"author\":{\"name\":\"A. G., STA\",\"@id\":\"https:\/\/hudo.com\/si\/#\/schema\/person\/2391667a63ea075ba94f2f2dc6b77537\"},\"headline\":\"Jan Oblak: &#8220;To je zelo krut na\u010din za slovo&#8221;\",\"datePublished\":\"2022-10-27T08:01:07+00:00\",\"dateModified\":\"2022-10-27T08:01:07+00:00\",\"mainEntityOfPage\":{\"@id\":\"https:\/\/hudo.com\/si\/sport\/jan-oblak-to-je-zelo-krut-nacin-za-slovo\/\"},\"wordCount\":317,\"publisher\":{\"@id\":\"https:\/\/hudo.com\/si\/#organization\"},\"keywords\":[\"Jan Oblak\",\"liga prvakov\",\"nogomet\"],\"articleSection\":[\"\u0160port\"],\"inLanguage\":\"sl-SI\"},{\"@type\":\"WebPage\",\"@id\":\"https:\/\/hudo.com\/si\/sport\/jan-oblak-to-je-zelo-krut-nacin-za-slovo\/\",\"url\":\"https:\/\/hudo.com\/si\/sport\/jan-oblak-to-je-zelo-krut-nacin-za-slovo\/\",\"name\":\"Jan Oblak: \\\"To je zelo krut na\u010din za slovo\\\" - Hudo Slovenija\",\"isPartOf\":{\"@id\":\"https:\/\/hudo.com\/si\/#website\"},\"datePublished\":\"2022-10-27T08:01:07+00:00\",\"dateModified\":\"2022-10-27T08:01:07+00:00\",\"breadcrumb\":{\"@id\":\"https:\/\/hudo.com\/si\/sport\/jan-oblak-to-je-zelo-krut-nacin-za-slovo\/#breadcrumb\"},\"inLanguage\":\"sl-SI\",\"potentialAction\":[{\"@type\":\"ReadAction\",\"target\":[\"https:\/\/hudo.com\/si\/sport\/jan-oblak-to-je-zelo-krut-nacin-za-slovo\/\"]}]},{\"@type\":\"BreadcrumbList\",\"@id\":\"https:\/\/hudo.com\/si\/sport\/jan-oblak-to-je-zelo-krut-nacin-za-slovo\/#breadcrumb\",\"itemListElement\":[{\"@type\":\"ListItem\",\"position\":1,\"name\":\"Home\",\"item\":\"https:\/\/hudo.com\/si\/\"},{\"@type\":\"ListItem\",\"position\":2,\"name\":\"Jan Oblak: &#8220;To je zelo krut na\u010din za slovo&#8221;\"}]},{\"@type\":\"WebSite\",\"@id\":\"https:\/\/hudo.com\/si\/#website\",\"url\":\"https:\/\/hudo.com\/si\/\",\"name\":\"Hudo Slovenija\",\"description\":\"Vse novice iz Slovenije in sveta\",\"publisher\":{\"@id\":\"https:\/\/hudo.com\/si\/#organization\"},\"potentialAction\":[{\"@type\":\"SearchAction\",\"target\":{\"@type\":\"EntryPoint\",\"urlTemplate\":\"https:\/\/hudo.com\/si\/?s={search_term_string}\"},\"query-input\":\"required name=search_term_string\"}],\"inLanguage\":\"sl-SI\"},{\"@type\":\"Organization\",\"@id\":\"https:\/\/hudo.com\/si\/#organization\",\"name\":\"VSN Media\",\"url\":\"https:\/\/hudo.com\/si\/\",\"logo\":{\"@type\":\"ImageObject\",\"inLanguage\":\"sl-SI\",\"@id\":\"https:\/\/hudo.com\/si\/#\/schema\/logo\/image\/\",\"url\":\"https:\/\/hudo.com\/si\/wp-content\/uploads\/sites\/2\/2021\/03\/hudo-app-2.png\",\"contentUrl\":\"https:\/\/hudo.com\/si\/wp-content\/uploads\/sites\/2\/2021\/03\/hudo-app-2.png\",\"width\":2185,\"height\":2167,\"caption\":\"VSN Media\"},\"image\":{\"@id\":\"https:\/\/hudo.com\/si\/#\/schema\/logo\/image\/\"},\"sameAs\":[\"https:\/\/www.facebook.com\/hudo.si\",\"https:\/\/twitter.com\/hudo_si\"]},{\"@type\":\"Person\",\"@id\":\"https:\/\/hudo.com\/si\/#\/schema\/person\/2391667a63ea075ba94f2f2dc6b77537\",\"name\":\"A. G., STA\",\"image\":{\"@type\":\"ImageObject\",\"inLanguage\":\"sl-SI\",\"@id\":\"https:\/\/hudo.com\/si\/#\/schema\/person\/image\/\",\"url\":\"https:\/\/secure.gravatar.com\/avatar\/e13d22ac3e442658d5025fbbe6238a79?s=96&d=mm&r=g\",\"contentUrl\":\"https:\/\/secure.gravatar.com\/avatar\/e13d22ac3e442658d5025fbbe6238a79?s=96&d=mm&r=g\",\"caption\":\"A. G., STA\"},\"url\":\"https:\/\/hudo.com\/si\/author\/alenka\/\"}]}<\/script>\n<!-- \/ Yoast SEO plugin. -->","yoast_head_json":{"title":"Jan Oblak: \"To je zelo krut na\u010din za slovo\" - Hudo Slovenija","robots":{"index":"index","follow":"follow","max-snippet":"max-snippet:-1","max-image-preview":"max-image-preview:large","max-video-preview":"max-video-preview:-1"},"canonical":"https:\/\/hudo.com\/si\/sport\/jan-oblak-to-je-zelo-krut-nacin-za-slovo\/","og_locale":"sl_SI","og_type":"article","og_title":"Jan Oblak: \"To je zelo krut na\u010din za slovo\" - Hudo Slovenija","og_description":"Razplet sino\u010dnje tekme 5. kroga nogometne lige prvakov v Madridu, ko je Atletico igral le 2:2 z Bayerjem, je zasedbi slovenskega vratarja Jana Oblaka odnesel mo\u017enosti nadaljevanja sezone v elitni konkurenci. Oblak se je po dvoboju opravi\u010dil navija\u010dem za zgodnje slovo.","og_url":"https:\/\/hudo.com\/si\/sport\/jan-oblak-to-je-zelo-krut-nacin-za-slovo\/","og_site_name":"Hudo Slovenija","article_publisher":"https:\/\/www.facebook.com\/hudo.si","article_published_time":"2022-10-27T08:01:07+00:00","og_image":[{"width":1250,"height":833,"url":"https:\/\/hudo.com\/si\/wp-content\/uploads\/sites\/2\/2022\/10\/profimedia-0733485793.jpg","type":"image\/jpeg"}],"author":"A. G., STA","twitter_card":"summary_large_image","twitter_creator":"@hudo_si","twitter_site":"@hudo_si","twitter_misc":{"Written by":"A. G., STA","Est. reading time":"2 minuti"},"schema":{"@context":"https:\/\/schema.org","@graph":[{"@type":"Article","@id":"https:\/\/hudo.com\/si\/sport\/jan-oblak-to-je-zelo-krut-nacin-za-slovo\/#article","isPartOf":{"@id":"https:\/\/hudo.com\/si\/sport\/jan-oblak-to-je-zelo-krut-nacin-za-slovo\/"},"author":{"name":"A. G., STA","@id":"https:\/\/hudo.com\/si\/#\/schema\/person\/2391667a63ea075ba94f2f2dc6b77537"},"headline":"Jan Oblak: &#8220;To je zelo krut na\u010din za slovo&#8221;","datePublished":"2022-10-27T08:01:07+00:00","dateModified":"2022-10-27T08:01:07+00:00","mainEntityOfPage":{"@id":"https:\/\/hudo.com\/si\/sport\/jan-oblak-to-je-zelo-krut-nacin-za-slovo\/"},"wordCount":317,"publisher":{"@id":"https:\/\/hudo.com\/si\/#organization"},"keywords":["Jan Oblak","liga prvakov","nogomet"],"articleSection":["\u0160port"],"inLanguage":"sl-SI"},{"@type":"WebPage","@id":"https:\/\/hudo.com\/si\/sport\/jan-oblak-to-je-zelo-krut-nacin-za-slovo\/","url":"https:\/\/hudo.com\/si\/sport\/jan-oblak-to-je-zelo-krut-nacin-za-slovo\/","name":"Jan Oblak: \"To je zelo krut na\u010din za slovo\" - Hudo Slovenija","isPartOf":{"@id":"https:\/\/hudo.com\/si\/#website"},"datePublished":"2022-10-27T08:01:07+00:00","dateModified":"2022-10-27T08:01:07+00:00","breadcrumb":{"@id":"https:\/\/hudo.com\/si\/sport\/jan-oblak-to-je-zelo-krut-nacin-za-slovo\/#breadcrumb"},"inLanguage":"sl-SI","potentialAction":[{"@type":"ReadAction","target":["https:\/\/hudo.com\/si\/sport\/jan-oblak-to-je-zelo-krut-nacin-za-slovo\/"]}]},{"@type":"BreadcrumbList","@id":"https:\/\/hudo.com\/si\/sport\/jan-oblak-to-je-zelo-krut-nacin-za-slovo\/#breadcrumb","itemListElement":[{"@type":"ListItem","position":1,"name":"Home","item":"https:\/\/hudo.com\/si\/"},{"@type":"ListItem","position":2,"name":"Jan Oblak: &#8220;To je zelo krut na\u010din za slovo&#8221;"}]},{"@type":"WebSite","@id":"https:\/\/hudo.com\/si\/#website","url":"https:\/\/hudo.com\/si\/","name":"Hudo Slovenija","description":"Vse novice iz Slovenije in sveta","publisher":{"@id":"https:\/\/hudo.com\/si\/#organization"},"potentialAction":[{"@type":"SearchAction","target":{"@type":"EntryPoint","urlTemplate":"https:\/\/hudo.com\/si\/?s={search_term_string}"},"query-input":"required name=search_term_string"}],"inLanguage":"sl-SI"},{"@type":"Organization","@id":"https:\/\/hudo.com\/si\/#organization","name":"VSN Media","url":"https:\/\/hudo.com\/si\/","logo":{"@type":"ImageObject","inLanguage":"sl-SI","@id":"https:\/\/hudo.com\/si\/#\/schema\/logo\/image\/","url":"https:\/\/hudo.com\/si\/wp-content\/uploads\/sites\/2\/2021\/03\/hudo-app-2.png","contentUrl":"https:\/\/hudo.com\/si\/wp-content\/uploads\/sites\/2\/2021\/03\/hudo-app-2.png","width":2185,"height":2167,"caption":"VSN Media"},"image":{"@id":"https:\/\/hudo.com\/si\/#\/schema\/logo\/image\/"},"sameAs":["https:\/\/www.facebook.com\/hudo.si","https:\/\/twitter.com\/hudo_si"]},{"@type":"Person","@id":"https:\/\/hudo.com\/si\/#\/schema\/person\/2391667a63ea075ba94f2f2dc6b77537","name":"A. G., STA","image":{"@type":"ImageObject","inLanguage":"sl-SI","@id":"https:\/\/hudo.com\/si\/#\/schema\/person\/image\/","url":"https:\/\/secure.gravatar.com\/avatar\/e13d22ac3e442658d5025fbbe6238a79?s=96&d=mm&r=g","contentUrl":"https:\/\/secure.gravatar.com\/avatar\/e13d22ac3e442658d5025fbbe6238a79?s=96&d=mm&r=g","caption":"A. G., STA"},"url":"https:\/\/hudo.com\/si\/author\/alenka\/"}]}},"amp_enabled":true,"_links":{"self":[{"href":"https:\/\/hudo.com\/si\/wp-json\/wp\/v2\/posts\/473868"}],"collection":[{"href":"https:\/\/hudo.com\/si\/wp-json\/wp\/v2\/posts"}],"about":[{"href":"https:\/\/hudo.com\/si\/wp-json\/wp\/v2\/types\/post"}],"author":[{"embeddable":true,"href":"https:\/\/hudo.com\/si\/wp-json\/wp\/v2\/users\/5"}],"replies":[{"embeddable":true,"href":"https:\/\/hudo.com\/si\/wp-json\/wp\/v2\/comments?post=473868"}],"version-history":[{"count":1,"href":"https:\/\/hudo.com\/si\/wp-json\/wp\/v2\/posts\/473868\/revisions"}],"predecessor-version":[{"id":473870,"href":"https:\/\/hudo.com\/si\/wp-json\/wp\/v2\/posts\/473868\/revisions\/473870"}],"wp:featuredmedia":[{"embeddable":true,"href":"https:\/\/hudo.com\/si\/wp-json\/wp\/v2\/media\/473869"}],"wp:attachment":[{"href":"https:\/\/hudo.com\/si\/wp-json\/wp\/v2\/media?parent=473868"}],"wp:term":[{"taxonomy":"category","embeddable":true,"href":"https:\/\/hudo.com\/si\/wp-json\/wp\/v2\/categories?post=473868"},{"taxonomy":"post_tag","embeddable":true,"href":"https:\/\/hudo.com\/si\/wp-json\/wp\/v2\/tags?post=473868"},{"taxonomy":"source","embeddable":true,"href":"https:\/\/hudo.com\/si\/wp-json\/wp\/v2\/source?post=473868"},{"taxonomy":"supertag","embeddable":true,"href":"https:\/\/hudo.com\/si\/wp-json\/wp\/v2\/supertag?post=473868"}],"curies":[{"name":"wp","href":"https:\/\/api.w.org\/{rel}","templated":true}]}}