{"id":474319,"date":"2022-11-11T14:25:39","date_gmt":"2022-11-11T13:25:39","guid":{"rendered":"https:\/\/hudo.com\/si\/?p=474319"},"modified":"2022-11-11T14:25:39","modified_gmt":"2022-11-11T13:25:39","slug":"tursko-tozilstvo-zahteva-prepoved-politicnega-delovanja-za-erdoganovega-nasprotnika","status":"publish","type":"post","link":"https:\/\/hudo.com\/si\/aktualno\/svet\/tursko-tozilstvo-zahteva-prepoved-politicnega-delovanja-za-erdoganovega-nasprotnika\/","title":{"rendered":"Tur\u0161ko to\u017eilstvo zahteva prepoved politi\u010dnega delovanja za Erdoganovega nasprotnika"},"content":{"rendered":"<p>\u010ce bo obsojen na leto dni zapora ali ve\u010d oziroma mu bodo izrekli prepoved politi\u010dnega delovanja, bo moral Imamoglu, ki velja za potencialnega izzivalca predsednika Erdogana na volitvah prihodnje leto, odstopiti. Najve\u010dja zagro\u017eena kazen za \u017ealitev javnega uslu\u017ebenca je pet let zapora.<\/p>\n<p>Sodi\u0161\u010de je sicer razsodbo prelo\u017eilo na 14. december, so sporo\u010dili iz opozicijske Republikanske ljudske stranke (CHP).<\/p>\n<p>Imamoglu je obto\u017een, da je \u010dlane vrhovnega volilnega sveta med govorom novembra 2019 ozna\u010dil za &#8220;bedake&#8221;, pi\u0161e v obto\u017enici, v katero je imela vpogled nem\u0161ka tiskovna agencija dpa. V njegovem uradu obto\u017ebe zavra\u010dajo.<\/p>\n<p>Javnomnenjske ankete ka\u017eejo, da bo Imamoglu, \u010de se odlo\u010di kandidirati na splo\u0161nih volitvah junija prihodnje leto, resen izzivalec Erdoganu. Izid volitev bi bil lahko odvisen tudi od tega, ali bodo Imamoglujeva CHP in druge opozicijske stranke zdru\u017eile mo\u010di proti Erdoganu in njegovi stranki AKP, ki vlada \u017ee 20 let.<\/p>\n<p>Imamoglu je na volitvah za \u017eupana Istanbula marca 2019 tesno zmagal proti Erdoganovemu o\u017ejemu sodelavcu. V ponovitvi volitev junija istega leta je nato zmagal s \u0161e ve\u010djo razliko, potem ko je volilni svet razveljavil prvotni rezultat iz marca.<\/p>\n","protected":false},"excerpt":{"rendered":"<p>To\u017eilstvo v Istanbulu je danes zahtevalo \u0161tiri leta zapora in prepoved politi\u010dnega udejstvovanja za priljubljenega istanbulskega \u017eupana Ekrema Imamogluja, nasprotnika predsednika dr\u017eave Recepa Tayyipa Erdogana. \u017dupan je obto\u017een \u017ealitve dr\u017eavnih uradnikov. Sodi\u0161\u010de bo razsodbo razglasilo decembra.<\/p>\n","protected":false},"author":7,"featured_media":466761,"comment_status":"closed","ping_status":"closed","sticky":false,"template":"","format":"standard","meta":{"footnotes":""},"categories":[18202],"tags":[8878,1887],"source":[4511],"supertag":[],"acf":[],"yoast_head":"<!-- This site is optimized with the Yoast SEO plugin v21.3 - https:\/\/yoast.com\/wordpress\/plugins\/seo\/ -->\n<title>Tur\u0161ko to\u017eilstvo zahteva prepoved politi\u010dnega delovanja za Erdoganovega nasprotnika - Hudo Slovenija<\/title>\n<meta name=\"robots\" content=\"index, follow, max-snippet:-1, max-image-preview:large, max-video-preview:-1\" \/>\n<link rel=\"canonical\" href=\"https:\/\/hudo.com\/si\/aktualno\/svet\/tursko-tozilstvo-zahteva-prepoved-politicnega-delovanja-za-erdoganovega-nasprotnika\/\" \/>\n<meta property=\"og:locale\" content=\"sl_SI\" \/>\n<meta property=\"og:type\" content=\"article\" \/>\n<meta property=\"og:title\" content=\"Tur\u0161ko to\u017eilstvo zahteva prepoved politi\u010dnega delovanja za Erdoganovega nasprotnika - Hudo Slovenija\" \/>\n<meta property=\"og:description\" content=\"To\u017eilstvo v Istanbulu je danes zahtevalo \u0161tiri leta zapora in prepoved politi\u010dnega udejstvovanja za priljubljenega istanbulskega \u017eupana Ekrema Imamogluja, nasprotnika predsednika dr\u017eave Recepa Tayyipa Erdogana. \u017dupan je obto\u017een \u017ealitve dr\u017eavnih uradnikov. Sodi\u0161\u010de bo razsodbo razglasilo decembra.\" \/>\n<meta property=\"og:url\" content=\"https:\/\/hudo.com\/si\/aktualno\/svet\/tursko-tozilstvo-zahteva-prepoved-politicnega-delovanja-za-erdoganovega-nasprotnika\/\" \/>\n<meta property=\"og:site_name\" content=\"Hudo Slovenija\" \/>\n<meta property=\"article:publisher\" content=\"https:\/\/www.facebook.com\/hudo.si\" \/>\n<meta property=\"article:published_time\" content=\"2022-11-11T13:25:39+00:00\" \/>\n<meta property=\"og:image\" content=\"https:\/\/hudo.com\/si\/wp-content\/uploads\/sites\/2\/2022\/03\/Screenshot-from-2022-03-29-12-50-41.jpg\" \/>\n\t<meta property=\"og:image:width\" content=\"881\" \/>\n\t<meta property=\"og:image:height\" content=\"604\" \/>\n\t<meta property=\"og:image:type\" content=\"image\/jpeg\" \/>\n<meta name=\"author\" content=\"A. P., STA\" \/>\n<meta name=\"twitter:card\" content=\"summary_large_image\" \/>\n<meta name=\"twitter:creator\" content=\"@hudo_si\" \/>\n<meta name=\"twitter:site\" content=\"@hudo_si\" \/>\n<meta name=\"twitter:label1\" content=\"Written by\" \/>\n\t<meta name=\"twitter:data1\" content=\"A. P., STA\" \/>\n\t<meta name=\"twitter:label2\" content=\"Est. reading time\" \/>\n\t<meta name=\"twitter:data2\" content=\"1 minuta\" \/>\n<script type=\"application\/ld+json\" class=\"yoast-schema-graph\">{\"@context\":\"https:\/\/schema.org\",\"@graph\":[{\"@type\":\"Article\",\"@id\":\"https:\/\/hudo.com\/si\/aktualno\/svet\/tursko-tozilstvo-zahteva-prepoved-politicnega-delovanja-za-erdoganovega-nasprotnika\/#article\",\"isPartOf\":{\"@id\":\"https:\/\/hudo.com\/si\/aktualno\/svet\/tursko-tozilstvo-zahteva-prepoved-politicnega-delovanja-za-erdoganovega-nasprotnika\/\"},\"author\":{\"name\":\"A. P., STA\",\"@id\":\"https:\/\/hudo.com\/si\/#\/schema\/person\/18f09c02475ba9e606e941a565b80cff\"},\"headline\":\"Tur\u0161ko to\u017eilstvo zahteva prepoved politi\u010dnega delovanja za Erdoganovega nasprotnika\",\"datePublished\":\"2022-11-11T13:25:39+00:00\",\"dateModified\":\"2022-11-11T13:25:39+00:00\",\"mainEntityOfPage\":{\"@id\":\"https:\/\/hudo.com\/si\/aktualno\/svet\/tursko-tozilstvo-zahteva-prepoved-politicnega-delovanja-za-erdoganovega-nasprotnika\/\"},\"wordCount\":207,\"publisher\":{\"@id\":\"https:\/\/hudo.com\/si\/#organization\"},\"keywords\":[\"Recep Tayyip Erdogan\",\"tur\u010dija\"],\"articleSection\":[\"Svet\"],\"inLanguage\":\"sl-SI\"},{\"@type\":\"WebPage\",\"@id\":\"https:\/\/hudo.com\/si\/aktualno\/svet\/tursko-tozilstvo-zahteva-prepoved-politicnega-delovanja-za-erdoganovega-nasprotnika\/\",\"url\":\"https:\/\/hudo.com\/si\/aktualno\/svet\/tursko-tozilstvo-zahteva-prepoved-politicnega-delovanja-za-erdoganovega-nasprotnika\/\",\"name\":\"Tur\u0161ko to\u017eilstvo zahteva prepoved politi\u010dnega delovanja za Erdoganovega nasprotnika - Hudo Slovenija\",\"isPartOf\":{\"@id\":\"https:\/\/hudo.com\/si\/#website\"},\"datePublished\":\"2022-11-11T13:25:39+00:00\",\"dateModified\":\"2022-11-11T13:25:39+00:00\",\"breadcrumb\":{\"@id\":\"https:\/\/hudo.com\/si\/aktualno\/svet\/tursko-tozilstvo-zahteva-prepoved-politicnega-delovanja-za-erdoganovega-nasprotnika\/#breadcrumb\"},\"inLanguage\":\"sl-SI\",\"potentialAction\":[{\"@type\":\"ReadAction\",\"target\":[\"https:\/\/hudo.com\/si\/aktualno\/svet\/tursko-tozilstvo-zahteva-prepoved-politicnega-delovanja-za-erdoganovega-nasprotnika\/\"]}]},{\"@type\":\"BreadcrumbList\",\"@id\":\"https:\/\/hudo.com\/si\/aktualno\/svet\/tursko-tozilstvo-zahteva-prepoved-politicnega-delovanja-za-erdoganovega-nasprotnika\/#breadcrumb\",\"itemListElement\":[{\"@type\":\"ListItem\",\"position\":1,\"name\":\"Home\",\"item\":\"https:\/\/hudo.com\/si\/\"},{\"@type\":\"ListItem\",\"position\":2,\"name\":\"Tur\u0161ko to\u017eilstvo zahteva prepoved politi\u010dnega delovanja za Erdoganovega nasprotnika\"}]},{\"@type\":\"WebSite\",\"@id\":\"https:\/\/hudo.com\/si\/#website\",\"url\":\"https:\/\/hudo.com\/si\/\",\"name\":\"Hudo Slovenija\",\"description\":\"Vse novice iz Slovenije in sveta\",\"publisher\":{\"@id\":\"https:\/\/hudo.com\/si\/#organization\"},\"potentialAction\":[{\"@type\":\"SearchAction\",\"target\":{\"@type\":\"EntryPoint\",\"urlTemplate\":\"https:\/\/hudo.com\/si\/?s={search_term_string}\"},\"query-input\":\"required name=search_term_string\"}],\"inLanguage\":\"sl-SI\"},{\"@type\":\"Organization\",\"@id\":\"https:\/\/hudo.com\/si\/#organization\",\"name\":\"VSN Media\",\"url\":\"https:\/\/hudo.com\/si\/\",\"logo\":{\"@type\":\"ImageObject\",\"inLanguage\":\"sl-SI\",\"@id\":\"https:\/\/hudo.com\/si\/#\/schema\/logo\/image\/\",\"url\":\"https:\/\/hudo.com\/si\/wp-content\/uploads\/sites\/2\/2021\/03\/hudo-app-2.png\",\"contentUrl\":\"https:\/\/hudo.com\/si\/wp-content\/uploads\/sites\/2\/2021\/03\/hudo-app-2.png\",\"width\":2185,\"height\":2167,\"caption\":\"VSN Media\"},\"image\":{\"@id\":\"https:\/\/hudo.com\/si\/#\/schema\/logo\/image\/\"},\"sameAs\":[\"https:\/\/www.facebook.com\/hudo.si\",\"https:\/\/twitter.com\/hudo_si\"]},{\"@type\":\"Person\",\"@id\":\"https:\/\/hudo.com\/si\/#\/schema\/person\/18f09c02475ba9e606e941a565b80cff\",\"name\":\"A. P., STA\",\"image\":{\"@type\":\"ImageObject\",\"inLanguage\":\"sl-SI\",\"@id\":\"https:\/\/hudo.com\/si\/#\/schema\/person\/image\/\",\"url\":\"https:\/\/secure.gravatar.com\/avatar\/03eac8e609f5f04383125d80eaeaaf3e?s=96&d=mm&r=g\",\"contentUrl\":\"https:\/\/secure.gravatar.com\/avatar\/03eac8e609f5f04383125d80eaeaaf3e?s=96&d=mm&r=g\",\"caption\":\"A. P., STA\"},\"url\":\"https:\/\/hudo.com\/si\/author\/lubu\/\"}]}<\/script>\n<!-- \/ Yoast SEO plugin. -->","yoast_head_json":{"title":"Tur\u0161ko to\u017eilstvo zahteva prepoved politi\u010dnega delovanja za Erdoganovega nasprotnika - Hudo Slovenija","robots":{"index":"index","follow":"follow","max-snippet":"max-snippet:-1","max-image-preview":"max-image-preview:large","max-video-preview":"max-video-preview:-1"},"canonical":"https:\/\/hudo.com\/si\/aktualno\/svet\/tursko-tozilstvo-zahteva-prepoved-politicnega-delovanja-za-erdoganovega-nasprotnika\/","og_locale":"sl_SI","og_type":"article","og_title":"Tur\u0161ko to\u017eilstvo zahteva prepoved politi\u010dnega delovanja za Erdoganovega nasprotnika - Hudo Slovenija","og_description":"To\u017eilstvo v Istanbulu je danes zahtevalo \u0161tiri leta zapora in prepoved politi\u010dnega udejstvovanja za priljubljenega istanbulskega \u017eupana Ekrema Imamogluja, nasprotnika predsednika dr\u017eave Recepa Tayyipa Erdogana. \u017dupan je obto\u017een \u017ealitve dr\u017eavnih uradnikov. Sodi\u0161\u010de bo razsodbo razglasilo decembra.","og_url":"https:\/\/hudo.com\/si\/aktualno\/svet\/tursko-tozilstvo-zahteva-prepoved-politicnega-delovanja-za-erdoganovega-nasprotnika\/","og_site_name":"Hudo Slovenija","article_publisher":"https:\/\/www.facebook.com\/hudo.si","article_published_time":"2022-11-11T13:25:39+00:00","og_image":[{"width":881,"height":604,"url":"https:\/\/hudo.com\/si\/wp-content\/uploads\/sites\/2\/2022\/03\/Screenshot-from-2022-03-29-12-50-41.jpg","type":"image\/jpeg"}],"author":"A. P., STA","twitter_card":"summary_large_image","twitter_creator":"@hudo_si","twitter_site":"@hudo_si","twitter_misc":{"Written by":"A. P., STA","Est. reading time":"1 minuta"},"schema":{"@context":"https:\/\/schema.org","@graph":[{"@type":"Article","@id":"https:\/\/hudo.com\/si\/aktualno\/svet\/tursko-tozilstvo-zahteva-prepoved-politicnega-delovanja-za-erdoganovega-nasprotnika\/#article","isPartOf":{"@id":"https:\/\/hudo.com\/si\/aktualno\/svet\/tursko-tozilstvo-zahteva-prepoved-politicnega-delovanja-za-erdoganovega-nasprotnika\/"},"author":{"name":"A. P., STA","@id":"https:\/\/hudo.com\/si\/#\/schema\/person\/18f09c02475ba9e606e941a565b80cff"},"headline":"Tur\u0161ko to\u017eilstvo zahteva prepoved politi\u010dnega delovanja za Erdoganovega nasprotnika","datePublished":"2022-11-11T13:25:39+00:00","dateModified":"2022-11-11T13:25:39+00:00","mainEntityOfPage":{"@id":"https:\/\/hudo.com\/si\/aktualno\/svet\/tursko-tozilstvo-zahteva-prepoved-politicnega-delovanja-za-erdoganovega-nasprotnika\/"},"wordCount":207,"publisher":{"@id":"https:\/\/hudo.com\/si\/#organization"},"keywords":["Recep Tayyip Erdogan","tur\u010dija"],"articleSection":["Svet"],"inLanguage":"sl-SI"},{"@type":"WebPage","@id":"https:\/\/hudo.com\/si\/aktualno\/svet\/tursko-tozilstvo-zahteva-prepoved-politicnega-delovanja-za-erdoganovega-nasprotnika\/","url":"https:\/\/hudo.com\/si\/aktualno\/svet\/tursko-tozilstvo-zahteva-prepoved-politicnega-delovanja-za-erdoganovega-nasprotnika\/","name":"Tur\u0161ko to\u017eilstvo zahteva prepoved politi\u010dnega delovanja za Erdoganovega nasprotnika - Hudo Slovenija","isPartOf":{"@id":"https:\/\/hudo.com\/si\/#website"},"datePublished":"2022-11-11T13:25:39+00:00","dateModified":"2022-11-11T13:25:39+00:00","breadcrumb":{"@id":"https:\/\/hudo.com\/si\/aktualno\/svet\/tursko-tozilstvo-zahteva-prepoved-politicnega-delovanja-za-erdoganovega-nasprotnika\/#breadcrumb"},"inLanguage":"sl-SI","potentialAction":[{"@type":"ReadAction","target":["https:\/\/hudo.com\/si\/aktualno\/svet\/tursko-tozilstvo-zahteva-prepoved-politicnega-delovanja-za-erdoganovega-nasprotnika\/"]}]},{"@type":"BreadcrumbList","@id":"https:\/\/hudo.com\/si\/aktualno\/svet\/tursko-tozilstvo-zahteva-prepoved-politicnega-delovanja-za-erdoganovega-nasprotnika\/#breadcrumb","itemListElement":[{"@type":"ListItem","position":1,"name":"Home","item":"https:\/\/hudo.com\/si\/"},{"@type":"ListItem","position":2,"name":"Tur\u0161ko to\u017eilstvo zahteva prepoved politi\u010dnega delovanja za Erdoganovega nasprotnika"}]},{"@type":"WebSite","@id":"https:\/\/hudo.com\/si\/#website","url":"https:\/\/hudo.com\/si\/","name":"Hudo Slovenija","description":"Vse novice iz Slovenije in sveta","publisher":{"@id":"https:\/\/hudo.com\/si\/#organization"},"potentialAction":[{"@type":"SearchAction","target":{"@type":"EntryPoint","urlTemplate":"https:\/\/hudo.com\/si\/?s={search_term_string}"},"query-input":"required name=search_term_string"}],"inLanguage":"sl-SI"},{"@type":"Organization","@id":"https:\/\/hudo.com\/si\/#organization","name":"VSN Media","url":"https:\/\/hudo.com\/si\/","logo":{"@type":"ImageObject","inLanguage":"sl-SI","@id":"https:\/\/hudo.com\/si\/#\/schema\/logo\/image\/","url":"https:\/\/hudo.com\/si\/wp-content\/uploads\/sites\/2\/2021\/03\/hudo-app-2.png","contentUrl":"https:\/\/hudo.com\/si\/wp-content\/uploads\/sites\/2\/2021\/03\/hudo-app-2.png","width":2185,"height":2167,"caption":"VSN Media"},"image":{"@id":"https:\/\/hudo.com\/si\/#\/schema\/logo\/image\/"},"sameAs":["https:\/\/www.facebook.com\/hudo.si","https:\/\/twitter.com\/hudo_si"]},{"@type":"Person","@id":"https:\/\/hudo.com\/si\/#\/schema\/person\/18f09c02475ba9e606e941a565b80cff","name":"A. P., STA","image":{"@type":"ImageObject","inLanguage":"sl-SI","@id":"https:\/\/hudo.com\/si\/#\/schema\/person\/image\/","url":"https:\/\/secure.gravatar.com\/avatar\/03eac8e609f5f04383125d80eaeaaf3e?s=96&d=mm&r=g","contentUrl":"https:\/\/secure.gravatar.com\/avatar\/03eac8e609f5f04383125d80eaeaaf3e?s=96&d=mm&r=g","caption":"A. P., STA"},"url":"https:\/\/hudo.com\/si\/author\/lubu\/"}]}},"amp_enabled":true,"_links":{"self":[{"href":"https:\/\/hudo.com\/si\/wp-json\/wp\/v2\/posts\/474319"}],"collection":[{"href":"https:\/\/hudo.com\/si\/wp-json\/wp\/v2\/posts"}],"about":[{"href":"https:\/\/hudo.com\/si\/wp-json\/wp\/v2\/types\/post"}],"author":[{"embeddable":true,"href":"https:\/\/hudo.com\/si\/wp-json\/wp\/v2\/users\/7"}],"replies":[{"embeddable":true,"href":"https:\/\/hudo.com\/si\/wp-json\/wp\/v2\/comments?post=474319"}],"version-history":[{"count":1,"href":"https:\/\/hudo.com\/si\/wp-json\/wp\/v2\/posts\/474319\/revisions"}],"predecessor-version":[{"id":474320,"href":"https:\/\/hudo.com\/si\/wp-json\/wp\/v2\/posts\/474319\/revisions\/474320"}],"wp:featuredmedia":[{"embeddable":true,"href":"https:\/\/hudo.com\/si\/wp-json\/wp\/v2\/media\/466761"}],"wp:attachment":[{"href":"https:\/\/hudo.com\/si\/wp-json\/wp\/v2\/media?parent=474319"}],"wp:term":[{"taxonomy":"category","embeddable":true,"href":"https:\/\/hudo.com\/si\/wp-json\/wp\/v2\/categories?post=474319"},{"taxonomy":"post_tag","embeddable":true,"href":"https:\/\/hudo.com\/si\/wp-json\/wp\/v2\/tags?post=474319"},{"taxonomy":"source","embeddable":true,"href":"https:\/\/hudo.com\/si\/wp-json\/wp\/v2\/source?post=474319"},{"taxonomy":"supertag","embeddable":true,"href":"https:\/\/hudo.com\/si\/wp-json\/wp\/v2\/supertag?post=474319"}],"curies":[{"name":"wp","href":"https:\/\/api.w.org\/{rel}","templated":true}]}}