{"id":474342,"date":"2022-11-13T08:41:20","date_gmt":"2022-11-13T07:41:20","guid":{"rendered":"https:\/\/hudo.com\/si\/?p=474342"},"modified":"2022-11-13T08:41:20","modified_gmt":"2022-11-13T07:41:20","slug":"volivci-bodo-izbrali-novega-predsednika-republike","status":"publish","type":"post","link":"https:\/\/hudo.com\/si\/aktualno\/volivci-bodo-izbrali-novega-predsednika-republike\/","title":{"rendered":"Volivci bodo izbrali novega predsednika republike"},"content":{"rendered":"<p>Volilni upravi\u010denci, ki jih je na tokratnih volitvah nekaj manj kot 1,7 milijona, bodo lahko glas oddali na enem od 3117 voli\u0161\u010d, ki se bodo odprla ob 7. uri. Odprtih bo 2999 rednih voli\u0161\u010d, 88 voli\u0161\u010d za glasovanje zunaj kraja stalnega prebivali\u0161\u010da, tako imenovanih voli\u0161\u010d omnia, ter 30 voli\u0161\u010d na diplomatsko-konzularnih predstavni\u0161tvih v tujini.<\/p>\n<p>Na voli\u0161\u010dih se morajo volivci izkazati z veljavnim osebnim dokumentom in se podpisati v volilni imenik. Prejeli bodo glasovnico z navodilom, da se glasuje samo za enega kandidata oz. kandidatko, in sicer tako, da se obkro\u017ei zaporedna \u0161tevilka pred imenom kandidata, za katerega glasuje. Kandidata bosta na glasovnici navedena po naslednjem vrstnem redu: 1. An\u017ee Logar, 2. Nata\u0161a Pirc Musar.<\/p>\n<p>Do konca glasovanja \u0161e vedno velja volilni molk, ko je vsakr\u0161no nagovarjanje volivcev prepovedano. Morebitne kr\u0161itve lahko dr\u017eavljani do 7. ure prijavijo operativno-komunikacijskemu centru Generalne policijske uprave na telefonsko \u0161tevilko 080 12 00. Med 7. in 19. uro pa bo prijave kr\u0161itev volilnega molka na telefonski \u0161tevilki 080 21 13 sprejemala de\u017eurna slu\u017eba in\u0161pektorata za notranje zadeve.<\/p>\n<p>Drugi krog predsedni\u0161kih volitev, sicer sedmih v zgodovini Slovenije, je potreben, ker v prvem krogu 23. oktobra nih\u010de od sedmerice kandidatov ni dobil ve\u010d kot 50-odstotne podpore, v drugi krog pa sta se uvrstila kandidata z najve\u010d glasovi. Volivci bodo tako danes odlo\u010dili, kdo o njiju bo peti predsednik oziroma predsednica republike.<\/p>\n","protected":false},"excerpt":{"rendered":"<p>Po dana\u0161njem glasovanju v drugem krogu volitev predsednika republike bo znano, kdo bo v prihodnjem petletnem mandatu na vrhu dr\u017eave nasledil aktualnega predsednika Boruta Pahorja. Volivci bodo lahko glas za enega od kandidatov, An\u017eeta Logarja ali Nata\u0161o Pirc Musar, oddali med 7. in 19. uro, do konca glasovanja pa \u0161e vedno velja volilni molk.<\/p>\n","protected":false},"author":5,"featured_media":371214,"comment_status":"closed","ping_status":"closed","sticky":false,"template":"","format":"standard","meta":{"footnotes":""},"categories":[1179],"tags":[4804,1595],"source":[4511],"supertag":[5675],"acf":[],"yoast_head":"<!-- This site is optimized with the Yoast SEO plugin v21.3 - https:\/\/yoast.com\/wordpress\/plugins\/seo\/ -->\n<title>Volivci bodo izbrali novega predsednika republike - Hudo Slovenija<\/title>\n<meta name=\"robots\" content=\"index, follow, max-snippet:-1, max-image-preview:large, max-video-preview:-1\" \/>\n<link rel=\"canonical\" href=\"https:\/\/hudo.com\/si\/aktualno\/volivci-bodo-izbrali-novega-predsednika-republike\/\" \/>\n<meta property=\"og:locale\" content=\"sl_SI\" \/>\n<meta property=\"og:type\" content=\"article\" \/>\n<meta property=\"og:title\" content=\"Volivci bodo izbrali novega predsednika republike - Hudo Slovenija\" \/>\n<meta property=\"og:description\" content=\"Po dana\u0161njem glasovanju v drugem krogu volitev predsednika republike bo znano, kdo bo v prihodnjem petletnem mandatu na vrhu dr\u017eave nasledil aktualnega predsednika Boruta Pahorja. Volivci bodo lahko glas za enega od kandidatov, An\u017eeta Logarja ali Nata\u0161o Pirc Musar, oddali med 7. in 19. uro, do konca glasovanja pa \u0161e vedno velja volilni molk.\" \/>\n<meta property=\"og:url\" content=\"https:\/\/hudo.com\/si\/aktualno\/volivci-bodo-izbrali-novega-predsednika-republike\/\" \/>\n<meta property=\"og:site_name\" content=\"Hudo Slovenija\" \/>\n<meta property=\"article:publisher\" content=\"https:\/\/www.facebook.com\/hudo.si\" \/>\n<meta property=\"article:published_time\" content=\"2022-11-13T07:41:20+00:00\" \/>\n<meta property=\"og:image\" content=\"https:\/\/hudo.com\/si\/wp-content\/uploads\/sites\/2\/2018\/06\/profimedia-0355182292.jpg\" \/>\n\t<meta property=\"og:image:width\" content=\"1250\" \/>\n\t<meta property=\"og:image:height\" content=\"833\" \/>\n\t<meta property=\"og:image:type\" content=\"image\/jpeg\" \/>\n<meta name=\"author\" content=\"A. G., STA\" \/>\n<meta name=\"twitter:card\" content=\"summary_large_image\" \/>\n<meta name=\"twitter:creator\" content=\"@hudo_si\" \/>\n<meta name=\"twitter:site\" content=\"@hudo_si\" \/>\n<meta name=\"twitter:label1\" content=\"Written by\" \/>\n\t<meta name=\"twitter:data1\" content=\"A. G., STA\" \/>\n\t<meta name=\"twitter:label2\" content=\"Est. reading time\" \/>\n\t<meta name=\"twitter:data2\" content=\"1 minuta\" \/>\n<script type=\"application\/ld+json\" class=\"yoast-schema-graph\">{\"@context\":\"https:\/\/schema.org\",\"@graph\":[{\"@type\":\"Article\",\"@id\":\"https:\/\/hudo.com\/si\/aktualno\/volivci-bodo-izbrali-novega-predsednika-republike\/#article\",\"isPartOf\":{\"@id\":\"https:\/\/hudo.com\/si\/aktualno\/volivci-bodo-izbrali-novega-predsednika-republike\/\"},\"author\":{\"name\":\"A. G., STA\",\"@id\":\"https:\/\/hudo.com\/si\/#\/schema\/person\/2391667a63ea075ba94f2f2dc6b77537\"},\"headline\":\"Volivci bodo izbrali novega predsednika republike\",\"datePublished\":\"2022-11-13T07:41:20+00:00\",\"dateModified\":\"2022-11-13T07:41:20+00:00\",\"mainEntityOfPage\":{\"@id\":\"https:\/\/hudo.com\/si\/aktualno\/volivci-bodo-izbrali-novega-predsednika-republike\/\"},\"wordCount\":228,\"publisher\":{\"@id\":\"https:\/\/hudo.com\/si\/#organization\"},\"keywords\":[\"predsedni\u0161ke volitve\",\"Slovenija\"],\"articleSection\":[\"Aktualno\"],\"inLanguage\":\"sl-SI\"},{\"@type\":\"WebPage\",\"@id\":\"https:\/\/hudo.com\/si\/aktualno\/volivci-bodo-izbrali-novega-predsednika-republike\/\",\"url\":\"https:\/\/hudo.com\/si\/aktualno\/volivci-bodo-izbrali-novega-predsednika-republike\/\",\"name\":\"Volivci bodo izbrali novega predsednika republike - Hudo Slovenija\",\"isPartOf\":{\"@id\":\"https:\/\/hudo.com\/si\/#website\"},\"datePublished\":\"2022-11-13T07:41:20+00:00\",\"dateModified\":\"2022-11-13T07:41:20+00:00\",\"breadcrumb\":{\"@id\":\"https:\/\/hudo.com\/si\/aktualno\/volivci-bodo-izbrali-novega-predsednika-republike\/#breadcrumb\"},\"inLanguage\":\"sl-SI\",\"potentialAction\":[{\"@type\":\"ReadAction\",\"target\":[\"https:\/\/hudo.com\/si\/aktualno\/volivci-bodo-izbrali-novega-predsednika-republike\/\"]}]},{\"@type\":\"BreadcrumbList\",\"@id\":\"https:\/\/hudo.com\/si\/aktualno\/volivci-bodo-izbrali-novega-predsednika-republike\/#breadcrumb\",\"itemListElement\":[{\"@type\":\"ListItem\",\"position\":1,\"name\":\"Home\",\"item\":\"https:\/\/hudo.com\/si\/\"},{\"@type\":\"ListItem\",\"position\":2,\"name\":\"Volivci bodo izbrali novega predsednika republike\"}]},{\"@type\":\"WebSite\",\"@id\":\"https:\/\/hudo.com\/si\/#website\",\"url\":\"https:\/\/hudo.com\/si\/\",\"name\":\"Hudo Slovenija\",\"description\":\"Vse novice iz Slovenije in sveta\",\"publisher\":{\"@id\":\"https:\/\/hudo.com\/si\/#organization\"},\"potentialAction\":[{\"@type\":\"SearchAction\",\"target\":{\"@type\":\"EntryPoint\",\"urlTemplate\":\"https:\/\/hudo.com\/si\/?s={search_term_string}\"},\"query-input\":\"required name=search_term_string\"}],\"inLanguage\":\"sl-SI\"},{\"@type\":\"Organization\",\"@id\":\"https:\/\/hudo.com\/si\/#organization\",\"name\":\"VSN Media\",\"url\":\"https:\/\/hudo.com\/si\/\",\"logo\":{\"@type\":\"ImageObject\",\"inLanguage\":\"sl-SI\",\"@id\":\"https:\/\/hudo.com\/si\/#\/schema\/logo\/image\/\",\"url\":\"https:\/\/hudo.com\/si\/wp-content\/uploads\/sites\/2\/2021\/03\/hudo-app-2.png\",\"contentUrl\":\"https:\/\/hudo.com\/si\/wp-content\/uploads\/sites\/2\/2021\/03\/hudo-app-2.png\",\"width\":2185,\"height\":2167,\"caption\":\"VSN Media\"},\"image\":{\"@id\":\"https:\/\/hudo.com\/si\/#\/schema\/logo\/image\/\"},\"sameAs\":[\"https:\/\/www.facebook.com\/hudo.si\",\"https:\/\/twitter.com\/hudo_si\"]},{\"@type\":\"Person\",\"@id\":\"https:\/\/hudo.com\/si\/#\/schema\/person\/2391667a63ea075ba94f2f2dc6b77537\",\"name\":\"A. G., STA\",\"image\":{\"@type\":\"ImageObject\",\"inLanguage\":\"sl-SI\",\"@id\":\"https:\/\/hudo.com\/si\/#\/schema\/person\/image\/\",\"url\":\"https:\/\/secure.gravatar.com\/avatar\/e13d22ac3e442658d5025fbbe6238a79?s=96&d=mm&r=g\",\"contentUrl\":\"https:\/\/secure.gravatar.com\/avatar\/e13d22ac3e442658d5025fbbe6238a79?s=96&d=mm&r=g\",\"caption\":\"A. G., STA\"},\"url\":\"https:\/\/hudo.com\/si\/author\/alenka\/\"}]}<\/script>\n<!-- \/ Yoast SEO plugin. -->","yoast_head_json":{"title":"Volivci bodo izbrali novega predsednika republike - Hudo Slovenija","robots":{"index":"index","follow":"follow","max-snippet":"max-snippet:-1","max-image-preview":"max-image-preview:large","max-video-preview":"max-video-preview:-1"},"canonical":"https:\/\/hudo.com\/si\/aktualno\/volivci-bodo-izbrali-novega-predsednika-republike\/","og_locale":"sl_SI","og_type":"article","og_title":"Volivci bodo izbrali novega predsednika republike - Hudo Slovenija","og_description":"Po dana\u0161njem glasovanju v drugem krogu volitev predsednika republike bo znano, kdo bo v prihodnjem petletnem mandatu na vrhu dr\u017eave nasledil aktualnega predsednika Boruta Pahorja. Volivci bodo lahko glas za enega od kandidatov, An\u017eeta Logarja ali Nata\u0161o Pirc Musar, oddali med 7. in 19. uro, do konca glasovanja pa \u0161e vedno velja volilni molk.","og_url":"https:\/\/hudo.com\/si\/aktualno\/volivci-bodo-izbrali-novega-predsednika-republike\/","og_site_name":"Hudo Slovenija","article_publisher":"https:\/\/www.facebook.com\/hudo.si","article_published_time":"2022-11-13T07:41:20+00:00","og_image":[{"width":1250,"height":833,"url":"https:\/\/hudo.com\/si\/wp-content\/uploads\/sites\/2\/2018\/06\/profimedia-0355182292.jpg","type":"image\/jpeg"}],"author":"A. G., STA","twitter_card":"summary_large_image","twitter_creator":"@hudo_si","twitter_site":"@hudo_si","twitter_misc":{"Written by":"A. G., STA","Est. reading time":"1 minuta"},"schema":{"@context":"https:\/\/schema.org","@graph":[{"@type":"Article","@id":"https:\/\/hudo.com\/si\/aktualno\/volivci-bodo-izbrali-novega-predsednika-republike\/#article","isPartOf":{"@id":"https:\/\/hudo.com\/si\/aktualno\/volivci-bodo-izbrali-novega-predsednika-republike\/"},"author":{"name":"A. G., STA","@id":"https:\/\/hudo.com\/si\/#\/schema\/person\/2391667a63ea075ba94f2f2dc6b77537"},"headline":"Volivci bodo izbrali novega predsednika republike","datePublished":"2022-11-13T07:41:20+00:00","dateModified":"2022-11-13T07:41:20+00:00","mainEntityOfPage":{"@id":"https:\/\/hudo.com\/si\/aktualno\/volivci-bodo-izbrali-novega-predsednika-republike\/"},"wordCount":228,"publisher":{"@id":"https:\/\/hudo.com\/si\/#organization"},"keywords":["predsedni\u0161ke volitve","Slovenija"],"articleSection":["Aktualno"],"inLanguage":"sl-SI"},{"@type":"WebPage","@id":"https:\/\/hudo.com\/si\/aktualno\/volivci-bodo-izbrali-novega-predsednika-republike\/","url":"https:\/\/hudo.com\/si\/aktualno\/volivci-bodo-izbrali-novega-predsednika-republike\/","name":"Volivci bodo izbrali novega predsednika republike - Hudo Slovenija","isPartOf":{"@id":"https:\/\/hudo.com\/si\/#website"},"datePublished":"2022-11-13T07:41:20+00:00","dateModified":"2022-11-13T07:41:20+00:00","breadcrumb":{"@id":"https:\/\/hudo.com\/si\/aktualno\/volivci-bodo-izbrali-novega-predsednika-republike\/#breadcrumb"},"inLanguage":"sl-SI","potentialAction":[{"@type":"ReadAction","target":["https:\/\/hudo.com\/si\/aktualno\/volivci-bodo-izbrali-novega-predsednika-republike\/"]}]},{"@type":"BreadcrumbList","@id":"https:\/\/hudo.com\/si\/aktualno\/volivci-bodo-izbrali-novega-predsednika-republike\/#breadcrumb","itemListElement":[{"@type":"ListItem","position":1,"name":"Home","item":"https:\/\/hudo.com\/si\/"},{"@type":"ListItem","position":2,"name":"Volivci bodo izbrali novega predsednika republike"}]},{"@type":"WebSite","@id":"https:\/\/hudo.com\/si\/#website","url":"https:\/\/hudo.com\/si\/","name":"Hudo Slovenija","description":"Vse novice iz Slovenije in sveta","publisher":{"@id":"https:\/\/hudo.com\/si\/#organization"},"potentialAction":[{"@type":"SearchAction","target":{"@type":"EntryPoint","urlTemplate":"https:\/\/hudo.com\/si\/?s={search_term_string}"},"query-input":"required name=search_term_string"}],"inLanguage":"sl-SI"},{"@type":"Organization","@id":"https:\/\/hudo.com\/si\/#organization","name":"VSN Media","url":"https:\/\/hudo.com\/si\/","logo":{"@type":"ImageObject","inLanguage":"sl-SI","@id":"https:\/\/hudo.com\/si\/#\/schema\/logo\/image\/","url":"https:\/\/hudo.com\/si\/wp-content\/uploads\/sites\/2\/2021\/03\/hudo-app-2.png","contentUrl":"https:\/\/hudo.com\/si\/wp-content\/uploads\/sites\/2\/2021\/03\/hudo-app-2.png","width":2185,"height":2167,"caption":"VSN Media"},"image":{"@id":"https:\/\/hudo.com\/si\/#\/schema\/logo\/image\/"},"sameAs":["https:\/\/www.facebook.com\/hudo.si","https:\/\/twitter.com\/hudo_si"]},{"@type":"Person","@id":"https:\/\/hudo.com\/si\/#\/schema\/person\/2391667a63ea075ba94f2f2dc6b77537","name":"A. G., STA","image":{"@type":"ImageObject","inLanguage":"sl-SI","@id":"https:\/\/hudo.com\/si\/#\/schema\/person\/image\/","url":"https:\/\/secure.gravatar.com\/avatar\/e13d22ac3e442658d5025fbbe6238a79?s=96&d=mm&r=g","contentUrl":"https:\/\/secure.gravatar.com\/avatar\/e13d22ac3e442658d5025fbbe6238a79?s=96&d=mm&r=g","caption":"A. G., STA"},"url":"https:\/\/hudo.com\/si\/author\/alenka\/"}]}},"amp_enabled":true,"_links":{"self":[{"href":"https:\/\/hudo.com\/si\/wp-json\/wp\/v2\/posts\/474342"}],"collection":[{"href":"https:\/\/hudo.com\/si\/wp-json\/wp\/v2\/posts"}],"about":[{"href":"https:\/\/hudo.com\/si\/wp-json\/wp\/v2\/types\/post"}],"author":[{"embeddable":true,"href":"https:\/\/hudo.com\/si\/wp-json\/wp\/v2\/users\/5"}],"replies":[{"embeddable":true,"href":"https:\/\/hudo.com\/si\/wp-json\/wp\/v2\/comments?post=474342"}],"version-history":[{"count":1,"href":"https:\/\/hudo.com\/si\/wp-json\/wp\/v2\/posts\/474342\/revisions"}],"predecessor-version":[{"id":474343,"href":"https:\/\/hudo.com\/si\/wp-json\/wp\/v2\/posts\/474342\/revisions\/474343"}],"wp:featuredmedia":[{"embeddable":true,"href":"https:\/\/hudo.com\/si\/wp-json\/wp\/v2\/media\/371214"}],"wp:attachment":[{"href":"https:\/\/hudo.com\/si\/wp-json\/wp\/v2\/media?parent=474342"}],"wp:term":[{"taxonomy":"category","embeddable":true,"href":"https:\/\/hudo.com\/si\/wp-json\/wp\/v2\/categories?post=474342"},{"taxonomy":"post_tag","embeddable":true,"href":"https:\/\/hudo.com\/si\/wp-json\/wp\/v2\/tags?post=474342"},{"taxonomy":"source","embeddable":true,"href":"https:\/\/hudo.com\/si\/wp-json\/wp\/v2\/source?post=474342"},{"taxonomy":"supertag","embeddable":true,"href":"https:\/\/hudo.com\/si\/wp-json\/wp\/v2\/supertag?post=474342"}],"curies":[{"name":"wp","href":"https:\/\/api.w.org\/{rel}","templated":true}]}}