{"id":47449,"date":"2016-05-07T08:30:00","date_gmt":"2016-05-07T06:30:00","guid":{"rendered":"http:\/\/hudo.com\/si\/2016\/05\/07\/debitelov-uporabniki-od-1-junija-s-telekomovimi-paketi\/"},"modified":"2016-05-07T13:26:51","modified_gmt":"2016-05-07T11:26:51","slug":"debitelov-uporabniki-od-1-junija-s-telekomovimi-paketi","status":"publish","type":"post","link":"https:\/\/hudo.com\/si\/aktualno\/debitelov-uporabniki-od-1-junija-s-telekomovimi-paketi\/","title":{"rendered":"Debitelov uporabniki od 1. junija s Telekomovimi paketi"},"content":{"rendered":"<p>Naro\u010dniki Debitelovih storitev bodo s tem dnem postali naro\u010dniki mobilnih paketov Telekoma Slovenije. Kdor se z novim paketom ne strinja, ga lahko brezpla\u010dno zamenja za katerikoli drugi Telekomov paket najpozneje do 31. julija. Na\u010deloma naj bi pri Telekomu poskrbeli, da bodo novi paketi podobni kot stari, a lahko se razlikujejo &#8211; tako po vklju\u010denih storitvah kot po ceni, opozarjajo na Zvezi potro\u0161nikov Slovenije. Debitelovim naro\u010dnikom tako svetujejo, naj v primeru, da jim novi paket ni v\u0161e\u010d, ukrepajo \u0161ele po 1. juniju, kajti pred tem bi za spremembo paketa pla\u010dali 20 evrov. Med 1. junijem in 31. julijem pa lahko izbrani paket brezpla\u010dno zamenjajo za kateregakoli drugega, tudi cenej\u0161ega. Tisti, ki ne bi radi ostali pri Telekomu, pa lahko najpozneje do 31. maja odstopijo od naro\u010dni\u0161ke pogodbe brez odpovednega roka, brez pla\u010dila stro\u0161kov prekinitve naro\u010dni\u0161kega razmerja in brez pogodbene kazni. Seveda pa morajo prej poravnati zapadle in nepla\u010dane obveznosti, med katere sodijo tudi tiste iz naslova nakupa terminalske opreme po akcijski ceni. Debitel je vsakega naro\u010dnika \u017ee obvestil, v kateri paket Telekoma Slovenije bodo spremenili njegovo obstoje\u010de naro\u010dni\u0161ko razmerje, zaradi anonimnosti pa ni obve\u0161\u010dal tudi predpla\u010dni\u0161kih uporabnikov Debikartice. A sprememba zadeva tudi njih, saj bodo s 1. junijem postali uporabniki Telekomovega predpla\u010dni\u0161kega sistema Mobi. Telefonska \u0161tevilka in kartica SIM bosta ostali nespremenjeni, vse dobroimetje na ra\u010dunu Debikartice pa se bo samodejno preneslo na ra\u010dun Mobi. Najve\u010dji slovenski telekomunikacijski operater je Debitel z okoli 90.000 uporabniki mobilne telefonije kupil od dru\u017eb ACH Ljubljana, Adria Mobil in Svema Trade. Pogodbo o 15,8 milijona evrov vrednem poslu je sklenil 27. februarja 2015.Gospodarstvo<\/p>\n","protected":false},"excerpt":{"rendered":"<p>Naro\u010dniki Debitelovih storitev bodo s tem dnem postali naro\u010dniki mobilnih paketov Telekoma Slovenije. Kdor se z novim paketom ne strinja, ga lahko brezpla\u010dno zamenja za katerikoli drugi Telekomov paket najpozneje do 31. julija. Na\u010deloma naj bi pri Telekomu poskrbeli, da bodo novi paketi podobni kot stari, a lahko se razlikujejo &#8211; tako po vklju\u010denih storitvah kot po ceni, opozarjajo na Zvezi potro\u0161nikov Slovenije. Debitelovim naro\u010dnikom tako svetujejo, naj v primeru, da jim novi paket ni v\u0161e\u010d, ukrepajo \u0161ele po 1. juniju, kajti pred tem bi za spremembo paketa pla\u010dali 20 evrov. Med 1. junijem in 31. julijem pa lahko izbrani paket brezpla\u010dno zamenjajo za kateregakoli drugega, tudi cenej\u0161ega. Tisti, ki ne bi radi ostali pri Telekomu, pa lahko najpozneje do 31. maja odstopijo od naro\u010dni\u0161ke pogodbe brez odpovednega roka, brez pla\u010dila stro\u0161kov prekinitve naro\u010dni\u0161kega razmerja in brez pogodbene kazni. Seveda pa morajo prej poravnati zapadle in nepla\u010dane obveznosti, med katere sodijo tudi tiste iz naslova nakupa terminalske opreme po akcijski ceni. Debitel je vsakega naro\u010dnika \u017ee obvestil, v kateri paket Telekoma Slovenije bodo spremenili njegovo obstoje\u010de naro\u010dni\u0161ko razmerje, zaradi anonimnosti pa ni obve\u0161\u010dal tudi predpla\u010dni\u0161kih uporabnikov Debikartice. A sprememba zadeva tudi njih, saj bodo s 1. junijem postali uporabniki Telekomovega predpla\u010dni\u0161kega sistema Mobi. Telefonska \u0161tevilka in kartica SIM bosta ostali nespremenjeni, vse dobroimetje na ra\u010dunu Debikartice pa se bo samodejno preneslo na ra\u010dun Mobi. Najve\u010dji slovenski telekomunikacijski operater je Debitel z okoli 90.000 uporabniki mobilne telefonije kupil od dru\u017eb ACH Ljubljana, Adria Mobil in Svema Trade. Pogodbo o 15,8 milijona evrov vrednem poslu je sklenil 27. februarja 2015.Gospodarstvo<\/p>\n","protected":false},"author":1,"featured_media":0,"comment_status":"closed","ping_status":"closed","sticky":false,"template":"","format":"standard","meta":{"footnotes":""},"categories":[1179],"tags":[],"source":[1711],"supertag":[],"acf":[],"yoast_head":"<!-- This site is optimized with the Yoast SEO plugin v21.3 - https:\/\/yoast.com\/wordpress\/plugins\/seo\/ -->\n<title>Debitelov uporabniki od 1. junija s Telekomovimi paketi - Hudo Slovenija<\/title>\n<meta name=\"robots\" content=\"index, follow, max-snippet:-1, max-image-preview:large, max-video-preview:-1\" \/>\n<link rel=\"canonical\" href=\"https:\/\/hudo.com\/si\/aktualno\/debitelov-uporabniki-od-1-junija-s-telekomovimi-paketi\/\" \/>\n<meta property=\"og:locale\" content=\"sl_SI\" \/>\n<meta property=\"og:type\" content=\"article\" \/>\n<meta property=\"og:title\" content=\"Debitelov uporabniki od 1. junija s Telekomovimi paketi - Hudo Slovenija\" \/>\n<meta property=\"og:description\" content=\"Naro\u010dniki Debitelovih storitev bodo s tem dnem postali naro\u010dniki mobilnih paketov Telekoma Slovenije. Kdor se z novim paketom ne strinja, ga lahko brezpla\u010dno zamenja za katerikoli drugi Telekomov paket najpozneje do 31. julija. Na\u010deloma naj bi pri Telekomu poskrbeli, da bodo novi paketi podobni kot stari, a lahko se razlikujejo - tako po vklju\u010denih storitvah kot po ceni, opozarjajo na Zvezi potro\u0161nikov Slovenije. Debitelovim naro\u010dnikom tako svetujejo, naj v primeru, da jim novi paket ni v\u0161e\u010d, ukrepajo \u0161ele po 1. juniju, kajti pred tem bi za spremembo paketa pla\u010dali 20 evrov. Med 1. junijem in 31. julijem pa lahko izbrani paket brezpla\u010dno zamenjajo za kateregakoli drugega, tudi cenej\u0161ega. Tisti, ki ne bi radi ostali pri Telekomu, pa lahko najpozneje do 31. maja odstopijo od naro\u010dni\u0161ke pogodbe brez odpovednega roka, brez pla\u010dila stro\u0161kov prekinitve naro\u010dni\u0161kega razmerja in brez pogodbene kazni. Seveda pa morajo prej poravnati zapadle in nepla\u010dane obveznosti, med katere sodijo tudi tiste iz naslova nakupa terminalske opreme po akcijski ceni. Debitel je vsakega naro\u010dnika \u017ee obvestil, v kateri paket Telekoma Slovenije bodo spremenili njegovo obstoje\u010de naro\u010dni\u0161ko razmerje, zaradi anonimnosti pa ni obve\u0161\u010dal tudi predpla\u010dni\u0161kih uporabnikov Debikartice. A sprememba zadeva tudi njih, saj bodo s 1. junijem postali uporabniki Telekomovega predpla\u010dni\u0161kega sistema Mobi. Telefonska \u0161tevilka in kartica SIM bosta ostali nespremenjeni, vse dobroimetje na ra\u010dunu Debikartice pa se bo samodejno preneslo na ra\u010dun Mobi. Najve\u010dji slovenski telekomunikacijski operater je Debitel z okoli 90.000 uporabniki mobilne telefonije kupil od dru\u017eb ACH Ljubljana, Adria Mobil in Svema Trade. Pogodbo o 15,8 milijona evrov vrednem poslu je sklenil 27. februarja 2015.Gospodarstvo\" \/>\n<meta property=\"og:url\" content=\"https:\/\/hudo.com\/si\/aktualno\/debitelov-uporabniki-od-1-junija-s-telekomovimi-paketi\/\" \/>\n<meta property=\"og:site_name\" content=\"Hudo Slovenija\" \/>\n<meta property=\"article:publisher\" content=\"https:\/\/www.facebook.com\/hudo.si\" \/>\n<meta property=\"article:published_time\" content=\"2016-05-07T06:30:00+00:00\" \/>\n<meta property=\"article:modified_time\" content=\"2016-05-07T11:26:51+00:00\" \/>\n<meta property=\"og:image\" content=\"https:\/\/hudo.com\/si\/wp-content\/uploads\/sites\/2\/2016\/05\/01276218F-300.jpg\" \/>\n\t<meta property=\"og:image:width\" content=\"450\" \/>\n\t<meta property=\"og:image:height\" content=\"305\" \/>\n\t<meta property=\"og:image:type\" content=\"image\/jpeg\" \/>\n<meta name=\"author\" content=\"hudo\" \/>\n<meta name=\"twitter:card\" content=\"summary_large_image\" \/>\n<meta name=\"twitter:creator\" content=\"@hudo_si\" \/>\n<meta name=\"twitter:site\" content=\"@hudo_si\" \/>\n<meta name=\"twitter:label1\" content=\"Written by\" \/>\n\t<meta name=\"twitter:data1\" content=\"hudo\" \/>\n\t<meta name=\"twitter:label2\" content=\"Est. reading time\" \/>\n\t<meta name=\"twitter:data2\" content=\"1 minuta\" \/>\n<script type=\"application\/ld+json\" class=\"yoast-schema-graph\">{\"@context\":\"https:\/\/schema.org\",\"@graph\":[{\"@type\":\"Article\",\"@id\":\"https:\/\/hudo.com\/si\/aktualno\/debitelov-uporabniki-od-1-junija-s-telekomovimi-paketi\/#article\",\"isPartOf\":{\"@id\":\"https:\/\/hudo.com\/si\/aktualno\/debitelov-uporabniki-od-1-junija-s-telekomovimi-paketi\/\"},\"author\":{\"name\":\"hudo\",\"@id\":\"https:\/\/hudo.com\/si\/#\/schema\/person\/601cf3379633985b20f7e50f2bb47707\"},\"headline\":\"Debitelov uporabniki od 1. junija s Telekomovimi paketi\",\"datePublished\":\"2016-05-07T06:30:00+00:00\",\"dateModified\":\"2016-05-07T11:26:51+00:00\",\"mainEntityOfPage\":{\"@id\":\"https:\/\/hudo.com\/si\/aktualno\/debitelov-uporabniki-od-1-junija-s-telekomovimi-paketi\/\"},\"wordCount\":286,\"publisher\":{\"@id\":\"https:\/\/hudo.com\/si\/#organization\"},\"articleSection\":[\"Aktualno\"],\"inLanguage\":\"sl-SI\"},{\"@type\":\"WebPage\",\"@id\":\"https:\/\/hudo.com\/si\/aktualno\/debitelov-uporabniki-od-1-junija-s-telekomovimi-paketi\/\",\"url\":\"https:\/\/hudo.com\/si\/aktualno\/debitelov-uporabniki-od-1-junija-s-telekomovimi-paketi\/\",\"name\":\"Debitelov uporabniki od 1. junija s Telekomovimi paketi - Hudo Slovenija\",\"isPartOf\":{\"@id\":\"https:\/\/hudo.com\/si\/#website\"},\"datePublished\":\"2016-05-07T06:30:00+00:00\",\"dateModified\":\"2016-05-07T11:26:51+00:00\",\"breadcrumb\":{\"@id\":\"https:\/\/hudo.com\/si\/aktualno\/debitelov-uporabniki-od-1-junija-s-telekomovimi-paketi\/#breadcrumb\"},\"inLanguage\":\"sl-SI\",\"potentialAction\":[{\"@type\":\"ReadAction\",\"target\":[\"https:\/\/hudo.com\/si\/aktualno\/debitelov-uporabniki-od-1-junija-s-telekomovimi-paketi\/\"]}]},{\"@type\":\"BreadcrumbList\",\"@id\":\"https:\/\/hudo.com\/si\/aktualno\/debitelov-uporabniki-od-1-junija-s-telekomovimi-paketi\/#breadcrumb\",\"itemListElement\":[{\"@type\":\"ListItem\",\"position\":1,\"name\":\"Home\",\"item\":\"https:\/\/hudo.com\/si\/\"},{\"@type\":\"ListItem\",\"position\":2,\"name\":\"Debitelov uporabniki od 1. junija s Telekomovimi paketi\"}]},{\"@type\":\"WebSite\",\"@id\":\"https:\/\/hudo.com\/si\/#website\",\"url\":\"https:\/\/hudo.com\/si\/\",\"name\":\"Hudo Slovenija\",\"description\":\"Vse novice iz Slovenije in sveta\",\"publisher\":{\"@id\":\"https:\/\/hudo.com\/si\/#organization\"},\"potentialAction\":[{\"@type\":\"SearchAction\",\"target\":{\"@type\":\"EntryPoint\",\"urlTemplate\":\"https:\/\/hudo.com\/si\/?s={search_term_string}\"},\"query-input\":\"required name=search_term_string\"}],\"inLanguage\":\"sl-SI\"},{\"@type\":\"Organization\",\"@id\":\"https:\/\/hudo.com\/si\/#organization\",\"name\":\"VSN Media\",\"url\":\"https:\/\/hudo.com\/si\/\",\"logo\":{\"@type\":\"ImageObject\",\"inLanguage\":\"sl-SI\",\"@id\":\"https:\/\/hudo.com\/si\/#\/schema\/logo\/image\/\",\"url\":\"https:\/\/hudo.com\/si\/wp-content\/uploads\/sites\/2\/2021\/03\/hudo-app-2.png\",\"contentUrl\":\"https:\/\/hudo.com\/si\/wp-content\/uploads\/sites\/2\/2021\/03\/hudo-app-2.png\",\"width\":2185,\"height\":2167,\"caption\":\"VSN Media\"},\"image\":{\"@id\":\"https:\/\/hudo.com\/si\/#\/schema\/logo\/image\/\"},\"sameAs\":[\"https:\/\/www.facebook.com\/hudo.si\",\"https:\/\/twitter.com\/hudo_si\"]},{\"@type\":\"Person\",\"@id\":\"https:\/\/hudo.com\/si\/#\/schema\/person\/601cf3379633985b20f7e50f2bb47707\",\"name\":\"hudo\",\"image\":{\"@type\":\"ImageObject\",\"inLanguage\":\"sl-SI\",\"@id\":\"https:\/\/hudo.com\/si\/#\/schema\/person\/image\/\",\"url\":\"https:\/\/secure.gravatar.com\/avatar\/c4ca25fa72cace7a696b52ff5db9e095?s=96&d=mm&r=g\",\"contentUrl\":\"https:\/\/secure.gravatar.com\/avatar\/c4ca25fa72cace7a696b52ff5db9e095?s=96&d=mm&r=g\",\"caption\":\"hudo\"},\"url\":\"https:\/\/hudo.com\/si\/author\/hudo\/\"}]}<\/script>\n<!-- \/ Yoast SEO plugin. -->","yoast_head_json":{"title":"Debitelov uporabniki od 1. junija s Telekomovimi paketi - Hudo Slovenija","robots":{"index":"index","follow":"follow","max-snippet":"max-snippet:-1","max-image-preview":"max-image-preview:large","max-video-preview":"max-video-preview:-1"},"canonical":"https:\/\/hudo.com\/si\/aktualno\/debitelov-uporabniki-od-1-junija-s-telekomovimi-paketi\/","og_locale":"sl_SI","og_type":"article","og_title":"Debitelov uporabniki od 1. junija s Telekomovimi paketi - Hudo Slovenija","og_description":"Naro\u010dniki Debitelovih storitev bodo s tem dnem postali naro\u010dniki mobilnih paketov Telekoma Slovenije. Kdor se z novim paketom ne strinja, ga lahko brezpla\u010dno zamenja za katerikoli drugi Telekomov paket najpozneje do 31. julija. Na\u010deloma naj bi pri Telekomu poskrbeli, da bodo novi paketi podobni kot stari, a lahko se razlikujejo - tako po vklju\u010denih storitvah kot po ceni, opozarjajo na Zvezi potro\u0161nikov Slovenije. Debitelovim naro\u010dnikom tako svetujejo, naj v primeru, da jim novi paket ni v\u0161e\u010d, ukrepajo \u0161ele po 1. juniju, kajti pred tem bi za spremembo paketa pla\u010dali 20 evrov. Med 1. junijem in 31. julijem pa lahko izbrani paket brezpla\u010dno zamenjajo za kateregakoli drugega, tudi cenej\u0161ega. Tisti, ki ne bi radi ostali pri Telekomu, pa lahko najpozneje do 31. maja odstopijo od naro\u010dni\u0161ke pogodbe brez odpovednega roka, brez pla\u010dila stro\u0161kov prekinitve naro\u010dni\u0161kega razmerja in brez pogodbene kazni. Seveda pa morajo prej poravnati zapadle in nepla\u010dane obveznosti, med katere sodijo tudi tiste iz naslova nakupa terminalske opreme po akcijski ceni. Debitel je vsakega naro\u010dnika \u017ee obvestil, v kateri paket Telekoma Slovenije bodo spremenili njegovo obstoje\u010de naro\u010dni\u0161ko razmerje, zaradi anonimnosti pa ni obve\u0161\u010dal tudi predpla\u010dni\u0161kih uporabnikov Debikartice. A sprememba zadeva tudi njih, saj bodo s 1. junijem postali uporabniki Telekomovega predpla\u010dni\u0161kega sistema Mobi. Telefonska \u0161tevilka in kartica SIM bosta ostali nespremenjeni, vse dobroimetje na ra\u010dunu Debikartice pa se bo samodejno preneslo na ra\u010dun Mobi. Najve\u010dji slovenski telekomunikacijski operater je Debitel z okoli 90.000 uporabniki mobilne telefonije kupil od dru\u017eb ACH Ljubljana, Adria Mobil in Svema Trade. Pogodbo o 15,8 milijona evrov vrednem poslu je sklenil 27. februarja 2015.Gospodarstvo","og_url":"https:\/\/hudo.com\/si\/aktualno\/debitelov-uporabniki-od-1-junija-s-telekomovimi-paketi\/","og_site_name":"Hudo Slovenija","article_publisher":"https:\/\/www.facebook.com\/hudo.si","article_published_time":"2016-05-07T06:30:00+00:00","article_modified_time":"2016-05-07T11:26:51+00:00","og_image":[{"width":450,"height":305,"url":"https:\/\/hudo.com\/si\/wp-content\/uploads\/sites\/2\/2016\/05\/01276218F-300.jpg","type":"image\/jpeg"}],"author":"hudo","twitter_card":"summary_large_image","twitter_creator":"@hudo_si","twitter_site":"@hudo_si","twitter_misc":{"Written by":"hudo","Est. reading time":"1 minuta"},"schema":{"@context":"https:\/\/schema.org","@graph":[{"@type":"Article","@id":"https:\/\/hudo.com\/si\/aktualno\/debitelov-uporabniki-od-1-junija-s-telekomovimi-paketi\/#article","isPartOf":{"@id":"https:\/\/hudo.com\/si\/aktualno\/debitelov-uporabniki-od-1-junija-s-telekomovimi-paketi\/"},"author":{"name":"hudo","@id":"https:\/\/hudo.com\/si\/#\/schema\/person\/601cf3379633985b20f7e50f2bb47707"},"headline":"Debitelov uporabniki od 1. junija s Telekomovimi paketi","datePublished":"2016-05-07T06:30:00+00:00","dateModified":"2016-05-07T11:26:51+00:00","mainEntityOfPage":{"@id":"https:\/\/hudo.com\/si\/aktualno\/debitelov-uporabniki-od-1-junija-s-telekomovimi-paketi\/"},"wordCount":286,"publisher":{"@id":"https:\/\/hudo.com\/si\/#organization"},"articleSection":["Aktualno"],"inLanguage":"sl-SI"},{"@type":"WebPage","@id":"https:\/\/hudo.com\/si\/aktualno\/debitelov-uporabniki-od-1-junija-s-telekomovimi-paketi\/","url":"https:\/\/hudo.com\/si\/aktualno\/debitelov-uporabniki-od-1-junija-s-telekomovimi-paketi\/","name":"Debitelov uporabniki od 1. junija s Telekomovimi paketi - Hudo Slovenija","isPartOf":{"@id":"https:\/\/hudo.com\/si\/#website"},"datePublished":"2016-05-07T06:30:00+00:00","dateModified":"2016-05-07T11:26:51+00:00","breadcrumb":{"@id":"https:\/\/hudo.com\/si\/aktualno\/debitelov-uporabniki-od-1-junija-s-telekomovimi-paketi\/#breadcrumb"},"inLanguage":"sl-SI","potentialAction":[{"@type":"ReadAction","target":["https:\/\/hudo.com\/si\/aktualno\/debitelov-uporabniki-od-1-junija-s-telekomovimi-paketi\/"]}]},{"@type":"BreadcrumbList","@id":"https:\/\/hudo.com\/si\/aktualno\/debitelov-uporabniki-od-1-junija-s-telekomovimi-paketi\/#breadcrumb","itemListElement":[{"@type":"ListItem","position":1,"name":"Home","item":"https:\/\/hudo.com\/si\/"},{"@type":"ListItem","position":2,"name":"Debitelov uporabniki od 1. junija s Telekomovimi paketi"}]},{"@type":"WebSite","@id":"https:\/\/hudo.com\/si\/#website","url":"https:\/\/hudo.com\/si\/","name":"Hudo Slovenija","description":"Vse novice iz Slovenije in sveta","publisher":{"@id":"https:\/\/hudo.com\/si\/#organization"},"potentialAction":[{"@type":"SearchAction","target":{"@type":"EntryPoint","urlTemplate":"https:\/\/hudo.com\/si\/?s={search_term_string}"},"query-input":"required name=search_term_string"}],"inLanguage":"sl-SI"},{"@type":"Organization","@id":"https:\/\/hudo.com\/si\/#organization","name":"VSN Media","url":"https:\/\/hudo.com\/si\/","logo":{"@type":"ImageObject","inLanguage":"sl-SI","@id":"https:\/\/hudo.com\/si\/#\/schema\/logo\/image\/","url":"https:\/\/hudo.com\/si\/wp-content\/uploads\/sites\/2\/2021\/03\/hudo-app-2.png","contentUrl":"https:\/\/hudo.com\/si\/wp-content\/uploads\/sites\/2\/2021\/03\/hudo-app-2.png","width":2185,"height":2167,"caption":"VSN Media"},"image":{"@id":"https:\/\/hudo.com\/si\/#\/schema\/logo\/image\/"},"sameAs":["https:\/\/www.facebook.com\/hudo.si","https:\/\/twitter.com\/hudo_si"]},{"@type":"Person","@id":"https:\/\/hudo.com\/si\/#\/schema\/person\/601cf3379633985b20f7e50f2bb47707","name":"hudo","image":{"@type":"ImageObject","inLanguage":"sl-SI","@id":"https:\/\/hudo.com\/si\/#\/schema\/person\/image\/","url":"https:\/\/secure.gravatar.com\/avatar\/c4ca25fa72cace7a696b52ff5db9e095?s=96&d=mm&r=g","contentUrl":"https:\/\/secure.gravatar.com\/avatar\/c4ca25fa72cace7a696b52ff5db9e095?s=96&d=mm&r=g","caption":"hudo"},"url":"https:\/\/hudo.com\/si\/author\/hudo\/"}]}},"amp_enabled":true,"_links":{"self":[{"href":"https:\/\/hudo.com\/si\/wp-json\/wp\/v2\/posts\/47449"}],"collection":[{"href":"https:\/\/hudo.com\/si\/wp-json\/wp\/v2\/posts"}],"about":[{"href":"https:\/\/hudo.com\/si\/wp-json\/wp\/v2\/types\/post"}],"author":[{"embeddable":true,"href":"https:\/\/hudo.com\/si\/wp-json\/wp\/v2\/users\/1"}],"replies":[{"embeddable":true,"href":"https:\/\/hudo.com\/si\/wp-json\/wp\/v2\/comments?post=47449"}],"version-history":[{"count":1,"href":"https:\/\/hudo.com\/si\/wp-json\/wp\/v2\/posts\/47449\/revisions"}],"predecessor-version":[{"id":47522,"href":"https:\/\/hudo.com\/si\/wp-json\/wp\/v2\/posts\/47449\/revisions\/47522"}],"wp:attachment":[{"href":"https:\/\/hudo.com\/si\/wp-json\/wp\/v2\/media?parent=47449"}],"wp:term":[{"taxonomy":"category","embeddable":true,"href":"https:\/\/hudo.com\/si\/wp-json\/wp\/v2\/categories?post=47449"},{"taxonomy":"post_tag","embeddable":true,"href":"https:\/\/hudo.com\/si\/wp-json\/wp\/v2\/tags?post=47449"},{"taxonomy":"source","embeddable":true,"href":"https:\/\/hudo.com\/si\/wp-json\/wp\/v2\/source?post=47449"},{"taxonomy":"supertag","embeddable":true,"href":"https:\/\/hudo.com\/si\/wp-json\/wp\/v2\/supertag?post=47449"}],"curies":[{"name":"wp","href":"https:\/\/api.w.org\/{rel}","templated":true}]}}