{"id":474499,"date":"2022-11-16T09:11:45","date_gmt":"2022-11-16T08:11:45","guid":{"rendered":"https:\/\/hudo.com\/si\/?p=474499"},"modified":"2022-11-16T09:11:45","modified_gmt":"2022-11-16T08:11:45","slug":"biden-malo-verjetno-da-bi-bila-raketa-izstreljena-iz-rusije","status":"publish","type":"post","link":"https:\/\/hudo.com\/si\/aktualno\/svet\/biden-malo-verjetno-da-bi-bila-raketa-izstreljena-iz-rusije\/","title":{"rendered":"Biden: Malo verjetno, da bi bila raketa izstreljena iz Rusije"},"content":{"rendered":"<p>Uvodne informacije ka\u017eejo, da raketa najverjetneje ni bila izstreljena iz Rusije, je dejal Biden in obljubil, da bodo ZDA z zavezniki podpirale Poljsko pri preiskavi incidenta. &#8220;Zagotovil bom, da ugotovimo, kaj natanko se je zgodilo,&#8221; je po poro\u010danju AFP izjavil Biden.<\/p>\n<p>&#8220;Z drugimi voditelji smo se soglasno odlo\u010dili, da najprej opravimo preiskavo, da bi natan\u010dno razumeli, kaj se je zgodilo, nato pa se bomo skupaj odlo\u010dili, kako se bomo odzvali,&#8221; je dodal.<\/p>\n<p>Glede na nekatere navedbe naj bi dejansko \u0161lo za raketo ukrajinske protiraketne obrambe. To je po informacijah nem\u0161ke tiskovne agencije dpa Biden sam dejal na sre\u010danj z voditelji Nata in skupine G7. Po poro\u010danju ameri\u0161ke tiskovne agencije AP, ki se sklicuje na ameri\u0161ke vire, gredo v tej smeri tudi prve ugotovitve preiskave.<\/p>\n<p>Po njegovih besedah je povsem nepredstavljivo, da Rusija v \u010dasu, ko ves svet poziva k umirjanju polo\u017eaja, nadaljuje zaostrovanje. S tem je mislil na ve\u010d kot 100 raket, ki jih je Rusija v torek izstrelila na Ukrajino in pri tem povzro\u010dila izpad elektrike za ve\u010d kot sedem milijonov ljudi.<\/p>\n<p>Sestanka so se poleg Bidna udele\u017eili \u0161e predsednik Evropskega sveta Charles Michel, predsednica Evropske komisije Ursula von der Leyen, japonski premier Fumio Kishida, britanski premier Rishi Sunak, kanadski premier Justin Trudeau, francoski predsednik Emmanuel Macron, \u0161panski premier Pedro Sanchez, premier Nizozemske Mark Rutte in italijanska premierka Giorgia Meloni.<\/p>\n<p>Zaradi incidenta se bo danes na ravni veleposlanikov sestal Svet zveze Nato v Bruslju. &#8220;Izrednemu zasedanju bo predsedoval generalni sekretar zveze Nato Jens Stoltenberg,&#8221; so sporo\u010dili iz Bruslja.<\/p>\n<p>Za zasedanje je prosila Poljska v skladu s 4. \u010dlenom Severnoatlantske pogodbe, ki dolo\u010da, da lahko vsaka \u010dlanica zaprosi za posvetovanja, ko \u010duti, da je ogro\u017eena njena varnost.<\/p>\n<p>Ruska tiskovna agencija Tass poro\u010da, da rusko obrambno ministrstvo zanika napade v bli\u017eini ukrajinsko-poljske meje. &#8220;Ru\u0161evine v objavah poljskih mno\u017ei\u010dnih medijev iz Przewodowa nimajo nobene zveze z rusko ognjeno mo\u010djo,&#8221; so sporo\u010dili z ruskega ministrstva.<\/p>\n<p>Eksplozija na Poljskem je vzbudila skrbi, da bo zavezni\u0161tvo vpleteno v skoraj devetmese\u010dno vojno Rusije proti Ukrajini.<\/p>\n<p>Vendar so se Bela hi\u0161a in zavezniki odzvali previdno, napetosti pa je sku\u0161al umiriti tudi poljski predsednik Andrzej Duda, ki je dejal, da ni nedvoumnih dokazov o tem, od kod je raketa priletela, in da je po njegovem mnenju \u0161lo za osamljen incident. &#8220;Ni\u010d ne ka\u017ee na to, da bi jih bilo \u0161e ve\u010d,&#8221; je dejal, poro\u010da AFP.<\/p>\n<p>Zunanje ministrstvo Poljske je pred tem poklicalo ruskega veleposlanika v Var\u0161avi, da poda takoj\u0161nja podrobna pojasnila glede napada.<\/p>\n<p>Ukrajinski predsednik Volodimir Zelenski je sicer hitro obto\u017eil Rusijo in napad ozna\u010dil za udarec v obraz skupini G20.<\/p>\n","protected":false},"excerpt":{"rendered":"<p>Ameri\u0161ki predsednik Joe Biden je po izrednem sestanku voditeljev dr\u017eav G7 in nekaterih dr\u017eav zveze Nato na Baliju, kjer poteka vrh skupine G20, dejal, da je malo verjetno, da je bila raketa, ki je na vzhodu Poljske ubila dve osebi, izstreljena iz Rusije. Glede na nekatere navedbe bi lahko \u0161lo za raketo ukrajinske obrambe.<\/p>\n","protected":false},"author":7,"featured_media":459802,"comment_status":"closed","ping_status":"closed","sticky":false,"template":"","format":"standard","meta":{"footnotes":""},"categories":[18202],"tags":[5244,1354,19793],"source":[4511],"supertag":[6103],"acf":[],"yoast_head":"<!-- This site is optimized with the Yoast SEO plugin v21.3 - https:\/\/yoast.com\/wordpress\/plugins\/seo\/ -->\n<title>Biden: Malo verjetno, da bi bila raketa izstreljena iz Rusije - Hudo Slovenija<\/title>\n<meta name=\"robots\" content=\"index, follow, max-snippet:-1, max-image-preview:large, max-video-preview:-1\" \/>\n<link rel=\"canonical\" href=\"https:\/\/hudo.com\/si\/aktualno\/svet\/biden-malo-verjetno-da-bi-bila-raketa-izstreljena-iz-rusije\/\" \/>\n<meta property=\"og:locale\" content=\"sl_SI\" \/>\n<meta property=\"og:type\" content=\"article\" \/>\n<meta property=\"og:title\" content=\"Biden: Malo verjetno, da bi bila raketa izstreljena iz Rusije - Hudo Slovenija\" \/>\n<meta property=\"og:description\" content=\"Ameri\u0161ki predsednik Joe Biden je po izrednem sestanku voditeljev dr\u017eav G7 in nekaterih dr\u017eav zveze Nato na Baliju, kjer poteka vrh skupine G20, dejal, da je malo verjetno, da je bila raketa, ki je na vzhodu Poljske ubila dve osebi, izstreljena iz Rusije. Glede na nekatere navedbe bi lahko \u0161lo za raketo ukrajinske obrambe.\" \/>\n<meta property=\"og:url\" content=\"https:\/\/hudo.com\/si\/aktualno\/svet\/biden-malo-verjetno-da-bi-bila-raketa-izstreljena-iz-rusije\/\" \/>\n<meta property=\"og:site_name\" content=\"Hudo Slovenija\" \/>\n<meta property=\"article:publisher\" content=\"https:\/\/www.facebook.com\/hudo.si\" \/>\n<meta property=\"article:published_time\" content=\"2022-11-16T08:11:45+00:00\" \/>\n<meta property=\"og:image\" content=\"https:\/\/hudo.com\/si\/wp-content\/uploads\/sites\/2\/2021\/10\/profimedia-0635569705.jpg\" \/>\n\t<meta property=\"og:image:width\" content=\"1250\" \/>\n\t<meta property=\"og:image:height\" content=\"833\" \/>\n\t<meta property=\"og:image:type\" content=\"image\/jpeg\" \/>\n<meta name=\"author\" content=\"A. P., STA\" \/>\n<meta name=\"twitter:card\" content=\"summary_large_image\" \/>\n<meta name=\"twitter:creator\" content=\"@hudo_si\" \/>\n<meta name=\"twitter:site\" content=\"@hudo_si\" \/>\n<meta name=\"twitter:label1\" content=\"Written by\" \/>\n\t<meta name=\"twitter:data1\" content=\"A. P., STA\" \/>\n\t<meta name=\"twitter:label2\" content=\"Est. reading time\" \/>\n\t<meta name=\"twitter:data2\" content=\"2 minuti\" \/>\n<script type=\"application\/ld+json\" class=\"yoast-schema-graph\">{\"@context\":\"https:\/\/schema.org\",\"@graph\":[{\"@type\":\"Article\",\"@id\":\"https:\/\/hudo.com\/si\/aktualno\/svet\/biden-malo-verjetno-da-bi-bila-raketa-izstreljena-iz-rusije\/#article\",\"isPartOf\":{\"@id\":\"https:\/\/hudo.com\/si\/aktualno\/svet\/biden-malo-verjetno-da-bi-bila-raketa-izstreljena-iz-rusije\/\"},\"author\":{\"name\":\"A. P., STA\",\"@id\":\"https:\/\/hudo.com\/si\/#\/schema\/person\/18f09c02475ba9e606e941a565b80cff\"},\"headline\":\"Biden: Malo verjetno, da bi bila raketa izstreljena iz Rusije\",\"datePublished\":\"2022-11-16T08:11:45+00:00\",\"dateModified\":\"2022-11-16T08:11:45+00:00\",\"mainEntityOfPage\":{\"@id\":\"https:\/\/hudo.com\/si\/aktualno\/svet\/biden-malo-verjetno-da-bi-bila-raketa-izstreljena-iz-rusije\/\"},\"wordCount\":464,\"publisher\":{\"@id\":\"https:\/\/hudo.com\/si\/#organization\"},\"keywords\":[\"Joe Biden\",\"Rusija\",\"vojna v ukrajini\"],\"articleSection\":[\"Svet\"],\"inLanguage\":\"sl-SI\"},{\"@type\":\"WebPage\",\"@id\":\"https:\/\/hudo.com\/si\/aktualno\/svet\/biden-malo-verjetno-da-bi-bila-raketa-izstreljena-iz-rusije\/\",\"url\":\"https:\/\/hudo.com\/si\/aktualno\/svet\/biden-malo-verjetno-da-bi-bila-raketa-izstreljena-iz-rusije\/\",\"name\":\"Biden: Malo verjetno, da bi bila raketa izstreljena iz Rusije - Hudo Slovenija\",\"isPartOf\":{\"@id\":\"https:\/\/hudo.com\/si\/#website\"},\"datePublished\":\"2022-11-16T08:11:45+00:00\",\"dateModified\":\"2022-11-16T08:11:45+00:00\",\"breadcrumb\":{\"@id\":\"https:\/\/hudo.com\/si\/aktualno\/svet\/biden-malo-verjetno-da-bi-bila-raketa-izstreljena-iz-rusije\/#breadcrumb\"},\"inLanguage\":\"sl-SI\",\"potentialAction\":[{\"@type\":\"ReadAction\",\"target\":[\"https:\/\/hudo.com\/si\/aktualno\/svet\/biden-malo-verjetno-da-bi-bila-raketa-izstreljena-iz-rusije\/\"]}]},{\"@type\":\"BreadcrumbList\",\"@id\":\"https:\/\/hudo.com\/si\/aktualno\/svet\/biden-malo-verjetno-da-bi-bila-raketa-izstreljena-iz-rusije\/#breadcrumb\",\"itemListElement\":[{\"@type\":\"ListItem\",\"position\":1,\"name\":\"Home\",\"item\":\"https:\/\/hudo.com\/si\/\"},{\"@type\":\"ListItem\",\"position\":2,\"name\":\"Biden: Malo verjetno, da bi bila raketa izstreljena iz Rusije\"}]},{\"@type\":\"WebSite\",\"@id\":\"https:\/\/hudo.com\/si\/#website\",\"url\":\"https:\/\/hudo.com\/si\/\",\"name\":\"Hudo Slovenija\",\"description\":\"Vse novice iz Slovenije in sveta\",\"publisher\":{\"@id\":\"https:\/\/hudo.com\/si\/#organization\"},\"potentialAction\":[{\"@type\":\"SearchAction\",\"target\":{\"@type\":\"EntryPoint\",\"urlTemplate\":\"https:\/\/hudo.com\/si\/?s={search_term_string}\"},\"query-input\":\"required name=search_term_string\"}],\"inLanguage\":\"sl-SI\"},{\"@type\":\"Organization\",\"@id\":\"https:\/\/hudo.com\/si\/#organization\",\"name\":\"VSN Media\",\"url\":\"https:\/\/hudo.com\/si\/\",\"logo\":{\"@type\":\"ImageObject\",\"inLanguage\":\"sl-SI\",\"@id\":\"https:\/\/hudo.com\/si\/#\/schema\/logo\/image\/\",\"url\":\"https:\/\/hudo.com\/si\/wp-content\/uploads\/sites\/2\/2021\/03\/hudo-app-2.png\",\"contentUrl\":\"https:\/\/hudo.com\/si\/wp-content\/uploads\/sites\/2\/2021\/03\/hudo-app-2.png\",\"width\":2185,\"height\":2167,\"caption\":\"VSN Media\"},\"image\":{\"@id\":\"https:\/\/hudo.com\/si\/#\/schema\/logo\/image\/\"},\"sameAs\":[\"https:\/\/www.facebook.com\/hudo.si\",\"https:\/\/twitter.com\/hudo_si\"]},{\"@type\":\"Person\",\"@id\":\"https:\/\/hudo.com\/si\/#\/schema\/person\/18f09c02475ba9e606e941a565b80cff\",\"name\":\"A. P., STA\",\"image\":{\"@type\":\"ImageObject\",\"inLanguage\":\"sl-SI\",\"@id\":\"https:\/\/hudo.com\/si\/#\/schema\/person\/image\/\",\"url\":\"https:\/\/secure.gravatar.com\/avatar\/03eac8e609f5f04383125d80eaeaaf3e?s=96&d=mm&r=g\",\"contentUrl\":\"https:\/\/secure.gravatar.com\/avatar\/03eac8e609f5f04383125d80eaeaaf3e?s=96&d=mm&r=g\",\"caption\":\"A. P., STA\"},\"url\":\"https:\/\/hudo.com\/si\/author\/lubu\/\"}]}<\/script>\n<!-- \/ Yoast SEO plugin. -->","yoast_head_json":{"title":"Biden: Malo verjetno, da bi bila raketa izstreljena iz Rusije - Hudo Slovenija","robots":{"index":"index","follow":"follow","max-snippet":"max-snippet:-1","max-image-preview":"max-image-preview:large","max-video-preview":"max-video-preview:-1"},"canonical":"https:\/\/hudo.com\/si\/aktualno\/svet\/biden-malo-verjetno-da-bi-bila-raketa-izstreljena-iz-rusije\/","og_locale":"sl_SI","og_type":"article","og_title":"Biden: Malo verjetno, da bi bila raketa izstreljena iz Rusije - Hudo Slovenija","og_description":"Ameri\u0161ki predsednik Joe Biden je po izrednem sestanku voditeljev dr\u017eav G7 in nekaterih dr\u017eav zveze Nato na Baliju, kjer poteka vrh skupine G20, dejal, da je malo verjetno, da je bila raketa, ki je na vzhodu Poljske ubila dve osebi, izstreljena iz Rusije. Glede na nekatere navedbe bi lahko \u0161lo za raketo ukrajinske obrambe.","og_url":"https:\/\/hudo.com\/si\/aktualno\/svet\/biden-malo-verjetno-da-bi-bila-raketa-izstreljena-iz-rusije\/","og_site_name":"Hudo Slovenija","article_publisher":"https:\/\/www.facebook.com\/hudo.si","article_published_time":"2022-11-16T08:11:45+00:00","og_image":[{"width":1250,"height":833,"url":"https:\/\/hudo.com\/si\/wp-content\/uploads\/sites\/2\/2021\/10\/profimedia-0635569705.jpg","type":"image\/jpeg"}],"author":"A. P., STA","twitter_card":"summary_large_image","twitter_creator":"@hudo_si","twitter_site":"@hudo_si","twitter_misc":{"Written by":"A. P., STA","Est. reading time":"2 minuti"},"schema":{"@context":"https:\/\/schema.org","@graph":[{"@type":"Article","@id":"https:\/\/hudo.com\/si\/aktualno\/svet\/biden-malo-verjetno-da-bi-bila-raketa-izstreljena-iz-rusije\/#article","isPartOf":{"@id":"https:\/\/hudo.com\/si\/aktualno\/svet\/biden-malo-verjetno-da-bi-bila-raketa-izstreljena-iz-rusije\/"},"author":{"name":"A. P., STA","@id":"https:\/\/hudo.com\/si\/#\/schema\/person\/18f09c02475ba9e606e941a565b80cff"},"headline":"Biden: Malo verjetno, da bi bila raketa izstreljena iz Rusije","datePublished":"2022-11-16T08:11:45+00:00","dateModified":"2022-11-16T08:11:45+00:00","mainEntityOfPage":{"@id":"https:\/\/hudo.com\/si\/aktualno\/svet\/biden-malo-verjetno-da-bi-bila-raketa-izstreljena-iz-rusije\/"},"wordCount":464,"publisher":{"@id":"https:\/\/hudo.com\/si\/#organization"},"keywords":["Joe Biden","Rusija","vojna v ukrajini"],"articleSection":["Svet"],"inLanguage":"sl-SI"},{"@type":"WebPage","@id":"https:\/\/hudo.com\/si\/aktualno\/svet\/biden-malo-verjetno-da-bi-bila-raketa-izstreljena-iz-rusije\/","url":"https:\/\/hudo.com\/si\/aktualno\/svet\/biden-malo-verjetno-da-bi-bila-raketa-izstreljena-iz-rusije\/","name":"Biden: Malo verjetno, da bi bila raketa izstreljena iz Rusije - Hudo Slovenija","isPartOf":{"@id":"https:\/\/hudo.com\/si\/#website"},"datePublished":"2022-11-16T08:11:45+00:00","dateModified":"2022-11-16T08:11:45+00:00","breadcrumb":{"@id":"https:\/\/hudo.com\/si\/aktualno\/svet\/biden-malo-verjetno-da-bi-bila-raketa-izstreljena-iz-rusije\/#breadcrumb"},"inLanguage":"sl-SI","potentialAction":[{"@type":"ReadAction","target":["https:\/\/hudo.com\/si\/aktualno\/svet\/biden-malo-verjetno-da-bi-bila-raketa-izstreljena-iz-rusije\/"]}]},{"@type":"BreadcrumbList","@id":"https:\/\/hudo.com\/si\/aktualno\/svet\/biden-malo-verjetno-da-bi-bila-raketa-izstreljena-iz-rusije\/#breadcrumb","itemListElement":[{"@type":"ListItem","position":1,"name":"Home","item":"https:\/\/hudo.com\/si\/"},{"@type":"ListItem","position":2,"name":"Biden: Malo verjetno, da bi bila raketa izstreljena iz Rusije"}]},{"@type":"WebSite","@id":"https:\/\/hudo.com\/si\/#website","url":"https:\/\/hudo.com\/si\/","name":"Hudo Slovenija","description":"Vse novice iz Slovenije in sveta","publisher":{"@id":"https:\/\/hudo.com\/si\/#organization"},"potentialAction":[{"@type":"SearchAction","target":{"@type":"EntryPoint","urlTemplate":"https:\/\/hudo.com\/si\/?s={search_term_string}"},"query-input":"required name=search_term_string"}],"inLanguage":"sl-SI"},{"@type":"Organization","@id":"https:\/\/hudo.com\/si\/#organization","name":"VSN Media","url":"https:\/\/hudo.com\/si\/","logo":{"@type":"ImageObject","inLanguage":"sl-SI","@id":"https:\/\/hudo.com\/si\/#\/schema\/logo\/image\/","url":"https:\/\/hudo.com\/si\/wp-content\/uploads\/sites\/2\/2021\/03\/hudo-app-2.png","contentUrl":"https:\/\/hudo.com\/si\/wp-content\/uploads\/sites\/2\/2021\/03\/hudo-app-2.png","width":2185,"height":2167,"caption":"VSN Media"},"image":{"@id":"https:\/\/hudo.com\/si\/#\/schema\/logo\/image\/"},"sameAs":["https:\/\/www.facebook.com\/hudo.si","https:\/\/twitter.com\/hudo_si"]},{"@type":"Person","@id":"https:\/\/hudo.com\/si\/#\/schema\/person\/18f09c02475ba9e606e941a565b80cff","name":"A. P., STA","image":{"@type":"ImageObject","inLanguage":"sl-SI","@id":"https:\/\/hudo.com\/si\/#\/schema\/person\/image\/","url":"https:\/\/secure.gravatar.com\/avatar\/03eac8e609f5f04383125d80eaeaaf3e?s=96&d=mm&r=g","contentUrl":"https:\/\/secure.gravatar.com\/avatar\/03eac8e609f5f04383125d80eaeaaf3e?s=96&d=mm&r=g","caption":"A. P., STA"},"url":"https:\/\/hudo.com\/si\/author\/lubu\/"}]}},"amp_enabled":true,"_links":{"self":[{"href":"https:\/\/hudo.com\/si\/wp-json\/wp\/v2\/posts\/474499"}],"collection":[{"href":"https:\/\/hudo.com\/si\/wp-json\/wp\/v2\/posts"}],"about":[{"href":"https:\/\/hudo.com\/si\/wp-json\/wp\/v2\/types\/post"}],"author":[{"embeddable":true,"href":"https:\/\/hudo.com\/si\/wp-json\/wp\/v2\/users\/7"}],"replies":[{"embeddable":true,"href":"https:\/\/hudo.com\/si\/wp-json\/wp\/v2\/comments?post=474499"}],"version-history":[{"count":1,"href":"https:\/\/hudo.com\/si\/wp-json\/wp\/v2\/posts\/474499\/revisions"}],"predecessor-version":[{"id":474501,"href":"https:\/\/hudo.com\/si\/wp-json\/wp\/v2\/posts\/474499\/revisions\/474501"}],"wp:featuredmedia":[{"embeddable":true,"href":"https:\/\/hudo.com\/si\/wp-json\/wp\/v2\/media\/459802"}],"wp:attachment":[{"href":"https:\/\/hudo.com\/si\/wp-json\/wp\/v2\/media?parent=474499"}],"wp:term":[{"taxonomy":"category","embeddable":true,"href":"https:\/\/hudo.com\/si\/wp-json\/wp\/v2\/categories?post=474499"},{"taxonomy":"post_tag","embeddable":true,"href":"https:\/\/hudo.com\/si\/wp-json\/wp\/v2\/tags?post=474499"},{"taxonomy":"source","embeddable":true,"href":"https:\/\/hudo.com\/si\/wp-json\/wp\/v2\/source?post=474499"},{"taxonomy":"supertag","embeddable":true,"href":"https:\/\/hudo.com\/si\/wp-json\/wp\/v2\/supertag?post=474499"}],"curies":[{"name":"wp","href":"https:\/\/api.w.org\/{rel}","templated":true}]}}