{"id":47457,"date":"2016-05-07T08:00:00","date_gmt":"2016-05-07T06:00:00","guid":{"rendered":"http:\/\/hudo.com\/si\/2016\/05\/07\/v-nemciji-vse-vecji-razkorak-med-bogatimi-in-revnimi\/"},"modified":"2016-05-08T05:21:46","modified_gmt":"2016-05-08T03:21:46","slug":"v-nemciji-vse-vecji-razkorak-med-bogatimi-in-revnimi","status":"publish","type":"post","link":"https:\/\/hudo.com\/si\/aktualno\/v-nemciji-vse-vecji-razkorak-med-bogatimi-in-revnimi\/","title":{"rendered":"V Nem\u010diji vse ve\u010dji razkorak med bogatimi in revnimi"},"content":{"rendered":"<p>Posameznika v skupino s srednje visokimi dohodki v Nem\u010diji uvrstijo, \u010de povpre\u010dni dohodek njegovega gospodinjstva pred pla\u010dilom davkov in socialnih prispevkov zna\u0161a med 67 in 200 odstotkov mediane, ki lo\u010duje bogatej\u0161i in revnej\u0161i del dru\u017ebe, poro\u010da nem\u0161ka tiskovna agencija dpa. Ker je BDP na prebivalca v Nem\u010diji okrog 43 tiso\u010d evrov, to pomeni, da spadajo v srednji razred vsi, ki na leto zaslu\u017eijo med 28 in 86 tiso\u010d evrov. Vsi, ki dobijo manj kot 28 tiso\u010dakov, spadajo v revnej\u0161i del dru\u017ebe. Dele\u017e prebivalcev z dohodki srednjega razreda v starosti med 18 in 30 let se je v Nem\u010diji od leta 1983 zmanj\u0161al z 69 na 52 odstotkov, v starosti med 30 in 45 let pa z 78 na 64 odstotkov. Dele\u017e starih nad 65 let se je na drugi strani povi\u0161al s 24 na 41 odstotkov. DIW kot razlog za manj\u0161i dele\u017e ljudi s srednjimi dohodki navaja pove\u010danje \u0161tevila ljudi z nizkimi dohodki, ki je posledica ve\u010d slab\u0161e pla\u010danih delovnih mest v storitvenem sektorju in manj delovnih mest v industriji. Iz skupine s srednjimi dohodki so v Nem\u010diji v zadnjih letih padli predvsem tujci. Podoben trend DIW ugotavlja za ZDA, kjer se je dele\u017e ljudi s srednje visokimi dohodki zmanj\u0161al podobno kot v Nem\u010diji, je pa v ZDA ve\u010dja polarizacija &#8211; dohodki tistih, ki so padli v ni\u017eji razred so se zni\u017eali bolj, dohodki tistih, ki so se povzpeli po lestvici, pa so se pove\u010dali bolj kot v Nem\u010diji. V ZDA je v ni\u017eji razred padlo najve\u010d Latinoameri\u010danov.Gospodarstvo<\/p>\n","protected":false},"excerpt":{"rendered":"<p>Posameznika v skupino s srednje visokimi dohodki v Nem\u010diji uvrstijo, \u010de povpre\u010dni dohodek njegovega gospodinjstva pred pla\u010dilom davkov in socialnih prispevkov zna\u0161a med 67 in 200 odstotkov mediane, ki lo\u010duje bogatej\u0161i in revnej\u0161i del dru\u017ebe, poro\u010da nem\u0161ka tiskovna agencija dpa. Ker je BDP na prebivalca v Nem\u010diji okrog 43 tiso\u010d evrov, to pomeni, da spadajo v srednji razred vsi, ki na leto zaslu\u017eijo med 28 in 86 tiso\u010d evrov. Vsi, ki dobijo manj kot 28 tiso\u010dakov, spadajo v revnej\u0161i del dru\u017ebe. Dele\u017e prebivalcev z dohodki srednjega razreda v starosti med 18 in 30 let se je v Nem\u010diji od leta 1983 zmanj\u0161al z 69 na 52 odstotkov, v starosti med 30 in 45 let pa z 78 na 64 odstotkov. Dele\u017e starih nad 65 let se je na drugi strani povi\u0161al s 24 na 41 odstotkov. DIW kot razlog za manj\u0161i dele\u017e ljudi s srednjimi dohodki navaja pove\u010danje \u0161tevila ljudi z nizkimi dohodki, ki je posledica ve\u010d slab\u0161e pla\u010danih delovnih mest v storitvenem sektorju in manj delovnih mest v industriji. Iz skupine s srednjimi dohodki so v Nem\u010diji v zadnjih letih padli predvsem tujci. Podoben trend DIW ugotavlja za ZDA, kjer se je dele\u017e ljudi s srednje visokimi dohodki zmanj\u0161al podobno kot v Nem\u010diji, je pa v ZDA ve\u010dja polarizacija &#8211; dohodki tistih, ki so padli v ni\u017eji razred so se zni\u017eali bolj, dohodki tistih, ki so se povzpeli po lestvici, pa so se pove\u010dali bolj kot v Nem\u010diji. V ZDA je v ni\u017eji razred padlo najve\u010d Latinoameri\u010danov.Gospodarstvo<\/p>\n","protected":false},"author":1,"featured_media":0,"comment_status":"closed","ping_status":"closed","sticky":false,"template":"","format":"standard","meta":{"footnotes":""},"categories":[1179],"tags":[],"source":[1711],"supertag":[],"acf":[],"yoast_head":"<!-- This site is optimized with the Yoast SEO plugin v21.3 - https:\/\/yoast.com\/wordpress\/plugins\/seo\/ -->\n<title>V Nem\u010diji vse ve\u010dji razkorak med bogatimi in revnimi - Hudo Slovenija<\/title>\n<meta name=\"robots\" content=\"index, follow, max-snippet:-1, max-image-preview:large, max-video-preview:-1\" \/>\n<link rel=\"canonical\" href=\"https:\/\/hudo.com\/si\/aktualno\/v-nemciji-vse-vecji-razkorak-med-bogatimi-in-revnimi\/\" \/>\n<meta property=\"og:locale\" content=\"sl_SI\" \/>\n<meta property=\"og:type\" content=\"article\" \/>\n<meta property=\"og:title\" content=\"V Nem\u010diji vse ve\u010dji razkorak med bogatimi in revnimi - Hudo Slovenija\" \/>\n<meta property=\"og:description\" content=\"Posameznika v skupino s srednje visokimi dohodki v Nem\u010diji uvrstijo, \u010de povpre\u010dni dohodek njegovega gospodinjstva pred pla\u010dilom davkov in socialnih prispevkov zna\u0161a med 67 in 200 odstotkov mediane, ki lo\u010duje bogatej\u0161i in revnej\u0161i del dru\u017ebe, poro\u010da nem\u0161ka tiskovna agencija dpa. Ker je BDP na prebivalca v Nem\u010diji okrog 43 tiso\u010d evrov, to pomeni, da spadajo v srednji razred vsi, ki na leto zaslu\u017eijo med 28 in 86 tiso\u010d evrov. Vsi, ki dobijo manj kot 28 tiso\u010dakov, spadajo v revnej\u0161i del dru\u017ebe. Dele\u017e prebivalcev z dohodki srednjega razreda v starosti med 18 in 30 let se je v Nem\u010diji od leta 1983 zmanj\u0161al z 69 na 52 odstotkov, v starosti med 30 in 45 let pa z 78 na 64 odstotkov. Dele\u017e starih nad 65 let se je na drugi strani povi\u0161al s 24 na 41 odstotkov. DIW kot razlog za manj\u0161i dele\u017e ljudi s srednjimi dohodki navaja pove\u010danje \u0161tevila ljudi z nizkimi dohodki, ki je posledica ve\u010d slab\u0161e pla\u010danih delovnih mest v storitvenem sektorju in manj delovnih mest v industriji. Iz skupine s srednjimi dohodki so v Nem\u010diji v zadnjih letih padli predvsem tujci. Podoben trend DIW ugotavlja za ZDA, kjer se je dele\u017e ljudi s srednje visokimi dohodki zmanj\u0161al podobno kot v Nem\u010diji, je pa v ZDA ve\u010dja polarizacija - dohodki tistih, ki so padli v ni\u017eji razred so se zni\u017eali bolj, dohodki tistih, ki so se povzpeli po lestvici, pa so se pove\u010dali bolj kot v Nem\u010diji. V ZDA je v ni\u017eji razred padlo najve\u010d Latinoameri\u010danov.Gospodarstvo\" \/>\n<meta property=\"og:url\" content=\"https:\/\/hudo.com\/si\/aktualno\/v-nemciji-vse-vecji-razkorak-med-bogatimi-in-revnimi\/\" \/>\n<meta property=\"og:site_name\" content=\"Hudo Slovenija\" \/>\n<meta property=\"article:publisher\" content=\"https:\/\/www.facebook.com\/hudo.si\" \/>\n<meta property=\"article:published_time\" content=\"2016-05-07T06:00:00+00:00\" \/>\n<meta property=\"article:modified_time\" content=\"2016-05-08T03:21:46+00:00\" \/>\n<meta property=\"og:image\" content=\"https:\/\/hudo.com\/si\/wp-content\/uploads\/sites\/2\/2016\/05\/nemija7f15c-300.jpg\" \/>\n\t<meta property=\"og:image:width\" content=\"450\" \/>\n\t<meta property=\"og:image:height\" content=\"300\" \/>\n\t<meta property=\"og:image:type\" content=\"image\/jpeg\" \/>\n<meta name=\"author\" content=\"hudo\" \/>\n<meta name=\"twitter:card\" content=\"summary_large_image\" \/>\n<meta name=\"twitter:creator\" content=\"@hudo_si\" \/>\n<meta name=\"twitter:site\" content=\"@hudo_si\" \/>\n<meta name=\"twitter:label1\" content=\"Written by\" \/>\n\t<meta name=\"twitter:data1\" content=\"hudo\" \/>\n\t<meta name=\"twitter:label2\" content=\"Est. reading time\" \/>\n\t<meta name=\"twitter:data2\" content=\"1 minuta\" \/>\n<script type=\"application\/ld+json\" class=\"yoast-schema-graph\">{\"@context\":\"https:\/\/schema.org\",\"@graph\":[{\"@type\":\"Article\",\"@id\":\"https:\/\/hudo.com\/si\/aktualno\/v-nemciji-vse-vecji-razkorak-med-bogatimi-in-revnimi\/#article\",\"isPartOf\":{\"@id\":\"https:\/\/hudo.com\/si\/aktualno\/v-nemciji-vse-vecji-razkorak-med-bogatimi-in-revnimi\/\"},\"author\":{\"name\":\"hudo\",\"@id\":\"https:\/\/hudo.com\/si\/#\/schema\/person\/601cf3379633985b20f7e50f2bb47707\"},\"headline\":\"V Nem\u010diji vse ve\u010dji razkorak med bogatimi in revnimi\",\"datePublished\":\"2016-05-07T06:00:00+00:00\",\"dateModified\":\"2016-05-08T03:21:46+00:00\",\"mainEntityOfPage\":{\"@id\":\"https:\/\/hudo.com\/si\/aktualno\/v-nemciji-vse-vecji-razkorak-med-bogatimi-in-revnimi\/\"},\"wordCount\":274,\"publisher\":{\"@id\":\"https:\/\/hudo.com\/si\/#organization\"},\"articleSection\":[\"Aktualno\"],\"inLanguage\":\"sl-SI\"},{\"@type\":\"WebPage\",\"@id\":\"https:\/\/hudo.com\/si\/aktualno\/v-nemciji-vse-vecji-razkorak-med-bogatimi-in-revnimi\/\",\"url\":\"https:\/\/hudo.com\/si\/aktualno\/v-nemciji-vse-vecji-razkorak-med-bogatimi-in-revnimi\/\",\"name\":\"V Nem\u010diji vse ve\u010dji razkorak med bogatimi in revnimi - Hudo Slovenija\",\"isPartOf\":{\"@id\":\"https:\/\/hudo.com\/si\/#website\"},\"datePublished\":\"2016-05-07T06:00:00+00:00\",\"dateModified\":\"2016-05-08T03:21:46+00:00\",\"breadcrumb\":{\"@id\":\"https:\/\/hudo.com\/si\/aktualno\/v-nemciji-vse-vecji-razkorak-med-bogatimi-in-revnimi\/#breadcrumb\"},\"inLanguage\":\"sl-SI\",\"potentialAction\":[{\"@type\":\"ReadAction\",\"target\":[\"https:\/\/hudo.com\/si\/aktualno\/v-nemciji-vse-vecji-razkorak-med-bogatimi-in-revnimi\/\"]}]},{\"@type\":\"BreadcrumbList\",\"@id\":\"https:\/\/hudo.com\/si\/aktualno\/v-nemciji-vse-vecji-razkorak-med-bogatimi-in-revnimi\/#breadcrumb\",\"itemListElement\":[{\"@type\":\"ListItem\",\"position\":1,\"name\":\"Home\",\"item\":\"https:\/\/hudo.com\/si\/\"},{\"@type\":\"ListItem\",\"position\":2,\"name\":\"V Nem\u010diji vse ve\u010dji razkorak med bogatimi in revnimi\"}]},{\"@type\":\"WebSite\",\"@id\":\"https:\/\/hudo.com\/si\/#website\",\"url\":\"https:\/\/hudo.com\/si\/\",\"name\":\"Hudo Slovenija\",\"description\":\"Vse novice iz Slovenije in sveta\",\"publisher\":{\"@id\":\"https:\/\/hudo.com\/si\/#organization\"},\"potentialAction\":[{\"@type\":\"SearchAction\",\"target\":{\"@type\":\"EntryPoint\",\"urlTemplate\":\"https:\/\/hudo.com\/si\/?s={search_term_string}\"},\"query-input\":\"required name=search_term_string\"}],\"inLanguage\":\"sl-SI\"},{\"@type\":\"Organization\",\"@id\":\"https:\/\/hudo.com\/si\/#organization\",\"name\":\"VSN Media\",\"url\":\"https:\/\/hudo.com\/si\/\",\"logo\":{\"@type\":\"ImageObject\",\"inLanguage\":\"sl-SI\",\"@id\":\"https:\/\/hudo.com\/si\/#\/schema\/logo\/image\/\",\"url\":\"https:\/\/hudo.com\/si\/wp-content\/uploads\/sites\/2\/2021\/03\/hudo-app-2.png\",\"contentUrl\":\"https:\/\/hudo.com\/si\/wp-content\/uploads\/sites\/2\/2021\/03\/hudo-app-2.png\",\"width\":2185,\"height\":2167,\"caption\":\"VSN Media\"},\"image\":{\"@id\":\"https:\/\/hudo.com\/si\/#\/schema\/logo\/image\/\"},\"sameAs\":[\"https:\/\/www.facebook.com\/hudo.si\",\"https:\/\/twitter.com\/hudo_si\"]},{\"@type\":\"Person\",\"@id\":\"https:\/\/hudo.com\/si\/#\/schema\/person\/601cf3379633985b20f7e50f2bb47707\",\"name\":\"hudo\",\"image\":{\"@type\":\"ImageObject\",\"inLanguage\":\"sl-SI\",\"@id\":\"https:\/\/hudo.com\/si\/#\/schema\/person\/image\/\",\"url\":\"https:\/\/secure.gravatar.com\/avatar\/c4ca25fa72cace7a696b52ff5db9e095?s=96&d=mm&r=g\",\"contentUrl\":\"https:\/\/secure.gravatar.com\/avatar\/c4ca25fa72cace7a696b52ff5db9e095?s=96&d=mm&r=g\",\"caption\":\"hudo\"},\"url\":\"https:\/\/hudo.com\/si\/author\/hudo\/\"}]}<\/script>\n<!-- \/ Yoast SEO plugin. -->","yoast_head_json":{"title":"V Nem\u010diji vse ve\u010dji razkorak med bogatimi in revnimi - Hudo Slovenija","robots":{"index":"index","follow":"follow","max-snippet":"max-snippet:-1","max-image-preview":"max-image-preview:large","max-video-preview":"max-video-preview:-1"},"canonical":"https:\/\/hudo.com\/si\/aktualno\/v-nemciji-vse-vecji-razkorak-med-bogatimi-in-revnimi\/","og_locale":"sl_SI","og_type":"article","og_title":"V Nem\u010diji vse ve\u010dji razkorak med bogatimi in revnimi - Hudo Slovenija","og_description":"Posameznika v skupino s srednje visokimi dohodki v Nem\u010diji uvrstijo, \u010de povpre\u010dni dohodek njegovega gospodinjstva pred pla\u010dilom davkov in socialnih prispevkov zna\u0161a med 67 in 200 odstotkov mediane, ki lo\u010duje bogatej\u0161i in revnej\u0161i del dru\u017ebe, poro\u010da nem\u0161ka tiskovna agencija dpa. Ker je BDP na prebivalca v Nem\u010diji okrog 43 tiso\u010d evrov, to pomeni, da spadajo v srednji razred vsi, ki na leto zaslu\u017eijo med 28 in 86 tiso\u010d evrov. Vsi, ki dobijo manj kot 28 tiso\u010dakov, spadajo v revnej\u0161i del dru\u017ebe. Dele\u017e prebivalcev z dohodki srednjega razreda v starosti med 18 in 30 let se je v Nem\u010diji od leta 1983 zmanj\u0161al z 69 na 52 odstotkov, v starosti med 30 in 45 let pa z 78 na 64 odstotkov. Dele\u017e starih nad 65 let se je na drugi strani povi\u0161al s 24 na 41 odstotkov. DIW kot razlog za manj\u0161i dele\u017e ljudi s srednjimi dohodki navaja pove\u010danje \u0161tevila ljudi z nizkimi dohodki, ki je posledica ve\u010d slab\u0161e pla\u010danih delovnih mest v storitvenem sektorju in manj delovnih mest v industriji. Iz skupine s srednjimi dohodki so v Nem\u010diji v zadnjih letih padli predvsem tujci. Podoben trend DIW ugotavlja za ZDA, kjer se je dele\u017e ljudi s srednje visokimi dohodki zmanj\u0161al podobno kot v Nem\u010diji, je pa v ZDA ve\u010dja polarizacija - dohodki tistih, ki so padli v ni\u017eji razred so se zni\u017eali bolj, dohodki tistih, ki so se povzpeli po lestvici, pa so se pove\u010dali bolj kot v Nem\u010diji. V ZDA je v ni\u017eji razred padlo najve\u010d Latinoameri\u010danov.Gospodarstvo","og_url":"https:\/\/hudo.com\/si\/aktualno\/v-nemciji-vse-vecji-razkorak-med-bogatimi-in-revnimi\/","og_site_name":"Hudo Slovenija","article_publisher":"https:\/\/www.facebook.com\/hudo.si","article_published_time":"2016-05-07T06:00:00+00:00","article_modified_time":"2016-05-08T03:21:46+00:00","og_image":[{"width":450,"height":300,"url":"https:\/\/hudo.com\/si\/wp-content\/uploads\/sites\/2\/2016\/05\/nemija7f15c-300.jpg","type":"image\/jpeg"}],"author":"hudo","twitter_card":"summary_large_image","twitter_creator":"@hudo_si","twitter_site":"@hudo_si","twitter_misc":{"Written by":"hudo","Est. reading time":"1 minuta"},"schema":{"@context":"https:\/\/schema.org","@graph":[{"@type":"Article","@id":"https:\/\/hudo.com\/si\/aktualno\/v-nemciji-vse-vecji-razkorak-med-bogatimi-in-revnimi\/#article","isPartOf":{"@id":"https:\/\/hudo.com\/si\/aktualno\/v-nemciji-vse-vecji-razkorak-med-bogatimi-in-revnimi\/"},"author":{"name":"hudo","@id":"https:\/\/hudo.com\/si\/#\/schema\/person\/601cf3379633985b20f7e50f2bb47707"},"headline":"V Nem\u010diji vse ve\u010dji razkorak med bogatimi in revnimi","datePublished":"2016-05-07T06:00:00+00:00","dateModified":"2016-05-08T03:21:46+00:00","mainEntityOfPage":{"@id":"https:\/\/hudo.com\/si\/aktualno\/v-nemciji-vse-vecji-razkorak-med-bogatimi-in-revnimi\/"},"wordCount":274,"publisher":{"@id":"https:\/\/hudo.com\/si\/#organization"},"articleSection":["Aktualno"],"inLanguage":"sl-SI"},{"@type":"WebPage","@id":"https:\/\/hudo.com\/si\/aktualno\/v-nemciji-vse-vecji-razkorak-med-bogatimi-in-revnimi\/","url":"https:\/\/hudo.com\/si\/aktualno\/v-nemciji-vse-vecji-razkorak-med-bogatimi-in-revnimi\/","name":"V Nem\u010diji vse ve\u010dji razkorak med bogatimi in revnimi - Hudo Slovenija","isPartOf":{"@id":"https:\/\/hudo.com\/si\/#website"},"datePublished":"2016-05-07T06:00:00+00:00","dateModified":"2016-05-08T03:21:46+00:00","breadcrumb":{"@id":"https:\/\/hudo.com\/si\/aktualno\/v-nemciji-vse-vecji-razkorak-med-bogatimi-in-revnimi\/#breadcrumb"},"inLanguage":"sl-SI","potentialAction":[{"@type":"ReadAction","target":["https:\/\/hudo.com\/si\/aktualno\/v-nemciji-vse-vecji-razkorak-med-bogatimi-in-revnimi\/"]}]},{"@type":"BreadcrumbList","@id":"https:\/\/hudo.com\/si\/aktualno\/v-nemciji-vse-vecji-razkorak-med-bogatimi-in-revnimi\/#breadcrumb","itemListElement":[{"@type":"ListItem","position":1,"name":"Home","item":"https:\/\/hudo.com\/si\/"},{"@type":"ListItem","position":2,"name":"V Nem\u010diji vse ve\u010dji razkorak med bogatimi in revnimi"}]},{"@type":"WebSite","@id":"https:\/\/hudo.com\/si\/#website","url":"https:\/\/hudo.com\/si\/","name":"Hudo Slovenija","description":"Vse novice iz Slovenije in sveta","publisher":{"@id":"https:\/\/hudo.com\/si\/#organization"},"potentialAction":[{"@type":"SearchAction","target":{"@type":"EntryPoint","urlTemplate":"https:\/\/hudo.com\/si\/?s={search_term_string}"},"query-input":"required name=search_term_string"}],"inLanguage":"sl-SI"},{"@type":"Organization","@id":"https:\/\/hudo.com\/si\/#organization","name":"VSN Media","url":"https:\/\/hudo.com\/si\/","logo":{"@type":"ImageObject","inLanguage":"sl-SI","@id":"https:\/\/hudo.com\/si\/#\/schema\/logo\/image\/","url":"https:\/\/hudo.com\/si\/wp-content\/uploads\/sites\/2\/2021\/03\/hudo-app-2.png","contentUrl":"https:\/\/hudo.com\/si\/wp-content\/uploads\/sites\/2\/2021\/03\/hudo-app-2.png","width":2185,"height":2167,"caption":"VSN Media"},"image":{"@id":"https:\/\/hudo.com\/si\/#\/schema\/logo\/image\/"},"sameAs":["https:\/\/www.facebook.com\/hudo.si","https:\/\/twitter.com\/hudo_si"]},{"@type":"Person","@id":"https:\/\/hudo.com\/si\/#\/schema\/person\/601cf3379633985b20f7e50f2bb47707","name":"hudo","image":{"@type":"ImageObject","inLanguage":"sl-SI","@id":"https:\/\/hudo.com\/si\/#\/schema\/person\/image\/","url":"https:\/\/secure.gravatar.com\/avatar\/c4ca25fa72cace7a696b52ff5db9e095?s=96&d=mm&r=g","contentUrl":"https:\/\/secure.gravatar.com\/avatar\/c4ca25fa72cace7a696b52ff5db9e095?s=96&d=mm&r=g","caption":"hudo"},"url":"https:\/\/hudo.com\/si\/author\/hudo\/"}]}},"amp_enabled":true,"_links":{"self":[{"href":"https:\/\/hudo.com\/si\/wp-json\/wp\/v2\/posts\/47457"}],"collection":[{"href":"https:\/\/hudo.com\/si\/wp-json\/wp\/v2\/posts"}],"about":[{"href":"https:\/\/hudo.com\/si\/wp-json\/wp\/v2\/types\/post"}],"author":[{"embeddable":true,"href":"https:\/\/hudo.com\/si\/wp-json\/wp\/v2\/users\/1"}],"replies":[{"embeddable":true,"href":"https:\/\/hudo.com\/si\/wp-json\/wp\/v2\/comments?post=47457"}],"version-history":[{"count":1,"href":"https:\/\/hudo.com\/si\/wp-json\/wp\/v2\/posts\/47457\/revisions"}],"predecessor-version":[{"id":47526,"href":"https:\/\/hudo.com\/si\/wp-json\/wp\/v2\/posts\/47457\/revisions\/47526"}],"wp:attachment":[{"href":"https:\/\/hudo.com\/si\/wp-json\/wp\/v2\/media?parent=47457"}],"wp:term":[{"taxonomy":"category","embeddable":true,"href":"https:\/\/hudo.com\/si\/wp-json\/wp\/v2\/categories?post=47457"},{"taxonomy":"post_tag","embeddable":true,"href":"https:\/\/hudo.com\/si\/wp-json\/wp\/v2\/tags?post=47457"},{"taxonomy":"source","embeddable":true,"href":"https:\/\/hudo.com\/si\/wp-json\/wp\/v2\/source?post=47457"},{"taxonomy":"supertag","embeddable":true,"href":"https:\/\/hudo.com\/si\/wp-json\/wp\/v2\/supertag?post=47457"}],"curies":[{"name":"wp","href":"https:\/\/api.w.org\/{rel}","templated":true}]}}