{"id":474635,"date":"2022-11-20T19:31:02","date_gmt":"2022-11-20T18:31:02","guid":{"rendered":"https:\/\/hudo.com\/si\/?p=474635"},"modified":"2022-11-20T19:31:02","modified_gmt":"2022-11-20T18:31:02","slug":"mehanizem-pomoci-pomemben-napredek-podnebni-vrh-neuspesen-z-vidika-naslavljanja-vzrokov-podnebnih-sprememb","status":"publish","type":"post","link":"https:\/\/hudo.com\/si\/aktualno\/svet\/mehanizem-pomoci-pomemben-napredek-podnebni-vrh-neuspesen-z-vidika-naslavljanja-vzrokov-podnebnih-sprememb\/","title":{"rendered":"Mehanizem pomo\u010di pomemben napredek, podnebni vrh neuspe\u0161en z vidika naslavljanja vzrokov podnebnih sprememb"},"content":{"rendered":"<p>Kot je za STA povedal Gnezda iz Slovenske fundacije za trajnostni razvoj Umanotera, je vzpostavitev sklada pomo\u010di dr\u017eavam v razvoju zaradi gospodarske in dru\u017ebene \u0161kode podnebnih sprememb zgodba, ki se vle\u010de \u017ee veliko let, zato smo lahko v lu\u010di tega veseli, da je bil kon\u010dno dose\u017een dogovor, do katerega pa bi morali po njegovem mnenju priti \u017ee prej. &#8220;A bolje zdaj kot nikoli,&#8221; je pristavil.<\/p>\n<p>Pozdravil je tudi ohranitev zaveze k omejitvi segrevanja ozra\u010dja na 1,5 stopinje Celzija, a hkrati opozoril, da to, da se \u0161e vedno pogovarjamo o ciljih, namesto da bi jih za\u010deli udejanjati v praksi, ni razlog za optimizem.<\/p>\n<p>&#8220;Res ni ve\u010d \u010dasa, smo v podnebni krizi, vse bolj intenzivno jo \u010dutimo. Dejansko je treba za\u010deti zmanj\u0161evati emisije na terenu, kar pa se \u0161e ne dogaja. Res ne vem, kaj se mora \u0161e zgoditi, da bo mo\u010dan politi\u010dni konsenz, da je treba presekati s temi praksami,&#8221; je bil kriti\u010den.<\/p>\n<p>Da omenjeni sklad po ve\u010d kot treh desetletjih predstavlja prvi korak k naslavljanju sistemske nepravi\u010dnosti za ljudi, ki so za podnebne spremembe najmanj odgovorni, a jih posledice najbolj ogro\u017eajo, je za STA poudarila Kvac iz dru\u0161tva za sonaraven razvoj Focus.<\/p>\n<p>Ob tem je opozorila, da se bodo morale dr\u017eave v naslednjem letu dogovoriti \u0161e o pomembnih podrobnostih, s katerimi morajo &#8220;zagotoviti, da bodo pravila sklada spo\u0161tovala na\u010delo pravi\u010dnosti, da bodo najve\u010dji onesna\u017eevalci sredstva res zagotovili ter da bodo ta nova, dodatna in zadostna&#8221;.<\/p>\n<p>Da politi\u010dne volje glede zmanj\u0161anje emisij in opu\u0161\u010danja fosilnih virov, ki bi ga dejansko potrebovali, ni, po mnenju Gnezde ka\u017ee tudi sprejet dogovor o opu\u0161\u010danju zgolj premoga, ne pa tudi ostalih fosilnih goriv. &#8220;Znanost je tukaj jasna, vemo, kaj moramo narediti, \u010dutimo posledice \u017ee tukaj v Evropi, kaj \u0161ele v dr\u017eavah, ki so zaradi geografskih ali drugih zna\u010dilnosti toliko bolj izpostavljene tem udarom,&#8221; je dodal.<\/p>\n<p>Sogovornik se je dotaknil tudi dana\u0161njih komentarjev generalnega sekretarja ZN Antonia Guterresa in ostalih vidnih politi\u010dnih akterjev, ki so izkazali razo\u010daranje nad vsebino kon\u010dnega dogovora podnebnega vrha. Glavno sporo\u010dilo teh je bilo, kot je poudaril Gnezda, da ne pomaga samo, da gasimo po\u017ear oz. financiramo \u017ee nastalo \u0161kodo, \u010de je hkrati ne bomo prepre\u010dili preko zmanj\u0161evanja emisij. &#8220;\u010ce bomo \u0161e naprej povzro\u010dali vso to \u0161kodo in ne zmanj\u0161ali emisij, potem lahko namenimo ne vem koliko sredstev, pa ne bo teh nikoli dovolj, saj bo \u0161e vedno prihajalo do vseh teh posledic in izgub,&#8221;je bil jasen.<\/p>\n<p>Po njegovih besedah so okoljski aktivisti v lu\u010di podnebnih pogajanj opozarjali na dvoli\u010dnost pri opu\u0161\u010danju fosilnih goriv. &#8220;Na eni strani govorimo o opu\u0161\u010danju teh virov, na drugi strani pa vidimo, da se \u017eeli \u0161iriti infrastrukturo za plin in da se i\u0161\u010de alternative dobavnih poti po izpadu energentov iz Rusije. Tukaj so tudi zelo velike skrbi, kak\u0161na infrastruktura in vire se bo za oskrbo unije razvijalo v Afriki,&#8221; je \u0161e opozoril Gnezda.<\/p>\n<p>S tem, da je bila podnebna konferenca neuspe\u0161na z vidika naslavljanja glavnih vzrokov podnebnih sprememb, pa se je strinjala tudi Kvac. Kot je poudarila, brez dogovora o pravi\u010dnem opu\u0161\u010danju fosilnih goriv &#8211; premoga, nafte in plina &#8211; nevarnost preseganja cilja 1,5 stopnje Celzije ostaja realna mo\u017enost.<\/p>\n<p>&#8220;EU, ki je sicer imela pomembno vlogo pri prizadevanjih za ohranitev tega cilja, je napovedala posodobitev svojega prispevka pri zmanj\u0161evanju emisij s 55 na 57 odstotkov, vendar je to \u0161e vedno premalo. V skladu z znanstvenimi opozorili, zgodovinsko odgovornostjo in zmo\u017enostjo ukrepanja bi morala EU emisije do leta 2030 zmanj\u0161ati za vsaj 65 odstotkov,&#8221; je ocenila.<\/p>\n","protected":false},"excerpt":{"rendered":"<p>Vzpostavitev mehanizma pomo\u010di za dr\u017eave v razvoju je pomemben in velik napredek, je klju\u010den izkupi\u010dek pogajanj leto\u0161njega podnebnega vrha komentiral Andrej Gnezda iz ustanove Umanotera. Barbara Kvac iz dru\u0161tva Focus pa je opozorila na neuspeh z vidika naslavljanja glavnih vzrokov podnebnih sprememb.<\/p>\n","protected":false},"author":7,"featured_media":474636,"comment_status":"closed","ping_status":"closed","sticky":false,"template":"","format":"standard","meta":{"footnotes":""},"categories":[18202],"tags":[2171,15264],"source":[4511],"supertag":[16390],"acf":[],"yoast_head":"<!-- This site is optimized with the Yoast SEO plugin v21.3 - https:\/\/yoast.com\/wordpress\/plugins\/seo\/ -->\n<title>Mehanizem pomo\u010di pomemben napredek, podnebni vrh neuspe\u0161en z vidika naslavljanja vzrokov podnebnih sprememb - Hudo Slovenija<\/title>\n<meta name=\"robots\" content=\"index, follow, max-snippet:-1, max-image-preview:large, max-video-preview:-1\" \/>\n<link rel=\"canonical\" href=\"https:\/\/hudo.com\/si\/aktualno\/svet\/mehanizem-pomoci-pomemben-napredek-podnebni-vrh-neuspesen-z-vidika-naslavljanja-vzrokov-podnebnih-sprememb\/\" \/>\n<meta property=\"og:locale\" content=\"sl_SI\" \/>\n<meta property=\"og:type\" content=\"article\" \/>\n<meta property=\"og:title\" content=\"Mehanizem pomo\u010di pomemben napredek, podnebni vrh neuspe\u0161en z vidika naslavljanja vzrokov podnebnih sprememb - Hudo Slovenija\" \/>\n<meta property=\"og:description\" content=\"Vzpostavitev mehanizma pomo\u010di za dr\u017eave v razvoju je pomemben in velik napredek, je klju\u010den izkupi\u010dek pogajanj leto\u0161njega podnebnega vrha komentiral Andrej Gnezda iz ustanove Umanotera. Barbara Kvac iz dru\u0161tva Focus pa je opozorila na neuspeh z vidika naslavljanja glavnih vzrokov podnebnih sprememb.\" \/>\n<meta property=\"og:url\" content=\"https:\/\/hudo.com\/si\/aktualno\/svet\/mehanizem-pomoci-pomemben-napredek-podnebni-vrh-neuspesen-z-vidika-naslavljanja-vzrokov-podnebnih-sprememb\/\" \/>\n<meta property=\"og:site_name\" content=\"Hudo Slovenija\" \/>\n<meta property=\"article:publisher\" content=\"https:\/\/www.facebook.com\/hudo.si\" \/>\n<meta property=\"article:published_time\" content=\"2022-11-20T18:31:02+00:00\" \/>\n<meta property=\"og:image\" content=\"https:\/\/hudo.com\/si\/wp-content\/uploads\/sites\/2\/2022\/11\/profimedia-0738846552.jpg\" \/>\n\t<meta property=\"og:image:width\" content=\"1250\" \/>\n\t<meta property=\"og:image:height\" content=\"833\" \/>\n\t<meta property=\"og:image:type\" content=\"image\/jpeg\" \/>\n<meta name=\"author\" content=\"A. P., STA\" \/>\n<meta name=\"twitter:card\" content=\"summary_large_image\" \/>\n<meta name=\"twitter:creator\" content=\"@hudo_si\" \/>\n<meta name=\"twitter:site\" content=\"@hudo_si\" \/>\n<meta name=\"twitter:label1\" content=\"Written by\" \/>\n\t<meta name=\"twitter:data1\" content=\"A. P., STA\" \/>\n\t<meta name=\"twitter:label2\" content=\"Est. reading time\" \/>\n\t<meta name=\"twitter:data2\" content=\"3 minute\" \/>\n<script type=\"application\/ld+json\" class=\"yoast-schema-graph\">{\"@context\":\"https:\/\/schema.org\",\"@graph\":[{\"@type\":\"Article\",\"@id\":\"https:\/\/hudo.com\/si\/aktualno\/svet\/mehanizem-pomoci-pomemben-napredek-podnebni-vrh-neuspesen-z-vidika-naslavljanja-vzrokov-podnebnih-sprememb\/#article\",\"isPartOf\":{\"@id\":\"https:\/\/hudo.com\/si\/aktualno\/svet\/mehanizem-pomoci-pomemben-napredek-podnebni-vrh-neuspesen-z-vidika-naslavljanja-vzrokov-podnebnih-sprememb\/\"},\"author\":{\"name\":\"A. P., STA\",\"@id\":\"https:\/\/hudo.com\/si\/#\/schema\/person\/18f09c02475ba9e606e941a565b80cff\"},\"headline\":\"Mehanizem pomo\u010di pomemben napredek, podnebni vrh neuspe\u0161en z vidika naslavljanja vzrokov podnebnih sprememb\",\"datePublished\":\"2022-11-20T18:31:02+00:00\",\"dateModified\":\"2022-11-20T18:31:02+00:00\",\"mainEntityOfPage\":{\"@id\":\"https:\/\/hudo.com\/si\/aktualno\/svet\/mehanizem-pomoci-pomemben-napredek-podnebni-vrh-neuspesen-z-vidika-naslavljanja-vzrokov-podnebnih-sprememb\/\"},\"wordCount\":631,\"publisher\":{\"@id\":\"https:\/\/hudo.com\/si\/#organization\"},\"keywords\":[\"ekologija\",\"podnebna konferenca\"],\"articleSection\":[\"Svet\"],\"inLanguage\":\"sl-SI\"},{\"@type\":\"WebPage\",\"@id\":\"https:\/\/hudo.com\/si\/aktualno\/svet\/mehanizem-pomoci-pomemben-napredek-podnebni-vrh-neuspesen-z-vidika-naslavljanja-vzrokov-podnebnih-sprememb\/\",\"url\":\"https:\/\/hudo.com\/si\/aktualno\/svet\/mehanizem-pomoci-pomemben-napredek-podnebni-vrh-neuspesen-z-vidika-naslavljanja-vzrokov-podnebnih-sprememb\/\",\"name\":\"Mehanizem pomo\u010di pomemben napredek, podnebni vrh neuspe\u0161en z vidika naslavljanja vzrokov podnebnih sprememb - Hudo Slovenija\",\"isPartOf\":{\"@id\":\"https:\/\/hudo.com\/si\/#website\"},\"datePublished\":\"2022-11-20T18:31:02+00:00\",\"dateModified\":\"2022-11-20T18:31:02+00:00\",\"breadcrumb\":{\"@id\":\"https:\/\/hudo.com\/si\/aktualno\/svet\/mehanizem-pomoci-pomemben-napredek-podnebni-vrh-neuspesen-z-vidika-naslavljanja-vzrokov-podnebnih-sprememb\/#breadcrumb\"},\"inLanguage\":\"sl-SI\",\"potentialAction\":[{\"@type\":\"ReadAction\",\"target\":[\"https:\/\/hudo.com\/si\/aktualno\/svet\/mehanizem-pomoci-pomemben-napredek-podnebni-vrh-neuspesen-z-vidika-naslavljanja-vzrokov-podnebnih-sprememb\/\"]}]},{\"@type\":\"BreadcrumbList\",\"@id\":\"https:\/\/hudo.com\/si\/aktualno\/svet\/mehanizem-pomoci-pomemben-napredek-podnebni-vrh-neuspesen-z-vidika-naslavljanja-vzrokov-podnebnih-sprememb\/#breadcrumb\",\"itemListElement\":[{\"@type\":\"ListItem\",\"position\":1,\"name\":\"Home\",\"item\":\"https:\/\/hudo.com\/si\/\"},{\"@type\":\"ListItem\",\"position\":2,\"name\":\"Mehanizem pomo\u010di pomemben napredek, podnebni vrh neuspe\u0161en z vidika naslavljanja vzrokov podnebnih sprememb\"}]},{\"@type\":\"WebSite\",\"@id\":\"https:\/\/hudo.com\/si\/#website\",\"url\":\"https:\/\/hudo.com\/si\/\",\"name\":\"Hudo Slovenija\",\"description\":\"Vse novice iz Slovenije in sveta\",\"publisher\":{\"@id\":\"https:\/\/hudo.com\/si\/#organization\"},\"potentialAction\":[{\"@type\":\"SearchAction\",\"target\":{\"@type\":\"EntryPoint\",\"urlTemplate\":\"https:\/\/hudo.com\/si\/?s={search_term_string}\"},\"query-input\":\"required name=search_term_string\"}],\"inLanguage\":\"sl-SI\"},{\"@type\":\"Organization\",\"@id\":\"https:\/\/hudo.com\/si\/#organization\",\"name\":\"VSN Media\",\"url\":\"https:\/\/hudo.com\/si\/\",\"logo\":{\"@type\":\"ImageObject\",\"inLanguage\":\"sl-SI\",\"@id\":\"https:\/\/hudo.com\/si\/#\/schema\/logo\/image\/\",\"url\":\"https:\/\/hudo.com\/si\/wp-content\/uploads\/sites\/2\/2021\/03\/hudo-app-2.png\",\"contentUrl\":\"https:\/\/hudo.com\/si\/wp-content\/uploads\/sites\/2\/2021\/03\/hudo-app-2.png\",\"width\":2185,\"height\":2167,\"caption\":\"VSN Media\"},\"image\":{\"@id\":\"https:\/\/hudo.com\/si\/#\/schema\/logo\/image\/\"},\"sameAs\":[\"https:\/\/www.facebook.com\/hudo.si\",\"https:\/\/twitter.com\/hudo_si\"]},{\"@type\":\"Person\",\"@id\":\"https:\/\/hudo.com\/si\/#\/schema\/person\/18f09c02475ba9e606e941a565b80cff\",\"name\":\"A. P., STA\",\"image\":{\"@type\":\"ImageObject\",\"inLanguage\":\"sl-SI\",\"@id\":\"https:\/\/hudo.com\/si\/#\/schema\/person\/image\/\",\"url\":\"https:\/\/secure.gravatar.com\/avatar\/03eac8e609f5f04383125d80eaeaaf3e?s=96&d=mm&r=g\",\"contentUrl\":\"https:\/\/secure.gravatar.com\/avatar\/03eac8e609f5f04383125d80eaeaaf3e?s=96&d=mm&r=g\",\"caption\":\"A. P., STA\"},\"url\":\"https:\/\/hudo.com\/si\/author\/lubu\/\"}]}<\/script>\n<!-- \/ Yoast SEO plugin. -->","yoast_head_json":{"title":"Mehanizem pomo\u010di pomemben napredek, podnebni vrh neuspe\u0161en z vidika naslavljanja vzrokov podnebnih sprememb - Hudo Slovenija","robots":{"index":"index","follow":"follow","max-snippet":"max-snippet:-1","max-image-preview":"max-image-preview:large","max-video-preview":"max-video-preview:-1"},"canonical":"https:\/\/hudo.com\/si\/aktualno\/svet\/mehanizem-pomoci-pomemben-napredek-podnebni-vrh-neuspesen-z-vidika-naslavljanja-vzrokov-podnebnih-sprememb\/","og_locale":"sl_SI","og_type":"article","og_title":"Mehanizem pomo\u010di pomemben napredek, podnebni vrh neuspe\u0161en z vidika naslavljanja vzrokov podnebnih sprememb - Hudo Slovenija","og_description":"Vzpostavitev mehanizma pomo\u010di za dr\u017eave v razvoju je pomemben in velik napredek, je klju\u010den izkupi\u010dek pogajanj leto\u0161njega podnebnega vrha komentiral Andrej Gnezda iz ustanove Umanotera. Barbara Kvac iz dru\u0161tva Focus pa je opozorila na neuspeh z vidika naslavljanja glavnih vzrokov podnebnih sprememb.","og_url":"https:\/\/hudo.com\/si\/aktualno\/svet\/mehanizem-pomoci-pomemben-napredek-podnebni-vrh-neuspesen-z-vidika-naslavljanja-vzrokov-podnebnih-sprememb\/","og_site_name":"Hudo Slovenija","article_publisher":"https:\/\/www.facebook.com\/hudo.si","article_published_time":"2022-11-20T18:31:02+00:00","og_image":[{"width":1250,"height":833,"url":"https:\/\/hudo.com\/si\/wp-content\/uploads\/sites\/2\/2022\/11\/profimedia-0738846552.jpg","type":"image\/jpeg"}],"author":"A. P., STA","twitter_card":"summary_large_image","twitter_creator":"@hudo_si","twitter_site":"@hudo_si","twitter_misc":{"Written by":"A. P., STA","Est. reading time":"3 minute"},"schema":{"@context":"https:\/\/schema.org","@graph":[{"@type":"Article","@id":"https:\/\/hudo.com\/si\/aktualno\/svet\/mehanizem-pomoci-pomemben-napredek-podnebni-vrh-neuspesen-z-vidika-naslavljanja-vzrokov-podnebnih-sprememb\/#article","isPartOf":{"@id":"https:\/\/hudo.com\/si\/aktualno\/svet\/mehanizem-pomoci-pomemben-napredek-podnebni-vrh-neuspesen-z-vidika-naslavljanja-vzrokov-podnebnih-sprememb\/"},"author":{"name":"A. P., STA","@id":"https:\/\/hudo.com\/si\/#\/schema\/person\/18f09c02475ba9e606e941a565b80cff"},"headline":"Mehanizem pomo\u010di pomemben napredek, podnebni vrh neuspe\u0161en z vidika naslavljanja vzrokov podnebnih sprememb","datePublished":"2022-11-20T18:31:02+00:00","dateModified":"2022-11-20T18:31:02+00:00","mainEntityOfPage":{"@id":"https:\/\/hudo.com\/si\/aktualno\/svet\/mehanizem-pomoci-pomemben-napredek-podnebni-vrh-neuspesen-z-vidika-naslavljanja-vzrokov-podnebnih-sprememb\/"},"wordCount":631,"publisher":{"@id":"https:\/\/hudo.com\/si\/#organization"},"keywords":["ekologija","podnebna konferenca"],"articleSection":["Svet"],"inLanguage":"sl-SI"},{"@type":"WebPage","@id":"https:\/\/hudo.com\/si\/aktualno\/svet\/mehanizem-pomoci-pomemben-napredek-podnebni-vrh-neuspesen-z-vidika-naslavljanja-vzrokov-podnebnih-sprememb\/","url":"https:\/\/hudo.com\/si\/aktualno\/svet\/mehanizem-pomoci-pomemben-napredek-podnebni-vrh-neuspesen-z-vidika-naslavljanja-vzrokov-podnebnih-sprememb\/","name":"Mehanizem pomo\u010di pomemben napredek, podnebni vrh neuspe\u0161en z vidika naslavljanja vzrokov podnebnih sprememb - Hudo Slovenija","isPartOf":{"@id":"https:\/\/hudo.com\/si\/#website"},"datePublished":"2022-11-20T18:31:02+00:00","dateModified":"2022-11-20T18:31:02+00:00","breadcrumb":{"@id":"https:\/\/hudo.com\/si\/aktualno\/svet\/mehanizem-pomoci-pomemben-napredek-podnebni-vrh-neuspesen-z-vidika-naslavljanja-vzrokov-podnebnih-sprememb\/#breadcrumb"},"inLanguage":"sl-SI","potentialAction":[{"@type":"ReadAction","target":["https:\/\/hudo.com\/si\/aktualno\/svet\/mehanizem-pomoci-pomemben-napredek-podnebni-vrh-neuspesen-z-vidika-naslavljanja-vzrokov-podnebnih-sprememb\/"]}]},{"@type":"BreadcrumbList","@id":"https:\/\/hudo.com\/si\/aktualno\/svet\/mehanizem-pomoci-pomemben-napredek-podnebni-vrh-neuspesen-z-vidika-naslavljanja-vzrokov-podnebnih-sprememb\/#breadcrumb","itemListElement":[{"@type":"ListItem","position":1,"name":"Home","item":"https:\/\/hudo.com\/si\/"},{"@type":"ListItem","position":2,"name":"Mehanizem pomo\u010di pomemben napredek, podnebni vrh neuspe\u0161en z vidika naslavljanja vzrokov podnebnih sprememb"}]},{"@type":"WebSite","@id":"https:\/\/hudo.com\/si\/#website","url":"https:\/\/hudo.com\/si\/","name":"Hudo Slovenija","description":"Vse novice iz Slovenije in sveta","publisher":{"@id":"https:\/\/hudo.com\/si\/#organization"},"potentialAction":[{"@type":"SearchAction","target":{"@type":"EntryPoint","urlTemplate":"https:\/\/hudo.com\/si\/?s={search_term_string}"},"query-input":"required name=search_term_string"}],"inLanguage":"sl-SI"},{"@type":"Organization","@id":"https:\/\/hudo.com\/si\/#organization","name":"VSN Media","url":"https:\/\/hudo.com\/si\/","logo":{"@type":"ImageObject","inLanguage":"sl-SI","@id":"https:\/\/hudo.com\/si\/#\/schema\/logo\/image\/","url":"https:\/\/hudo.com\/si\/wp-content\/uploads\/sites\/2\/2021\/03\/hudo-app-2.png","contentUrl":"https:\/\/hudo.com\/si\/wp-content\/uploads\/sites\/2\/2021\/03\/hudo-app-2.png","width":2185,"height":2167,"caption":"VSN Media"},"image":{"@id":"https:\/\/hudo.com\/si\/#\/schema\/logo\/image\/"},"sameAs":["https:\/\/www.facebook.com\/hudo.si","https:\/\/twitter.com\/hudo_si"]},{"@type":"Person","@id":"https:\/\/hudo.com\/si\/#\/schema\/person\/18f09c02475ba9e606e941a565b80cff","name":"A. P., STA","image":{"@type":"ImageObject","inLanguage":"sl-SI","@id":"https:\/\/hudo.com\/si\/#\/schema\/person\/image\/","url":"https:\/\/secure.gravatar.com\/avatar\/03eac8e609f5f04383125d80eaeaaf3e?s=96&d=mm&r=g","contentUrl":"https:\/\/secure.gravatar.com\/avatar\/03eac8e609f5f04383125d80eaeaaf3e?s=96&d=mm&r=g","caption":"A. P., STA"},"url":"https:\/\/hudo.com\/si\/author\/lubu\/"}]}},"amp_enabled":true,"_links":{"self":[{"href":"https:\/\/hudo.com\/si\/wp-json\/wp\/v2\/posts\/474635"}],"collection":[{"href":"https:\/\/hudo.com\/si\/wp-json\/wp\/v2\/posts"}],"about":[{"href":"https:\/\/hudo.com\/si\/wp-json\/wp\/v2\/types\/post"}],"author":[{"embeddable":true,"href":"https:\/\/hudo.com\/si\/wp-json\/wp\/v2\/users\/7"}],"replies":[{"embeddable":true,"href":"https:\/\/hudo.com\/si\/wp-json\/wp\/v2\/comments?post=474635"}],"version-history":[{"count":1,"href":"https:\/\/hudo.com\/si\/wp-json\/wp\/v2\/posts\/474635\/revisions"}],"predecessor-version":[{"id":474637,"href":"https:\/\/hudo.com\/si\/wp-json\/wp\/v2\/posts\/474635\/revisions\/474637"}],"wp:featuredmedia":[{"embeddable":true,"href":"https:\/\/hudo.com\/si\/wp-json\/wp\/v2\/media\/474636"}],"wp:attachment":[{"href":"https:\/\/hudo.com\/si\/wp-json\/wp\/v2\/media?parent=474635"}],"wp:term":[{"taxonomy":"category","embeddable":true,"href":"https:\/\/hudo.com\/si\/wp-json\/wp\/v2\/categories?post=474635"},{"taxonomy":"post_tag","embeddable":true,"href":"https:\/\/hudo.com\/si\/wp-json\/wp\/v2\/tags?post=474635"},{"taxonomy":"source","embeddable":true,"href":"https:\/\/hudo.com\/si\/wp-json\/wp\/v2\/source?post=474635"},{"taxonomy":"supertag","embeddable":true,"href":"https:\/\/hudo.com\/si\/wp-json\/wp\/v2\/supertag?post=474635"}],"curies":[{"name":"wp","href":"https:\/\/api.w.org\/{rel}","templated":true}]}}