{"id":474679,"date":"2022-11-22T08:43:09","date_gmt":"2022-11-22T07:43:09","guid":{"rendered":"https:\/\/hudo.com\/si\/?p=474679"},"modified":"2022-11-22T08:43:09","modified_gmt":"2022-11-22T07:43:09","slug":"marsikje-bo-snezilo-do-nizin-na-obali-sirene-zaradi-visokega-plimovanja-in-mocnega-vetra","status":"publish","type":"post","link":"https:\/\/hudo.com\/si\/aktualno\/slovenija\/marsikje-bo-snezilo-do-nizin-na-obali-sirene-zaradi-visokega-plimovanja-in-mocnega-vetra\/","title":{"rendered":"Marsikje bo sne\u017eilo do ni\u017ein, na Obali sirene zaradi visokega plimovanja in mo\u010dnega vetra"},"content":{"rendered":"<p>Regijski center za obve\u0161\u010danje Koper je zaradi visokega plimovanja morja in mo\u010dnega ju\u017enega vetra ob 6.10 v Piranu in ob 6.44 v Izoli pro\u017eil sireno javnega alarmiranja z znakom opozorilo na nevarnost.<\/p>\n<p>Na Obali bo danes med 6. in 11. uro morje ob visoki plimi poplavilo ni\u017eje le\u017ee\u010de dele obale, burja pa bo od dopoldneva do okoli polno\u010di na izpostavljenih legah v sunkih presegala hitrost 120 kilometrov na uro.<\/p>\n<p>Iz \u0161taba civilne za\u0161\u010dite Ob\u010dine Piran so opozorili, da lahko kombinacija naravnih pojavov v ob\u010dini Piran povzro\u010di ve\u010djo \u0161kodo in neprijetnosti prebivalcem. Dogajanje naj bi vrhunec doseglo med 8. in 9. uro. Ob\u010dane so zato pozvali, naj umaknejo vozila in za\u0161\u010ditijo svoje premo\u017eenje.<\/p>\n<p>Tudi sicer bo vremensko dogajanje pestro, a ka\u017ee, da morda ne bo povsod sne\u017eilo do ni\u017ein. V Beli Krajini, Kr\u0161ko-bre\u017ei\u0161ki kotlini, morda v Ljubljanski kotlini in na Primorskem naj bi ve\u010dinoma de\u017eevalo, medtem ko se bo malo vi\u0161je sneg nabiral. V Prekmurju bi lahko za\u010delo sne\u017eiti \u0161ele v no\u010di na sredo, prej bo tam de\u017eevalo, padavin bo tam manj.<\/p>\n<p>Ob napovedanem sne\u017eenju so s prometno-informacijskega centra za dr\u017eavne ceste opozorili, da bo promet v slab\u0161ih voznih razmerah potekal po\u010dasneje. Voznikom priporo\u010dajo, da se na pot odpravijo prej in z ustrezno zimsko opremo. Mo\u017eno bo tudi izlo\u010danje te\u017ekih tovornih vozil.<\/p>\n<p>Dodatno naj bodo na cestah vozniki previdni tudi zaradi mo\u017enih snegolomov, ki bi jih na drevesih lahko povzro\u010dil te\u017eak sneg.<\/p>\n<p>Na Javni agenciji RS za varnost prometa pa poudarjajo, da se je na spremenjene vozne okoli\u0161\u010dine, povezane z zimskimi razmerami, treba dobro pripraviti, prav tako je treba na zimo pripraviti vozila. Agencija je zato pripravila javno dostopne video vsebine in izdala bro\u0161uro s prakti\u010dnimi nasveti.<\/p>\n<p>Agencija RS za okolje je za celotno ju\u017eno polovico dr\u017eave za danes izdala oran\u017eno vremensko opozorilo zaradi sne\u017eenja, burje in plimovanja morja, za severno polovico dr\u017eave pa je izdano rumeno vremensko opozorilo.<\/p>\n","protected":false},"excerpt":{"rendered":"<p>Padavine bodo danes dopoldne od zahoda zajele vso Slovenijo, meja sne\u017eenja pa se bo marsikje spustila do ni\u017ein. Vozne razmere bodo predvsem na Notranjskem, Ko\u010devskem ter v nekoliko vi\u0161jih legah Gorenjske in severne Primorske precej poslab\u0161ane. Predvsem v teh krajih bo lahko zapadlo ve\u010d kot 25 centimetrov snega. Ob visoki plimi poplavlja morje.<\/p>\n","protected":false},"author":5,"featured_media":333814,"comment_status":"closed","ping_status":"closed","sticky":false,"template":"","format":"standard","meta":{"footnotes":""},"categories":[18201],"tags":[1595,2149],"source":[4511],"supertag":[5675,12922],"acf":[],"yoast_head":"<!-- This site is optimized with the Yoast SEO plugin v21.3 - https:\/\/yoast.com\/wordpress\/plugins\/seo\/ -->\n<title>Marsikje bo sne\u017eilo do ni\u017ein, na Obali sirene zaradi visokega plimovanja in mo\u010dnega vetra - Hudo Slovenija<\/title>\n<meta name=\"robots\" content=\"index, follow, max-snippet:-1, max-image-preview:large, max-video-preview:-1\" \/>\n<link rel=\"canonical\" href=\"https:\/\/hudo.com\/si\/aktualno\/slovenija\/marsikje-bo-snezilo-do-nizin-na-obali-sirene-zaradi-visokega-plimovanja-in-mocnega-vetra\/\" \/>\n<meta property=\"og:locale\" content=\"sl_SI\" \/>\n<meta property=\"og:type\" content=\"article\" \/>\n<meta property=\"og:title\" content=\"Marsikje bo sne\u017eilo do ni\u017ein, na Obali sirene zaradi visokega plimovanja in mo\u010dnega vetra - Hudo Slovenija\" \/>\n<meta property=\"og:description\" content=\"Padavine bodo danes dopoldne od zahoda zajele vso Slovenijo, meja sne\u017eenja pa se bo marsikje spustila do ni\u017ein. Vozne razmere bodo predvsem na Notranjskem, Ko\u010devskem ter v nekoliko vi\u0161jih legah Gorenjske in severne Primorske precej poslab\u0161ane. Predvsem v teh krajih bo lahko zapadlo ve\u010d kot 25 centimetrov snega. Ob visoki plimi poplavlja morje.\" \/>\n<meta property=\"og:url\" content=\"https:\/\/hudo.com\/si\/aktualno\/slovenija\/marsikje-bo-snezilo-do-nizin-na-obali-sirene-zaradi-visokega-plimovanja-in-mocnega-vetra\/\" \/>\n<meta property=\"og:site_name\" content=\"Hudo Slovenija\" \/>\n<meta property=\"article:publisher\" content=\"https:\/\/www.facebook.com\/hudo.si\" \/>\n<meta property=\"article:published_time\" content=\"2022-11-22T07:43:09+00:00\" \/>\n<meta property=\"og:image\" content=\"https:\/\/hudo.com\/si\/wp-content\/uploads\/sites\/2\/2017\/12\/profimedia-0141335233.jpg\" \/>\n\t<meta property=\"og:image:width\" content=\"1250\" \/>\n\t<meta property=\"og:image:height\" content=\"864\" \/>\n\t<meta property=\"og:image:type\" content=\"image\/jpeg\" \/>\n<meta name=\"author\" content=\"A. G., STA\" \/>\n<meta name=\"twitter:card\" content=\"summary_large_image\" \/>\n<meta name=\"twitter:creator\" content=\"@hudo_si\" \/>\n<meta name=\"twitter:site\" content=\"@hudo_si\" \/>\n<meta name=\"twitter:label1\" content=\"Written by\" \/>\n\t<meta name=\"twitter:data1\" content=\"A. G., STA\" \/>\n\t<meta name=\"twitter:label2\" content=\"Est. reading time\" \/>\n\t<meta name=\"twitter:data2\" content=\"2 minuti\" \/>\n<script type=\"application\/ld+json\" class=\"yoast-schema-graph\">{\"@context\":\"https:\/\/schema.org\",\"@graph\":[{\"@type\":\"Article\",\"@id\":\"https:\/\/hudo.com\/si\/aktualno\/slovenija\/marsikje-bo-snezilo-do-nizin-na-obali-sirene-zaradi-visokega-plimovanja-in-mocnega-vetra\/#article\",\"isPartOf\":{\"@id\":\"https:\/\/hudo.com\/si\/aktualno\/slovenija\/marsikje-bo-snezilo-do-nizin-na-obali-sirene-zaradi-visokega-plimovanja-in-mocnega-vetra\/\"},\"author\":{\"name\":\"A. G., STA\",\"@id\":\"https:\/\/hudo.com\/si\/#\/schema\/person\/2391667a63ea075ba94f2f2dc6b77537\"},\"headline\":\"Marsikje bo sne\u017eilo do ni\u017ein, na Obali sirene zaradi visokega plimovanja in mo\u010dnega vetra\",\"datePublished\":\"2022-11-22T07:43:09+00:00\",\"dateModified\":\"2022-11-22T07:43:09+00:00\",\"mainEntityOfPage\":{\"@id\":\"https:\/\/hudo.com\/si\/aktualno\/slovenija\/marsikje-bo-snezilo-do-nizin-na-obali-sirene-zaradi-visokega-plimovanja-in-mocnega-vetra\/\"},\"wordCount\":366,\"publisher\":{\"@id\":\"https:\/\/hudo.com\/si\/#organization\"},\"keywords\":[\"Slovenija\",\"vreme\"],\"articleSection\":[\"Slovenija\"],\"inLanguage\":\"sl-SI\"},{\"@type\":\"WebPage\",\"@id\":\"https:\/\/hudo.com\/si\/aktualno\/slovenija\/marsikje-bo-snezilo-do-nizin-na-obali-sirene-zaradi-visokega-plimovanja-in-mocnega-vetra\/\",\"url\":\"https:\/\/hudo.com\/si\/aktualno\/slovenija\/marsikje-bo-snezilo-do-nizin-na-obali-sirene-zaradi-visokega-plimovanja-in-mocnega-vetra\/\",\"name\":\"Marsikje bo sne\u017eilo do ni\u017ein, na Obali sirene zaradi visokega plimovanja in mo\u010dnega vetra - Hudo Slovenija\",\"isPartOf\":{\"@id\":\"https:\/\/hudo.com\/si\/#website\"},\"datePublished\":\"2022-11-22T07:43:09+00:00\",\"dateModified\":\"2022-11-22T07:43:09+00:00\",\"breadcrumb\":{\"@id\":\"https:\/\/hudo.com\/si\/aktualno\/slovenija\/marsikje-bo-snezilo-do-nizin-na-obali-sirene-zaradi-visokega-plimovanja-in-mocnega-vetra\/#breadcrumb\"},\"inLanguage\":\"sl-SI\",\"potentialAction\":[{\"@type\":\"ReadAction\",\"target\":[\"https:\/\/hudo.com\/si\/aktualno\/slovenija\/marsikje-bo-snezilo-do-nizin-na-obali-sirene-zaradi-visokega-plimovanja-in-mocnega-vetra\/\"]}]},{\"@type\":\"BreadcrumbList\",\"@id\":\"https:\/\/hudo.com\/si\/aktualno\/slovenija\/marsikje-bo-snezilo-do-nizin-na-obali-sirene-zaradi-visokega-plimovanja-in-mocnega-vetra\/#breadcrumb\",\"itemListElement\":[{\"@type\":\"ListItem\",\"position\":1,\"name\":\"Home\",\"item\":\"https:\/\/hudo.com\/si\/\"},{\"@type\":\"ListItem\",\"position\":2,\"name\":\"Marsikje bo sne\u017eilo do ni\u017ein, na Obali sirene zaradi visokega plimovanja in mo\u010dnega vetra\"}]},{\"@type\":\"WebSite\",\"@id\":\"https:\/\/hudo.com\/si\/#website\",\"url\":\"https:\/\/hudo.com\/si\/\",\"name\":\"Hudo Slovenija\",\"description\":\"Vse novice iz Slovenije in sveta\",\"publisher\":{\"@id\":\"https:\/\/hudo.com\/si\/#organization\"},\"potentialAction\":[{\"@type\":\"SearchAction\",\"target\":{\"@type\":\"EntryPoint\",\"urlTemplate\":\"https:\/\/hudo.com\/si\/?s={search_term_string}\"},\"query-input\":\"required name=search_term_string\"}],\"inLanguage\":\"sl-SI\"},{\"@type\":\"Organization\",\"@id\":\"https:\/\/hudo.com\/si\/#organization\",\"name\":\"VSN Media\",\"url\":\"https:\/\/hudo.com\/si\/\",\"logo\":{\"@type\":\"ImageObject\",\"inLanguage\":\"sl-SI\",\"@id\":\"https:\/\/hudo.com\/si\/#\/schema\/logo\/image\/\",\"url\":\"https:\/\/hudo.com\/si\/wp-content\/uploads\/sites\/2\/2021\/03\/hudo-app-2.png\",\"contentUrl\":\"https:\/\/hudo.com\/si\/wp-content\/uploads\/sites\/2\/2021\/03\/hudo-app-2.png\",\"width\":2185,\"height\":2167,\"caption\":\"VSN Media\"},\"image\":{\"@id\":\"https:\/\/hudo.com\/si\/#\/schema\/logo\/image\/\"},\"sameAs\":[\"https:\/\/www.facebook.com\/hudo.si\",\"https:\/\/twitter.com\/hudo_si\"]},{\"@type\":\"Person\",\"@id\":\"https:\/\/hudo.com\/si\/#\/schema\/person\/2391667a63ea075ba94f2f2dc6b77537\",\"name\":\"A. G., STA\",\"image\":{\"@type\":\"ImageObject\",\"inLanguage\":\"sl-SI\",\"@id\":\"https:\/\/hudo.com\/si\/#\/schema\/person\/image\/\",\"url\":\"https:\/\/secure.gravatar.com\/avatar\/e13d22ac3e442658d5025fbbe6238a79?s=96&d=mm&r=g\",\"contentUrl\":\"https:\/\/secure.gravatar.com\/avatar\/e13d22ac3e442658d5025fbbe6238a79?s=96&d=mm&r=g\",\"caption\":\"A. G., STA\"},\"url\":\"https:\/\/hudo.com\/si\/author\/alenka\/\"}]}<\/script>\n<!-- \/ Yoast SEO plugin. -->","yoast_head_json":{"title":"Marsikje bo sne\u017eilo do ni\u017ein, na Obali sirene zaradi visokega plimovanja in mo\u010dnega vetra - Hudo Slovenija","robots":{"index":"index","follow":"follow","max-snippet":"max-snippet:-1","max-image-preview":"max-image-preview:large","max-video-preview":"max-video-preview:-1"},"canonical":"https:\/\/hudo.com\/si\/aktualno\/slovenija\/marsikje-bo-snezilo-do-nizin-na-obali-sirene-zaradi-visokega-plimovanja-in-mocnega-vetra\/","og_locale":"sl_SI","og_type":"article","og_title":"Marsikje bo sne\u017eilo do ni\u017ein, na Obali sirene zaradi visokega plimovanja in mo\u010dnega vetra - Hudo Slovenija","og_description":"Padavine bodo danes dopoldne od zahoda zajele vso Slovenijo, meja sne\u017eenja pa se bo marsikje spustila do ni\u017ein. Vozne razmere bodo predvsem na Notranjskem, Ko\u010devskem ter v nekoliko vi\u0161jih legah Gorenjske in severne Primorske precej poslab\u0161ane. Predvsem v teh krajih bo lahko zapadlo ve\u010d kot 25 centimetrov snega. Ob visoki plimi poplavlja morje.","og_url":"https:\/\/hudo.com\/si\/aktualno\/slovenija\/marsikje-bo-snezilo-do-nizin-na-obali-sirene-zaradi-visokega-plimovanja-in-mocnega-vetra\/","og_site_name":"Hudo Slovenija","article_publisher":"https:\/\/www.facebook.com\/hudo.si","article_published_time":"2022-11-22T07:43:09+00:00","og_image":[{"width":1250,"height":864,"url":"https:\/\/hudo.com\/si\/wp-content\/uploads\/sites\/2\/2017\/12\/profimedia-0141335233.jpg","type":"image\/jpeg"}],"author":"A. G., STA","twitter_card":"summary_large_image","twitter_creator":"@hudo_si","twitter_site":"@hudo_si","twitter_misc":{"Written by":"A. G., STA","Est. reading time":"2 minuti"},"schema":{"@context":"https:\/\/schema.org","@graph":[{"@type":"Article","@id":"https:\/\/hudo.com\/si\/aktualno\/slovenija\/marsikje-bo-snezilo-do-nizin-na-obali-sirene-zaradi-visokega-plimovanja-in-mocnega-vetra\/#article","isPartOf":{"@id":"https:\/\/hudo.com\/si\/aktualno\/slovenija\/marsikje-bo-snezilo-do-nizin-na-obali-sirene-zaradi-visokega-plimovanja-in-mocnega-vetra\/"},"author":{"name":"A. G., STA","@id":"https:\/\/hudo.com\/si\/#\/schema\/person\/2391667a63ea075ba94f2f2dc6b77537"},"headline":"Marsikje bo sne\u017eilo do ni\u017ein, na Obali sirene zaradi visokega plimovanja in mo\u010dnega vetra","datePublished":"2022-11-22T07:43:09+00:00","dateModified":"2022-11-22T07:43:09+00:00","mainEntityOfPage":{"@id":"https:\/\/hudo.com\/si\/aktualno\/slovenija\/marsikje-bo-snezilo-do-nizin-na-obali-sirene-zaradi-visokega-plimovanja-in-mocnega-vetra\/"},"wordCount":366,"publisher":{"@id":"https:\/\/hudo.com\/si\/#organization"},"keywords":["Slovenija","vreme"],"articleSection":["Slovenija"],"inLanguage":"sl-SI"},{"@type":"WebPage","@id":"https:\/\/hudo.com\/si\/aktualno\/slovenija\/marsikje-bo-snezilo-do-nizin-na-obali-sirene-zaradi-visokega-plimovanja-in-mocnega-vetra\/","url":"https:\/\/hudo.com\/si\/aktualno\/slovenija\/marsikje-bo-snezilo-do-nizin-na-obali-sirene-zaradi-visokega-plimovanja-in-mocnega-vetra\/","name":"Marsikje bo sne\u017eilo do ni\u017ein, na Obali sirene zaradi visokega plimovanja in mo\u010dnega vetra - Hudo Slovenija","isPartOf":{"@id":"https:\/\/hudo.com\/si\/#website"},"datePublished":"2022-11-22T07:43:09+00:00","dateModified":"2022-11-22T07:43:09+00:00","breadcrumb":{"@id":"https:\/\/hudo.com\/si\/aktualno\/slovenija\/marsikje-bo-snezilo-do-nizin-na-obali-sirene-zaradi-visokega-plimovanja-in-mocnega-vetra\/#breadcrumb"},"inLanguage":"sl-SI","potentialAction":[{"@type":"ReadAction","target":["https:\/\/hudo.com\/si\/aktualno\/slovenija\/marsikje-bo-snezilo-do-nizin-na-obali-sirene-zaradi-visokega-plimovanja-in-mocnega-vetra\/"]}]},{"@type":"BreadcrumbList","@id":"https:\/\/hudo.com\/si\/aktualno\/slovenija\/marsikje-bo-snezilo-do-nizin-na-obali-sirene-zaradi-visokega-plimovanja-in-mocnega-vetra\/#breadcrumb","itemListElement":[{"@type":"ListItem","position":1,"name":"Home","item":"https:\/\/hudo.com\/si\/"},{"@type":"ListItem","position":2,"name":"Marsikje bo sne\u017eilo do ni\u017ein, na Obali sirene zaradi visokega plimovanja in mo\u010dnega vetra"}]},{"@type":"WebSite","@id":"https:\/\/hudo.com\/si\/#website","url":"https:\/\/hudo.com\/si\/","name":"Hudo Slovenija","description":"Vse novice iz Slovenije in sveta","publisher":{"@id":"https:\/\/hudo.com\/si\/#organization"},"potentialAction":[{"@type":"SearchAction","target":{"@type":"EntryPoint","urlTemplate":"https:\/\/hudo.com\/si\/?s={search_term_string}"},"query-input":"required name=search_term_string"}],"inLanguage":"sl-SI"},{"@type":"Organization","@id":"https:\/\/hudo.com\/si\/#organization","name":"VSN Media","url":"https:\/\/hudo.com\/si\/","logo":{"@type":"ImageObject","inLanguage":"sl-SI","@id":"https:\/\/hudo.com\/si\/#\/schema\/logo\/image\/","url":"https:\/\/hudo.com\/si\/wp-content\/uploads\/sites\/2\/2021\/03\/hudo-app-2.png","contentUrl":"https:\/\/hudo.com\/si\/wp-content\/uploads\/sites\/2\/2021\/03\/hudo-app-2.png","width":2185,"height":2167,"caption":"VSN Media"},"image":{"@id":"https:\/\/hudo.com\/si\/#\/schema\/logo\/image\/"},"sameAs":["https:\/\/www.facebook.com\/hudo.si","https:\/\/twitter.com\/hudo_si"]},{"@type":"Person","@id":"https:\/\/hudo.com\/si\/#\/schema\/person\/2391667a63ea075ba94f2f2dc6b77537","name":"A. G., STA","image":{"@type":"ImageObject","inLanguage":"sl-SI","@id":"https:\/\/hudo.com\/si\/#\/schema\/person\/image\/","url":"https:\/\/secure.gravatar.com\/avatar\/e13d22ac3e442658d5025fbbe6238a79?s=96&d=mm&r=g","contentUrl":"https:\/\/secure.gravatar.com\/avatar\/e13d22ac3e442658d5025fbbe6238a79?s=96&d=mm&r=g","caption":"A. G., STA"},"url":"https:\/\/hudo.com\/si\/author\/alenka\/"}]}},"amp_enabled":true,"_links":{"self":[{"href":"https:\/\/hudo.com\/si\/wp-json\/wp\/v2\/posts\/474679"}],"collection":[{"href":"https:\/\/hudo.com\/si\/wp-json\/wp\/v2\/posts"}],"about":[{"href":"https:\/\/hudo.com\/si\/wp-json\/wp\/v2\/types\/post"}],"author":[{"embeddable":true,"href":"https:\/\/hudo.com\/si\/wp-json\/wp\/v2\/users\/5"}],"replies":[{"embeddable":true,"href":"https:\/\/hudo.com\/si\/wp-json\/wp\/v2\/comments?post=474679"}],"version-history":[{"count":1,"href":"https:\/\/hudo.com\/si\/wp-json\/wp\/v2\/posts\/474679\/revisions"}],"predecessor-version":[{"id":474680,"href":"https:\/\/hudo.com\/si\/wp-json\/wp\/v2\/posts\/474679\/revisions\/474680"}],"wp:featuredmedia":[{"embeddable":true,"href":"https:\/\/hudo.com\/si\/wp-json\/wp\/v2\/media\/333814"}],"wp:attachment":[{"href":"https:\/\/hudo.com\/si\/wp-json\/wp\/v2\/media?parent=474679"}],"wp:term":[{"taxonomy":"category","embeddable":true,"href":"https:\/\/hudo.com\/si\/wp-json\/wp\/v2\/categories?post=474679"},{"taxonomy":"post_tag","embeddable":true,"href":"https:\/\/hudo.com\/si\/wp-json\/wp\/v2\/tags?post=474679"},{"taxonomy":"source","embeddable":true,"href":"https:\/\/hudo.com\/si\/wp-json\/wp\/v2\/source?post=474679"},{"taxonomy":"supertag","embeddable":true,"href":"https:\/\/hudo.com\/si\/wp-json\/wp\/v2\/supertag?post=474679"}],"curies":[{"name":"wp","href":"https:\/\/api.w.org\/{rel}","templated":true}]}}