{"id":474694,"date":"2022-11-22T13:16:56","date_gmt":"2022-11-22T12:16:56","guid":{"rendered":"https:\/\/hudo.com\/si\/?p=474694"},"modified":"2022-11-22T13:16:56","modified_gmt":"2022-11-22T12:16:56","slug":"tudi-italijo-zajelo-slabo-vreme-v-benetkah-aktivirali-protipoplavni-sistem","status":"publish","type":"post","link":"https:\/\/hudo.com\/si\/aktualno\/svet\/tudi-italijo-zajelo-slabo-vreme-v-benetkah-aktivirali-protipoplavni-sistem\/","title":{"rendered":"Tudi Italijo zajelo slabo vreme, v Benetkah aktivirali protipoplavni sistem"},"content":{"rendered":"<p>Kako mo\u010dno je bilo plimovanje na severu Italije, pri\u010da podatek, da bi bilo brez aktivacije protipoplavnega sistema pod vodo kar 80 odstotkov pe\u0161poti v med turisti priljubljenih Benetkah. Ljudje na slovitem Trgu svetega Marka bi stali v vodi skoraj do pasu, poro\u010da nem\u0161ka tiskovna agencija dpa in dodaja, da dana\u0161nji posnetki iz mesta pri\u010dajo, da na trgu sicer de\u017euje, a ni poplavljen.<\/p>\n<p>Sistem protipoplavne za\u0161\u010dite sestavlja 78 loput, ki so name\u0161\u010dene na treh dostopih v bene\u0161ko laguno. Zanj so od\u0161teli milijarde evrov, deluje pa od leta 2020. \u0160e posebej koristen je v jesenskih mesecih in je v zadnjih dveh letih Benetke obvaroval pred najhuj\u0161imi poplavami. A kot pi\u0161e dpa, mu tako visoke poplave kot danes doslej \u0161e ni bilo treba odbiti.<\/p>\n<p>Slabo vreme je sicer danes zajelo velike dele Italije. Zaradi mo\u010dnega de\u017eevja, vetra in visokega plimovanja so zaprte \u0161tevilne \u0161ole, med drugim v obmorski ob\u010dini Ostia v Rimu in na Sardiniji. Italijanska tiskovna agencija Ansa tako iz Ostie kot s Sardinije in drugih delov dr\u017eave poro\u010da o obse\u017enih poplavah in \u0161kodi, predvsem na obalni infrastrukturi, pa tudi v mestih in na poljih.<\/p>\n<p>Z obilico te\u017eav se zaradi vremena in visoke plime prav tako soo\u010dajo na Tr\u017ea\u0161kem. Kot na svoji spletni strani poro\u010da Primorski dnevnik, je okoli 8. ure zjutraj zaradi visoke plime voda zalila Milje. V mestu je bilo na ulicah in trgih ve\u010d kot 40 centimetrov vode, \u017ee vse jutro je tam na delu civilna za\u0161\u010dita. Visoko plimovanje so ob\u010dutili tudi v Trstu, kjer je voda poplavila mestno nabre\u017eje, ki pa ostaja prevozno. Nev\u0161e\u010dnosti poleg tega povzro\u010da mo\u010dna burja, ki naj bi se \u010dez dan \u0161e okrepila.<\/p>\n<p>Izrazito vremensko poslab\u0161anje so sicer danes pri\u010dakovali tudi v Grade\u017eu, kjer so zato zaprli \u0161ole, igri\u0161\u010da in parke ter ob morju in kanalih prepovedali parkiranje avtomobilov. A o ve\u010djih te\u017eavah od tam zaenkrat ni poro\u010dil.<\/p>\n","protected":false},"excerpt":{"rendered":"<p>V Benetkah so zaradi visokega plimovanja danes aktivirali sistem protipoplavne za\u0161\u010dite Mose. Vodostaj je namre\u010d dopoldne za kar 170 centimetrov presegel obi\u010dajnega, s \u010dimer je za\u010dela veljati najvi\u0161ja stopnja pripravljenosti. Morje je poplavljalo v Miljah na Tr\u017ea\u0161kem, o vremenskih preglavicah pa poro\u010dajo tudi iz drugih delov Italije.<\/p>\n","protected":false},"author":5,"featured_media":410149,"comment_status":"closed","ping_status":"closed","sticky":false,"template":"","format":"standard","meta":{"footnotes":""},"categories":[18202],"tags":[1760,2149],"source":[4511],"supertag":[12922],"acf":[],"yoast_head":"<!-- This site is optimized with the Yoast SEO plugin v21.3 - https:\/\/yoast.com\/wordpress\/plugins\/seo\/ -->\n<title>Tudi Italijo zajelo slabo vreme, v Benetkah aktivirali protipoplavni sistem - Hudo Slovenija<\/title>\n<meta name=\"robots\" content=\"index, follow, max-snippet:-1, max-image-preview:large, max-video-preview:-1\" \/>\n<link rel=\"canonical\" href=\"https:\/\/hudo.com\/si\/aktualno\/svet\/tudi-italijo-zajelo-slabo-vreme-v-benetkah-aktivirali-protipoplavni-sistem\/\" \/>\n<meta property=\"og:locale\" content=\"sl_SI\" \/>\n<meta property=\"og:type\" content=\"article\" \/>\n<meta property=\"og:title\" content=\"Tudi Italijo zajelo slabo vreme, v Benetkah aktivirali protipoplavni sistem - Hudo Slovenija\" \/>\n<meta property=\"og:description\" content=\"V Benetkah so zaradi visokega plimovanja danes aktivirali sistem protipoplavne za\u0161\u010dite Mose. Vodostaj je namre\u010d dopoldne za kar 170 centimetrov presegel obi\u010dajnega, s \u010dimer je za\u010dela veljati najvi\u0161ja stopnja pripravljenosti. Morje je poplavljalo v Miljah na Tr\u017ea\u0161kem, o vremenskih preglavicah pa poro\u010dajo tudi iz drugih delov Italije.\" \/>\n<meta property=\"og:url\" content=\"https:\/\/hudo.com\/si\/aktualno\/svet\/tudi-italijo-zajelo-slabo-vreme-v-benetkah-aktivirali-protipoplavni-sistem\/\" \/>\n<meta property=\"og:site_name\" content=\"Hudo Slovenija\" \/>\n<meta property=\"article:publisher\" content=\"https:\/\/www.facebook.com\/hudo.si\" \/>\n<meta property=\"article:published_time\" content=\"2022-11-22T12:16:56+00:00\" \/>\n<meta property=\"og:image\" content=\"https:\/\/hudo.com\/si\/wp-content\/uploads\/sites\/2\/2019\/11\/profimedia-0482442374.jpg\" \/>\n\t<meta property=\"og:image:width\" content=\"1250\" \/>\n\t<meta property=\"og:image:height\" content=\"898\" \/>\n\t<meta property=\"og:image:type\" content=\"image\/jpeg\" \/>\n<meta name=\"author\" content=\"A. G., STA\" \/>\n<meta name=\"twitter:card\" content=\"summary_large_image\" \/>\n<meta name=\"twitter:creator\" content=\"@hudo_si\" \/>\n<meta name=\"twitter:site\" content=\"@hudo_si\" \/>\n<meta name=\"twitter:label1\" content=\"Written by\" \/>\n\t<meta name=\"twitter:data1\" content=\"A. G., STA\" \/>\n\t<meta name=\"twitter:label2\" content=\"Est. reading time\" \/>\n\t<meta name=\"twitter:data2\" content=\"2 minuti\" \/>\n<script type=\"application\/ld+json\" class=\"yoast-schema-graph\">{\"@context\":\"https:\/\/schema.org\",\"@graph\":[{\"@type\":\"Article\",\"@id\":\"https:\/\/hudo.com\/si\/aktualno\/svet\/tudi-italijo-zajelo-slabo-vreme-v-benetkah-aktivirali-protipoplavni-sistem\/#article\",\"isPartOf\":{\"@id\":\"https:\/\/hudo.com\/si\/aktualno\/svet\/tudi-italijo-zajelo-slabo-vreme-v-benetkah-aktivirali-protipoplavni-sistem\/\"},\"author\":{\"name\":\"A. G., STA\",\"@id\":\"https:\/\/hudo.com\/si\/#\/schema\/person\/2391667a63ea075ba94f2f2dc6b77537\"},\"headline\":\"Tudi Italijo zajelo slabo vreme, v Benetkah aktivirali protipoplavni sistem\",\"datePublished\":\"2022-11-22T12:16:56+00:00\",\"dateModified\":\"2022-11-22T12:16:56+00:00\",\"mainEntityOfPage\":{\"@id\":\"https:\/\/hudo.com\/si\/aktualno\/svet\/tudi-italijo-zajelo-slabo-vreme-v-benetkah-aktivirali-protipoplavni-sistem\/\"},\"wordCount\":348,\"publisher\":{\"@id\":\"https:\/\/hudo.com\/si\/#organization\"},\"keywords\":[\"italija\",\"vreme\"],\"articleSection\":[\"Svet\"],\"inLanguage\":\"sl-SI\"},{\"@type\":\"WebPage\",\"@id\":\"https:\/\/hudo.com\/si\/aktualno\/svet\/tudi-italijo-zajelo-slabo-vreme-v-benetkah-aktivirali-protipoplavni-sistem\/\",\"url\":\"https:\/\/hudo.com\/si\/aktualno\/svet\/tudi-italijo-zajelo-slabo-vreme-v-benetkah-aktivirali-protipoplavni-sistem\/\",\"name\":\"Tudi Italijo zajelo slabo vreme, v Benetkah aktivirali protipoplavni sistem - Hudo Slovenija\",\"isPartOf\":{\"@id\":\"https:\/\/hudo.com\/si\/#website\"},\"datePublished\":\"2022-11-22T12:16:56+00:00\",\"dateModified\":\"2022-11-22T12:16:56+00:00\",\"breadcrumb\":{\"@id\":\"https:\/\/hudo.com\/si\/aktualno\/svet\/tudi-italijo-zajelo-slabo-vreme-v-benetkah-aktivirali-protipoplavni-sistem\/#breadcrumb\"},\"inLanguage\":\"sl-SI\",\"potentialAction\":[{\"@type\":\"ReadAction\",\"target\":[\"https:\/\/hudo.com\/si\/aktualno\/svet\/tudi-italijo-zajelo-slabo-vreme-v-benetkah-aktivirali-protipoplavni-sistem\/\"]}]},{\"@type\":\"BreadcrumbList\",\"@id\":\"https:\/\/hudo.com\/si\/aktualno\/svet\/tudi-italijo-zajelo-slabo-vreme-v-benetkah-aktivirali-protipoplavni-sistem\/#breadcrumb\",\"itemListElement\":[{\"@type\":\"ListItem\",\"position\":1,\"name\":\"Home\",\"item\":\"https:\/\/hudo.com\/si\/\"},{\"@type\":\"ListItem\",\"position\":2,\"name\":\"Tudi Italijo zajelo slabo vreme, v Benetkah aktivirali protipoplavni sistem\"}]},{\"@type\":\"WebSite\",\"@id\":\"https:\/\/hudo.com\/si\/#website\",\"url\":\"https:\/\/hudo.com\/si\/\",\"name\":\"Hudo Slovenija\",\"description\":\"Vse novice iz Slovenije in sveta\",\"publisher\":{\"@id\":\"https:\/\/hudo.com\/si\/#organization\"},\"potentialAction\":[{\"@type\":\"SearchAction\",\"target\":{\"@type\":\"EntryPoint\",\"urlTemplate\":\"https:\/\/hudo.com\/si\/?s={search_term_string}\"},\"query-input\":\"required name=search_term_string\"}],\"inLanguage\":\"sl-SI\"},{\"@type\":\"Organization\",\"@id\":\"https:\/\/hudo.com\/si\/#organization\",\"name\":\"VSN Media\",\"url\":\"https:\/\/hudo.com\/si\/\",\"logo\":{\"@type\":\"ImageObject\",\"inLanguage\":\"sl-SI\",\"@id\":\"https:\/\/hudo.com\/si\/#\/schema\/logo\/image\/\",\"url\":\"https:\/\/hudo.com\/si\/wp-content\/uploads\/sites\/2\/2021\/03\/hudo-app-2.png\",\"contentUrl\":\"https:\/\/hudo.com\/si\/wp-content\/uploads\/sites\/2\/2021\/03\/hudo-app-2.png\",\"width\":2185,\"height\":2167,\"caption\":\"VSN Media\"},\"image\":{\"@id\":\"https:\/\/hudo.com\/si\/#\/schema\/logo\/image\/\"},\"sameAs\":[\"https:\/\/www.facebook.com\/hudo.si\",\"https:\/\/twitter.com\/hudo_si\"]},{\"@type\":\"Person\",\"@id\":\"https:\/\/hudo.com\/si\/#\/schema\/person\/2391667a63ea075ba94f2f2dc6b77537\",\"name\":\"A. G., STA\",\"image\":{\"@type\":\"ImageObject\",\"inLanguage\":\"sl-SI\",\"@id\":\"https:\/\/hudo.com\/si\/#\/schema\/person\/image\/\",\"url\":\"https:\/\/secure.gravatar.com\/avatar\/e13d22ac3e442658d5025fbbe6238a79?s=96&d=mm&r=g\",\"contentUrl\":\"https:\/\/secure.gravatar.com\/avatar\/e13d22ac3e442658d5025fbbe6238a79?s=96&d=mm&r=g\",\"caption\":\"A. G., STA\"},\"url\":\"https:\/\/hudo.com\/si\/author\/alenka\/\"}]}<\/script>\n<!-- \/ Yoast SEO plugin. -->","yoast_head_json":{"title":"Tudi Italijo zajelo slabo vreme, v Benetkah aktivirali protipoplavni sistem - Hudo Slovenija","robots":{"index":"index","follow":"follow","max-snippet":"max-snippet:-1","max-image-preview":"max-image-preview:large","max-video-preview":"max-video-preview:-1"},"canonical":"https:\/\/hudo.com\/si\/aktualno\/svet\/tudi-italijo-zajelo-slabo-vreme-v-benetkah-aktivirali-protipoplavni-sistem\/","og_locale":"sl_SI","og_type":"article","og_title":"Tudi Italijo zajelo slabo vreme, v Benetkah aktivirali protipoplavni sistem - Hudo Slovenija","og_description":"V Benetkah so zaradi visokega plimovanja danes aktivirali sistem protipoplavne za\u0161\u010dite Mose. Vodostaj je namre\u010d dopoldne za kar 170 centimetrov presegel obi\u010dajnega, s \u010dimer je za\u010dela veljati najvi\u0161ja stopnja pripravljenosti. Morje je poplavljalo v Miljah na Tr\u017ea\u0161kem, o vremenskih preglavicah pa poro\u010dajo tudi iz drugih delov Italije.","og_url":"https:\/\/hudo.com\/si\/aktualno\/svet\/tudi-italijo-zajelo-slabo-vreme-v-benetkah-aktivirali-protipoplavni-sistem\/","og_site_name":"Hudo Slovenija","article_publisher":"https:\/\/www.facebook.com\/hudo.si","article_published_time":"2022-11-22T12:16:56+00:00","og_image":[{"width":1250,"height":898,"url":"https:\/\/hudo.com\/si\/wp-content\/uploads\/sites\/2\/2019\/11\/profimedia-0482442374.jpg","type":"image\/jpeg"}],"author":"A. G., STA","twitter_card":"summary_large_image","twitter_creator":"@hudo_si","twitter_site":"@hudo_si","twitter_misc":{"Written by":"A. G., STA","Est. reading time":"2 minuti"},"schema":{"@context":"https:\/\/schema.org","@graph":[{"@type":"Article","@id":"https:\/\/hudo.com\/si\/aktualno\/svet\/tudi-italijo-zajelo-slabo-vreme-v-benetkah-aktivirali-protipoplavni-sistem\/#article","isPartOf":{"@id":"https:\/\/hudo.com\/si\/aktualno\/svet\/tudi-italijo-zajelo-slabo-vreme-v-benetkah-aktivirali-protipoplavni-sistem\/"},"author":{"name":"A. G., STA","@id":"https:\/\/hudo.com\/si\/#\/schema\/person\/2391667a63ea075ba94f2f2dc6b77537"},"headline":"Tudi Italijo zajelo slabo vreme, v Benetkah aktivirali protipoplavni sistem","datePublished":"2022-11-22T12:16:56+00:00","dateModified":"2022-11-22T12:16:56+00:00","mainEntityOfPage":{"@id":"https:\/\/hudo.com\/si\/aktualno\/svet\/tudi-italijo-zajelo-slabo-vreme-v-benetkah-aktivirali-protipoplavni-sistem\/"},"wordCount":348,"publisher":{"@id":"https:\/\/hudo.com\/si\/#organization"},"keywords":["italija","vreme"],"articleSection":["Svet"],"inLanguage":"sl-SI"},{"@type":"WebPage","@id":"https:\/\/hudo.com\/si\/aktualno\/svet\/tudi-italijo-zajelo-slabo-vreme-v-benetkah-aktivirali-protipoplavni-sistem\/","url":"https:\/\/hudo.com\/si\/aktualno\/svet\/tudi-italijo-zajelo-slabo-vreme-v-benetkah-aktivirali-protipoplavni-sistem\/","name":"Tudi Italijo zajelo slabo vreme, v Benetkah aktivirali protipoplavni sistem - Hudo Slovenija","isPartOf":{"@id":"https:\/\/hudo.com\/si\/#website"},"datePublished":"2022-11-22T12:16:56+00:00","dateModified":"2022-11-22T12:16:56+00:00","breadcrumb":{"@id":"https:\/\/hudo.com\/si\/aktualno\/svet\/tudi-italijo-zajelo-slabo-vreme-v-benetkah-aktivirali-protipoplavni-sistem\/#breadcrumb"},"inLanguage":"sl-SI","potentialAction":[{"@type":"ReadAction","target":["https:\/\/hudo.com\/si\/aktualno\/svet\/tudi-italijo-zajelo-slabo-vreme-v-benetkah-aktivirali-protipoplavni-sistem\/"]}]},{"@type":"BreadcrumbList","@id":"https:\/\/hudo.com\/si\/aktualno\/svet\/tudi-italijo-zajelo-slabo-vreme-v-benetkah-aktivirali-protipoplavni-sistem\/#breadcrumb","itemListElement":[{"@type":"ListItem","position":1,"name":"Home","item":"https:\/\/hudo.com\/si\/"},{"@type":"ListItem","position":2,"name":"Tudi Italijo zajelo slabo vreme, v Benetkah aktivirali protipoplavni sistem"}]},{"@type":"WebSite","@id":"https:\/\/hudo.com\/si\/#website","url":"https:\/\/hudo.com\/si\/","name":"Hudo Slovenija","description":"Vse novice iz Slovenije in sveta","publisher":{"@id":"https:\/\/hudo.com\/si\/#organization"},"potentialAction":[{"@type":"SearchAction","target":{"@type":"EntryPoint","urlTemplate":"https:\/\/hudo.com\/si\/?s={search_term_string}"},"query-input":"required name=search_term_string"}],"inLanguage":"sl-SI"},{"@type":"Organization","@id":"https:\/\/hudo.com\/si\/#organization","name":"VSN Media","url":"https:\/\/hudo.com\/si\/","logo":{"@type":"ImageObject","inLanguage":"sl-SI","@id":"https:\/\/hudo.com\/si\/#\/schema\/logo\/image\/","url":"https:\/\/hudo.com\/si\/wp-content\/uploads\/sites\/2\/2021\/03\/hudo-app-2.png","contentUrl":"https:\/\/hudo.com\/si\/wp-content\/uploads\/sites\/2\/2021\/03\/hudo-app-2.png","width":2185,"height":2167,"caption":"VSN Media"},"image":{"@id":"https:\/\/hudo.com\/si\/#\/schema\/logo\/image\/"},"sameAs":["https:\/\/www.facebook.com\/hudo.si","https:\/\/twitter.com\/hudo_si"]},{"@type":"Person","@id":"https:\/\/hudo.com\/si\/#\/schema\/person\/2391667a63ea075ba94f2f2dc6b77537","name":"A. G., STA","image":{"@type":"ImageObject","inLanguage":"sl-SI","@id":"https:\/\/hudo.com\/si\/#\/schema\/person\/image\/","url":"https:\/\/secure.gravatar.com\/avatar\/e13d22ac3e442658d5025fbbe6238a79?s=96&d=mm&r=g","contentUrl":"https:\/\/secure.gravatar.com\/avatar\/e13d22ac3e442658d5025fbbe6238a79?s=96&d=mm&r=g","caption":"A. G., STA"},"url":"https:\/\/hudo.com\/si\/author\/alenka\/"}]}},"amp_enabled":true,"_links":{"self":[{"href":"https:\/\/hudo.com\/si\/wp-json\/wp\/v2\/posts\/474694"}],"collection":[{"href":"https:\/\/hudo.com\/si\/wp-json\/wp\/v2\/posts"}],"about":[{"href":"https:\/\/hudo.com\/si\/wp-json\/wp\/v2\/types\/post"}],"author":[{"embeddable":true,"href":"https:\/\/hudo.com\/si\/wp-json\/wp\/v2\/users\/5"}],"replies":[{"embeddable":true,"href":"https:\/\/hudo.com\/si\/wp-json\/wp\/v2\/comments?post=474694"}],"version-history":[{"count":1,"href":"https:\/\/hudo.com\/si\/wp-json\/wp\/v2\/posts\/474694\/revisions"}],"predecessor-version":[{"id":474695,"href":"https:\/\/hudo.com\/si\/wp-json\/wp\/v2\/posts\/474694\/revisions\/474695"}],"wp:featuredmedia":[{"embeddable":true,"href":"https:\/\/hudo.com\/si\/wp-json\/wp\/v2\/media\/410149"}],"wp:attachment":[{"href":"https:\/\/hudo.com\/si\/wp-json\/wp\/v2\/media?parent=474694"}],"wp:term":[{"taxonomy":"category","embeddable":true,"href":"https:\/\/hudo.com\/si\/wp-json\/wp\/v2\/categories?post=474694"},{"taxonomy":"post_tag","embeddable":true,"href":"https:\/\/hudo.com\/si\/wp-json\/wp\/v2\/tags?post=474694"},{"taxonomy":"source","embeddable":true,"href":"https:\/\/hudo.com\/si\/wp-json\/wp\/v2\/source?post=474694"},{"taxonomy":"supertag","embeddable":true,"href":"https:\/\/hudo.com\/si\/wp-json\/wp\/v2\/supertag?post=474694"}],"curies":[{"name":"wp","href":"https:\/\/api.w.org\/{rel}","templated":true}]}}