{"id":474710,"date":"2022-11-22T16:55:52","date_gmt":"2022-11-22T15:55:52","guid":{"rendered":"https:\/\/hudo.com\/si\/?p=474710"},"modified":"2022-11-22T16:55:52","modified_gmt":"2022-11-22T15:55:52","slug":"milanovic-zavrnil-soglasje-za-urjenje-ukrajinskih-vojakov-na-hrvaskem","status":"publish","type":"post","link":"https:\/\/hudo.com\/si\/aktualno\/svet\/milanovic-zavrnil-soglasje-za-urjenje-ukrajinskih-vojakov-na-hrvaskem\/","title":{"rendered":"Milanovi\u0107 zavrnil soglasje za urjenje ukrajinskih vojakov na Hrva\u0161kem"},"content":{"rendered":"<p>Milanovi\u0107 je med drugim sporo\u010dil, da je dopis zavrnil zato, ker ga je poslal obrambni minister, ki ga za to ne poobla\u0161\u010data ne ustava ne zakon o obrambi.<\/p>\n<p>Kot drugi razlog je navedel, da dopis ne navaja dejavnosti, ki bi jih pripadniki hrva\u0161ke vojske opravljali v tujini, niti dejavnosti, ki bi jih ukrajinski vojaki izvajali na obmo\u010dju Hrva\u0161ke.<\/p>\n<p>V uradu predsednika so zapisali \u0161e, da dopis ne navaja pravne osnove, po kateri je potrjeno, da je Ukrajina po hrva\u0161ki ustavi njena dr\u017eava zaveznica, saj ni \u010dlanica niti ene od zvez, ki ji pripada Hrva\u0161ka.<\/p>\n<p>Dr\u017eave \u010dlanice Evropske unije so minuli ponedeljek uradno zagnale misijo urjenja ukrajinskih vojakov, ki bo potekala na ozemlju EU. V okviru misije nameravajo izuriti do 15.000 vojakov. Slovenija bo v njej sodelovala z nekaj deset in\u0161truktorji, ki bodo predvidoma delovali v Nem\u010diji.<\/p>\n<p>Namen misije, ki bo sprva trajala dve leti, je okrepiti zmogljivosti ukrajinskih oboro\u017eenih sil, da se bodo lahko \u0161e naprej u\u010dinkovito branile pred rusko agresijo. Mad\u017earska je urjenje ukrajinskih vojakov na svojem ozemlju zavrnila.<\/p>\n","protected":false},"excerpt":{"rendered":"<p>Hrva\u0161ki predsednik Zoran Milanovi\u0107 je danes zavrnil dopis, v katerem je hrva\u0161ki obrambni minister Mario Bano\u017ei\u0107 prosil za njegovo soglasje za urjenje ukrajinskih vojakov na Hrva\u0161kem, so sporo\u010dili iz urada predsednika. Milanovi\u0107 je \u017ee prej\u0161nji mesec napovedal, da kot vrhovni poveljnik ne bo odobril urjenja ukrajinskih vojakov na hrva\u0161kem ozemlju.<\/p>\n","protected":false},"author":7,"featured_media":443184,"comment_status":"closed","ping_status":"closed","sticky":false,"template":"","format":"standard","meta":{"footnotes":""},"categories":[18202],"tags":[1810,19814,15437],"source":[4511],"supertag":[],"acf":[],"yoast_head":"<!-- This site is optimized with the Yoast SEO plugin v21.3 - https:\/\/yoast.com\/wordpress\/plugins\/seo\/ -->\n<title>Milanovi\u0107 zavrnil soglasje za urjenje ukrajinskih vojakov na Hrva\u0161kem - Hudo Slovenija<\/title>\n<meta name=\"robots\" content=\"index, follow, max-snippet:-1, max-image-preview:large, max-video-preview:-1\" \/>\n<link rel=\"canonical\" href=\"https:\/\/hudo.com\/si\/aktualno\/svet\/milanovic-zavrnil-soglasje-za-urjenje-ukrajinskih-vojakov-na-hrvaskem\/\" \/>\n<meta property=\"og:locale\" content=\"sl_SI\" \/>\n<meta property=\"og:type\" content=\"article\" \/>\n<meta property=\"og:title\" content=\"Milanovi\u0107 zavrnil soglasje za urjenje ukrajinskih vojakov na Hrva\u0161kem - Hudo Slovenija\" \/>\n<meta property=\"og:description\" content=\"Hrva\u0161ki predsednik Zoran Milanovi\u0107 je danes zavrnil dopis, v katerem je hrva\u0161ki obrambni minister Mario Bano\u017ei\u0107 prosil za njegovo soglasje za urjenje ukrajinskih vojakov na Hrva\u0161kem, so sporo\u010dili iz urada predsednika. Milanovi\u0107 je \u017ee prej\u0161nji mesec napovedal, da kot vrhovni poveljnik ne bo odobril urjenja ukrajinskih vojakov na hrva\u0161kem ozemlju.\" \/>\n<meta property=\"og:url\" content=\"https:\/\/hudo.com\/si\/aktualno\/svet\/milanovic-zavrnil-soglasje-za-urjenje-ukrajinskih-vojakov-na-hrvaskem\/\" \/>\n<meta property=\"og:site_name\" content=\"Hudo Slovenija\" \/>\n<meta property=\"article:publisher\" content=\"https:\/\/www.facebook.com\/hudo.si\" \/>\n<meta property=\"article:published_time\" content=\"2022-11-22T15:55:52+00:00\" \/>\n<meta property=\"og:image\" content=\"https:\/\/hudo.com\/si\/wp-content\/uploads\/sites\/2\/2021\/01\/profimedia-0581670565.jpg\" \/>\n\t<meta property=\"og:image:width\" content=\"1250\" \/>\n\t<meta property=\"og:image:height\" content=\"788\" \/>\n\t<meta property=\"og:image:type\" content=\"image\/jpeg\" \/>\n<meta name=\"author\" content=\"A. P., STA\" \/>\n<meta name=\"twitter:card\" content=\"summary_large_image\" \/>\n<meta name=\"twitter:creator\" content=\"@hudo_si\" \/>\n<meta name=\"twitter:site\" content=\"@hudo_si\" \/>\n<meta name=\"twitter:label1\" content=\"Written by\" \/>\n\t<meta name=\"twitter:data1\" content=\"A. P., STA\" \/>\n\t<meta name=\"twitter:label2\" content=\"Est. reading time\" \/>\n\t<meta name=\"twitter:data2\" content=\"1 minuta\" \/>\n<script type=\"application\/ld+json\" class=\"yoast-schema-graph\">{\"@context\":\"https:\/\/schema.org\",\"@graph\":[{\"@type\":\"Article\",\"@id\":\"https:\/\/hudo.com\/si\/aktualno\/svet\/milanovic-zavrnil-soglasje-za-urjenje-ukrajinskih-vojakov-na-hrvaskem\/#article\",\"isPartOf\":{\"@id\":\"https:\/\/hudo.com\/si\/aktualno\/svet\/milanovic-zavrnil-soglasje-za-urjenje-ukrajinskih-vojakov-na-hrvaskem\/\"},\"author\":{\"name\":\"A. P., STA\",\"@id\":\"https:\/\/hudo.com\/si\/#\/schema\/person\/18f09c02475ba9e606e941a565b80cff\"},\"headline\":\"Milanovi\u0107 zavrnil soglasje za urjenje ukrajinskih vojakov na Hrva\u0161kem\",\"datePublished\":\"2022-11-22T15:55:52+00:00\",\"dateModified\":\"2022-11-22T15:55:52+00:00\",\"mainEntityOfPage\":{\"@id\":\"https:\/\/hudo.com\/si\/aktualno\/svet\/milanovic-zavrnil-soglasje-za-urjenje-ukrajinskih-vojakov-na-hrvaskem\/\"},\"wordCount\":193,\"publisher\":{\"@id\":\"https:\/\/hudo.com\/si\/#organization\"},\"keywords\":[\"hrva\u0161ka\",\"pomo\u010d ukrajini\",\"Zoran Milanovi\u0107\"],\"articleSection\":[\"Svet\"],\"inLanguage\":\"sl-SI\"},{\"@type\":\"WebPage\",\"@id\":\"https:\/\/hudo.com\/si\/aktualno\/svet\/milanovic-zavrnil-soglasje-za-urjenje-ukrajinskih-vojakov-na-hrvaskem\/\",\"url\":\"https:\/\/hudo.com\/si\/aktualno\/svet\/milanovic-zavrnil-soglasje-za-urjenje-ukrajinskih-vojakov-na-hrvaskem\/\",\"name\":\"Milanovi\u0107 zavrnil soglasje za urjenje ukrajinskih vojakov na Hrva\u0161kem - Hudo Slovenija\",\"isPartOf\":{\"@id\":\"https:\/\/hudo.com\/si\/#website\"},\"datePublished\":\"2022-11-22T15:55:52+00:00\",\"dateModified\":\"2022-11-22T15:55:52+00:00\",\"breadcrumb\":{\"@id\":\"https:\/\/hudo.com\/si\/aktualno\/svet\/milanovic-zavrnil-soglasje-za-urjenje-ukrajinskih-vojakov-na-hrvaskem\/#breadcrumb\"},\"inLanguage\":\"sl-SI\",\"potentialAction\":[{\"@type\":\"ReadAction\",\"target\":[\"https:\/\/hudo.com\/si\/aktualno\/svet\/milanovic-zavrnil-soglasje-za-urjenje-ukrajinskih-vojakov-na-hrvaskem\/\"]}]},{\"@type\":\"BreadcrumbList\",\"@id\":\"https:\/\/hudo.com\/si\/aktualno\/svet\/milanovic-zavrnil-soglasje-za-urjenje-ukrajinskih-vojakov-na-hrvaskem\/#breadcrumb\",\"itemListElement\":[{\"@type\":\"ListItem\",\"position\":1,\"name\":\"Home\",\"item\":\"https:\/\/hudo.com\/si\/\"},{\"@type\":\"ListItem\",\"position\":2,\"name\":\"Milanovi\u0107 zavrnil soglasje za urjenje ukrajinskih vojakov na Hrva\u0161kem\"}]},{\"@type\":\"WebSite\",\"@id\":\"https:\/\/hudo.com\/si\/#website\",\"url\":\"https:\/\/hudo.com\/si\/\",\"name\":\"Hudo Slovenija\",\"description\":\"Vse novice iz Slovenije in sveta\",\"publisher\":{\"@id\":\"https:\/\/hudo.com\/si\/#organization\"},\"potentialAction\":[{\"@type\":\"SearchAction\",\"target\":{\"@type\":\"EntryPoint\",\"urlTemplate\":\"https:\/\/hudo.com\/si\/?s={search_term_string}\"},\"query-input\":\"required name=search_term_string\"}],\"inLanguage\":\"sl-SI\"},{\"@type\":\"Organization\",\"@id\":\"https:\/\/hudo.com\/si\/#organization\",\"name\":\"VSN Media\",\"url\":\"https:\/\/hudo.com\/si\/\",\"logo\":{\"@type\":\"ImageObject\",\"inLanguage\":\"sl-SI\",\"@id\":\"https:\/\/hudo.com\/si\/#\/schema\/logo\/image\/\",\"url\":\"https:\/\/hudo.com\/si\/wp-content\/uploads\/sites\/2\/2021\/03\/hudo-app-2.png\",\"contentUrl\":\"https:\/\/hudo.com\/si\/wp-content\/uploads\/sites\/2\/2021\/03\/hudo-app-2.png\",\"width\":2185,\"height\":2167,\"caption\":\"VSN Media\"},\"image\":{\"@id\":\"https:\/\/hudo.com\/si\/#\/schema\/logo\/image\/\"},\"sameAs\":[\"https:\/\/www.facebook.com\/hudo.si\",\"https:\/\/twitter.com\/hudo_si\"]},{\"@type\":\"Person\",\"@id\":\"https:\/\/hudo.com\/si\/#\/schema\/person\/18f09c02475ba9e606e941a565b80cff\",\"name\":\"A. P., STA\",\"image\":{\"@type\":\"ImageObject\",\"inLanguage\":\"sl-SI\",\"@id\":\"https:\/\/hudo.com\/si\/#\/schema\/person\/image\/\",\"url\":\"https:\/\/secure.gravatar.com\/avatar\/03eac8e609f5f04383125d80eaeaaf3e?s=96&d=mm&r=g\",\"contentUrl\":\"https:\/\/secure.gravatar.com\/avatar\/03eac8e609f5f04383125d80eaeaaf3e?s=96&d=mm&r=g\",\"caption\":\"A. P., STA\"},\"url\":\"https:\/\/hudo.com\/si\/author\/lubu\/\"}]}<\/script>\n<!-- \/ Yoast SEO plugin. -->","yoast_head_json":{"title":"Milanovi\u0107 zavrnil soglasje za urjenje ukrajinskih vojakov na Hrva\u0161kem - Hudo Slovenija","robots":{"index":"index","follow":"follow","max-snippet":"max-snippet:-1","max-image-preview":"max-image-preview:large","max-video-preview":"max-video-preview:-1"},"canonical":"https:\/\/hudo.com\/si\/aktualno\/svet\/milanovic-zavrnil-soglasje-za-urjenje-ukrajinskih-vojakov-na-hrvaskem\/","og_locale":"sl_SI","og_type":"article","og_title":"Milanovi\u0107 zavrnil soglasje za urjenje ukrajinskih vojakov na Hrva\u0161kem - Hudo Slovenija","og_description":"Hrva\u0161ki predsednik Zoran Milanovi\u0107 je danes zavrnil dopis, v katerem je hrva\u0161ki obrambni minister Mario Bano\u017ei\u0107 prosil za njegovo soglasje za urjenje ukrajinskih vojakov na Hrva\u0161kem, so sporo\u010dili iz urada predsednika. Milanovi\u0107 je \u017ee prej\u0161nji mesec napovedal, da kot vrhovni poveljnik ne bo odobril urjenja ukrajinskih vojakov na hrva\u0161kem ozemlju.","og_url":"https:\/\/hudo.com\/si\/aktualno\/svet\/milanovic-zavrnil-soglasje-za-urjenje-ukrajinskih-vojakov-na-hrvaskem\/","og_site_name":"Hudo Slovenija","article_publisher":"https:\/\/www.facebook.com\/hudo.si","article_published_time":"2022-11-22T15:55:52+00:00","og_image":[{"width":1250,"height":788,"url":"https:\/\/hudo.com\/si\/wp-content\/uploads\/sites\/2\/2021\/01\/profimedia-0581670565.jpg","type":"image\/jpeg"}],"author":"A. P., STA","twitter_card":"summary_large_image","twitter_creator":"@hudo_si","twitter_site":"@hudo_si","twitter_misc":{"Written by":"A. P., STA","Est. reading time":"1 minuta"},"schema":{"@context":"https:\/\/schema.org","@graph":[{"@type":"Article","@id":"https:\/\/hudo.com\/si\/aktualno\/svet\/milanovic-zavrnil-soglasje-za-urjenje-ukrajinskih-vojakov-na-hrvaskem\/#article","isPartOf":{"@id":"https:\/\/hudo.com\/si\/aktualno\/svet\/milanovic-zavrnil-soglasje-za-urjenje-ukrajinskih-vojakov-na-hrvaskem\/"},"author":{"name":"A. P., STA","@id":"https:\/\/hudo.com\/si\/#\/schema\/person\/18f09c02475ba9e606e941a565b80cff"},"headline":"Milanovi\u0107 zavrnil soglasje za urjenje ukrajinskih vojakov na Hrva\u0161kem","datePublished":"2022-11-22T15:55:52+00:00","dateModified":"2022-11-22T15:55:52+00:00","mainEntityOfPage":{"@id":"https:\/\/hudo.com\/si\/aktualno\/svet\/milanovic-zavrnil-soglasje-za-urjenje-ukrajinskih-vojakov-na-hrvaskem\/"},"wordCount":193,"publisher":{"@id":"https:\/\/hudo.com\/si\/#organization"},"keywords":["hrva\u0161ka","pomo\u010d ukrajini","Zoran Milanovi\u0107"],"articleSection":["Svet"],"inLanguage":"sl-SI"},{"@type":"WebPage","@id":"https:\/\/hudo.com\/si\/aktualno\/svet\/milanovic-zavrnil-soglasje-za-urjenje-ukrajinskih-vojakov-na-hrvaskem\/","url":"https:\/\/hudo.com\/si\/aktualno\/svet\/milanovic-zavrnil-soglasje-za-urjenje-ukrajinskih-vojakov-na-hrvaskem\/","name":"Milanovi\u0107 zavrnil soglasje za urjenje ukrajinskih vojakov na Hrva\u0161kem - Hudo Slovenija","isPartOf":{"@id":"https:\/\/hudo.com\/si\/#website"},"datePublished":"2022-11-22T15:55:52+00:00","dateModified":"2022-11-22T15:55:52+00:00","breadcrumb":{"@id":"https:\/\/hudo.com\/si\/aktualno\/svet\/milanovic-zavrnil-soglasje-za-urjenje-ukrajinskih-vojakov-na-hrvaskem\/#breadcrumb"},"inLanguage":"sl-SI","potentialAction":[{"@type":"ReadAction","target":["https:\/\/hudo.com\/si\/aktualno\/svet\/milanovic-zavrnil-soglasje-za-urjenje-ukrajinskih-vojakov-na-hrvaskem\/"]}]},{"@type":"BreadcrumbList","@id":"https:\/\/hudo.com\/si\/aktualno\/svet\/milanovic-zavrnil-soglasje-za-urjenje-ukrajinskih-vojakov-na-hrvaskem\/#breadcrumb","itemListElement":[{"@type":"ListItem","position":1,"name":"Home","item":"https:\/\/hudo.com\/si\/"},{"@type":"ListItem","position":2,"name":"Milanovi\u0107 zavrnil soglasje za urjenje ukrajinskih vojakov na Hrva\u0161kem"}]},{"@type":"WebSite","@id":"https:\/\/hudo.com\/si\/#website","url":"https:\/\/hudo.com\/si\/","name":"Hudo Slovenija","description":"Vse novice iz Slovenije in sveta","publisher":{"@id":"https:\/\/hudo.com\/si\/#organization"},"potentialAction":[{"@type":"SearchAction","target":{"@type":"EntryPoint","urlTemplate":"https:\/\/hudo.com\/si\/?s={search_term_string}"},"query-input":"required name=search_term_string"}],"inLanguage":"sl-SI"},{"@type":"Organization","@id":"https:\/\/hudo.com\/si\/#organization","name":"VSN Media","url":"https:\/\/hudo.com\/si\/","logo":{"@type":"ImageObject","inLanguage":"sl-SI","@id":"https:\/\/hudo.com\/si\/#\/schema\/logo\/image\/","url":"https:\/\/hudo.com\/si\/wp-content\/uploads\/sites\/2\/2021\/03\/hudo-app-2.png","contentUrl":"https:\/\/hudo.com\/si\/wp-content\/uploads\/sites\/2\/2021\/03\/hudo-app-2.png","width":2185,"height":2167,"caption":"VSN Media"},"image":{"@id":"https:\/\/hudo.com\/si\/#\/schema\/logo\/image\/"},"sameAs":["https:\/\/www.facebook.com\/hudo.si","https:\/\/twitter.com\/hudo_si"]},{"@type":"Person","@id":"https:\/\/hudo.com\/si\/#\/schema\/person\/18f09c02475ba9e606e941a565b80cff","name":"A. P., STA","image":{"@type":"ImageObject","inLanguage":"sl-SI","@id":"https:\/\/hudo.com\/si\/#\/schema\/person\/image\/","url":"https:\/\/secure.gravatar.com\/avatar\/03eac8e609f5f04383125d80eaeaaf3e?s=96&d=mm&r=g","contentUrl":"https:\/\/secure.gravatar.com\/avatar\/03eac8e609f5f04383125d80eaeaaf3e?s=96&d=mm&r=g","caption":"A. P., STA"},"url":"https:\/\/hudo.com\/si\/author\/lubu\/"}]}},"amp_enabled":true,"_links":{"self":[{"href":"https:\/\/hudo.com\/si\/wp-json\/wp\/v2\/posts\/474710"}],"collection":[{"href":"https:\/\/hudo.com\/si\/wp-json\/wp\/v2\/posts"}],"about":[{"href":"https:\/\/hudo.com\/si\/wp-json\/wp\/v2\/types\/post"}],"author":[{"embeddable":true,"href":"https:\/\/hudo.com\/si\/wp-json\/wp\/v2\/users\/7"}],"replies":[{"embeddable":true,"href":"https:\/\/hudo.com\/si\/wp-json\/wp\/v2\/comments?post=474710"}],"version-history":[{"count":1,"href":"https:\/\/hudo.com\/si\/wp-json\/wp\/v2\/posts\/474710\/revisions"}],"predecessor-version":[{"id":474711,"href":"https:\/\/hudo.com\/si\/wp-json\/wp\/v2\/posts\/474710\/revisions\/474711"}],"wp:featuredmedia":[{"embeddable":true,"href":"https:\/\/hudo.com\/si\/wp-json\/wp\/v2\/media\/443184"}],"wp:attachment":[{"href":"https:\/\/hudo.com\/si\/wp-json\/wp\/v2\/media?parent=474710"}],"wp:term":[{"taxonomy":"category","embeddable":true,"href":"https:\/\/hudo.com\/si\/wp-json\/wp\/v2\/categories?post=474710"},{"taxonomy":"post_tag","embeddable":true,"href":"https:\/\/hudo.com\/si\/wp-json\/wp\/v2\/tags?post=474710"},{"taxonomy":"source","embeddable":true,"href":"https:\/\/hudo.com\/si\/wp-json\/wp\/v2\/source?post=474710"},{"taxonomy":"supertag","embeddable":true,"href":"https:\/\/hudo.com\/si\/wp-json\/wp\/v2\/supertag?post=474710"}],"curies":[{"name":"wp","href":"https:\/\/api.w.org\/{rel}","templated":true}]}}