{"id":474742,"date":"2022-11-23T13:20:03","date_gmt":"2022-11-23T12:20:03","guid":{"rendered":"https:\/\/hudo.com\/si\/?p=474742"},"modified":"2022-11-23T13:20:03","modified_gmt":"2022-11-23T12:20:03","slug":"pred-kijevcani-najhujsa-zima-po-drugi-svetovni-vojni","status":"publish","type":"post","link":"https:\/\/hudo.com\/si\/aktualno\/svet\/pred-kijevcani-najhujsa-zima-po-drugi-svetovni-vojni\/","title":{"rendered":"Pred Kijev\u010dani najhuj\u0161a zima po drugi svetovni vojni"},"content":{"rendered":"<p>Kli\u010dko je dejal, da se mora ukrajinska prestolnica pripraviti na &#8220;najslab\u0161i mo\u017een scenarij&#8221; obse\u017enih izpadov elektri\u010dne energije ob zelo nizkih temperaturah. Po njegovih besedah \u017eeli Putin prebivalce Ukrajine ustrahovati, jih prisiliti, da zmrznejo in ostanejo v temi, ter s tem pritisniti na ukrajinskega predsednika Volodimirja Zelenskega.<\/p>\n<p>&#8220;Vendar se to ne bo zgodilo. Mislim, da bodo ljudje postali samo \u0161e bolj jezni in odlo\u010dni. Ne bomo umrli ali pobegnili,&#8221; je dodal Kli\u010dko in Nem\u010dijo pozval, naj poleg oro\u017eja v Ukrajino nujno po\u0161lje tudi generatorje, za\u0161\u010ditna obla\u010dila in drugo humanitarno blago.<\/p>\n<p>Pred \u017eivljenjsko nevarno zimo v Ukrajini je mednarodno skupnost v ponedeljek sicer opozoril tudi regionalni direktor Svetovne zdravstvene organizacije (WHO) za Evropo Hans Kluge.<\/p>\n<p>WHO je od za\u010detka vojne v Ukrajini zabele\u017eila ve\u010d kot 700 napadov na tamkaj\u0161njo zdravstveno infrastrukturo, kar je Kluge ozna\u010dil za kr\u0161itev mednarodnega humanitarnega prava in pravil vojskovanja. Dodal je, da so ruske sile doslej uni\u010dile ali po\u0161kodovale \u017ee skoraj polovico ukrajinske energetske infrastrukture, kar prav tako vpliva na zdravje ljudi.<\/p>\n<p>Medtem so proruske oblasti na Krimu v torek sporo\u010dile, da je bil polotok tar\u010da napadov z brezpilotnimi letalniki in da so tamkaj\u0161nje ruske sile v stanju pripravljenosti.<\/p>\n<p>Po besedah guvernerja regije Sevastopol Mihaila Razvo\u017eajeva je ruska zra\u010dna obramba dva letalnika sestrelila \u017ee v torek, kasneje pa naj bi ruska \u010drnomorska flota nad morjem v bli\u017eini pristani\u0161kega mesta Sevastopol prestregla \u0161e tri letalnike, navaja dpa.<\/p>\n<p>\u010ceprav napadi ve\u010dje \u0161kode niso povzro\u010dili, pa naj bi ruske sile sprejele previdnostni ukrep in nekatere ladje \u010drnomorske flote premestile v pristani\u0161\u010de Novorusisk na celinski Rusiji.<\/p>\n<p>Sevastopol kot opori\u0161\u010de ruske \u010drnomorske flote sicer velja za strate\u0161ko zelo pomembno za Moskvo. Ukrajina je mesto \u017ee ve\u010dkrat napadla z bojnimi brezpilotnimi letalniki, enkrat pa tudi z daljinsko vodenimi \u010dolni brez posadke.<\/p>\n","protected":false},"excerpt":{"rendered":"<p>Zaradi ruskega obstreljevanja energetske infrastrukture \u010daka tri milijone prebivalcev Kijeva najhuj\u0161a zima po drugi svetovni vojni, je v danes objavljenem komentarju za nem\u0161ki tabloid Bild opozoril \u017eupan mesta Vitalij Kli\u010dko. Ruskega predsednika Vladimirja Putina je obto\u017eil, da sku\u0161a z napadi na civilno infrastrukturo pregnati ljudi iz mesta.<\/p>\n","protected":false},"author":5,"featured_media":474743,"comment_status":"closed","ping_status":"closed","sticky":false,"template":"","format":"standard","meta":{"footnotes":""},"categories":[18202],"tags":[6261,1354,3673,2291,3926],"source":[4511],"supertag":[7150,6103],"acf":[],"yoast_head":"<!-- This site is optimized with the Yoast SEO plugin v21.3 - https:\/\/yoast.com\/wordpress\/plugins\/seo\/ -->\n<title>Pred Kijev\u010dani najhuj\u0161a zima po drugi svetovni vojni - Hudo Slovenija<\/title>\n<meta name=\"robots\" content=\"index, follow, max-snippet:-1, max-image-preview:large, max-video-preview:-1\" \/>\n<link rel=\"canonical\" href=\"https:\/\/hudo.com\/si\/aktualno\/svet\/pred-kijevcani-najhujsa-zima-po-drugi-svetovni-vojni\/\" \/>\n<meta property=\"og:locale\" content=\"sl_SI\" \/>\n<meta property=\"og:type\" content=\"article\" \/>\n<meta property=\"og:title\" content=\"Pred Kijev\u010dani najhuj\u0161a zima po drugi svetovni vojni - Hudo Slovenija\" \/>\n<meta property=\"og:description\" content=\"Zaradi ruskega obstreljevanja energetske infrastrukture \u010daka tri milijone prebivalcev Kijeva najhuj\u0161a zima po drugi svetovni vojni, je v danes objavljenem komentarju za nem\u0161ki tabloid Bild opozoril \u017eupan mesta Vitalij Kli\u010dko. Ruskega predsednika Vladimirja Putina je obto\u017eil, da sku\u0161a z napadi na civilno infrastrukturo pregnati ljudi iz mesta.\" \/>\n<meta property=\"og:url\" content=\"https:\/\/hudo.com\/si\/aktualno\/svet\/pred-kijevcani-najhujsa-zima-po-drugi-svetovni-vojni\/\" \/>\n<meta property=\"og:site_name\" content=\"Hudo Slovenija\" \/>\n<meta property=\"article:publisher\" content=\"https:\/\/www.facebook.com\/hudo.si\" \/>\n<meta property=\"article:published_time\" content=\"2022-11-23T12:20:03+00:00\" \/>\n<meta property=\"og:image\" content=\"https:\/\/hudo.com\/si\/wp-content\/uploads\/sites\/2\/2022\/11\/Screenshot-from-2022-11-23-13-19-37.jpg\" \/>\n\t<meta property=\"og:image:width\" content=\"908\" \/>\n\t<meta property=\"og:image:height\" content=\"602\" \/>\n\t<meta property=\"og:image:type\" content=\"image\/jpeg\" \/>\n<meta name=\"author\" content=\"A. G., STA\" \/>\n<meta name=\"twitter:card\" content=\"summary_large_image\" \/>\n<meta name=\"twitter:creator\" content=\"@hudo_si\" \/>\n<meta name=\"twitter:site\" content=\"@hudo_si\" \/>\n<meta name=\"twitter:label1\" content=\"Written by\" \/>\n\t<meta name=\"twitter:data1\" content=\"A. G., STA\" \/>\n\t<meta name=\"twitter:label2\" content=\"Est. reading time\" \/>\n\t<meta name=\"twitter:data2\" content=\"2 minuti\" \/>\n<script type=\"application\/ld+json\" class=\"yoast-schema-graph\">{\"@context\":\"https:\/\/schema.org\",\"@graph\":[{\"@type\":\"Article\",\"@id\":\"https:\/\/hudo.com\/si\/aktualno\/svet\/pred-kijevcani-najhujsa-zima-po-drugi-svetovni-vojni\/#article\",\"isPartOf\":{\"@id\":\"https:\/\/hudo.com\/si\/aktualno\/svet\/pred-kijevcani-najhujsa-zima-po-drugi-svetovni-vojni\/\"},\"author\":{\"name\":\"A. G., STA\",\"@id\":\"https:\/\/hudo.com\/si\/#\/schema\/person\/2391667a63ea075ba94f2f2dc6b77537\"},\"headline\":\"Pred Kijev\u010dani najhuj\u0161a zima po drugi svetovni vojni\",\"datePublished\":\"2022-11-23T12:20:03+00:00\",\"dateModified\":\"2022-11-23T12:20:03+00:00\",\"mainEntityOfPage\":{\"@id\":\"https:\/\/hudo.com\/si\/aktualno\/svet\/pred-kijevcani-najhujsa-zima-po-drugi-svetovni-vojni\/\"},\"wordCount\":328,\"publisher\":{\"@id\":\"https:\/\/hudo.com\/si\/#organization\"},\"keywords\":[\"elektrika\",\"Rusija\",\"ukrajina\",\"vojna\",\"zima\"],\"articleSection\":[\"Svet\"],\"inLanguage\":\"sl-SI\"},{\"@type\":\"WebPage\",\"@id\":\"https:\/\/hudo.com\/si\/aktualno\/svet\/pred-kijevcani-najhujsa-zima-po-drugi-svetovni-vojni\/\",\"url\":\"https:\/\/hudo.com\/si\/aktualno\/svet\/pred-kijevcani-najhujsa-zima-po-drugi-svetovni-vojni\/\",\"name\":\"Pred Kijev\u010dani najhuj\u0161a zima po drugi svetovni vojni - Hudo Slovenija\",\"isPartOf\":{\"@id\":\"https:\/\/hudo.com\/si\/#website\"},\"datePublished\":\"2022-11-23T12:20:03+00:00\",\"dateModified\":\"2022-11-23T12:20:03+00:00\",\"breadcrumb\":{\"@id\":\"https:\/\/hudo.com\/si\/aktualno\/svet\/pred-kijevcani-najhujsa-zima-po-drugi-svetovni-vojni\/#breadcrumb\"},\"inLanguage\":\"sl-SI\",\"potentialAction\":[{\"@type\":\"ReadAction\",\"target\":[\"https:\/\/hudo.com\/si\/aktualno\/svet\/pred-kijevcani-najhujsa-zima-po-drugi-svetovni-vojni\/\"]}]},{\"@type\":\"BreadcrumbList\",\"@id\":\"https:\/\/hudo.com\/si\/aktualno\/svet\/pred-kijevcani-najhujsa-zima-po-drugi-svetovni-vojni\/#breadcrumb\",\"itemListElement\":[{\"@type\":\"ListItem\",\"position\":1,\"name\":\"Home\",\"item\":\"https:\/\/hudo.com\/si\/\"},{\"@type\":\"ListItem\",\"position\":2,\"name\":\"Pred Kijev\u010dani najhuj\u0161a zima po drugi svetovni vojni\"}]},{\"@type\":\"WebSite\",\"@id\":\"https:\/\/hudo.com\/si\/#website\",\"url\":\"https:\/\/hudo.com\/si\/\",\"name\":\"Hudo Slovenija\",\"description\":\"Vse novice iz Slovenije in sveta\",\"publisher\":{\"@id\":\"https:\/\/hudo.com\/si\/#organization\"},\"potentialAction\":[{\"@type\":\"SearchAction\",\"target\":{\"@type\":\"EntryPoint\",\"urlTemplate\":\"https:\/\/hudo.com\/si\/?s={search_term_string}\"},\"query-input\":\"required name=search_term_string\"}],\"inLanguage\":\"sl-SI\"},{\"@type\":\"Organization\",\"@id\":\"https:\/\/hudo.com\/si\/#organization\",\"name\":\"VSN Media\",\"url\":\"https:\/\/hudo.com\/si\/\",\"logo\":{\"@type\":\"ImageObject\",\"inLanguage\":\"sl-SI\",\"@id\":\"https:\/\/hudo.com\/si\/#\/schema\/logo\/image\/\",\"url\":\"https:\/\/hudo.com\/si\/wp-content\/uploads\/sites\/2\/2021\/03\/hudo-app-2.png\",\"contentUrl\":\"https:\/\/hudo.com\/si\/wp-content\/uploads\/sites\/2\/2021\/03\/hudo-app-2.png\",\"width\":2185,\"height\":2167,\"caption\":\"VSN Media\"},\"image\":{\"@id\":\"https:\/\/hudo.com\/si\/#\/schema\/logo\/image\/\"},\"sameAs\":[\"https:\/\/www.facebook.com\/hudo.si\",\"https:\/\/twitter.com\/hudo_si\"]},{\"@type\":\"Person\",\"@id\":\"https:\/\/hudo.com\/si\/#\/schema\/person\/2391667a63ea075ba94f2f2dc6b77537\",\"name\":\"A. G., STA\",\"image\":{\"@type\":\"ImageObject\",\"inLanguage\":\"sl-SI\",\"@id\":\"https:\/\/hudo.com\/si\/#\/schema\/person\/image\/\",\"url\":\"https:\/\/secure.gravatar.com\/avatar\/e13d22ac3e442658d5025fbbe6238a79?s=96&d=mm&r=g\",\"contentUrl\":\"https:\/\/secure.gravatar.com\/avatar\/e13d22ac3e442658d5025fbbe6238a79?s=96&d=mm&r=g\",\"caption\":\"A. G., STA\"},\"url\":\"https:\/\/hudo.com\/si\/author\/alenka\/\"}]}<\/script>\n<!-- \/ Yoast SEO plugin. -->","yoast_head_json":{"title":"Pred Kijev\u010dani najhuj\u0161a zima po drugi svetovni vojni - Hudo Slovenija","robots":{"index":"index","follow":"follow","max-snippet":"max-snippet:-1","max-image-preview":"max-image-preview:large","max-video-preview":"max-video-preview:-1"},"canonical":"https:\/\/hudo.com\/si\/aktualno\/svet\/pred-kijevcani-najhujsa-zima-po-drugi-svetovni-vojni\/","og_locale":"sl_SI","og_type":"article","og_title":"Pred Kijev\u010dani najhuj\u0161a zima po drugi svetovni vojni - Hudo Slovenija","og_description":"Zaradi ruskega obstreljevanja energetske infrastrukture \u010daka tri milijone prebivalcev Kijeva najhuj\u0161a zima po drugi svetovni vojni, je v danes objavljenem komentarju za nem\u0161ki tabloid Bild opozoril \u017eupan mesta Vitalij Kli\u010dko. Ruskega predsednika Vladimirja Putina je obto\u017eil, da sku\u0161a z napadi na civilno infrastrukturo pregnati ljudi iz mesta.","og_url":"https:\/\/hudo.com\/si\/aktualno\/svet\/pred-kijevcani-najhujsa-zima-po-drugi-svetovni-vojni\/","og_site_name":"Hudo Slovenija","article_publisher":"https:\/\/www.facebook.com\/hudo.si","article_published_time":"2022-11-23T12:20:03+00:00","og_image":[{"width":908,"height":602,"url":"https:\/\/hudo.com\/si\/wp-content\/uploads\/sites\/2\/2022\/11\/Screenshot-from-2022-11-23-13-19-37.jpg","type":"image\/jpeg"}],"author":"A. G., STA","twitter_card":"summary_large_image","twitter_creator":"@hudo_si","twitter_site":"@hudo_si","twitter_misc":{"Written by":"A. G., STA","Est. reading time":"2 minuti"},"schema":{"@context":"https:\/\/schema.org","@graph":[{"@type":"Article","@id":"https:\/\/hudo.com\/si\/aktualno\/svet\/pred-kijevcani-najhujsa-zima-po-drugi-svetovni-vojni\/#article","isPartOf":{"@id":"https:\/\/hudo.com\/si\/aktualno\/svet\/pred-kijevcani-najhujsa-zima-po-drugi-svetovni-vojni\/"},"author":{"name":"A. G., STA","@id":"https:\/\/hudo.com\/si\/#\/schema\/person\/2391667a63ea075ba94f2f2dc6b77537"},"headline":"Pred Kijev\u010dani najhuj\u0161a zima po drugi svetovni vojni","datePublished":"2022-11-23T12:20:03+00:00","dateModified":"2022-11-23T12:20:03+00:00","mainEntityOfPage":{"@id":"https:\/\/hudo.com\/si\/aktualno\/svet\/pred-kijevcani-najhujsa-zima-po-drugi-svetovni-vojni\/"},"wordCount":328,"publisher":{"@id":"https:\/\/hudo.com\/si\/#organization"},"keywords":["elektrika","Rusija","ukrajina","vojna","zima"],"articleSection":["Svet"],"inLanguage":"sl-SI"},{"@type":"WebPage","@id":"https:\/\/hudo.com\/si\/aktualno\/svet\/pred-kijevcani-najhujsa-zima-po-drugi-svetovni-vojni\/","url":"https:\/\/hudo.com\/si\/aktualno\/svet\/pred-kijevcani-najhujsa-zima-po-drugi-svetovni-vojni\/","name":"Pred Kijev\u010dani najhuj\u0161a zima po drugi svetovni vojni - Hudo Slovenija","isPartOf":{"@id":"https:\/\/hudo.com\/si\/#website"},"datePublished":"2022-11-23T12:20:03+00:00","dateModified":"2022-11-23T12:20:03+00:00","breadcrumb":{"@id":"https:\/\/hudo.com\/si\/aktualno\/svet\/pred-kijevcani-najhujsa-zima-po-drugi-svetovni-vojni\/#breadcrumb"},"inLanguage":"sl-SI","potentialAction":[{"@type":"ReadAction","target":["https:\/\/hudo.com\/si\/aktualno\/svet\/pred-kijevcani-najhujsa-zima-po-drugi-svetovni-vojni\/"]}]},{"@type":"BreadcrumbList","@id":"https:\/\/hudo.com\/si\/aktualno\/svet\/pred-kijevcani-najhujsa-zima-po-drugi-svetovni-vojni\/#breadcrumb","itemListElement":[{"@type":"ListItem","position":1,"name":"Home","item":"https:\/\/hudo.com\/si\/"},{"@type":"ListItem","position":2,"name":"Pred Kijev\u010dani najhuj\u0161a zima po drugi svetovni vojni"}]},{"@type":"WebSite","@id":"https:\/\/hudo.com\/si\/#website","url":"https:\/\/hudo.com\/si\/","name":"Hudo Slovenija","description":"Vse novice iz Slovenije in sveta","publisher":{"@id":"https:\/\/hudo.com\/si\/#organization"},"potentialAction":[{"@type":"SearchAction","target":{"@type":"EntryPoint","urlTemplate":"https:\/\/hudo.com\/si\/?s={search_term_string}"},"query-input":"required name=search_term_string"}],"inLanguage":"sl-SI"},{"@type":"Organization","@id":"https:\/\/hudo.com\/si\/#organization","name":"VSN Media","url":"https:\/\/hudo.com\/si\/","logo":{"@type":"ImageObject","inLanguage":"sl-SI","@id":"https:\/\/hudo.com\/si\/#\/schema\/logo\/image\/","url":"https:\/\/hudo.com\/si\/wp-content\/uploads\/sites\/2\/2021\/03\/hudo-app-2.png","contentUrl":"https:\/\/hudo.com\/si\/wp-content\/uploads\/sites\/2\/2021\/03\/hudo-app-2.png","width":2185,"height":2167,"caption":"VSN Media"},"image":{"@id":"https:\/\/hudo.com\/si\/#\/schema\/logo\/image\/"},"sameAs":["https:\/\/www.facebook.com\/hudo.si","https:\/\/twitter.com\/hudo_si"]},{"@type":"Person","@id":"https:\/\/hudo.com\/si\/#\/schema\/person\/2391667a63ea075ba94f2f2dc6b77537","name":"A. G., STA","image":{"@type":"ImageObject","inLanguage":"sl-SI","@id":"https:\/\/hudo.com\/si\/#\/schema\/person\/image\/","url":"https:\/\/secure.gravatar.com\/avatar\/e13d22ac3e442658d5025fbbe6238a79?s=96&d=mm&r=g","contentUrl":"https:\/\/secure.gravatar.com\/avatar\/e13d22ac3e442658d5025fbbe6238a79?s=96&d=mm&r=g","caption":"A. G., STA"},"url":"https:\/\/hudo.com\/si\/author\/alenka\/"}]}},"amp_enabled":true,"_links":{"self":[{"href":"https:\/\/hudo.com\/si\/wp-json\/wp\/v2\/posts\/474742"}],"collection":[{"href":"https:\/\/hudo.com\/si\/wp-json\/wp\/v2\/posts"}],"about":[{"href":"https:\/\/hudo.com\/si\/wp-json\/wp\/v2\/types\/post"}],"author":[{"embeddable":true,"href":"https:\/\/hudo.com\/si\/wp-json\/wp\/v2\/users\/5"}],"replies":[{"embeddable":true,"href":"https:\/\/hudo.com\/si\/wp-json\/wp\/v2\/comments?post=474742"}],"version-history":[{"count":1,"href":"https:\/\/hudo.com\/si\/wp-json\/wp\/v2\/posts\/474742\/revisions"}],"predecessor-version":[{"id":474744,"href":"https:\/\/hudo.com\/si\/wp-json\/wp\/v2\/posts\/474742\/revisions\/474744"}],"wp:featuredmedia":[{"embeddable":true,"href":"https:\/\/hudo.com\/si\/wp-json\/wp\/v2\/media\/474743"}],"wp:attachment":[{"href":"https:\/\/hudo.com\/si\/wp-json\/wp\/v2\/media?parent=474742"}],"wp:term":[{"taxonomy":"category","embeddable":true,"href":"https:\/\/hudo.com\/si\/wp-json\/wp\/v2\/categories?post=474742"},{"taxonomy":"post_tag","embeddable":true,"href":"https:\/\/hudo.com\/si\/wp-json\/wp\/v2\/tags?post=474742"},{"taxonomy":"source","embeddable":true,"href":"https:\/\/hudo.com\/si\/wp-json\/wp\/v2\/source?post=474742"},{"taxonomy":"supertag","embeddable":true,"href":"https:\/\/hudo.com\/si\/wp-json\/wp\/v2\/supertag?post=474742"}],"curies":[{"name":"wp","href":"https:\/\/api.w.org\/{rel}","templated":true}]}}