{"id":474814,"date":"2022-11-26T08:40:44","date_gmt":"2022-11-26T07:40:44","guid":{"rendered":"https:\/\/hudo.com\/si\/?p=474814"},"modified":"2022-11-26T08:40:44","modified_gmt":"2022-11-26T07:40:44","slug":"je-slovenija-pripravljena-na-vecji-izpad-elektrike","status":"publish","type":"post","link":"https:\/\/hudo.com\/si\/aktualno\/slovenija\/je-slovenija-pripravljena-na-vecji-izpad-elektrike\/","title":{"rendered":"Je Slovenija pripravljena na ve\u010dji izpad elektrike?"},"content":{"rendered":"<p>Scenarij e-armagedon, ki zajema dolgotrajni izpad na geografsko \u0161irokem obmo\u010dju, je malo verjeten, a vedno bolj realen, je na \u010detrtkovi predstavitvi raziskave opozoril vodja projekta in obramboslovec Iztok Prezelj. Moderna dru\u017eba je pri svojem delovanju namre\u010d vedno bolj odvisna od elektri\u010dne energije, njeno pomanjkanje pa bi lahko vodilo v kaos in veliko \u0161kodo.<\/p>\n<p>Avtorji raziskave Scenarij E-armagedon: dru\u017ebene posledice ve\u010djih izpadov elektri\u010dne energije so zato preu\u010dili, koliko smo v Sloveniji odporni na ve\u010dje izpade elektri\u010dne energije in katere tipi\u010dne posledice povzro\u010dijo ve\u010dji izpadi elektri\u010dne energije.<\/p>\n<p>V okviru raziskave so pregledali nekaj konkretnih primerov ve\u010djih izpadov elektri\u010dne energije doma in po svetu. Analiza je pokazala, da so vzroki za tovrstne incidente razli\u010dni, lahko so posledica naravnih nesre\u010d, napak znotraj omre\u017eja ali namernega \u010dlove\u0161kega dejanja, kot so hekerski teroristi\u010dni ali voja\u0161ki napadi, je pojasnil Klemen Kocjan\u010di\u010d iz obramboslovnega raziskovalnega centra FDV. Posledice so bile obse\u017ene in v ve\u010dini primerov zelo podobne, javni transport je prenehal delovati, pove\u010dalo se je \u0161tevilo ropov in vlomov, ljudje so obti\u010dali v dvigalih, zgodile so se nesre\u010de, restavracije niso mogle pripravljati hrane, zdravstvene ustanove so se morale zana\u0161ati na generatorje, je predstavil Kocijan\u010di\u010d. Raziskava je ob tem pokazala, da so bile posledice v bolj razvitih dr\u017eavah tipi\u010dno bistveno hitreje odpravljene kot v dr\u017eavah v razvoju.<\/p>\n<p>Raziskovalci so se obenem podali na teren ter med februarjem in decembrom lani intervjuvali predstavnike 58 institucij iz 14 razli\u010dnih sektorjev, je dejala raziskovalka Anja Kolak. \u017deleli so pridobiti konkretne podatke, na podlagi katerih so pripravili ocene pripravljenosti institucij in sektorjev z vidika vpliva izpada elektri\u010dne energije na njihovo delovanje, ljudi in posledi\u010dno celotno dru\u017ebo.<\/p>\n<p>Kot so ugotovili, je Slovenija razmeroma pripravljena na scenarij ve\u010djega izpada elektrike, kar je posledica sistemati\u010dne uporabe brezprekinitvenih sistemov napajanja (UPS) in generatorjev elektrike. A v primeru dolgotrajnega izpada bi tudi ta sistem za\u010del pokati, je opozoril Prezelj. Ozko grlo bi bila dobava potrebne nafte oz. njena distribucija. Prav tako ti generatorji velikokrat niso namenjeni ve\u010ddnevni ali celo tedenski uporabi. Marsikje generatorji niti ne pokrivajo celotne institucije.<\/p>\n<p>Raziskava je obenem pokazala, da institucije razmi\u0161ljajo o nevarnosti izpada elektrike, a ta praviloma ni visoko na lestvici tveganj. Prenizka je tudi ozave\u0161\u010denost prebivalstva, \u010deprav so dogodki, kot je \u017eledolom iz leta 2014, nekoliko okrepili to zavedanje.<\/p>\n<p>Kot najbolj kriti\u010den del dru\u017ebe so se pokazala gospodinjstva, je izpostavil Prezelj. Ve\u010dina teh nima lastnih generatorjev, z izpadom elektrike pa bi se tako domovi soo\u010dili s te\u017eavami pri kuhanju, ogrevanju oz. hlajenju in dostopu do tople vode. Dodatna ovira bi bil izpad telekomunikacijskih naprav.<\/p>\n<p>Avtorji raziskave so zato pripravili nekaj priporo\u010dil, kako pove\u010dati odpornost dru\u017ebe na morebitni e-armagedon. Dru\u017ebeno pomembne institucije morajo okrepiti svojo pozornost na scenarij izpada elektrike in ga vklju\u010diti v svoje na\u010drte, prav tako je treba okrepiti in zagotoviti ve\u010djo samozadostnost doma\u010dega elektri\u010dnega sistema. Med splo\u0161nim prebivalstvom je treba okrepiti zavedanje o pomenu stalne oskrbe z elektri\u010dno energijo in prebivalce spodbujati k nakupom elektroagregatov. Spodbujati je treba tudi ohranjanje klasi\u010dnih kurilnih naprav na drva. Med drugim svetujejo tudi redno testiranje generatorjev, kar nekatere institucije sicer \u017ee po\u010dnejo, je \u0161e pojasnil Prezelj.<\/p>\n","protected":false},"excerpt":{"rendered":"<p>Slovenija je razmeroma pripravljena na scenarij ve\u010djega izpada elektri\u010dne energije oz. t. i. E-armagedon, ugotavljajo raziskovalci ljubljanske Fakultete za dru\u017ebene vede (FDV). Najve\u010d te\u017eav bi v takem primeru imela gospodinjstva, ki bi se soo\u010dila s te\u017eavami pri ogrevanju, kuhanju in s pomanjkanjem tople vode, so \u0161e opozorili avtorji raziskave.<\/p>\n","protected":false},"author":5,"featured_media":474815,"comment_status":"closed","ping_status":"closed","sticky":false,"template":"","format":"standard","meta":{"footnotes":""},"categories":[18201],"tags":[4533,20108,1538,1595],"source":[4511],"supertag":[5675,16390],"acf":[],"yoast_head":"<!-- This site is optimized with the Yoast SEO plugin v21.3 - https:\/\/yoast.com\/wordpress\/plugins\/seo\/ -->\n<title>Je Slovenija pripravljena na ve\u010dji izpad elektrike? - Hudo Slovenija<\/title>\n<meta name=\"robots\" content=\"index, follow, max-snippet:-1, max-image-preview:large, max-video-preview:-1\" \/>\n<link rel=\"canonical\" href=\"https:\/\/hudo.com\/si\/aktualno\/slovenija\/je-slovenija-pripravljena-na-vecji-izpad-elektrike\/\" \/>\n<meta property=\"og:locale\" content=\"sl_SI\" \/>\n<meta property=\"og:type\" content=\"article\" \/>\n<meta property=\"og:title\" content=\"Je Slovenija pripravljena na ve\u010dji izpad elektrike? - Hudo Slovenija\" \/>\n<meta property=\"og:description\" content=\"Slovenija je razmeroma pripravljena na scenarij ve\u010djega izpada elektri\u010dne energije oz. t. i. E-armagedon, ugotavljajo raziskovalci ljubljanske Fakultete za dru\u017ebene vede (FDV). Najve\u010d te\u017eav bi v takem primeru imela gospodinjstva, ki bi se soo\u010dila s te\u017eavami pri ogrevanju, kuhanju in s pomanjkanjem tople vode, so \u0161e opozorili avtorji raziskave.\" \/>\n<meta property=\"og:url\" content=\"https:\/\/hudo.com\/si\/aktualno\/slovenija\/je-slovenija-pripravljena-na-vecji-izpad-elektrike\/\" \/>\n<meta property=\"og:site_name\" content=\"Hudo Slovenija\" \/>\n<meta property=\"article:publisher\" content=\"https:\/\/www.facebook.com\/hudo.si\" \/>\n<meta property=\"article:published_time\" content=\"2022-11-26T07:40:44+00:00\" \/>\n<meta property=\"og:image\" content=\"https:\/\/hudo.com\/si\/wp-content\/uploads\/sites\/2\/2022\/11\/Screenshot-from-2022-11-26-08-39-56.jpg\" \/>\n\t<meta property=\"og:image:width\" content=\"908\" \/>\n\t<meta property=\"og:image:height\" content=\"602\" \/>\n\t<meta property=\"og:image:type\" content=\"image\/jpeg\" \/>\n<meta name=\"author\" content=\"A. G., STA\" \/>\n<meta name=\"twitter:card\" content=\"summary_large_image\" \/>\n<meta name=\"twitter:creator\" content=\"@hudo_si\" \/>\n<meta name=\"twitter:site\" content=\"@hudo_si\" \/>\n<meta name=\"twitter:label1\" content=\"Written by\" \/>\n\t<meta name=\"twitter:data1\" content=\"A. G., STA\" \/>\n\t<meta name=\"twitter:label2\" content=\"Est. reading time\" \/>\n\t<meta name=\"twitter:data2\" content=\"3 minute\" \/>\n<script type=\"application\/ld+json\" class=\"yoast-schema-graph\">{\"@context\":\"https:\/\/schema.org\",\"@graph\":[{\"@type\":\"Article\",\"@id\":\"https:\/\/hudo.com\/si\/aktualno\/slovenija\/je-slovenija-pripravljena-na-vecji-izpad-elektrike\/#article\",\"isPartOf\":{\"@id\":\"https:\/\/hudo.com\/si\/aktualno\/slovenija\/je-slovenija-pripravljena-na-vecji-izpad-elektrike\/\"},\"author\":{\"name\":\"A. G., STA\",\"@id\":\"https:\/\/hudo.com\/si\/#\/schema\/person\/2391667a63ea075ba94f2f2dc6b77537\"},\"headline\":\"Je Slovenija pripravljena na ve\u010dji izpad elektrike?\",\"datePublished\":\"2022-11-26T07:40:44+00:00\",\"dateModified\":\"2022-11-26T07:40:44+00:00\",\"mainEntityOfPage\":{\"@id\":\"https:\/\/hudo.com\/si\/aktualno\/slovenija\/je-slovenija-pripravljena-na-vecji-izpad-elektrike\/\"},\"wordCount\":566,\"publisher\":{\"@id\":\"https:\/\/hudo.com\/si\/#organization\"},\"keywords\":[\"energetika\",\"energetska kriza\",\"raziskava\",\"Slovenija\"],\"articleSection\":[\"Slovenija\"],\"inLanguage\":\"sl-SI\"},{\"@type\":\"WebPage\",\"@id\":\"https:\/\/hudo.com\/si\/aktualno\/slovenija\/je-slovenija-pripravljena-na-vecji-izpad-elektrike\/\",\"url\":\"https:\/\/hudo.com\/si\/aktualno\/slovenija\/je-slovenija-pripravljena-na-vecji-izpad-elektrike\/\",\"name\":\"Je Slovenija pripravljena na ve\u010dji izpad elektrike? - Hudo Slovenija\",\"isPartOf\":{\"@id\":\"https:\/\/hudo.com\/si\/#website\"},\"datePublished\":\"2022-11-26T07:40:44+00:00\",\"dateModified\":\"2022-11-26T07:40:44+00:00\",\"breadcrumb\":{\"@id\":\"https:\/\/hudo.com\/si\/aktualno\/slovenija\/je-slovenija-pripravljena-na-vecji-izpad-elektrike\/#breadcrumb\"},\"inLanguage\":\"sl-SI\",\"potentialAction\":[{\"@type\":\"ReadAction\",\"target\":[\"https:\/\/hudo.com\/si\/aktualno\/slovenija\/je-slovenija-pripravljena-na-vecji-izpad-elektrike\/\"]}]},{\"@type\":\"BreadcrumbList\",\"@id\":\"https:\/\/hudo.com\/si\/aktualno\/slovenija\/je-slovenija-pripravljena-na-vecji-izpad-elektrike\/#breadcrumb\",\"itemListElement\":[{\"@type\":\"ListItem\",\"position\":1,\"name\":\"Home\",\"item\":\"https:\/\/hudo.com\/si\/\"},{\"@type\":\"ListItem\",\"position\":2,\"name\":\"Je Slovenija pripravljena na ve\u010dji izpad elektrike?\"}]},{\"@type\":\"WebSite\",\"@id\":\"https:\/\/hudo.com\/si\/#website\",\"url\":\"https:\/\/hudo.com\/si\/\",\"name\":\"Hudo Slovenija\",\"description\":\"Vse novice iz Slovenije in sveta\",\"publisher\":{\"@id\":\"https:\/\/hudo.com\/si\/#organization\"},\"potentialAction\":[{\"@type\":\"SearchAction\",\"target\":{\"@type\":\"EntryPoint\",\"urlTemplate\":\"https:\/\/hudo.com\/si\/?s={search_term_string}\"},\"query-input\":\"required name=search_term_string\"}],\"inLanguage\":\"sl-SI\"},{\"@type\":\"Organization\",\"@id\":\"https:\/\/hudo.com\/si\/#organization\",\"name\":\"VSN Media\",\"url\":\"https:\/\/hudo.com\/si\/\",\"logo\":{\"@type\":\"ImageObject\",\"inLanguage\":\"sl-SI\",\"@id\":\"https:\/\/hudo.com\/si\/#\/schema\/logo\/image\/\",\"url\":\"https:\/\/hudo.com\/si\/wp-content\/uploads\/sites\/2\/2021\/03\/hudo-app-2.png\",\"contentUrl\":\"https:\/\/hudo.com\/si\/wp-content\/uploads\/sites\/2\/2021\/03\/hudo-app-2.png\",\"width\":2185,\"height\":2167,\"caption\":\"VSN Media\"},\"image\":{\"@id\":\"https:\/\/hudo.com\/si\/#\/schema\/logo\/image\/\"},\"sameAs\":[\"https:\/\/www.facebook.com\/hudo.si\",\"https:\/\/twitter.com\/hudo_si\"]},{\"@type\":\"Person\",\"@id\":\"https:\/\/hudo.com\/si\/#\/schema\/person\/2391667a63ea075ba94f2f2dc6b77537\",\"name\":\"A. G., STA\",\"image\":{\"@type\":\"ImageObject\",\"inLanguage\":\"sl-SI\",\"@id\":\"https:\/\/hudo.com\/si\/#\/schema\/person\/image\/\",\"url\":\"https:\/\/secure.gravatar.com\/avatar\/e13d22ac3e442658d5025fbbe6238a79?s=96&d=mm&r=g\",\"contentUrl\":\"https:\/\/secure.gravatar.com\/avatar\/e13d22ac3e442658d5025fbbe6238a79?s=96&d=mm&r=g\",\"caption\":\"A. G., STA\"},\"url\":\"https:\/\/hudo.com\/si\/author\/alenka\/\"}]}<\/script>\n<!-- \/ Yoast SEO plugin. -->","yoast_head_json":{"title":"Je Slovenija pripravljena na ve\u010dji izpad elektrike? - Hudo Slovenija","robots":{"index":"index","follow":"follow","max-snippet":"max-snippet:-1","max-image-preview":"max-image-preview:large","max-video-preview":"max-video-preview:-1"},"canonical":"https:\/\/hudo.com\/si\/aktualno\/slovenija\/je-slovenija-pripravljena-na-vecji-izpad-elektrike\/","og_locale":"sl_SI","og_type":"article","og_title":"Je Slovenija pripravljena na ve\u010dji izpad elektrike? - Hudo Slovenija","og_description":"Slovenija je razmeroma pripravljena na scenarij ve\u010djega izpada elektri\u010dne energije oz. t. i. E-armagedon, ugotavljajo raziskovalci ljubljanske Fakultete za dru\u017ebene vede (FDV). Najve\u010d te\u017eav bi v takem primeru imela gospodinjstva, ki bi se soo\u010dila s te\u017eavami pri ogrevanju, kuhanju in s pomanjkanjem tople vode, so \u0161e opozorili avtorji raziskave.","og_url":"https:\/\/hudo.com\/si\/aktualno\/slovenija\/je-slovenija-pripravljena-na-vecji-izpad-elektrike\/","og_site_name":"Hudo Slovenija","article_publisher":"https:\/\/www.facebook.com\/hudo.si","article_published_time":"2022-11-26T07:40:44+00:00","og_image":[{"width":908,"height":602,"url":"https:\/\/hudo.com\/si\/wp-content\/uploads\/sites\/2\/2022\/11\/Screenshot-from-2022-11-26-08-39-56.jpg","type":"image\/jpeg"}],"author":"A. G., STA","twitter_card":"summary_large_image","twitter_creator":"@hudo_si","twitter_site":"@hudo_si","twitter_misc":{"Written by":"A. G., STA","Est. reading time":"3 minute"},"schema":{"@context":"https:\/\/schema.org","@graph":[{"@type":"Article","@id":"https:\/\/hudo.com\/si\/aktualno\/slovenija\/je-slovenija-pripravljena-na-vecji-izpad-elektrike\/#article","isPartOf":{"@id":"https:\/\/hudo.com\/si\/aktualno\/slovenija\/je-slovenija-pripravljena-na-vecji-izpad-elektrike\/"},"author":{"name":"A. G., STA","@id":"https:\/\/hudo.com\/si\/#\/schema\/person\/2391667a63ea075ba94f2f2dc6b77537"},"headline":"Je Slovenija pripravljena na ve\u010dji izpad elektrike?","datePublished":"2022-11-26T07:40:44+00:00","dateModified":"2022-11-26T07:40:44+00:00","mainEntityOfPage":{"@id":"https:\/\/hudo.com\/si\/aktualno\/slovenija\/je-slovenija-pripravljena-na-vecji-izpad-elektrike\/"},"wordCount":566,"publisher":{"@id":"https:\/\/hudo.com\/si\/#organization"},"keywords":["energetika","energetska kriza","raziskava","Slovenija"],"articleSection":["Slovenija"],"inLanguage":"sl-SI"},{"@type":"WebPage","@id":"https:\/\/hudo.com\/si\/aktualno\/slovenija\/je-slovenija-pripravljena-na-vecji-izpad-elektrike\/","url":"https:\/\/hudo.com\/si\/aktualno\/slovenija\/je-slovenija-pripravljena-na-vecji-izpad-elektrike\/","name":"Je Slovenija pripravljena na ve\u010dji izpad elektrike? - Hudo Slovenija","isPartOf":{"@id":"https:\/\/hudo.com\/si\/#website"},"datePublished":"2022-11-26T07:40:44+00:00","dateModified":"2022-11-26T07:40:44+00:00","breadcrumb":{"@id":"https:\/\/hudo.com\/si\/aktualno\/slovenija\/je-slovenija-pripravljena-na-vecji-izpad-elektrike\/#breadcrumb"},"inLanguage":"sl-SI","potentialAction":[{"@type":"ReadAction","target":["https:\/\/hudo.com\/si\/aktualno\/slovenija\/je-slovenija-pripravljena-na-vecji-izpad-elektrike\/"]}]},{"@type":"BreadcrumbList","@id":"https:\/\/hudo.com\/si\/aktualno\/slovenija\/je-slovenija-pripravljena-na-vecji-izpad-elektrike\/#breadcrumb","itemListElement":[{"@type":"ListItem","position":1,"name":"Home","item":"https:\/\/hudo.com\/si\/"},{"@type":"ListItem","position":2,"name":"Je Slovenija pripravljena na ve\u010dji izpad elektrike?"}]},{"@type":"WebSite","@id":"https:\/\/hudo.com\/si\/#website","url":"https:\/\/hudo.com\/si\/","name":"Hudo Slovenija","description":"Vse novice iz Slovenije in sveta","publisher":{"@id":"https:\/\/hudo.com\/si\/#organization"},"potentialAction":[{"@type":"SearchAction","target":{"@type":"EntryPoint","urlTemplate":"https:\/\/hudo.com\/si\/?s={search_term_string}"},"query-input":"required name=search_term_string"}],"inLanguage":"sl-SI"},{"@type":"Organization","@id":"https:\/\/hudo.com\/si\/#organization","name":"VSN Media","url":"https:\/\/hudo.com\/si\/","logo":{"@type":"ImageObject","inLanguage":"sl-SI","@id":"https:\/\/hudo.com\/si\/#\/schema\/logo\/image\/","url":"https:\/\/hudo.com\/si\/wp-content\/uploads\/sites\/2\/2021\/03\/hudo-app-2.png","contentUrl":"https:\/\/hudo.com\/si\/wp-content\/uploads\/sites\/2\/2021\/03\/hudo-app-2.png","width":2185,"height":2167,"caption":"VSN Media"},"image":{"@id":"https:\/\/hudo.com\/si\/#\/schema\/logo\/image\/"},"sameAs":["https:\/\/www.facebook.com\/hudo.si","https:\/\/twitter.com\/hudo_si"]},{"@type":"Person","@id":"https:\/\/hudo.com\/si\/#\/schema\/person\/2391667a63ea075ba94f2f2dc6b77537","name":"A. G., STA","image":{"@type":"ImageObject","inLanguage":"sl-SI","@id":"https:\/\/hudo.com\/si\/#\/schema\/person\/image\/","url":"https:\/\/secure.gravatar.com\/avatar\/e13d22ac3e442658d5025fbbe6238a79?s=96&d=mm&r=g","contentUrl":"https:\/\/secure.gravatar.com\/avatar\/e13d22ac3e442658d5025fbbe6238a79?s=96&d=mm&r=g","caption":"A. G., STA"},"url":"https:\/\/hudo.com\/si\/author\/alenka\/"}]}},"amp_enabled":true,"_links":{"self":[{"href":"https:\/\/hudo.com\/si\/wp-json\/wp\/v2\/posts\/474814"}],"collection":[{"href":"https:\/\/hudo.com\/si\/wp-json\/wp\/v2\/posts"}],"about":[{"href":"https:\/\/hudo.com\/si\/wp-json\/wp\/v2\/types\/post"}],"author":[{"embeddable":true,"href":"https:\/\/hudo.com\/si\/wp-json\/wp\/v2\/users\/5"}],"replies":[{"embeddable":true,"href":"https:\/\/hudo.com\/si\/wp-json\/wp\/v2\/comments?post=474814"}],"version-history":[{"count":1,"href":"https:\/\/hudo.com\/si\/wp-json\/wp\/v2\/posts\/474814\/revisions"}],"predecessor-version":[{"id":474816,"href":"https:\/\/hudo.com\/si\/wp-json\/wp\/v2\/posts\/474814\/revisions\/474816"}],"wp:featuredmedia":[{"embeddable":true,"href":"https:\/\/hudo.com\/si\/wp-json\/wp\/v2\/media\/474815"}],"wp:attachment":[{"href":"https:\/\/hudo.com\/si\/wp-json\/wp\/v2\/media?parent=474814"}],"wp:term":[{"taxonomy":"category","embeddable":true,"href":"https:\/\/hudo.com\/si\/wp-json\/wp\/v2\/categories?post=474814"},{"taxonomy":"post_tag","embeddable":true,"href":"https:\/\/hudo.com\/si\/wp-json\/wp\/v2\/tags?post=474814"},{"taxonomy":"source","embeddable":true,"href":"https:\/\/hudo.com\/si\/wp-json\/wp\/v2\/source?post=474814"},{"taxonomy":"supertag","embeddable":true,"href":"https:\/\/hudo.com\/si\/wp-json\/wp\/v2\/supertag?post=474814"}],"curies":[{"name":"wp","href":"https:\/\/api.w.org\/{rel}","templated":true}]}}