{"id":474910,"date":"2022-11-29T12:56:26","date_gmt":"2022-11-29T11:56:26","guid":{"rendered":"https:\/\/hudo.com\/si\/?p=474910"},"modified":"2022-12-01T06:41:04","modified_gmt":"2022-12-01T05:41:04","slug":"goran-dragic-se-ji-ni-odpovedal-niti-onkraj-luze-ona-mu-rise-nasmeh-na-obraz","status":"publish","type":"post","link":"https:\/\/hudo.com\/si\/vip\/goran-dragic-se-ji-ni-odpovedal-niti-onkraj-luze-ona-mu-rise-nasmeh-na-obraz\/","title":{"rendered":"Goran Dragi\u010d se ji ni odpovedal niti\u00a0onkraj lu\u017ee: Ona mu ri\u0161e nasmeh na obraz"},"content":{"rendered":"<p>Eden najbolj\u0161ih slovenskih ko\u0161arkarjev <b>Goran Dragi\u0107 <\/b>se balkanskim dobrotam ni odpovedal niti\u00a0onkraj lu\u017ee.<\/p>\n<p>Da je Goran velik ljubitelj \u010devap\u010di\u010dev in bureka, ni nobena skrivnost, o\u010ditno pa se na njegovem meniju pogosto znajde tudi ravno prav kisla, topla in so\u010dna &#8211; sarma.<\/p>\n<p>Na Instagramu je objavil tudi fotografijo, ki jo je pospremil s klju\u010dnikom sarmice.<\/p>\n<blockquote class=\"instagram-media\" style=\"background: #FFF; border: 0; border-radius: 3px; box-shadow: 0 0 1px 0 rgba(0,0,0,0.5),0 1px 10px 0 rgba(0,0,0,0.15); margin: 1px; max-width: 540px; min-width: 326px; padding: 0; width: calc(100% - 2px);\" data-instgrm-permalink=\"https:\/\/www.instagram.com\/p\/Ck_q1ifpycu\/?utm_source=ig_embed&amp;utm_campaign=loading\" data-instgrm-version=\"14\">\n<div style=\"padding: 16px;\">\n<p>&nbsp;<\/p>\n<div style=\"display: flex; flex-direction: row; align-items: center;\">\n<div style=\"background-color: #f4f4f4; border-radius: 50%; flex-grow: 0; height: 40px; margin-right: 14px; width: 40px;\"><\/div>\n<div style=\"display: flex; flex-direction: column; flex-grow: 1; justify-content: center;\">\n<div style=\"background-color: #f4f4f4; border-radius: 4px; flex-grow: 0; height: 14px; margin-bottom: 6px; width: 100px;\"><\/div>\n<div style=\"background-color: #f4f4f4; border-radius: 4px; flex-grow: 0; height: 14px; width: 60px;\"><\/div>\n<\/div>\n<\/div>\n<div style=\"padding: 19% 0;\"><\/div>\n<div style=\"display: block; height: 50px; margin: 0 auto 12px; width: 50px;\"><\/div>\n<div style=\"padding-top: 8px;\">\n<div style=\"color: #3897f0; font-family: Arial,sans-serif; font-size: 14px; font-style: normal; font-weight: 550; line-height: 18px;\">View this post on Instagram<\/div>\n<\/div>\n<div style=\"padding: 12.5% 0;\"><\/div>\n<div style=\"display: flex; flex-direction: row; margin-bottom: 14px; align-items: center;\">\n<div>\n<div style=\"background-color: #f4f4f4; border-radius: 50%; height: 12.5px; width: 12.5px; transform: translateX(0px) translateY(7px);\"><\/div>\n<div style=\"background-color: #f4f4f4; height: 12.5px; transform: rotate(-45deg) translateX(3px) translateY(1px); width: 12.5px; flex-grow: 0; margin-right: 14px; margin-left: 2px;\"><\/div>\n<div style=\"background-color: #f4f4f4; border-radius: 50%; height: 12.5px; width: 12.5px; transform: translateX(9px) translateY(-18px);\"><\/div>\n<\/div>\n<div style=\"margin-left: 8px;\">\n<div style=\"background-color: #f4f4f4; border-radius: 50%; flex-grow: 0; height: 20px; width: 20px;\"><\/div>\n<div style=\"width: 0; height: 0; border-top: 2px solid transparent; border-left: 6px solid #f4f4f4; border-bottom: 2px solid transparent; transform: translateX(16px) translateY(-4px) rotate(30deg);\"><\/div>\n<\/div>\n<div style=\"margin-left: auto;\">\n<div style=\"width: 0px; border-top: 8px solid #F4F4F4; border-right: 8px solid transparent; transform: translateY(16px);\"><\/div>\n<div style=\"background-color: #f4f4f4; flex-grow: 0; height: 12px; width: 16px; transform: translateY(-4px);\"><\/div>\n<div style=\"width: 0; height: 0; border-top: 8px solid #F4F4F4; border-left: 8px solid transparent; transform: translateY(-4px) translateX(8px);\"><\/div>\n<\/div>\n<\/div>\n<div style=\"display: flex; flex-direction: column; flex-grow: 1; justify-content: center; margin-bottom: 24px;\">\n<div style=\"background-color: #f4f4f4; border-radius: 4px; flex-grow: 0; height: 14px; margin-bottom: 6px; width: 224px;\"><\/div>\n<div style=\"background-color: #f4f4f4; border-radius: 4px; flex-grow: 0; height: 14px; width: 144px;\"><\/div>\n<\/div>\n<p>&nbsp;<\/p>\n<p style=\"color: #c9c8cd; font-family: Arial,sans-serif; font-size: 14px; line-height: 17px; margin-bottom: 0; margin-top: 8px; overflow: hidden; padding: 8px 0 7px; text-align: center; text-overflow: ellipsis; white-space: nowrap;\"><a style=\"color: #c9c8cd; font-family: Arial,sans-serif; font-size: 14px; font-style: normal; font-weight: normal; line-height: 17px; text-decoration: none;\" href=\"https:\/\/www.instagram.com\/p\/Ck_q1ifpycu\/?utm_source=ig_embed&amp;utm_campaign=loading\" target=\"_blank\" rel=\"noopener noreferrer\">A post shared by Goran Dragic (@the_1_dragon)<\/a><\/p>\n<\/div>\n<\/blockquote>\n<p><div class=\"embed-notice\">Za ogled vstavljene vsebine morate omogo\u010diti <a href=\"#\" onclick=\"Optanon.ToggleInfoDisplay()\">shranjevanje pi\u0161kotkov v napravi<\/a><\/div><script async type=\"text\/plain\" class=\"optanon-category-C0002-C0003-C0004\" optanon-src=\"\/\/www.instagram.com\/embed.js\"><\/script><\/p>\n<p>Tipi\u010dno balkansko jed, ki jo Dragi\u0107ev kondicijski trener verjetno ne odobrava preve\u010d, pa naj bi najbolje pripravila kar njegova mama. Za ameri\u0161ke medije je namre\u010d povedal, da je njegova mama najbolj\u0161a kuharica in da mu njena sarma v trenutku nari\u0161e nasmeh na obraz.<\/p>\n<blockquote class=\"instagram-media\" style=\"background: #FFF; border: 0; border-radius: 3px; box-shadow: 0 0 1px 0 rgba(0,0,0,0.5),0 1px 10px 0 rgba(0,0,0,0.15); margin: 1px; max-width: 540px; min-width: 326px; padding: 0; width: calc(100% - 2px);\" data-instgrm-permalink=\"https:\/\/www.instagram.com\/p\/CliGsHvLm2k\/?utm_source=ig_embed&amp;utm_campaign=loading\" data-instgrm-version=\"14\">\n<div style=\"padding: 16px;\">\n<p>&nbsp;<\/p>\n<div style=\"display: flex; flex-direction: row; align-items: center;\">\n<div style=\"background-color: #f4f4f4; border-radius: 50%; flex-grow: 0; height: 40px; margin-right: 14px; width: 40px;\"><\/div>\n<div style=\"display: flex; flex-direction: column; flex-grow: 1; justify-content: center;\">\n<div style=\"background-color: #f4f4f4; border-radius: 4px; flex-grow: 0; height: 14px; margin-bottom: 6px; width: 100px;\"><\/div>\n<div style=\"background-color: #f4f4f4; border-radius: 4px; flex-grow: 0; height: 14px; width: 60px;\"><\/div>\n<\/div>\n<\/div>\n<div style=\"padding: 19% 0;\"><\/div>\n<div style=\"display: block; height: 50px; margin: 0 auto 12px; width: 50px;\"><\/div>\n<div style=\"padding-top: 8px;\">\n<div style=\"color: #3897f0; font-family: Arial,sans-serif; font-size: 14px; font-style: normal; font-weight: 550; line-height: 18px;\">View this post on Instagram<\/div>\n<\/div>\n<div style=\"padding: 12.5% 0;\"><\/div>\n<div style=\"display: flex; flex-direction: row; margin-bottom: 14px; align-items: center;\">\n<div>\n<div style=\"background-color: #f4f4f4; border-radius: 50%; height: 12.5px; width: 12.5px; transform: translateX(0px) translateY(7px);\"><\/div>\n<div style=\"background-color: #f4f4f4; height: 12.5px; transform: rotate(-45deg) translateX(3px) translateY(1px); width: 12.5px; flex-grow: 0; margin-right: 14px; margin-left: 2px;\"><\/div>\n<div style=\"background-color: #f4f4f4; border-radius: 50%; height: 12.5px; width: 12.5px; transform: translateX(9px) translateY(-18px);\"><\/div>\n<\/div>\n<div style=\"margin-left: 8px;\">\n<div style=\"background-color: #f4f4f4; border-radius: 50%; flex-grow: 0; height: 20px; width: 20px;\"><\/div>\n<div style=\"width: 0; height: 0; border-top: 2px solid transparent; border-left: 6px solid #f4f4f4; border-bottom: 2px solid transparent; transform: translateX(16px) translateY(-4px) rotate(30deg);\"><\/div>\n<\/div>\n<div style=\"margin-left: auto;\">\n<div style=\"width: 0px; border-top: 8px solid #F4F4F4; border-right: 8px solid transparent; transform: translateY(16px);\"><\/div>\n<div style=\"background-color: #f4f4f4; flex-grow: 0; height: 12px; width: 16px; transform: translateY(-4px);\"><\/div>\n<div style=\"width: 0; height: 0; border-top: 8px solid #F4F4F4; border-left: 8px solid transparent; transform: translateY(-4px) translateX(8px);\"><\/div>\n<\/div>\n<\/div>\n<div style=\"display: flex; flex-direction: column; flex-grow: 1; justify-content: center; margin-bottom: 24px;\">\n<div style=\"background-color: #f4f4f4; border-radius: 4px; flex-grow: 0; height: 14px; margin-bottom: 6px; width: 224px;\"><\/div>\n<div style=\"background-color: #f4f4f4; border-radius: 4px; flex-grow: 0; height: 14px; width: 144px;\"><\/div>\n<\/div>\n<p>&nbsp;<\/p>\n<p style=\"color: #c9c8cd; font-family: Arial,sans-serif; font-size: 14px; line-height: 17px; margin-bottom: 0; margin-top: 8px; overflow: hidden; padding: 8px 0 7px; text-align: center; text-overflow: ellipsis; white-space: nowrap;\"><a style=\"color: #c9c8cd; font-family: Arial,sans-serif; font-size: 14px; font-style: normal; font-weight: normal; line-height: 17px; text-decoration: none;\" href=\"https:\/\/www.instagram.com\/p\/CliGsHvLm2k\/?utm_source=ig_embed&amp;utm_campaign=loading\" target=\"_blank\" rel=\"noopener noreferrer\">A post shared by Goran Dragic (@the_1_dragon)<\/a><\/p>\n<\/div>\n<\/blockquote>\n<p><div class=\"embed-notice\">Za ogled vstavljene vsebine morate omogo\u010diti <a href=\"#\" onclick=\"Optanon.ToggleInfoDisplay()\">shranjevanje pi\u0161kotkov v napravi<\/a><\/div><script async type=\"text\/plain\" class=\"optanon-category-C0002-C0003-C0004\" optanon-src=\"\/\/www.instagram.com\/embed.js\"><\/script><\/p>\n","protected":false},"excerpt":{"rendered":"<p>Goran Dragi\u0107 je s to fotografijo spro\u017eil plaz komentarjev na dru\u017ebenem omre\u017eju Instagram.<\/p>\n","protected":false},"author":18,"featured_media":474094,"comment_status":"closed","ping_status":"closed","sticky":false,"template":"","format":"standard","meta":{"footnotes":""},"categories":[1093],"tags":[4183],"source":[4511],"supertag":[],"acf":[],"yoast_head":"<!-- This site is optimized with the Yoast SEO plugin v21.3 - https:\/\/yoast.com\/wordpress\/plugins\/seo\/ -->\n<title>Goran Dragi\u010d se ji ni odpovedal niti\u00a0onkraj lu\u017ee: Ona mu ri\u0161e nasmeh na obraz - Hudo Slovenija<\/title>\n<meta name=\"robots\" content=\"index, follow, max-snippet:-1, max-image-preview:large, max-video-preview:-1\" \/>\n<link rel=\"canonical\" href=\"https:\/\/hudo.com\/si\/vip\/goran-dragic-se-ji-ni-odpovedal-niti-onkraj-luze-ona-mu-rise-nasmeh-na-obraz\/\" \/>\n<meta property=\"og:locale\" content=\"sl_SI\" \/>\n<meta property=\"og:type\" content=\"article\" \/>\n<meta property=\"og:title\" content=\"Goran Dragi\u010d se ji ni odpovedal niti\u00a0onkraj lu\u017ee: Ona mu ri\u0161e nasmeh na obraz - Hudo Slovenija\" \/>\n<meta property=\"og:description\" content=\"Goran Dragi\u0107 je s to fotografijo spro\u017eil plaz komentarjev na dru\u017ebenem omre\u017eju Instagram.\" \/>\n<meta property=\"og:url\" content=\"https:\/\/hudo.com\/si\/vip\/goran-dragic-se-ji-ni-odpovedal-niti-onkraj-luze-ona-mu-rise-nasmeh-na-obraz\/\" \/>\n<meta property=\"og:site_name\" content=\"Hudo Slovenija\" \/>\n<meta property=\"article:publisher\" content=\"https:\/\/www.facebook.com\/hudo.si\" \/>\n<meta property=\"article:published_time\" content=\"2022-11-29T11:56:26+00:00\" \/>\n<meta property=\"article:modified_time\" content=\"2022-12-01T05:41:04+00:00\" \/>\n<meta property=\"og:image\" content=\"https:\/\/hudo.com\/si\/wp-content\/uploads\/sites\/2\/2022\/11\/Screenshot-from-2022-11-04-09-24-53.jpg\" \/>\n\t<meta property=\"og:image:width\" content=\"910\" \/>\n\t<meta property=\"og:image:height\" content=\"602\" \/>\n\t<meta property=\"og:image:type\" content=\"image\/jpeg\" \/>\n<meta name=\"author\" content=\"A. P.\" \/>\n<meta name=\"twitter:card\" content=\"summary_large_image\" \/>\n<meta name=\"twitter:creator\" content=\"@hudo_si\" \/>\n<meta name=\"twitter:site\" content=\"@hudo_si\" \/>\n<meta name=\"twitter:label1\" content=\"Written by\" \/>\n\t<meta name=\"twitter:data1\" content=\"A. P.\" \/>\n\t<meta name=\"twitter:label2\" content=\"Est. reading time\" \/>\n\t<meta name=\"twitter:data2\" content=\"1 minuta\" \/>\n<script type=\"application\/ld+json\" class=\"yoast-schema-graph\">{\"@context\":\"https:\/\/schema.org\",\"@graph\":[{\"@type\":\"Article\",\"@id\":\"https:\/\/hudo.com\/si\/vip\/goran-dragic-se-ji-ni-odpovedal-niti-onkraj-luze-ona-mu-rise-nasmeh-na-obraz\/#article\",\"isPartOf\":{\"@id\":\"https:\/\/hudo.com\/si\/vip\/goran-dragic-se-ji-ni-odpovedal-niti-onkraj-luze-ona-mu-rise-nasmeh-na-obraz\/\"},\"author\":{\"name\":\"A. P.\",\"@id\":\"https:\/\/hudo.com\/si\/#\/schema\/person\/50d8b0a3c61b0d4ee2a5d5dfe5e6531a\"},\"headline\":\"Goran Dragi\u010d se ji ni odpovedal niti\u00a0onkraj lu\u017ee: Ona mu ri\u0161e nasmeh na obraz\",\"datePublished\":\"2022-11-29T11:56:26+00:00\",\"dateModified\":\"2022-12-01T05:41:04+00:00\",\"mainEntityOfPage\":{\"@id\":\"https:\/\/hudo.com\/si\/vip\/goran-dragic-se-ji-ni-odpovedal-niti-onkraj-luze-ona-mu-rise-nasmeh-na-obraz\/\"},\"wordCount\":158,\"publisher\":{\"@id\":\"https:\/\/hudo.com\/si\/#organization\"},\"keywords\":[\"Goran Dragi\u0107\"],\"articleSection\":[\"VIP\"],\"inLanguage\":\"sl-SI\"},{\"@type\":\"WebPage\",\"@id\":\"https:\/\/hudo.com\/si\/vip\/goran-dragic-se-ji-ni-odpovedal-niti-onkraj-luze-ona-mu-rise-nasmeh-na-obraz\/\",\"url\":\"https:\/\/hudo.com\/si\/vip\/goran-dragic-se-ji-ni-odpovedal-niti-onkraj-luze-ona-mu-rise-nasmeh-na-obraz\/\",\"name\":\"Goran Dragi\u010d se ji ni odpovedal niti\u00a0onkraj lu\u017ee: Ona mu ri\u0161e nasmeh na obraz - Hudo Slovenija\",\"isPartOf\":{\"@id\":\"https:\/\/hudo.com\/si\/#website\"},\"datePublished\":\"2022-11-29T11:56:26+00:00\",\"dateModified\":\"2022-12-01T05:41:04+00:00\",\"breadcrumb\":{\"@id\":\"https:\/\/hudo.com\/si\/vip\/goran-dragic-se-ji-ni-odpovedal-niti-onkraj-luze-ona-mu-rise-nasmeh-na-obraz\/#breadcrumb\"},\"inLanguage\":\"sl-SI\",\"potentialAction\":[{\"@type\":\"ReadAction\",\"target\":[\"https:\/\/hudo.com\/si\/vip\/goran-dragic-se-ji-ni-odpovedal-niti-onkraj-luze-ona-mu-rise-nasmeh-na-obraz\/\"]}]},{\"@type\":\"BreadcrumbList\",\"@id\":\"https:\/\/hudo.com\/si\/vip\/goran-dragic-se-ji-ni-odpovedal-niti-onkraj-luze-ona-mu-rise-nasmeh-na-obraz\/#breadcrumb\",\"itemListElement\":[{\"@type\":\"ListItem\",\"position\":1,\"name\":\"Home\",\"item\":\"https:\/\/hudo.com\/si\/\"},{\"@type\":\"ListItem\",\"position\":2,\"name\":\"Goran Dragi\u010d se ji ni odpovedal niti\u00a0onkraj lu\u017ee: Ona mu ri\u0161e nasmeh na obraz\"}]},{\"@type\":\"WebSite\",\"@id\":\"https:\/\/hudo.com\/si\/#website\",\"url\":\"https:\/\/hudo.com\/si\/\",\"name\":\"Hudo Slovenija\",\"description\":\"Vse novice iz Slovenije in sveta\",\"publisher\":{\"@id\":\"https:\/\/hudo.com\/si\/#organization\"},\"potentialAction\":[{\"@type\":\"SearchAction\",\"target\":{\"@type\":\"EntryPoint\",\"urlTemplate\":\"https:\/\/hudo.com\/si\/?s={search_term_string}\"},\"query-input\":\"required name=search_term_string\"}],\"inLanguage\":\"sl-SI\"},{\"@type\":\"Organization\",\"@id\":\"https:\/\/hudo.com\/si\/#organization\",\"name\":\"VSN Media\",\"url\":\"https:\/\/hudo.com\/si\/\",\"logo\":{\"@type\":\"ImageObject\",\"inLanguage\":\"sl-SI\",\"@id\":\"https:\/\/hudo.com\/si\/#\/schema\/logo\/image\/\",\"url\":\"https:\/\/hudo.com\/si\/wp-content\/uploads\/sites\/2\/2021\/03\/hudo-app-2.png\",\"contentUrl\":\"https:\/\/hudo.com\/si\/wp-content\/uploads\/sites\/2\/2021\/03\/hudo-app-2.png\",\"width\":2185,\"height\":2167,\"caption\":\"VSN Media\"},\"image\":{\"@id\":\"https:\/\/hudo.com\/si\/#\/schema\/logo\/image\/\"},\"sameAs\":[\"https:\/\/www.facebook.com\/hudo.si\",\"https:\/\/twitter.com\/hudo_si\"]},{\"@type\":\"Person\",\"@id\":\"https:\/\/hudo.com\/si\/#\/schema\/person\/50d8b0a3c61b0d4ee2a5d5dfe5e6531a\",\"name\":\"A. P.\",\"image\":{\"@type\":\"ImageObject\",\"inLanguage\":\"sl-SI\",\"@id\":\"https:\/\/hudo.com\/si\/#\/schema\/person\/image\/\",\"url\":\"https:\/\/secure.gravatar.com\/avatar\/8ae2fdb28a9055251f6b7f5c1b75f020?s=96&d=mm&r=g\",\"contentUrl\":\"https:\/\/secure.gravatar.com\/avatar\/8ae2fdb28a9055251f6b7f5c1b75f020?s=96&d=mm&r=g\",\"caption\":\"A. P.\"},\"url\":\"https:\/\/hudo.com\/si\/author\/aljazpogorelcnik\/\"}]}<\/script>\n<!-- \/ Yoast SEO plugin. -->","yoast_head_json":{"title":"Goran Dragi\u010d se ji ni odpovedal niti\u00a0onkraj lu\u017ee: Ona mu ri\u0161e nasmeh na obraz - Hudo Slovenija","robots":{"index":"index","follow":"follow","max-snippet":"max-snippet:-1","max-image-preview":"max-image-preview:large","max-video-preview":"max-video-preview:-1"},"canonical":"https:\/\/hudo.com\/si\/vip\/goran-dragic-se-ji-ni-odpovedal-niti-onkraj-luze-ona-mu-rise-nasmeh-na-obraz\/","og_locale":"sl_SI","og_type":"article","og_title":"Goran Dragi\u010d se ji ni odpovedal niti\u00a0onkraj lu\u017ee: Ona mu ri\u0161e nasmeh na obraz - Hudo Slovenija","og_description":"Goran Dragi\u0107 je s to fotografijo spro\u017eil plaz komentarjev na dru\u017ebenem omre\u017eju Instagram.","og_url":"https:\/\/hudo.com\/si\/vip\/goran-dragic-se-ji-ni-odpovedal-niti-onkraj-luze-ona-mu-rise-nasmeh-na-obraz\/","og_site_name":"Hudo Slovenija","article_publisher":"https:\/\/www.facebook.com\/hudo.si","article_published_time":"2022-11-29T11:56:26+00:00","article_modified_time":"2022-12-01T05:41:04+00:00","og_image":[{"width":910,"height":602,"url":"https:\/\/hudo.com\/si\/wp-content\/uploads\/sites\/2\/2022\/11\/Screenshot-from-2022-11-04-09-24-53.jpg","type":"image\/jpeg"}],"author":"A. P.","twitter_card":"summary_large_image","twitter_creator":"@hudo_si","twitter_site":"@hudo_si","twitter_misc":{"Written by":"A. P.","Est. reading time":"1 minuta"},"schema":{"@context":"https:\/\/schema.org","@graph":[{"@type":"Article","@id":"https:\/\/hudo.com\/si\/vip\/goran-dragic-se-ji-ni-odpovedal-niti-onkraj-luze-ona-mu-rise-nasmeh-na-obraz\/#article","isPartOf":{"@id":"https:\/\/hudo.com\/si\/vip\/goran-dragic-se-ji-ni-odpovedal-niti-onkraj-luze-ona-mu-rise-nasmeh-na-obraz\/"},"author":{"name":"A. P.","@id":"https:\/\/hudo.com\/si\/#\/schema\/person\/50d8b0a3c61b0d4ee2a5d5dfe5e6531a"},"headline":"Goran Dragi\u010d se ji ni odpovedal niti\u00a0onkraj lu\u017ee: Ona mu ri\u0161e nasmeh na obraz","datePublished":"2022-11-29T11:56:26+00:00","dateModified":"2022-12-01T05:41:04+00:00","mainEntityOfPage":{"@id":"https:\/\/hudo.com\/si\/vip\/goran-dragic-se-ji-ni-odpovedal-niti-onkraj-luze-ona-mu-rise-nasmeh-na-obraz\/"},"wordCount":158,"publisher":{"@id":"https:\/\/hudo.com\/si\/#organization"},"keywords":["Goran Dragi\u0107"],"articleSection":["VIP"],"inLanguage":"sl-SI"},{"@type":"WebPage","@id":"https:\/\/hudo.com\/si\/vip\/goran-dragic-se-ji-ni-odpovedal-niti-onkraj-luze-ona-mu-rise-nasmeh-na-obraz\/","url":"https:\/\/hudo.com\/si\/vip\/goran-dragic-se-ji-ni-odpovedal-niti-onkraj-luze-ona-mu-rise-nasmeh-na-obraz\/","name":"Goran Dragi\u010d se ji ni odpovedal niti\u00a0onkraj lu\u017ee: Ona mu ri\u0161e nasmeh na obraz - Hudo Slovenija","isPartOf":{"@id":"https:\/\/hudo.com\/si\/#website"},"datePublished":"2022-11-29T11:56:26+00:00","dateModified":"2022-12-01T05:41:04+00:00","breadcrumb":{"@id":"https:\/\/hudo.com\/si\/vip\/goran-dragic-se-ji-ni-odpovedal-niti-onkraj-luze-ona-mu-rise-nasmeh-na-obraz\/#breadcrumb"},"inLanguage":"sl-SI","potentialAction":[{"@type":"ReadAction","target":["https:\/\/hudo.com\/si\/vip\/goran-dragic-se-ji-ni-odpovedal-niti-onkraj-luze-ona-mu-rise-nasmeh-na-obraz\/"]}]},{"@type":"BreadcrumbList","@id":"https:\/\/hudo.com\/si\/vip\/goran-dragic-se-ji-ni-odpovedal-niti-onkraj-luze-ona-mu-rise-nasmeh-na-obraz\/#breadcrumb","itemListElement":[{"@type":"ListItem","position":1,"name":"Home","item":"https:\/\/hudo.com\/si\/"},{"@type":"ListItem","position":2,"name":"Goran Dragi\u010d se ji ni odpovedal niti\u00a0onkraj lu\u017ee: Ona mu ri\u0161e nasmeh na obraz"}]},{"@type":"WebSite","@id":"https:\/\/hudo.com\/si\/#website","url":"https:\/\/hudo.com\/si\/","name":"Hudo Slovenija","description":"Vse novice iz Slovenije in sveta","publisher":{"@id":"https:\/\/hudo.com\/si\/#organization"},"potentialAction":[{"@type":"SearchAction","target":{"@type":"EntryPoint","urlTemplate":"https:\/\/hudo.com\/si\/?s={search_term_string}"},"query-input":"required name=search_term_string"}],"inLanguage":"sl-SI"},{"@type":"Organization","@id":"https:\/\/hudo.com\/si\/#organization","name":"VSN Media","url":"https:\/\/hudo.com\/si\/","logo":{"@type":"ImageObject","inLanguage":"sl-SI","@id":"https:\/\/hudo.com\/si\/#\/schema\/logo\/image\/","url":"https:\/\/hudo.com\/si\/wp-content\/uploads\/sites\/2\/2021\/03\/hudo-app-2.png","contentUrl":"https:\/\/hudo.com\/si\/wp-content\/uploads\/sites\/2\/2021\/03\/hudo-app-2.png","width":2185,"height":2167,"caption":"VSN Media"},"image":{"@id":"https:\/\/hudo.com\/si\/#\/schema\/logo\/image\/"},"sameAs":["https:\/\/www.facebook.com\/hudo.si","https:\/\/twitter.com\/hudo_si"]},{"@type":"Person","@id":"https:\/\/hudo.com\/si\/#\/schema\/person\/50d8b0a3c61b0d4ee2a5d5dfe5e6531a","name":"A. P.","image":{"@type":"ImageObject","inLanguage":"sl-SI","@id":"https:\/\/hudo.com\/si\/#\/schema\/person\/image\/","url":"https:\/\/secure.gravatar.com\/avatar\/8ae2fdb28a9055251f6b7f5c1b75f020?s=96&d=mm&r=g","contentUrl":"https:\/\/secure.gravatar.com\/avatar\/8ae2fdb28a9055251f6b7f5c1b75f020?s=96&d=mm&r=g","caption":"A. P."},"url":"https:\/\/hudo.com\/si\/author\/aljazpogorelcnik\/"}]}},"amp_enabled":true,"_links":{"self":[{"href":"https:\/\/hudo.com\/si\/wp-json\/wp\/v2\/posts\/474910"}],"collection":[{"href":"https:\/\/hudo.com\/si\/wp-json\/wp\/v2\/posts"}],"about":[{"href":"https:\/\/hudo.com\/si\/wp-json\/wp\/v2\/types\/post"}],"author":[{"embeddable":true,"href":"https:\/\/hudo.com\/si\/wp-json\/wp\/v2\/users\/18"}],"replies":[{"embeddable":true,"href":"https:\/\/hudo.com\/si\/wp-json\/wp\/v2\/comments?post=474910"}],"version-history":[{"count":4,"href":"https:\/\/hudo.com\/si\/wp-json\/wp\/v2\/posts\/474910\/revisions"}],"predecessor-version":[{"id":474963,"href":"https:\/\/hudo.com\/si\/wp-json\/wp\/v2\/posts\/474910\/revisions\/474963"}],"wp:featuredmedia":[{"embeddable":true,"href":"https:\/\/hudo.com\/si\/wp-json\/wp\/v2\/media\/474094"}],"wp:attachment":[{"href":"https:\/\/hudo.com\/si\/wp-json\/wp\/v2\/media?parent=474910"}],"wp:term":[{"taxonomy":"category","embeddable":true,"href":"https:\/\/hudo.com\/si\/wp-json\/wp\/v2\/categories?post=474910"},{"taxonomy":"post_tag","embeddable":true,"href":"https:\/\/hudo.com\/si\/wp-json\/wp\/v2\/tags?post=474910"},{"taxonomy":"source","embeddable":true,"href":"https:\/\/hudo.com\/si\/wp-json\/wp\/v2\/source?post=474910"},{"taxonomy":"supertag","embeddable":true,"href":"https:\/\/hudo.com\/si\/wp-json\/wp\/v2\/supertag?post=474910"}],"curies":[{"name":"wp","href":"https:\/\/api.w.org\/{rel}","templated":true}]}}